{"id":99,"date":"2009-07-06T22:54:00","date_gmt":"2009-07-06T20:54:00","guid":{"rendered":"http:\/\/klarafardiga.com\/?p=99"},"modified":"2009-07-06T22:54:00","modified_gmt":"2009-07-06T20:54:00","slug":"muffinsformar","status":"publish","type":"post","link":"https:\/\/klarafardiga.com\/?p=99","title":{"rendered":"Muffinsformar&#8230;"},"content":{"rendered":"<p>Vinnare av <a href=\"http:\/\/www.klarafardiga.com\/\"><strong>muffinsformar<\/strong> <\/a>\u00e4r Jeanette, en tjej som verkligen gillar att baka \ud83d\ude42 <a href=\"http:\/\/www.metrobloggen.se\/heavenlycake\"><strong>Heavenlycake<\/strong><\/a> heter hennes blogg. Ett j\u00e4ttegrattis till dig! <\/p>\n<div>\n<div><\/div>\n<div>Vart har v\u00e4rmen tagit v\u00e4gen? Min f\u00f6rsta semesterdag och den \u00e4r som bortbl\u00e5st, det var bara +11 nu p\u00e5 kv\u00e4llen. Hoppas solen och v\u00e4rmen kommer tillbaka snart. Min efterl\u00e4ngtade semester p\u00e5 sex veckor har \u00e4ntligen b\u00f6rjat. F\u00f6rsta veckan ska jag bara varva ner och slappa (och st\u00e4da). Barnen har \u00f6nskem\u00e5l om att f\u00e5 t\u00e4lta och sj\u00e4lv s\u00e5 dr\u00f6mmer jag om en husbil \ud83d\ude09 Vi f\u00e5r se vad vi hittar p\u00e5 i sommar&#8230; <\/div>\n<div> <\/div>\n<div> <\/div>\n<div><\/div>\n<div><\/div>\n<div><\/div>\n<div align=\"center\"><\/div>\n<div align=\"center\"><img decoding=\"async\" style=\"TEXT-ALIGN: center; MARGIN: 0px auto 10px; WIDTH: 400px; DISPLAY: block; HEIGHT: 304px; CURSOR: hand\" id=\"BLOGGER_PHOTO_ID_5355454943372863986\" border=\"0\" alt=\"\" src=\"http:\/\/3.bp.blogspot.com\/_rCm4mArCkLE\/SlJl5YZZafI\/AAAAAAAABlE\/3-MvjUvgGW8\/s400\/smultron.jpg\" \/>F\u00f6rsta smultronen fr\u00e5n &#8221;egen odling&#8221;. N\u00e4sta vecka kanske vi f\u00e5r n\u00e5gra jordgubbar ocks\u00e5. <\/div>\n<div align=\"center\"> <\/div>\n<div align=\"center\"><\/div>\n<div align=\"center\"><img decoding=\"async\" style=\"TEXT-ALIGN: center; MARGIN: 0px auto 10px; WIDTH: 400px; DISPLAY: block; HEIGHT: 344px; CURSOR: hand\" id=\"BLOGGER_PHOTO_ID_5355454927597868338\" border=\"0\" alt=\"\" src=\"http:\/\/4.bp.blogspot.com\/_rCm4mArCkLE\/SlJl4doWFTI\/AAAAAAAABk8\/wdOSuBhkI2Q\/s400\/katt.jpg\" \/><\/div>\n<div align=\"center\"><\/div>\n<div align=\"center\">En s\u00f6t nyfiken, ok\u00e4nd katt kom p\u00e5 bes\u00f6k hemma hos mina f\u00f6r\u00e4ldrar h\u00e4romdagen&#8230;<\/div>\n<div align=\"center\"> <\/div>\n<div align=\"center\"> <\/div>\n<div align=\"center\"><\/div>\n<div align=\"center\"><\/div>\n<div align=\"center\"><\/div>\n<div align=\"center\">Nu finns Klara f\u00e4rdiga g\u00e5 p\u00e5 Facebook ocks\u00e5 \ud83d\ude42 V\u00e4lkommen!<\/p>\n<p><a title=\"Klara f\u00e4rdiga g\u00e5 - www.klarafardiga.com\" href=\"http:\/\/www.facebook.com\/pages\/wwwklarafardigacom\/Klara-fardiga-ga-wwwklarafardigacom\/76094933266\" target=\"_TOP\"><img decoding=\"async\" style=\"BORDER-BOTTOM: 0px; BORDER-LEFT: 0px; BORDER-TOP: 0px; BORDER-RIGHT: 0px\" alt=\"Klara f\u00e4rdiga g\u00e5 - www.klarafardiga.com\" src=\"http:\/\/badge.facebook.com\/badge\/76094933266.1559.1696238706.png\" \/><\/a> <\/div>\n<div align=\"center\"><\/div>\n<div align=\"center\"><\/div>\n<div><\/div>\n<div><\/div>\n<div><\/div>\n<\/div>\n<div><\/div>\n<div>Ha det s\u00e5 bra allihopa!<\/div>\n<div>Kram Helena<\/div>\n<div><\/div>\n<div><\/div>\n","protected":false},"excerpt":{"rendered":"<p>Vinnare av muffinsformar \u00e4r Jeanette, en tjej som verkligen gillar att baka \ud83d\ude42 Heavenlycake heter hennes blogg. Ett j\u00e4ttegrattis till dig! Vart har v\u00e4rmen tagit v\u00e4gen? Min f\u00f6rsta semesterdag och den \u00e4r som bortbl\u00e5st, det var bara +11 nu p\u00e5 kv\u00e4llen. Hoppas solen och v\u00e4rmen kommer tillbaka snart. Min efterl\u00e4ngtade semester p\u00e5 sex veckor har \u00e4ntligen b\u00f6rjat. F\u00f6rsta veckan ska jag bara varva ner och slappa (och st\u00e4da). Barnen har \u00f6nskem\u00e5l om att f\u00e5 t\u00e4lta och sj\u00e4lv s\u00e5 dr\u00f6mmer jag om en husbil \ud83d\ude09 Vi f\u00e5r se vad vi hittar p\u00e5 i sommar&#8230; F\u00f6rsta smultronen fr\u00e5n &#8221;egen odling&#8221;. N\u00e4sta vecka kanske vi f\u00e5r n\u00e5gra jordgubbar ocks\u00e5. En s\u00f6t nyfiken, ok\u00e4nd katt kom p\u00e5 bes\u00f6k hemma hos mina f\u00f6r\u00e4ldrar h\u00e4romdagen&#8230; Nu finns Klara f\u00e4rdiga g\u00e5 p\u00e5 Facebook ocks\u00e5 \ud83d\ude42 V\u00e4lkommen! Ha det s\u00e5 bra allihopa! Kram Helena<\/p>\n","protected":false},"author":1,"featured_media":0,"comment_status":"open","ping_status":"open","sticky":false,"template":"","format":"standard","meta":{"footnotes":""},"categories":[4],"tags":[],"yoast_head":"<!-- This site is optimized with the Yoast SEO plugin v23.5 - https:\/\/yoast.com\/wordpress\/plugins\/seo\/ -->\n<title>Muffinsformar... - Baka med KlaraForm<\/title>\n<meta name=\"robots\" content=\"index, follow, max-snippet:-1, max-image-preview:large, max-video-preview:-1\" \/>\n<link rel=\"canonical\" href=\"https:\/\/klarafardiga.com\/?p=99\" \/>\n<meta property=\"og:locale\" content=\"sv_SE\" \/>\n<meta property=\"og:type\" content=\"article\" \/>\n<meta property=\"og:title\" content=\"Muffinsformar... - Baka med KlaraForm\" \/>\n<meta property=\"og:description\" content=\"Vinnare av muffinsformar \u00e4r Jeanette, en tjej som verkligen gillar att baka \ud83d\ude42 Heavenlycake heter hennes blogg. Ett j\u00e4ttegrattis till dig! Vart har v\u00e4rmen tagit v\u00e4gen? Min f\u00f6rsta semesterdag och den \u00e4r som bortbl\u00e5st, det var bara +11 nu p\u00e5 kv\u00e4llen. Hoppas solen och v\u00e4rmen kommer tillbaka snart. Min efterl\u00e4ngtade semester p\u00e5 sex veckor har \u00e4ntligen b\u00f6rjat. F\u00f6rsta veckan ska jag bara varva ner och slappa (och st\u00e4da). Barnen har \u00f6nskem\u00e5l om att f\u00e5 t\u00e4lta och sj\u00e4lv s\u00e5 dr\u00f6mmer jag om en husbil \ud83d\ude09 Vi f\u00e5r se vad vi hittar p\u00e5 i sommar&#8230; F\u00f6rsta smultronen fr\u00e5n &#8221;egen odling&#8221;. N\u00e4sta vecka kanske vi f\u00e5r n\u00e5gra jordgubbar ocks\u00e5. En s\u00f6t nyfiken, ok\u00e4nd katt kom p\u00e5 bes\u00f6k hemma hos mina f\u00f6r\u00e4ldrar h\u00e4romdagen&#8230; Nu finns Klara f\u00e4rdiga g\u00e5 p\u00e5 Facebook ocks\u00e5 \ud83d\ude42 V\u00e4lkommen! Ha det s\u00e5 bra allihopa! Kram Helena\" \/>\n<meta property=\"og:url\" content=\"https:\/\/klarafardiga.com\/?p=99\" \/>\n<meta property=\"og:site_name\" content=\"Baka med KlaraForm\" \/>\n<meta property=\"article:published_time\" content=\"2009-07-06T20:54:00+00:00\" \/>\n<meta property=\"og:image\" content=\"http:\/\/3.bp.blogspot.com\/_rCm4mArCkLE\/SlJl5YZZafI\/AAAAAAAABlE\/3-MvjUvgGW8\/s400\/smultron.jpg\" \/>\n<meta name=\"author\" content=\"admin\" \/>\n<meta name=\"twitter:card\" content=\"summary_large_image\" \/>\n<meta name=\"twitter:label1\" content=\"Skriven av\" \/>\n\t<meta name=\"twitter:data1\" content=\"admin\" \/>\n\t<meta name=\"twitter:label2\" content=\"Ber\u00e4knad l\u00e4stid\" \/>\n\t<meta name=\"twitter:data2\" content=\"1 minut\" \/>\n<script type=\"application\/ld+json\" class=\"yoast-schema-graph\">{\"@context\":\"https:\/\/schema.org\",\"@graph\":[{\"@type\":\"WebPage\",\"@id\":\"https:\/\/klarafardiga.com\/?p=99\",\"url\":\"https:\/\/klarafardiga.com\/?p=99\",\"name\":\"Muffinsformar... - Baka med KlaraForm\",\"isPartOf\":{\"@id\":\"https:\/\/klarafardiga.com\/#website\"},\"primaryImageOfPage\":{\"@id\":\"https:\/\/klarafardiga.com\/?p=99#primaryimage\"},\"image\":{\"@id\":\"https:\/\/klarafardiga.com\/?p=99#primaryimage\"},\"thumbnailUrl\":\"http:\/\/3.bp.blogspot.com\/_rCm4mArCkLE\/SlJl5YZZafI\/AAAAAAAABlE\/3-MvjUvgGW8\/s400\/smultron.jpg\",\"datePublished\":\"2009-07-06T20:54:00+00:00\",\"dateModified\":\"2009-07-06T20:54:00+00:00\",\"author\":{\"@id\":\"https:\/\/klarafardiga.com\/#\/schema\/person\/0f54ba1da7c4c21dd7411ed3a8e9f8c0\"},\"breadcrumb\":{\"@id\":\"https:\/\/klarafardiga.com\/?p=99#breadcrumb\"},\"inLanguage\":\"sv-SE\",\"potentialAction\":[{\"@type\":\"ReadAction\",\"target\":[\"https:\/\/klarafardiga.com\/?p=99\"]}]},{\"@type\":\"ImageObject\",\"inLanguage\":\"sv-SE\",\"@id\":\"https:\/\/klarafardiga.com\/?p=99#primaryimage\",\"url\":\"http:\/\/3.bp.blogspot.com\/_rCm4mArCkLE\/SlJl5YZZafI\/AAAAAAAABlE\/3-MvjUvgGW8\/s400\/smultron.jpg\",\"contentUrl\":\"http:\/\/3.bp.blogspot.com\/_rCm4mArCkLE\/SlJl5YZZafI\/AAAAAAAABlE\/3-MvjUvgGW8\/s400\/smultron.jpg\"},{\"@type\":\"BreadcrumbList\",\"@id\":\"https:\/\/klarafardiga.com\/?p=99#breadcrumb\",\"itemListElement\":[{\"@type\":\"ListItem\",\"position\":1,\"name\":\"Hem\",\"item\":\"https:\/\/klarafardiga.com\/\"},{\"@type\":\"ListItem\",\"position\":2,\"name\":\"Muffinsformar&#8230;\"}]},{\"@type\":\"WebSite\",\"@id\":\"https:\/\/klarafardiga.com\/#website\",\"url\":\"https:\/\/klarafardiga.com\/\",\"name\":\"Baka med KlaraForm\",\"description\":\"Recept, tips och nyheter i butiken\",\"potentialAction\":[{\"@type\":\"SearchAction\",\"target\":{\"@type\":\"EntryPoint\",\"urlTemplate\":\"https:\/\/klarafardiga.com\/?s={search_term_string}\"},\"query-input\":{\"@type\":\"PropertyValueSpecification\",\"valueRequired\":true,\"valueName\":\"search_term_string\"}}],\"inLanguage\":\"sv-SE\"},{\"@type\":\"Person\",\"@id\":\"https:\/\/klarafardiga.com\/#\/schema\/person\/0f54ba1da7c4c21dd7411ed3a8e9f8c0\",\"name\":\"admin\",\"image\":{\"@type\":\"ImageObject\",\"inLanguage\":\"sv-SE\",\"@id\":\"https:\/\/klarafardiga.com\/#\/schema\/person\/image\/\",\"url\":\"https:\/\/secure.gravatar.com\/avatar\/356da59eaae0a6e58215761d8e8dabed?s=96&d=mm&r=g\",\"contentUrl\":\"https:\/\/secure.gravatar.com\/avatar\/356da59eaae0a6e58215761d8e8dabed?s=96&d=mm&r=g\",\"caption\":\"admin\"},\"sameAs\":[\"http:\/\/www.klaraform.se\"],\"url\":\"https:\/\/klarafardiga.com\/?author=1\"}]}<\/script>\n<!-- \/ Yoast SEO plugin. -->","yoast_head_json":{"title":"Muffinsformar... - Baka med KlaraForm","robots":{"index":"index","follow":"follow","max-snippet":"max-snippet:-1","max-image-preview":"max-image-preview:large","max-video-preview":"max-video-preview:-1"},"canonical":"https:\/\/klarafardiga.com\/?p=99","og_locale":"sv_SE","og_type":"article","og_title":"Muffinsformar... - Baka med KlaraForm","og_description":"Vinnare av muffinsformar \u00e4r Jeanette, en tjej som verkligen gillar att baka \ud83d\ude42 Heavenlycake heter hennes blogg. Ett j\u00e4ttegrattis till dig! Vart har v\u00e4rmen tagit v\u00e4gen? Min f\u00f6rsta semesterdag och den \u00e4r som bortbl\u00e5st, det var bara +11 nu p\u00e5 kv\u00e4llen. Hoppas solen och v\u00e4rmen kommer tillbaka snart. Min efterl\u00e4ngtade semester p\u00e5 sex veckor har \u00e4ntligen b\u00f6rjat. F\u00f6rsta veckan ska jag bara varva ner och slappa (och st\u00e4da). Barnen har \u00f6nskem\u00e5l om att f\u00e5 t\u00e4lta och sj\u00e4lv s\u00e5 dr\u00f6mmer jag om en husbil \ud83d\ude09 Vi f\u00e5r se vad vi hittar p\u00e5 i sommar&#8230; F\u00f6rsta smultronen fr\u00e5n &#8221;egen odling&#8221;. N\u00e4sta vecka kanske vi f\u00e5r n\u00e5gra jordgubbar ocks\u00e5. En s\u00f6t nyfiken, ok\u00e4nd katt kom p\u00e5 bes\u00f6k hemma hos mina f\u00f6r\u00e4ldrar h\u00e4romdagen&#8230; Nu finns Klara f\u00e4rdiga g\u00e5 p\u00e5 Facebook ocks\u00e5 \ud83d\ude42 V\u00e4lkommen! Ha det s\u00e5 bra allihopa! Kram Helena","og_url":"https:\/\/klarafardiga.com\/?p=99","og_site_name":"Baka med KlaraForm","article_published_time":"2009-07-06T20:54:00+00:00","og_image":[{"url":"http:\/\/3.bp.blogspot.com\/_rCm4mArCkLE\/SlJl5YZZafI\/AAAAAAAABlE\/3-MvjUvgGW8\/s400\/smultron.jpg"}],"author":"admin","twitter_card":"summary_large_image","twitter_misc":{"Skriven av":"admin","Ber\u00e4knad l\u00e4stid":"1 minut"},"schema":{"@context":"https:\/\/schema.org","@graph":[{"@type":"WebPage","@id":"https:\/\/klarafardiga.com\/?p=99","url":"https:\/\/klarafardiga.com\/?p=99","name":"Muffinsformar... - Baka med KlaraForm","isPartOf":{"@id":"https:\/\/klarafardiga.com\/#website"},"primaryImageOfPage":{"@id":"https:\/\/klarafardiga.com\/?p=99#primaryimage"},"image":{"@id":"https:\/\/klarafardiga.com\/?p=99#primaryimage"},"thumbnailUrl":"http:\/\/3.bp.blogspot.com\/_rCm4mArCkLE\/SlJl5YZZafI\/AAAAAAAABlE\/3-MvjUvgGW8\/s400\/smultron.jpg","datePublished":"2009-07-06T20:54:00+00:00","dateModified":"2009-07-06T20:54:00+00:00","author":{"@id":"https:\/\/klarafardiga.com\/#\/schema\/person\/0f54ba1da7c4c21dd7411ed3a8e9f8c0"},"breadcrumb":{"@id":"https:\/\/klarafardiga.com\/?p=99#breadcrumb"},"inLanguage":"sv-SE","potentialAction":[{"@type":"ReadAction","target":["https:\/\/klarafardiga.com\/?p=99"]}]},{"@type":"ImageObject","inLanguage":"sv-SE","@id":"https:\/\/klarafardiga.com\/?p=99#primaryimage","url":"http:\/\/3.bp.blogspot.com\/_rCm4mArCkLE\/SlJl5YZZafI\/AAAAAAAABlE\/3-MvjUvgGW8\/s400\/smultron.jpg","contentUrl":"http:\/\/3.bp.blogspot.com\/_rCm4mArCkLE\/SlJl5YZZafI\/AAAAAAAABlE\/3-MvjUvgGW8\/s400\/smultron.jpg"},{"@type":"BreadcrumbList","@id":"https:\/\/klarafardiga.com\/?p=99#breadcrumb","itemListElement":[{"@type":"ListItem","position":1,"name":"Hem","item":"https:\/\/klarafardiga.com\/"},{"@type":"ListItem","position":2,"name":"Muffinsformar&#8230;"}]},{"@type":"WebSite","@id":"https:\/\/klarafardiga.com\/#website","url":"https:\/\/klarafardiga.com\/","name":"Baka med KlaraForm","description":"Recept, tips och nyheter i butiken","potentialAction":[{"@type":"SearchAction","target":{"@type":"EntryPoint","urlTemplate":"https:\/\/klarafardiga.com\/?s={search_term_string}"},"query-input":{"@type":"PropertyValueSpecification","valueRequired":true,"valueName":"search_term_string"}}],"inLanguage":"sv-SE"},{"@type":"Person","@id":"https:\/\/klarafardiga.com\/#\/schema\/person\/0f54ba1da7c4c21dd7411ed3a8e9f8c0","name":"admin","image":{"@type":"ImageObject","inLanguage":"sv-SE","@id":"https:\/\/klarafardiga.com\/#\/schema\/person\/image\/","url":"https:\/\/secure.gravatar.com\/avatar\/356da59eaae0a6e58215761d8e8dabed?s=96&d=mm&r=g","contentUrl":"https:\/\/secure.gravatar.com\/avatar\/356da59eaae0a6e58215761d8e8dabed?s=96&d=mm&r=g","caption":"admin"},"sameAs":["http:\/\/www.klaraform.se"],"url":"https:\/\/klarafardiga.com\/?author=1"}]}},"_links":{"self":[{"href":"https:\/\/klarafardiga.com\/index.php?rest_route=\/wp\/v2\/posts\/99"}],"collection":[{"href":"https:\/\/klarafardiga.com\/index.php?rest_route=\/wp\/v2\/posts"}],"about":[{"href":"https:\/\/klarafardiga.com\/index.php?rest_route=\/wp\/v2\/types\/post"}],"author":[{"embeddable":true,"href":"https:\/\/klarafardiga.com\/index.php?rest_route=\/wp\/v2\/users\/1"}],"replies":[{"embeddable":true,"href":"https:\/\/klarafardiga.com\/index.php?rest_route=%2Fwp%2Fv2%2Fcomments&post=99"}],"version-history":[{"count":0,"href":"https:\/\/klarafardiga.com\/index.php?rest_route=\/wp\/v2\/posts\/99\/revisions"}],"wp:attachment":[{"href":"https:\/\/klarafardiga.com\/index.php?rest_route=%2Fwp%2Fv2%2Fmedia&parent=99"}],"wp:term":[{"taxonomy":"category","embeddable":true,"href":"https:\/\/klarafardiga.com\/index.php?rest_route=%2Fwp%2Fv2%2Fcategories&post=99"},{"taxonomy":"post_tag","embeddable":true,"href":"https:\/\/klarafardiga.com\/index.php?rest_route=%2Fwp%2Fv2%2Ftags&post=99"}],"curies":[{"name":"wp","href":"https:\/\/api.w.org\/{rel}","templated":true}]}}