{"id":98,"date":"2009-06-28T23:07:00","date_gmt":"2009-06-28T21:07:00","guid":{"rendered":"http:\/\/klarafardiga.com\/?p=98"},"modified":"2009-06-28T23:07:00","modified_gmt":"2009-06-28T21:07:00","slug":"peace-and-stad","status":"publish","type":"post","link":"https:\/\/klarafardiga.com\/?p=98","title":{"rendered":"Peace and st\u00e4d&#8230;"},"content":{"rendered":"<p>Kan inte l\u00e5ta bli att g\u00f6ra ett litet inl\u00e4gg&#8230; Festen \u00e4r \u00f6ver, Peace and Love allts\u00e5. Det har varit en solig och riktig het festival f\u00f6r alla bes\u00f6kare. Jag och barnen tog en promenad genom stan sent p\u00e5 l\u00f6rdagskv\u00e4llen f\u00f6r att &#8221;kolla l\u00e4get&#8221; och h\u00f6ra p\u00e5 musiken p\u00e5 ett lagomt avst\u00e5nd. Lite medelhavsst\u00e4mning med gatumusikanter och f\u00f6rs\u00e4ljare och glada ungdomar.<\/p>\n<p>Nu \u00e4r det bara det jobbiga kvar&#8230; st\u00e4dningen. Ja s\u00e5 h\u00e4r s\u00e5g det ut p\u00e5 festivalcampingen nu p\u00e5 s\u00f6ndagseftermiddagen&#8230;<\/p>\n<p><\/p>\n<p><img decoding=\"async\" style=\"TEXT-ALIGN: center; MARGIN: 0px auto 10px; WIDTH: 400px; DISPLAY: block; HEIGHT: 267px; CURSOR: hand\" id=\"BLOGGER_PHOTO_ID_5352492437690772914\" border=\"0\" alt=\"\" src=\"http:\/\/2.bp.blogspot.com\/_rCm4mArCkLE\/Skffg2uF7bI\/AAAAAAAABk0\/keh_G-QUzII\/s400\/peace09.jpg\" \/> N\u00e5gon som beh\u00f6ver ett t\u00e4lt&#8230; eller kanske delar av?<\/p>\n<p><img decoding=\"async\" style=\"TEXT-ALIGN: center; MARGIN: 0px auto 10px; WIDTH: 400px; DISPLAY: block; HEIGHT: 267px; CURSOR: hand\" id=\"BLOGGER_PHOTO_ID_5352489523020684258\" border=\"0\" alt=\"\" src=\"http:\/\/3.bp.blogspot.com\/_rCm4mArCkLE\/Skfc3Mul2-I\/AAAAAAAABkk\/tXk2S_R9Uow\/s400\/DSC00475.JPG\" \/><br \/>H\u00e4r ska det spelas fotboll i n\u00e4sta vecka &#8211; Dalecalia Cup.<\/p>\n<p><img decoding=\"async\" style=\"TEXT-ALIGN: center; MARGIN: 0px auto 10px; WIDTH: 400px; DISPLAY: block; HEIGHT: 267px; CURSOR: hand\" id=\"BLOGGER_PHOTO_ID_5352489517323351442\" border=\"0\" alt=\"\" src=\"http:\/\/4.bp.blogspot.com\/_rCm4mArCkLE\/Skfc23gPdZI\/AAAAAAAABkc\/KQh2ew6qXCo\/s400\/DSC00461.JPG\" \/>Slagf\u00e4lt? &#8211; Resterna efter 22 000 campare&#8230;<\/p>\n<p><img decoding=\"async\" style=\"TEXT-ALIGN: center; MARGIN: 0px auto 10px; WIDTH: 400px; DISPLAY: block; HEIGHT: 267px; CURSOR: hand\" id=\"BLOGGER_PHOTO_ID_5352489520530518562\" border=\"0\" alt=\"\" src=\"http:\/\/2.bp.blogspot.com\/_rCm4mArCkLE\/Skfc3Dc48iI\/AAAAAAAABks\/3u6u2ONuxFw\/s400\/DSC00481.JPG\" \/><br \/>Ett paket krossad Falu R\u00e5grut&#8230;<\/p>\n<p><img decoding=\"async\" style=\"TEXT-ALIGN: center; MARGIN: 0px auto 10px; WIDTH: 400px; DISPLAY: block; HEIGHT: 267px; CURSOR: hand\" id=\"BLOGGER_PHOTO_ID_5352489517586795490\" border=\"0\" alt=\"\" src=\"http:\/\/4.bp.blogspot.com\/_rCm4mArCkLE\/Skfc24fDS-I\/AAAAAAAABkU\/PqY4uA_Sbt4\/s400\/DSC00458.JPG\" \/><br \/>En apelsin och en CD med &#8221;Soft Rock&#8221; N\u00e5gon som saknar??<\/p>\n<p><img decoding=\"async\" style=\"TEXT-ALIGN: center; MARGIN: 0px auto 10px; WIDTH: 400px; DISPLAY: block; HEIGHT: 267px; CURSOR: hand\" id=\"BLOGGER_PHOTO_ID_5352489512749336594\" border=\"0\" alt=\"\" src=\"http:\/\/1.bp.blogspot.com\/_rCm4mArCkLE\/Skfc2mdtiBI\/AAAAAAAABkM\/Vo7OcGgAMRk\/s400\/DSC00456.JPG\" \/>H\u00e4r i r\u00f6ran hittade jag ett CSN kort&#8230; Ska skicka det till \u00e4garen s\u00e5 blir han kanske glad? om han nu har n\u00e5gon nytta av det vad vet jag???<\/p>\n<p>Jag och dottern var och badade i dag och hon fick en luftmadrass av en &#8221;Peace and Loveare&#8221; n\u00e4r han gick d\u00e4rifr\u00e5n. Jobbigt att ta ur luften och b\u00e4ra med sig hem tyckte han&#8230; <\/p>\n<p><\/p>\n<p>Gl\u00f6m inte att t\u00e4vla om muffinsformar \ud83d\ude42<\/p>\n<p>Kram Helena<\/p>\n","protected":false},"excerpt":{"rendered":"<p>Kan inte l\u00e5ta bli att g\u00f6ra ett litet inl\u00e4gg&#8230; Festen \u00e4r \u00f6ver, Peace and Love allts\u00e5. Det har varit en solig och riktig het festival f\u00f6r alla bes\u00f6kare. Jag och barnen tog en promenad genom stan sent p\u00e5 l\u00f6rdagskv\u00e4llen f\u00f6r att &#8221;kolla l\u00e4get&#8221; och h\u00f6ra p\u00e5 musiken p\u00e5 ett lagomt avst\u00e5nd. Lite medelhavsst\u00e4mning med gatumusikanter och f\u00f6rs\u00e4ljare och glada ungdomar. Nu \u00e4r det bara det jobbiga kvar&#8230; st\u00e4dningen. Ja s\u00e5 h\u00e4r s\u00e5g det ut p\u00e5 festivalcampingen nu p\u00e5 s\u00f6ndagseftermiddagen&#8230; N\u00e5gon som beh\u00f6ver ett t\u00e4lt&#8230; eller kanske delar av? H\u00e4r ska det spelas fotboll i n\u00e4sta vecka &#8211; Dalecalia Cup. Slagf\u00e4lt? &#8211; Resterna efter 22 000 campare&#8230; Ett paket krossad Falu R\u00e5grut&#8230; En apelsin och en CD med &#8221;Soft Rock&#8221; N\u00e5gon som saknar?? H\u00e4r i r\u00f6ran hittade jag ett CSN kort&#8230; Ska skicka det till \u00e4garen s\u00e5 blir han kanske glad? om han nu har n\u00e5gon nytta av det vad vet jag??? Jag och dottern var och badade i dag och hon fick en luftmadrass av en &#8221;Peace and Loveare&#8221; n\u00e4r han gick d\u00e4rifr\u00e5n. Jobbigt att ta ur luften och b\u00e4ra med sig hem tyckte han&#8230; Gl\u00f6m inte att t\u00e4vla om muffinsformar \ud83d\ude42 Kram Helena<\/p>\n","protected":false},"author":1,"featured_media":0,"comment_status":"open","ping_status":"open","sticky":false,"template":"","format":"standard","meta":{"footnotes":""},"categories":[4],"tags":[],"yoast_head":"<!-- This site is optimized with the Yoast SEO plugin v23.5 - https:\/\/yoast.com\/wordpress\/plugins\/seo\/ -->\n<title>Peace and st\u00e4d... - Baka med KlaraForm<\/title>\n<meta name=\"robots\" content=\"index, follow, max-snippet:-1, max-image-preview:large, max-video-preview:-1\" \/>\n<link rel=\"canonical\" href=\"https:\/\/klarafardiga.com\/?p=98\" \/>\n<meta property=\"og:locale\" content=\"sv_SE\" \/>\n<meta property=\"og:type\" content=\"article\" \/>\n<meta property=\"og:title\" content=\"Peace and st\u00e4d... - Baka med KlaraForm\" \/>\n<meta property=\"og:description\" content=\"Kan inte l\u00e5ta bli att g\u00f6ra ett litet inl\u00e4gg&#8230; Festen \u00e4r \u00f6ver, Peace and Love allts\u00e5. Det har varit en solig och riktig het festival f\u00f6r alla bes\u00f6kare. Jag och barnen tog en promenad genom stan sent p\u00e5 l\u00f6rdagskv\u00e4llen f\u00f6r att &#8221;kolla l\u00e4get&#8221; och h\u00f6ra p\u00e5 musiken p\u00e5 ett lagomt avst\u00e5nd. Lite medelhavsst\u00e4mning med gatumusikanter och f\u00f6rs\u00e4ljare och glada ungdomar. Nu \u00e4r det bara det jobbiga kvar&#8230; st\u00e4dningen. Ja s\u00e5 h\u00e4r s\u00e5g det ut p\u00e5 festivalcampingen nu p\u00e5 s\u00f6ndagseftermiddagen&#8230; N\u00e5gon som beh\u00f6ver ett t\u00e4lt&#8230; eller kanske delar av? H\u00e4r ska det spelas fotboll i n\u00e4sta vecka &#8211; Dalecalia Cup. Slagf\u00e4lt? &#8211; Resterna efter 22 000 campare&#8230; Ett paket krossad Falu R\u00e5grut&#8230; En apelsin och en CD med &#8221;Soft Rock&#8221; N\u00e5gon som saknar?? H\u00e4r i r\u00f6ran hittade jag ett CSN kort&#8230; Ska skicka det till \u00e4garen s\u00e5 blir han kanske glad? om han nu har n\u00e5gon nytta av det vad vet jag??? Jag och dottern var och badade i dag och hon fick en luftmadrass av en &#8221;Peace and Loveare&#8221; n\u00e4r han gick d\u00e4rifr\u00e5n. Jobbigt att ta ur luften och b\u00e4ra med sig hem tyckte han&#8230; Gl\u00f6m inte att t\u00e4vla om muffinsformar \ud83d\ude42 Kram Helena\" \/>\n<meta property=\"og:url\" content=\"https:\/\/klarafardiga.com\/?p=98\" \/>\n<meta property=\"og:site_name\" content=\"Baka med KlaraForm\" \/>\n<meta property=\"article:published_time\" content=\"2009-06-28T21:07:00+00:00\" \/>\n<meta property=\"og:image\" content=\"http:\/\/2.bp.blogspot.com\/_rCm4mArCkLE\/Skffg2uF7bI\/AAAAAAAABk0\/keh_G-QUzII\/s400\/peace09.jpg\" \/>\n<meta name=\"author\" content=\"admin\" \/>\n<meta name=\"twitter:card\" content=\"summary_large_image\" \/>\n<meta name=\"twitter:label1\" content=\"Skriven av\" \/>\n\t<meta name=\"twitter:data1\" content=\"admin\" \/>\n\t<meta name=\"twitter:label2\" content=\"Ber\u00e4knad l\u00e4stid\" \/>\n\t<meta name=\"twitter:data2\" content=\"1 minut\" \/>\n<script type=\"application\/ld+json\" class=\"yoast-schema-graph\">{\"@context\":\"https:\/\/schema.org\",\"@graph\":[{\"@type\":\"WebPage\",\"@id\":\"https:\/\/klarafardiga.com\/?p=98\",\"url\":\"https:\/\/klarafardiga.com\/?p=98\",\"name\":\"Peace and st\u00e4d... - Baka med KlaraForm\",\"isPartOf\":{\"@id\":\"https:\/\/klarafardiga.com\/#website\"},\"primaryImageOfPage\":{\"@id\":\"https:\/\/klarafardiga.com\/?p=98#primaryimage\"},\"image\":{\"@id\":\"https:\/\/klarafardiga.com\/?p=98#primaryimage\"},\"thumbnailUrl\":\"http:\/\/2.bp.blogspot.com\/_rCm4mArCkLE\/Skffg2uF7bI\/AAAAAAAABk0\/keh_G-QUzII\/s400\/peace09.jpg\",\"datePublished\":\"2009-06-28T21:07:00+00:00\",\"dateModified\":\"2009-06-28T21:07:00+00:00\",\"author\":{\"@id\":\"https:\/\/klarafardiga.com\/#\/schema\/person\/0f54ba1da7c4c21dd7411ed3a8e9f8c0\"},\"breadcrumb\":{\"@id\":\"https:\/\/klarafardiga.com\/?p=98#breadcrumb\"},\"inLanguage\":\"sv-SE\",\"potentialAction\":[{\"@type\":\"ReadAction\",\"target\":[\"https:\/\/klarafardiga.com\/?p=98\"]}]},{\"@type\":\"ImageObject\",\"inLanguage\":\"sv-SE\",\"@id\":\"https:\/\/klarafardiga.com\/?p=98#primaryimage\",\"url\":\"http:\/\/2.bp.blogspot.com\/_rCm4mArCkLE\/Skffg2uF7bI\/AAAAAAAABk0\/keh_G-QUzII\/s400\/peace09.jpg\",\"contentUrl\":\"http:\/\/2.bp.blogspot.com\/_rCm4mArCkLE\/Skffg2uF7bI\/AAAAAAAABk0\/keh_G-QUzII\/s400\/peace09.jpg\"},{\"@type\":\"BreadcrumbList\",\"@id\":\"https:\/\/klarafardiga.com\/?p=98#breadcrumb\",\"itemListElement\":[{\"@type\":\"ListItem\",\"position\":1,\"name\":\"Hem\",\"item\":\"https:\/\/klarafardiga.com\/\"},{\"@type\":\"ListItem\",\"position\":2,\"name\":\"Peace and st\u00e4d&#8230;\"}]},{\"@type\":\"WebSite\",\"@id\":\"https:\/\/klarafardiga.com\/#website\",\"url\":\"https:\/\/klarafardiga.com\/\",\"name\":\"Baka med KlaraForm\",\"description\":\"Recept, tips och nyheter i butiken\",\"potentialAction\":[{\"@type\":\"SearchAction\",\"target\":{\"@type\":\"EntryPoint\",\"urlTemplate\":\"https:\/\/klarafardiga.com\/?s={search_term_string}\"},\"query-input\":{\"@type\":\"PropertyValueSpecification\",\"valueRequired\":true,\"valueName\":\"search_term_string\"}}],\"inLanguage\":\"sv-SE\"},{\"@type\":\"Person\",\"@id\":\"https:\/\/klarafardiga.com\/#\/schema\/person\/0f54ba1da7c4c21dd7411ed3a8e9f8c0\",\"name\":\"admin\",\"image\":{\"@type\":\"ImageObject\",\"inLanguage\":\"sv-SE\",\"@id\":\"https:\/\/klarafardiga.com\/#\/schema\/person\/image\/\",\"url\":\"https:\/\/secure.gravatar.com\/avatar\/356da59eaae0a6e58215761d8e8dabed?s=96&d=mm&r=g\",\"contentUrl\":\"https:\/\/secure.gravatar.com\/avatar\/356da59eaae0a6e58215761d8e8dabed?s=96&d=mm&r=g\",\"caption\":\"admin\"},\"sameAs\":[\"http:\/\/www.klaraform.se\"],\"url\":\"https:\/\/klarafardiga.com\/?author=1\"}]}<\/script>\n<!-- \/ Yoast SEO plugin. -->","yoast_head_json":{"title":"Peace and st\u00e4d... - Baka med KlaraForm","robots":{"index":"index","follow":"follow","max-snippet":"max-snippet:-1","max-image-preview":"max-image-preview:large","max-video-preview":"max-video-preview:-1"},"canonical":"https:\/\/klarafardiga.com\/?p=98","og_locale":"sv_SE","og_type":"article","og_title":"Peace and st\u00e4d... - Baka med KlaraForm","og_description":"Kan inte l\u00e5ta bli att g\u00f6ra ett litet inl\u00e4gg&#8230; Festen \u00e4r \u00f6ver, Peace and Love allts\u00e5. Det har varit en solig och riktig het festival f\u00f6r alla bes\u00f6kare. Jag och barnen tog en promenad genom stan sent p\u00e5 l\u00f6rdagskv\u00e4llen f\u00f6r att &#8221;kolla l\u00e4get&#8221; och h\u00f6ra p\u00e5 musiken p\u00e5 ett lagomt avst\u00e5nd. Lite medelhavsst\u00e4mning med gatumusikanter och f\u00f6rs\u00e4ljare och glada ungdomar. Nu \u00e4r det bara det jobbiga kvar&#8230; st\u00e4dningen. Ja s\u00e5 h\u00e4r s\u00e5g det ut p\u00e5 festivalcampingen nu p\u00e5 s\u00f6ndagseftermiddagen&#8230; N\u00e5gon som beh\u00f6ver ett t\u00e4lt&#8230; eller kanske delar av? H\u00e4r ska det spelas fotboll i n\u00e4sta vecka &#8211; Dalecalia Cup. Slagf\u00e4lt? &#8211; Resterna efter 22 000 campare&#8230; Ett paket krossad Falu R\u00e5grut&#8230; En apelsin och en CD med &#8221;Soft Rock&#8221; N\u00e5gon som saknar?? H\u00e4r i r\u00f6ran hittade jag ett CSN kort&#8230; Ska skicka det till \u00e4garen s\u00e5 blir han kanske glad? om han nu har n\u00e5gon nytta av det vad vet jag??? Jag och dottern var och badade i dag och hon fick en luftmadrass av en &#8221;Peace and Loveare&#8221; n\u00e4r han gick d\u00e4rifr\u00e5n. Jobbigt att ta ur luften och b\u00e4ra med sig hem tyckte han&#8230; Gl\u00f6m inte att t\u00e4vla om muffinsformar \ud83d\ude42 Kram Helena","og_url":"https:\/\/klarafardiga.com\/?p=98","og_site_name":"Baka med KlaraForm","article_published_time":"2009-06-28T21:07:00+00:00","og_image":[{"url":"http:\/\/2.bp.blogspot.com\/_rCm4mArCkLE\/Skffg2uF7bI\/AAAAAAAABk0\/keh_G-QUzII\/s400\/peace09.jpg"}],"author":"admin","twitter_card":"summary_large_image","twitter_misc":{"Skriven av":"admin","Ber\u00e4knad l\u00e4stid":"1 minut"},"schema":{"@context":"https:\/\/schema.org","@graph":[{"@type":"WebPage","@id":"https:\/\/klarafardiga.com\/?p=98","url":"https:\/\/klarafardiga.com\/?p=98","name":"Peace and st\u00e4d... - Baka med KlaraForm","isPartOf":{"@id":"https:\/\/klarafardiga.com\/#website"},"primaryImageOfPage":{"@id":"https:\/\/klarafardiga.com\/?p=98#primaryimage"},"image":{"@id":"https:\/\/klarafardiga.com\/?p=98#primaryimage"},"thumbnailUrl":"http:\/\/2.bp.blogspot.com\/_rCm4mArCkLE\/Skffg2uF7bI\/AAAAAAAABk0\/keh_G-QUzII\/s400\/peace09.jpg","datePublished":"2009-06-28T21:07:00+00:00","dateModified":"2009-06-28T21:07:00+00:00","author":{"@id":"https:\/\/klarafardiga.com\/#\/schema\/person\/0f54ba1da7c4c21dd7411ed3a8e9f8c0"},"breadcrumb":{"@id":"https:\/\/klarafardiga.com\/?p=98#breadcrumb"},"inLanguage":"sv-SE","potentialAction":[{"@type":"ReadAction","target":["https:\/\/klarafardiga.com\/?p=98"]}]},{"@type":"ImageObject","inLanguage":"sv-SE","@id":"https:\/\/klarafardiga.com\/?p=98#primaryimage","url":"http:\/\/2.bp.blogspot.com\/_rCm4mArCkLE\/Skffg2uF7bI\/AAAAAAAABk0\/keh_G-QUzII\/s400\/peace09.jpg","contentUrl":"http:\/\/2.bp.blogspot.com\/_rCm4mArCkLE\/Skffg2uF7bI\/AAAAAAAABk0\/keh_G-QUzII\/s400\/peace09.jpg"},{"@type":"BreadcrumbList","@id":"https:\/\/klarafardiga.com\/?p=98#breadcrumb","itemListElement":[{"@type":"ListItem","position":1,"name":"Hem","item":"https:\/\/klarafardiga.com\/"},{"@type":"ListItem","position":2,"name":"Peace and st\u00e4d&#8230;"}]},{"@type":"WebSite","@id":"https:\/\/klarafardiga.com\/#website","url":"https:\/\/klarafardiga.com\/","name":"Baka med KlaraForm","description":"Recept, tips och nyheter i butiken","potentialAction":[{"@type":"SearchAction","target":{"@type":"EntryPoint","urlTemplate":"https:\/\/klarafardiga.com\/?s={search_term_string}"},"query-input":{"@type":"PropertyValueSpecification","valueRequired":true,"valueName":"search_term_string"}}],"inLanguage":"sv-SE"},{"@type":"Person","@id":"https:\/\/klarafardiga.com\/#\/schema\/person\/0f54ba1da7c4c21dd7411ed3a8e9f8c0","name":"admin","image":{"@type":"ImageObject","inLanguage":"sv-SE","@id":"https:\/\/klarafardiga.com\/#\/schema\/person\/image\/","url":"https:\/\/secure.gravatar.com\/avatar\/356da59eaae0a6e58215761d8e8dabed?s=96&d=mm&r=g","contentUrl":"https:\/\/secure.gravatar.com\/avatar\/356da59eaae0a6e58215761d8e8dabed?s=96&d=mm&r=g","caption":"admin"},"sameAs":["http:\/\/www.klaraform.se"],"url":"https:\/\/klarafardiga.com\/?author=1"}]}},"_links":{"self":[{"href":"https:\/\/klarafardiga.com\/index.php?rest_route=\/wp\/v2\/posts\/98"}],"collection":[{"href":"https:\/\/klarafardiga.com\/index.php?rest_route=\/wp\/v2\/posts"}],"about":[{"href":"https:\/\/klarafardiga.com\/index.php?rest_route=\/wp\/v2\/types\/post"}],"author":[{"embeddable":true,"href":"https:\/\/klarafardiga.com\/index.php?rest_route=\/wp\/v2\/users\/1"}],"replies":[{"embeddable":true,"href":"https:\/\/klarafardiga.com\/index.php?rest_route=%2Fwp%2Fv2%2Fcomments&post=98"}],"version-history":[{"count":0,"href":"https:\/\/klarafardiga.com\/index.php?rest_route=\/wp\/v2\/posts\/98\/revisions"}],"wp:attachment":[{"href":"https:\/\/klarafardiga.com\/index.php?rest_route=%2Fwp%2Fv2%2Fmedia&parent=98"}],"wp:term":[{"taxonomy":"category","embeddable":true,"href":"https:\/\/klarafardiga.com\/index.php?rest_route=%2Fwp%2Fv2%2Fcategories&post=98"},{"taxonomy":"post_tag","embeddable":true,"href":"https:\/\/klarafardiga.com\/index.php?rest_route=%2Fwp%2Fv2%2Ftags&post=98"}],"curies":[{"name":"wp","href":"https:\/\/api.w.org\/{rel}","templated":true}]}}