{"id":926,"date":"2013-04-08T22:08:50","date_gmt":"2013-04-08T20:08:50","guid":{"rendered":"http:\/\/klarafardiga.com\/?p=926"},"modified":"2013-04-08T22:08:50","modified_gmt":"2013-04-08T20:08:50","slug":"muffinsformar-3","status":"publish","type":"post","link":"https:\/\/klarafardiga.com\/?p=926","title":{"rendered":"Muffinsformar"},"content":{"rendered":"<p><strong><a href=\"http:\/\/klaraform.se\/muffinsformar\/monstrade-formar\/muffinsform-damask-green\/\" target=\"_blank\">Gr\u00f6na sm\u00f6rs\u00e4kra formar <\/a><\/strong>att baka goda cupcakes\/muffins i. F\u00f6rst n\u00e4r vi fick hem dessa blev jag lite besviken \u00f6ver att de var s\u00e5 tunna i kvalit\u00e9n, t\u00e4nkte att dessa \u00e4r nog inte sm\u00f6rs\u00e4kra trots att leverant\u00f6ren lovade detta. &#8221;H\u00e5rdtestade&#8221; formarna genom att baka med riktigt m\u00f6rk choklad. Till min f\u00f6rv\u00e5ning klarade det mitt test. De h\u00e5ller f\u00e4rg och form utm\u00e4rkt efter bakning!<\/p>\n<p>Gilla KlaraForm p\u00e5 <strong><a href=\"https:\/\/www.facebook.com\/KlaraForm\" target=\"_blank\">Facebook\u00a0<\/a><\/strong>\u00a0och f\u00f6lj oss p\u00e5\u00a0Instagram, s\u00f6k p\u00e5 <strong>@klaraform<\/strong> s\u00e5 hittar du\u00a0oss.<\/p>\n<p><a href=\"https:\/\/klarafardiga.com\/wp-content\/uploads\/2013\/04\/grona_formar.jpg\"><img fetchpriority=\"high\" decoding=\"async\" class=\"alignnone  wp-image-927\" title=\"Gr\u00f6na muffinsformar\" src=\"https:\/\/klarafardiga.com\/wp-content\/uploads\/2013\/04\/grona_formar.jpg\" alt=\"\" width=\"558\" height=\"423\" \/><\/a><\/p>\n","protected":false},"excerpt":{"rendered":"<p>Gr\u00f6na sm\u00f6rs\u00e4kra formar att baka goda cupcakes\/muffins i. F\u00f6rst n\u00e4r vi fick hem dessa blev jag lite besviken \u00f6ver att de var s\u00e5 tunna i kvalit\u00e9n, t\u00e4nkte att dessa \u00e4r nog inte sm\u00f6rs\u00e4kra trots att leverant\u00f6ren lovade detta. &#8221;H\u00e5rdtestade&#8221; formarna genom att baka med riktigt m\u00f6rk choklad. Till min f\u00f6rv\u00e5ning klarade det mitt test. De h\u00e5ller f\u00e4rg och form utm\u00e4rkt efter bakning! Gilla KlaraForm p\u00e5 Facebook\u00a0\u00a0och f\u00f6lj oss p\u00e5\u00a0Instagram, s\u00f6k p\u00e5 @klaraform s\u00e5 hittar du\u00a0oss.<\/p>\n","protected":false},"author":1,"featured_media":0,"comment_status":"open","ping_status":"open","sticky":false,"template":"","format":"standard","meta":{"footnotes":""},"categories":[8],"tags":[],"yoast_head":"<!-- This site is optimized with the Yoast SEO plugin v23.5 - https:\/\/yoast.com\/wordpress\/plugins\/seo\/ -->\n<title>Muffinsformar - Baka med KlaraForm<\/title>\n<meta name=\"robots\" content=\"index, follow, max-snippet:-1, max-image-preview:large, max-video-preview:-1\" \/>\n<link rel=\"canonical\" href=\"https:\/\/klarafardiga.com\/?p=926\" \/>\n<meta property=\"og:locale\" content=\"sv_SE\" \/>\n<meta property=\"og:type\" content=\"article\" \/>\n<meta property=\"og:title\" content=\"Muffinsformar - Baka med KlaraForm\" \/>\n<meta property=\"og:description\" content=\"Gr\u00f6na sm\u00f6rs\u00e4kra formar att baka goda cupcakes\/muffins i. F\u00f6rst n\u00e4r vi fick hem dessa blev jag lite besviken \u00f6ver att de var s\u00e5 tunna i kvalit\u00e9n, t\u00e4nkte att dessa \u00e4r nog inte sm\u00f6rs\u00e4kra trots att leverant\u00f6ren lovade detta. &#8221;H\u00e5rdtestade&#8221; formarna genom att baka med riktigt m\u00f6rk choklad. Till min f\u00f6rv\u00e5ning klarade det mitt test. De h\u00e5ller f\u00e4rg och form utm\u00e4rkt efter bakning! Gilla KlaraForm p\u00e5 Facebook\u00a0\u00a0och f\u00f6lj oss p\u00e5\u00a0Instagram, s\u00f6k p\u00e5 @klaraform s\u00e5 hittar du\u00a0oss.\" \/>\n<meta property=\"og:url\" content=\"https:\/\/klarafardiga.com\/?p=926\" \/>\n<meta property=\"og:site_name\" content=\"Baka med KlaraForm\" \/>\n<meta property=\"article:published_time\" content=\"2013-04-08T20:08:50+00:00\" \/>\n<meta property=\"og:image\" content=\"http:\/\/klarafardiga.com\/wp-content\/uploads\/2013\/04\/grona_formar.jpg\" \/>\n<meta name=\"author\" content=\"admin\" \/>\n<meta name=\"twitter:card\" content=\"summary_large_image\" \/>\n<meta name=\"twitter:label1\" content=\"Skriven av\" \/>\n\t<meta name=\"twitter:data1\" content=\"admin\" \/>\n<script type=\"application\/ld+json\" class=\"yoast-schema-graph\">{\"@context\":\"https:\/\/schema.org\",\"@graph\":[{\"@type\":\"WebPage\",\"@id\":\"https:\/\/klarafardiga.com\/?p=926\",\"url\":\"https:\/\/klarafardiga.com\/?p=926\",\"name\":\"Muffinsformar - Baka med KlaraForm\",\"isPartOf\":{\"@id\":\"https:\/\/klarafardiga.com\/#website\"},\"primaryImageOfPage\":{\"@id\":\"https:\/\/klarafardiga.com\/?p=926#primaryimage\"},\"image\":{\"@id\":\"https:\/\/klarafardiga.com\/?p=926#primaryimage\"},\"thumbnailUrl\":\"http:\/\/klarafardiga.com\/wp-content\/uploads\/2013\/04\/grona_formar.jpg\",\"datePublished\":\"2013-04-08T20:08:50+00:00\",\"dateModified\":\"2013-04-08T20:08:50+00:00\",\"author\":{\"@id\":\"https:\/\/klarafardiga.com\/#\/schema\/person\/0f54ba1da7c4c21dd7411ed3a8e9f8c0\"},\"breadcrumb\":{\"@id\":\"https:\/\/klarafardiga.com\/?p=926#breadcrumb\"},\"inLanguage\":\"sv-SE\",\"potentialAction\":[{\"@type\":\"ReadAction\",\"target\":[\"https:\/\/klarafardiga.com\/?p=926\"]}]},{\"@type\":\"ImageObject\",\"inLanguage\":\"sv-SE\",\"@id\":\"https:\/\/klarafardiga.com\/?p=926#primaryimage\",\"url\":\"https:\/\/klarafardiga.com\/wp-content\/uploads\/2013\/04\/grona_formar.jpg\",\"contentUrl\":\"https:\/\/klarafardiga.com\/wp-content\/uploads\/2013\/04\/grona_formar.jpg\",\"width\":\"850\",\"height\":\"657\"},{\"@type\":\"BreadcrumbList\",\"@id\":\"https:\/\/klarafardiga.com\/?p=926#breadcrumb\",\"itemListElement\":[{\"@type\":\"ListItem\",\"position\":1,\"name\":\"Hem\",\"item\":\"https:\/\/klarafardiga.com\/\"},{\"@type\":\"ListItem\",\"position\":2,\"name\":\"Muffinsformar\"}]},{\"@type\":\"WebSite\",\"@id\":\"https:\/\/klarafardiga.com\/#website\",\"url\":\"https:\/\/klarafardiga.com\/\",\"name\":\"Baka med KlaraForm\",\"description\":\"Recept, tips och nyheter i butiken\",\"potentialAction\":[{\"@type\":\"SearchAction\",\"target\":{\"@type\":\"EntryPoint\",\"urlTemplate\":\"https:\/\/klarafardiga.com\/?s={search_term_string}\"},\"query-input\":{\"@type\":\"PropertyValueSpecification\",\"valueRequired\":true,\"valueName\":\"search_term_string\"}}],\"inLanguage\":\"sv-SE\"},{\"@type\":\"Person\",\"@id\":\"https:\/\/klarafardiga.com\/#\/schema\/person\/0f54ba1da7c4c21dd7411ed3a8e9f8c0\",\"name\":\"admin\",\"image\":{\"@type\":\"ImageObject\",\"inLanguage\":\"sv-SE\",\"@id\":\"https:\/\/klarafardiga.com\/#\/schema\/person\/image\/\",\"url\":\"https:\/\/secure.gravatar.com\/avatar\/356da59eaae0a6e58215761d8e8dabed?s=96&d=mm&r=g\",\"contentUrl\":\"https:\/\/secure.gravatar.com\/avatar\/356da59eaae0a6e58215761d8e8dabed?s=96&d=mm&r=g\",\"caption\":\"admin\"},\"sameAs\":[\"http:\/\/www.klaraform.se\"],\"url\":\"https:\/\/klarafardiga.com\/?author=1\"}]}<\/script>\n<!-- \/ Yoast SEO plugin. -->","yoast_head_json":{"title":"Muffinsformar - Baka med KlaraForm","robots":{"index":"index","follow":"follow","max-snippet":"max-snippet:-1","max-image-preview":"max-image-preview:large","max-video-preview":"max-video-preview:-1"},"canonical":"https:\/\/klarafardiga.com\/?p=926","og_locale":"sv_SE","og_type":"article","og_title":"Muffinsformar - Baka med KlaraForm","og_description":"Gr\u00f6na sm\u00f6rs\u00e4kra formar att baka goda cupcakes\/muffins i. F\u00f6rst n\u00e4r vi fick hem dessa blev jag lite besviken \u00f6ver att de var s\u00e5 tunna i kvalit\u00e9n, t\u00e4nkte att dessa \u00e4r nog inte sm\u00f6rs\u00e4kra trots att leverant\u00f6ren lovade detta. &#8221;H\u00e5rdtestade&#8221; formarna genom att baka med riktigt m\u00f6rk choklad. Till min f\u00f6rv\u00e5ning klarade det mitt test. De h\u00e5ller f\u00e4rg och form utm\u00e4rkt efter bakning! Gilla KlaraForm p\u00e5 Facebook\u00a0\u00a0och f\u00f6lj oss p\u00e5\u00a0Instagram, s\u00f6k p\u00e5 @klaraform s\u00e5 hittar du\u00a0oss.","og_url":"https:\/\/klarafardiga.com\/?p=926","og_site_name":"Baka med KlaraForm","article_published_time":"2013-04-08T20:08:50+00:00","og_image":[{"url":"http:\/\/klarafardiga.com\/wp-content\/uploads\/2013\/04\/grona_formar.jpg"}],"author":"admin","twitter_card":"summary_large_image","twitter_misc":{"Skriven av":"admin"},"schema":{"@context":"https:\/\/schema.org","@graph":[{"@type":"WebPage","@id":"https:\/\/klarafardiga.com\/?p=926","url":"https:\/\/klarafardiga.com\/?p=926","name":"Muffinsformar - Baka med KlaraForm","isPartOf":{"@id":"https:\/\/klarafardiga.com\/#website"},"primaryImageOfPage":{"@id":"https:\/\/klarafardiga.com\/?p=926#primaryimage"},"image":{"@id":"https:\/\/klarafardiga.com\/?p=926#primaryimage"},"thumbnailUrl":"http:\/\/klarafardiga.com\/wp-content\/uploads\/2013\/04\/grona_formar.jpg","datePublished":"2013-04-08T20:08:50+00:00","dateModified":"2013-04-08T20:08:50+00:00","author":{"@id":"https:\/\/klarafardiga.com\/#\/schema\/person\/0f54ba1da7c4c21dd7411ed3a8e9f8c0"},"breadcrumb":{"@id":"https:\/\/klarafardiga.com\/?p=926#breadcrumb"},"inLanguage":"sv-SE","potentialAction":[{"@type":"ReadAction","target":["https:\/\/klarafardiga.com\/?p=926"]}]},{"@type":"ImageObject","inLanguage":"sv-SE","@id":"https:\/\/klarafardiga.com\/?p=926#primaryimage","url":"https:\/\/klarafardiga.com\/wp-content\/uploads\/2013\/04\/grona_formar.jpg","contentUrl":"https:\/\/klarafardiga.com\/wp-content\/uploads\/2013\/04\/grona_formar.jpg","width":"850","height":"657"},{"@type":"BreadcrumbList","@id":"https:\/\/klarafardiga.com\/?p=926#breadcrumb","itemListElement":[{"@type":"ListItem","position":1,"name":"Hem","item":"https:\/\/klarafardiga.com\/"},{"@type":"ListItem","position":2,"name":"Muffinsformar"}]},{"@type":"WebSite","@id":"https:\/\/klarafardiga.com\/#website","url":"https:\/\/klarafardiga.com\/","name":"Baka med KlaraForm","description":"Recept, tips och nyheter i butiken","potentialAction":[{"@type":"SearchAction","target":{"@type":"EntryPoint","urlTemplate":"https:\/\/klarafardiga.com\/?s={search_term_string}"},"query-input":{"@type":"PropertyValueSpecification","valueRequired":true,"valueName":"search_term_string"}}],"inLanguage":"sv-SE"},{"@type":"Person","@id":"https:\/\/klarafardiga.com\/#\/schema\/person\/0f54ba1da7c4c21dd7411ed3a8e9f8c0","name":"admin","image":{"@type":"ImageObject","inLanguage":"sv-SE","@id":"https:\/\/klarafardiga.com\/#\/schema\/person\/image\/","url":"https:\/\/secure.gravatar.com\/avatar\/356da59eaae0a6e58215761d8e8dabed?s=96&d=mm&r=g","contentUrl":"https:\/\/secure.gravatar.com\/avatar\/356da59eaae0a6e58215761d8e8dabed?s=96&d=mm&r=g","caption":"admin"},"sameAs":["http:\/\/www.klaraform.se"],"url":"https:\/\/klarafardiga.com\/?author=1"}]}},"_links":{"self":[{"href":"https:\/\/klarafardiga.com\/index.php?rest_route=\/wp\/v2\/posts\/926"}],"collection":[{"href":"https:\/\/klarafardiga.com\/index.php?rest_route=\/wp\/v2\/posts"}],"about":[{"href":"https:\/\/klarafardiga.com\/index.php?rest_route=\/wp\/v2\/types\/post"}],"author":[{"embeddable":true,"href":"https:\/\/klarafardiga.com\/index.php?rest_route=\/wp\/v2\/users\/1"}],"replies":[{"embeddable":true,"href":"https:\/\/klarafardiga.com\/index.php?rest_route=%2Fwp%2Fv2%2Fcomments&post=926"}],"version-history":[{"count":2,"href":"https:\/\/klarafardiga.com\/index.php?rest_route=\/wp\/v2\/posts\/926\/revisions"}],"predecessor-version":[{"id":929,"href":"https:\/\/klarafardiga.com\/index.php?rest_route=\/wp\/v2\/posts\/926\/revisions\/929"}],"wp:attachment":[{"href":"https:\/\/klarafardiga.com\/index.php?rest_route=%2Fwp%2Fv2%2Fmedia&parent=926"}],"wp:term":[{"taxonomy":"category","embeddable":true,"href":"https:\/\/klarafardiga.com\/index.php?rest_route=%2Fwp%2Fv2%2Fcategories&post=926"},{"taxonomy":"post_tag","embeddable":true,"href":"https:\/\/klarafardiga.com\/index.php?rest_route=%2Fwp%2Fv2%2Ftags&post=926"}],"curies":[{"name":"wp","href":"https:\/\/api.w.org\/{rel}","templated":true}]}}