{"id":92,"date":"2009-05-15T22:33:00","date_gmt":"2009-05-15T20:33:00","guid":{"rendered":"http:\/\/klarafardiga.com\/?p=92"},"modified":"2009-05-15T22:33:00","modified_gmt":"2009-05-15T20:33:00","slug":"nya-muffinsformar-i-butiken","status":"publish","type":"post","link":"https:\/\/klarafardiga.com\/?p=92","title":{"rendered":"Nya muffinsformar i butiken&#8230;"},"content":{"rendered":"<p>Som ni m\u00e4rker har jag varit en aningen fr\u00e5nvarande den sista tiden. Har haft fullt upp med jobb och familj samt lite ryggskott\/str\u00e4ckning av ryggmuskel efter ett f\u00f6rs\u00f6k att m\u00f6blera om i vardagsrummet&#8230;<\/p>\n<p>Lite nya <strong><a href=\"http:\/\/www.klarafardiga.com\/\">muffinsformar har ialla fall anl\u00e4nt till butiken.<\/a><\/strong> Nu finns det fler f\u00e4rger att v\u00e4lja p\u00e5 n\u00e4r det g\u00e4ller de prickiga formarna.<\/p>\n<div align=\"center\"><img decoding=\"async\" id=\"BLOGGER_PHOTO_ID_5336152529976815570\" style=\"DISPLAY: block; MARGIN: 0px auto 10px; WIDTH: 400px; CURSOR: hand; HEIGHT: 353px; TEXT-ALIGN: center\" alt=\"\" src=\"http:\/\/1.bp.blogspot.com\/_rCm4mArCkLE\/Sg3SdDCR79I\/AAAAAAAABhc\/tp44qP2SDec\/s400\/lilaprick.jpg\" border=\"0\" \/>Lila, orange, klarbl\u00e5 och gr\u00f6n \u00e4r n\u00e5gra av f\u00e4rgerna p\u00e5 prickformarna&#8230;<\/div>\n<div align=\"center\"><\/div>\n<div align=\"center\"><img decoding=\"async\" id=\"BLOGGER_PHOTO_ID_5336152529303439410\" style=\"DISPLAY: block; MARGIN: 0px auto 10px; WIDTH: 400px; CURSOR: hand; HEIGHT: 371px; TEXT-ALIGN: center\" alt=\"\" src=\"http:\/\/3.bp.blogspot.com\/_rCm4mArCkLE\/Sg3SdAhvCDI\/AAAAAAAABhk\/lur82kC1SM4\/s400\/rosazebra.jpg\" border=\"0\" \/>Lite zebraformar&#8230;<\/div>\n<div align=\"center\"><\/div>\n<div align=\"center\">\n<div><img decoding=\"async\" id=\"BLOGGER_PHOTO_ID_5336152527120558930\" style=\"DISPLAY: block; MARGIN: 0px auto 10px; WIDTH: 400px; CURSOR: hand; HEIGHT: 386px; TEXT-ALIGN: center\" alt=\"\" src=\"http:\/\/1.bp.blogspot.com\/_rCm4mArCkLE\/Sg3Sc4ZS61I\/AAAAAAAABhU\/r4sAXiA-VP8\/s400\/springform.jpg\" border=\"0\" \/> <\/p>\n<div>Jag \u00e4lskar den h\u00e4r underbara v\u00e5rformen \ud83d\ude42 Finns i 3 pack, gr\u00f6n\/gul\/orange.<\/div>\n<div> <\/div>\n<div> <\/div>\n<div><\/div>\n<div><\/div>\n<div><\/div>\n<div>Ha en h\u00e4rlig helg allihopa!<\/div>\n<div>Kramis Helena<\/div>\n<\/div>\n<\/div>\n","protected":false},"excerpt":{"rendered":"<p>Som ni m\u00e4rker har jag varit en aningen fr\u00e5nvarande den sista tiden. Har haft fullt upp med jobb och familj samt lite ryggskott\/str\u00e4ckning av ryggmuskel efter ett f\u00f6rs\u00f6k att m\u00f6blera om i vardagsrummet&#8230; Lite nya muffinsformar har ialla fall anl\u00e4nt till butiken. Nu finns det fler f\u00e4rger att v\u00e4lja p\u00e5 n\u00e4r det g\u00e4ller de prickiga formarna. Lila, orange, klarbl\u00e5 och gr\u00f6n \u00e4r n\u00e5gra av f\u00e4rgerna p\u00e5 prickformarna&#8230; Lite zebraformar&#8230; Jag \u00e4lskar den h\u00e4r underbara v\u00e5rformen \ud83d\ude42 Finns i 3 pack, gr\u00f6n\/gul\/orange. Ha en h\u00e4rlig helg allihopa! Kramis Helena<\/p>\n","protected":false},"author":1,"featured_media":0,"comment_status":"open","ping_status":"open","sticky":false,"template":"","format":"standard","meta":{"footnotes":""},"categories":[8],"tags":[],"yoast_head":"<!-- This site is optimized with the Yoast SEO plugin v23.5 - https:\/\/yoast.com\/wordpress\/plugins\/seo\/ -->\n<title>Nya muffinsformar i butiken... - Baka med KlaraForm<\/title>\n<meta name=\"robots\" content=\"index, follow, max-snippet:-1, max-image-preview:large, max-video-preview:-1\" \/>\n<link rel=\"canonical\" href=\"https:\/\/klarafardiga.com\/?p=92\" \/>\n<meta property=\"og:locale\" content=\"sv_SE\" \/>\n<meta property=\"og:type\" content=\"article\" \/>\n<meta property=\"og:title\" content=\"Nya muffinsformar i butiken... - Baka med KlaraForm\" \/>\n<meta property=\"og:description\" content=\"Som ni m\u00e4rker har jag varit en aningen fr\u00e5nvarande den sista tiden. Har haft fullt upp med jobb och familj samt lite ryggskott\/str\u00e4ckning av ryggmuskel efter ett f\u00f6rs\u00f6k att m\u00f6blera om i vardagsrummet&#8230; Lite nya muffinsformar har ialla fall anl\u00e4nt till butiken. Nu finns det fler f\u00e4rger att v\u00e4lja p\u00e5 n\u00e4r det g\u00e4ller de prickiga formarna. Lila, orange, klarbl\u00e5 och gr\u00f6n \u00e4r n\u00e5gra av f\u00e4rgerna p\u00e5 prickformarna&#8230; Lite zebraformar&#8230; Jag \u00e4lskar den h\u00e4r underbara v\u00e5rformen \ud83d\ude42 Finns i 3 pack, gr\u00f6n\/gul\/orange. Ha en h\u00e4rlig helg allihopa! Kramis Helena\" \/>\n<meta property=\"og:url\" content=\"https:\/\/klarafardiga.com\/?p=92\" \/>\n<meta property=\"og:site_name\" content=\"Baka med KlaraForm\" \/>\n<meta property=\"article:published_time\" content=\"2009-05-15T20:33:00+00:00\" \/>\n<meta property=\"og:image\" content=\"http:\/\/1.bp.blogspot.com\/_rCm4mArCkLE\/Sg3SdDCR79I\/AAAAAAAABhc\/tp44qP2SDec\/s400\/lilaprick.jpg\" \/>\n<meta name=\"author\" content=\"admin\" \/>\n<meta name=\"twitter:card\" content=\"summary_large_image\" \/>\n<meta name=\"twitter:label1\" content=\"Skriven av\" \/>\n\t<meta name=\"twitter:data1\" content=\"admin\" \/>\n\t<meta name=\"twitter:label2\" content=\"Ber\u00e4knad l\u00e4stid\" \/>\n\t<meta name=\"twitter:data2\" content=\"1 minut\" \/>\n<script type=\"application\/ld+json\" class=\"yoast-schema-graph\">{\"@context\":\"https:\/\/schema.org\",\"@graph\":[{\"@type\":\"WebPage\",\"@id\":\"https:\/\/klarafardiga.com\/?p=92\",\"url\":\"https:\/\/klarafardiga.com\/?p=92\",\"name\":\"Nya muffinsformar i butiken... - Baka med KlaraForm\",\"isPartOf\":{\"@id\":\"https:\/\/klarafardiga.com\/#website\"},\"primaryImageOfPage\":{\"@id\":\"https:\/\/klarafardiga.com\/?p=92#primaryimage\"},\"image\":{\"@id\":\"https:\/\/klarafardiga.com\/?p=92#primaryimage\"},\"thumbnailUrl\":\"http:\/\/1.bp.blogspot.com\/_rCm4mArCkLE\/Sg3SdDCR79I\/AAAAAAAABhc\/tp44qP2SDec\/s400\/lilaprick.jpg\",\"datePublished\":\"2009-05-15T20:33:00+00:00\",\"dateModified\":\"2009-05-15T20:33:00+00:00\",\"author\":{\"@id\":\"https:\/\/klarafardiga.com\/#\/schema\/person\/0f54ba1da7c4c21dd7411ed3a8e9f8c0\"},\"breadcrumb\":{\"@id\":\"https:\/\/klarafardiga.com\/?p=92#breadcrumb\"},\"inLanguage\":\"sv-SE\",\"potentialAction\":[{\"@type\":\"ReadAction\",\"target\":[\"https:\/\/klarafardiga.com\/?p=92\"]}]},{\"@type\":\"ImageObject\",\"inLanguage\":\"sv-SE\",\"@id\":\"https:\/\/klarafardiga.com\/?p=92#primaryimage\",\"url\":\"http:\/\/1.bp.blogspot.com\/_rCm4mArCkLE\/Sg3SdDCR79I\/AAAAAAAABhc\/tp44qP2SDec\/s400\/lilaprick.jpg\",\"contentUrl\":\"http:\/\/1.bp.blogspot.com\/_rCm4mArCkLE\/Sg3SdDCR79I\/AAAAAAAABhc\/tp44qP2SDec\/s400\/lilaprick.jpg\"},{\"@type\":\"BreadcrumbList\",\"@id\":\"https:\/\/klarafardiga.com\/?p=92#breadcrumb\",\"itemListElement\":[{\"@type\":\"ListItem\",\"position\":1,\"name\":\"Hem\",\"item\":\"https:\/\/klarafardiga.com\/\"},{\"@type\":\"ListItem\",\"position\":2,\"name\":\"Nya muffinsformar i butiken&#8230;\"}]},{\"@type\":\"WebSite\",\"@id\":\"https:\/\/klarafardiga.com\/#website\",\"url\":\"https:\/\/klarafardiga.com\/\",\"name\":\"Baka med KlaraForm\",\"description\":\"Recept, tips och nyheter i butiken\",\"potentialAction\":[{\"@type\":\"SearchAction\",\"target\":{\"@type\":\"EntryPoint\",\"urlTemplate\":\"https:\/\/klarafardiga.com\/?s={search_term_string}\"},\"query-input\":{\"@type\":\"PropertyValueSpecification\",\"valueRequired\":true,\"valueName\":\"search_term_string\"}}],\"inLanguage\":\"sv-SE\"},{\"@type\":\"Person\",\"@id\":\"https:\/\/klarafardiga.com\/#\/schema\/person\/0f54ba1da7c4c21dd7411ed3a8e9f8c0\",\"name\":\"admin\",\"image\":{\"@type\":\"ImageObject\",\"inLanguage\":\"sv-SE\",\"@id\":\"https:\/\/klarafardiga.com\/#\/schema\/person\/image\/\",\"url\":\"https:\/\/secure.gravatar.com\/avatar\/356da59eaae0a6e58215761d8e8dabed?s=96&d=mm&r=g\",\"contentUrl\":\"https:\/\/secure.gravatar.com\/avatar\/356da59eaae0a6e58215761d8e8dabed?s=96&d=mm&r=g\",\"caption\":\"admin\"},\"sameAs\":[\"http:\/\/www.klaraform.se\"],\"url\":\"https:\/\/klarafardiga.com\/?author=1\"}]}<\/script>\n<!-- \/ Yoast SEO plugin. -->","yoast_head_json":{"title":"Nya muffinsformar i butiken... - Baka med KlaraForm","robots":{"index":"index","follow":"follow","max-snippet":"max-snippet:-1","max-image-preview":"max-image-preview:large","max-video-preview":"max-video-preview:-1"},"canonical":"https:\/\/klarafardiga.com\/?p=92","og_locale":"sv_SE","og_type":"article","og_title":"Nya muffinsformar i butiken... - Baka med KlaraForm","og_description":"Som ni m\u00e4rker har jag varit en aningen fr\u00e5nvarande den sista tiden. Har haft fullt upp med jobb och familj samt lite ryggskott\/str\u00e4ckning av ryggmuskel efter ett f\u00f6rs\u00f6k att m\u00f6blera om i vardagsrummet&#8230; Lite nya muffinsformar har ialla fall anl\u00e4nt till butiken. Nu finns det fler f\u00e4rger att v\u00e4lja p\u00e5 n\u00e4r det g\u00e4ller de prickiga formarna. Lila, orange, klarbl\u00e5 och gr\u00f6n \u00e4r n\u00e5gra av f\u00e4rgerna p\u00e5 prickformarna&#8230; Lite zebraformar&#8230; Jag \u00e4lskar den h\u00e4r underbara v\u00e5rformen \ud83d\ude42 Finns i 3 pack, gr\u00f6n\/gul\/orange. Ha en h\u00e4rlig helg allihopa! Kramis Helena","og_url":"https:\/\/klarafardiga.com\/?p=92","og_site_name":"Baka med KlaraForm","article_published_time":"2009-05-15T20:33:00+00:00","og_image":[{"url":"http:\/\/1.bp.blogspot.com\/_rCm4mArCkLE\/Sg3SdDCR79I\/AAAAAAAABhc\/tp44qP2SDec\/s400\/lilaprick.jpg"}],"author":"admin","twitter_card":"summary_large_image","twitter_misc":{"Skriven av":"admin","Ber\u00e4knad l\u00e4stid":"1 minut"},"schema":{"@context":"https:\/\/schema.org","@graph":[{"@type":"WebPage","@id":"https:\/\/klarafardiga.com\/?p=92","url":"https:\/\/klarafardiga.com\/?p=92","name":"Nya muffinsformar i butiken... - Baka med KlaraForm","isPartOf":{"@id":"https:\/\/klarafardiga.com\/#website"},"primaryImageOfPage":{"@id":"https:\/\/klarafardiga.com\/?p=92#primaryimage"},"image":{"@id":"https:\/\/klarafardiga.com\/?p=92#primaryimage"},"thumbnailUrl":"http:\/\/1.bp.blogspot.com\/_rCm4mArCkLE\/Sg3SdDCR79I\/AAAAAAAABhc\/tp44qP2SDec\/s400\/lilaprick.jpg","datePublished":"2009-05-15T20:33:00+00:00","dateModified":"2009-05-15T20:33:00+00:00","author":{"@id":"https:\/\/klarafardiga.com\/#\/schema\/person\/0f54ba1da7c4c21dd7411ed3a8e9f8c0"},"breadcrumb":{"@id":"https:\/\/klarafardiga.com\/?p=92#breadcrumb"},"inLanguage":"sv-SE","potentialAction":[{"@type":"ReadAction","target":["https:\/\/klarafardiga.com\/?p=92"]}]},{"@type":"ImageObject","inLanguage":"sv-SE","@id":"https:\/\/klarafardiga.com\/?p=92#primaryimage","url":"http:\/\/1.bp.blogspot.com\/_rCm4mArCkLE\/Sg3SdDCR79I\/AAAAAAAABhc\/tp44qP2SDec\/s400\/lilaprick.jpg","contentUrl":"http:\/\/1.bp.blogspot.com\/_rCm4mArCkLE\/Sg3SdDCR79I\/AAAAAAAABhc\/tp44qP2SDec\/s400\/lilaprick.jpg"},{"@type":"BreadcrumbList","@id":"https:\/\/klarafardiga.com\/?p=92#breadcrumb","itemListElement":[{"@type":"ListItem","position":1,"name":"Hem","item":"https:\/\/klarafardiga.com\/"},{"@type":"ListItem","position":2,"name":"Nya muffinsformar i butiken&#8230;"}]},{"@type":"WebSite","@id":"https:\/\/klarafardiga.com\/#website","url":"https:\/\/klarafardiga.com\/","name":"Baka med KlaraForm","description":"Recept, tips och nyheter i butiken","potentialAction":[{"@type":"SearchAction","target":{"@type":"EntryPoint","urlTemplate":"https:\/\/klarafardiga.com\/?s={search_term_string}"},"query-input":{"@type":"PropertyValueSpecification","valueRequired":true,"valueName":"search_term_string"}}],"inLanguage":"sv-SE"},{"@type":"Person","@id":"https:\/\/klarafardiga.com\/#\/schema\/person\/0f54ba1da7c4c21dd7411ed3a8e9f8c0","name":"admin","image":{"@type":"ImageObject","inLanguage":"sv-SE","@id":"https:\/\/klarafardiga.com\/#\/schema\/person\/image\/","url":"https:\/\/secure.gravatar.com\/avatar\/356da59eaae0a6e58215761d8e8dabed?s=96&d=mm&r=g","contentUrl":"https:\/\/secure.gravatar.com\/avatar\/356da59eaae0a6e58215761d8e8dabed?s=96&d=mm&r=g","caption":"admin"},"sameAs":["http:\/\/www.klaraform.se"],"url":"https:\/\/klarafardiga.com\/?author=1"}]}},"_links":{"self":[{"href":"https:\/\/klarafardiga.com\/index.php?rest_route=\/wp\/v2\/posts\/92"}],"collection":[{"href":"https:\/\/klarafardiga.com\/index.php?rest_route=\/wp\/v2\/posts"}],"about":[{"href":"https:\/\/klarafardiga.com\/index.php?rest_route=\/wp\/v2\/types\/post"}],"author":[{"embeddable":true,"href":"https:\/\/klarafardiga.com\/index.php?rest_route=\/wp\/v2\/users\/1"}],"replies":[{"embeddable":true,"href":"https:\/\/klarafardiga.com\/index.php?rest_route=%2Fwp%2Fv2%2Fcomments&post=92"}],"version-history":[{"count":0,"href":"https:\/\/klarafardiga.com\/index.php?rest_route=\/wp\/v2\/posts\/92\/revisions"}],"wp:attachment":[{"href":"https:\/\/klarafardiga.com\/index.php?rest_route=%2Fwp%2Fv2%2Fmedia&parent=92"}],"wp:term":[{"taxonomy":"category","embeddable":true,"href":"https:\/\/klarafardiga.com\/index.php?rest_route=%2Fwp%2Fv2%2Fcategories&post=92"},{"taxonomy":"post_tag","embeddable":true,"href":"https:\/\/klarafardiga.com\/index.php?rest_route=%2Fwp%2Fv2%2Ftags&post=92"}],"curies":[{"name":"wp","href":"https:\/\/api.w.org\/{rel}","templated":true}]}}