{"id":91,"date":"2009-05-03T19:29:00","date_gmt":"2009-05-03T17:29:00","guid":{"rendered":"http:\/\/klarafardiga.com\/?p=91"},"modified":"2009-05-03T19:29:00","modified_gmt":"2009-05-03T17:29:00","slug":"sno-och-vitsippor","status":"publish","type":"post","link":"https:\/\/klarafardiga.com\/?p=91","title":{"rendered":"Sn\u00f6 och vitsippor"},"content":{"rendered":"<p>Tjejkalaset \u00e4r nu avklarat. Det blev en v\u00e5ningst\u00e5rta. Jag har slutat att k\u00f6pa onyttiga f\u00e4rdiga t\u00e5rtbottnar fulla med konserveringsmedel f\u00f6r det \u00e4r ju l\u00e4tt att g\u00f6ra egna. Bara en vanlig rullt\u00e5rtesmet och in i ugnen i 5 minuter s\u00e5 \u00e4r det klart.<\/p>\n<p><a href=\"http:\/\/4.bp.blogspot.com\/_rCm4mArCkLE\/Sf3VX6thMxI\/AAAAAAAABhE\/OAhNTU1Sbao\/s1600-h\/klara_5ar_tarta.jpg\"><img decoding=\"async\" id=\"BLOGGER_PHOTO_ID_5331652140750418706\" style=\"DISPLAY: block; MARGIN: 0px auto 10px; WIDTH: 400px; CURSOR: hand; HEIGHT: 300px; TEXT-ALIGN: center\" alt=\"\" src=\"http:\/\/4.bp.blogspot.com\/_rCm4mArCkLE\/Sf3VX6thMxI\/AAAAAAAABhE\/OAhNTU1Sbao\/s400\/klara_5ar_tarta.jpg\" border=\"0\" \/><\/a> Bakom kulisserna&#8230; s\u00e5 h\u00e4r brukar det se ut n\u00e4r jag f\u00f6rs\u00f6ker att fotografera h\u00e4r hemma&#8230;.<\/p>\n<div><a href=\"http:\/\/3.bp.blogspot.com\/_rCm4mArCkLE\/Sf3VHc_CGDI\/AAAAAAAABg8\/IRS54JOmoQA\/s1600-h\/klara_5ar_bus.jpg\"><img decoding=\"async\" id=\"BLOGGER_PHOTO_ID_5331651857892907058\" style=\"DISPLAY: block; MARGIN: 0px auto 10px; WIDTH: 400px; CURSOR: hand; HEIGHT: 299px; TEXT-ALIGN: center\" alt=\"\" src=\"http:\/\/3.bp.blogspot.com\/_rCm4mArCkLE\/Sf3VHc_CGDI\/AAAAAAAABg8\/IRS54JOmoQA\/s400\/klara_5ar_bus.jpg\" border=\"0\" \/><\/a> V\u00e5ren h\u00e4r h\u00e4r och massor av vitsippor blommar&#8230;<\/div>\n<div><\/div>\n<div><img decoding=\"async\" id=\"BLOGGER_PHOTO_ID_5331652268779258210\" style=\"DISPLAY: block; MARGIN: 0px auto 10px; WIDTH: 400px; CURSOR: hand; HEIGHT: 299px; TEXT-ALIGN: center\" alt=\"\" src=\"http:\/\/3.bp.blogspot.com\/_rCm4mArCkLE\/Sf3VfXp-QWI\/AAAAAAAABhM\/B9I2uRElA0U\/s400\/vitsippor_2009.jpg\" border=\"0\" \/>En trasig stol har f\u00e5tt en blomkruka som &#8221;sits&#8221; i st\u00e4llet&#8230;<\/p>\n<div><a href=\"http:\/\/4.bp.blogspot.com\/_rCm4mArCkLE\/Sf3VHWSPbVI\/AAAAAAAABg0\/kx7A_z_czUo\/s1600-h\/stol.jpg\"><img decoding=\"async\" id=\"BLOGGER_PHOTO_ID_5331651856094424402\" style=\"DISPLAY: block; MARGIN: 0px auto 10px; WIDTH: 299px; CURSOR: hand; HEIGHT: 400px; TEXT-ALIGN: center\" alt=\"\" src=\"http:\/\/4.bp.blogspot.com\/_rCm4mArCkLE\/Sf3VHWSPbVI\/AAAAAAAABg0\/kx7A_z_czUo\/s400\/stol.jpg\" border=\"0\" \/><\/a>Vi har som tradition att \u00e5ka till slalombacken s\u00e5 h\u00e4r i b\u00f6rjan av maj och &#8221;\u00e5teruppleva&#8221; vintern. H\u00e4rliga kontraster!<\/p>\n<div><a href=\"http:\/\/1.bp.blogspot.com\/_rCm4mArCkLE\/Sf3VHKRJVKI\/AAAAAAAABgs\/mNz1ghkEuhY\/s1600-h\/klara_nybor.jpg\"><img decoding=\"async\" id=\"BLOGGER_PHOTO_ID_5331651852868605090\" style=\"DISPLAY: block; MARGIN: 0px auto 10px; WIDTH: 400px; CURSOR: hand; HEIGHT: 299px; TEXT-ALIGN: center\" alt=\"\" src=\"http:\/\/1.bp.blogspot.com\/_rCm4mArCkLE\/Sf3VHKRJVKI\/AAAAAAAABgs\/mNz1ghkEuhY\/s400\/klara_nybor.jpg\" border=\"0\" \/><\/a> Kul att toka sig i sn\u00f6n, med grimaser och allt&#8230;<\/p>\n<div><a href=\"http:\/\/2.bp.blogspot.com\/_rCm4mArCkLE\/Sf3VG6Fn4yI\/AAAAAAAABgk\/5vQV6PBOOks\/s1600-h\/klara_marcus_nybro.jpg\"><img decoding=\"async\" id=\"BLOGGER_PHOTO_ID_5331651848525308706\" style=\"DISPLAY: block; MARGIN: 0px auto 10px; WIDTH: 400px; CURSOR: hand; HEIGHT: 299px; TEXT-ALIGN: center\" alt=\"\" src=\"http:\/\/2.bp.blogspot.com\/_rCm4mArCkLE\/Sf3VG6Fn4yI\/AAAAAAAABgk\/5vQV6PBOOks\/s400\/klara_marcus_nybro.jpg\" border=\"0\" \/><\/a> Bakom kulisserna igen&#8230; se vad gr\u00f6nt det \u00e4r!<\/p>\n<div><a href=\"http:\/\/4.bp.blogspot.com\/_rCm4mArCkLE\/Sf3VGnfqVRI\/AAAAAAAABgc\/dogbOrRqh1g\/s1600-h\/marcus_nybro.jpg\"><img decoding=\"async\" id=\"BLOGGER_PHOTO_ID_5331651843534247186\" style=\"DISPLAY: block; MARGIN: 0px auto 10px; WIDTH: 400px; CURSOR: hand; HEIGHT: 299px; TEXT-ALIGN: center\" alt=\"\" src=\"http:\/\/4.bp.blogspot.com\/_rCm4mArCkLE\/Sf3VGnfqVRI\/AAAAAAAABgc\/dogbOrRqh1g\/s400\/marcus_nybro.jpg\" border=\"0\" \/><\/a><br \/>Ha en underbar vecka!<\/div>\n<div>Kram Helena<\/div>\n<\/div>\n<\/div>\n<\/div>\n<\/div>\n","protected":false},"excerpt":{"rendered":"<p>Tjejkalaset \u00e4r nu avklarat. Det blev en v\u00e5ningst\u00e5rta. Jag har slutat att k\u00f6pa onyttiga f\u00e4rdiga t\u00e5rtbottnar fulla med konserveringsmedel f\u00f6r det \u00e4r ju l\u00e4tt att g\u00f6ra egna. Bara en vanlig rullt\u00e5rtesmet och in i ugnen i 5 minuter s\u00e5 \u00e4r det klart. Bakom kulisserna&#8230; s\u00e5 h\u00e4r brukar det se ut n\u00e4r jag f\u00f6rs\u00f6ker att fotografera h\u00e4r hemma&#8230;. V\u00e5ren h\u00e4r h\u00e4r och massor av vitsippor blommar&#8230; En trasig stol har f\u00e5tt en blomkruka som &#8221;sits&#8221; i st\u00e4llet&#8230; Vi har som tradition att \u00e5ka till slalombacken s\u00e5 h\u00e4r i b\u00f6rjan av maj och &#8221;\u00e5teruppleva&#8221; vintern. H\u00e4rliga kontraster! Kul att toka sig i sn\u00f6n, med grimaser och allt&#8230; Bakom kulisserna igen&#8230; se vad gr\u00f6nt det \u00e4r! Ha en underbar vecka! Kram Helena<\/p>\n","protected":false},"author":1,"featured_media":0,"comment_status":"open","ping_status":"open","sticky":false,"template":"","format":"standard","meta":{"footnotes":""},"categories":[9,4],"tags":[],"yoast_head":"<!-- This site is optimized with the Yoast SEO plugin v23.5 - https:\/\/yoast.com\/wordpress\/plugins\/seo\/ -->\n<title>Sn\u00f6 och vitsippor - Baka med KlaraForm<\/title>\n<meta name=\"robots\" content=\"index, follow, max-snippet:-1, max-image-preview:large, max-video-preview:-1\" \/>\n<link rel=\"canonical\" href=\"https:\/\/klarafardiga.com\/?p=91\" \/>\n<meta property=\"og:locale\" content=\"sv_SE\" \/>\n<meta property=\"og:type\" content=\"article\" \/>\n<meta property=\"og:title\" content=\"Sn\u00f6 och vitsippor - Baka med KlaraForm\" \/>\n<meta property=\"og:description\" content=\"Tjejkalaset \u00e4r nu avklarat. Det blev en v\u00e5ningst\u00e5rta. Jag har slutat att k\u00f6pa onyttiga f\u00e4rdiga t\u00e5rtbottnar fulla med konserveringsmedel f\u00f6r det \u00e4r ju l\u00e4tt att g\u00f6ra egna. Bara en vanlig rullt\u00e5rtesmet och in i ugnen i 5 minuter s\u00e5 \u00e4r det klart. Bakom kulisserna&#8230; s\u00e5 h\u00e4r brukar det se ut n\u00e4r jag f\u00f6rs\u00f6ker att fotografera h\u00e4r hemma&#8230;. V\u00e5ren h\u00e4r h\u00e4r och massor av vitsippor blommar&#8230; En trasig stol har f\u00e5tt en blomkruka som &#8221;sits&#8221; i st\u00e4llet&#8230; Vi har som tradition att \u00e5ka till slalombacken s\u00e5 h\u00e4r i b\u00f6rjan av maj och &#8221;\u00e5teruppleva&#8221; vintern. H\u00e4rliga kontraster! Kul att toka sig i sn\u00f6n, med grimaser och allt&#8230; Bakom kulisserna igen&#8230; se vad gr\u00f6nt det \u00e4r! Ha en underbar vecka! Kram Helena\" \/>\n<meta property=\"og:url\" content=\"https:\/\/klarafardiga.com\/?p=91\" \/>\n<meta property=\"og:site_name\" content=\"Baka med KlaraForm\" \/>\n<meta property=\"article:published_time\" content=\"2009-05-03T17:29:00+00:00\" \/>\n<meta property=\"og:image\" content=\"http:\/\/4.bp.blogspot.com\/_rCm4mArCkLE\/Sf3VX6thMxI\/AAAAAAAABhE\/OAhNTU1Sbao\/s400\/klara_5ar_tarta.jpg\" \/>\n<meta name=\"author\" content=\"admin\" \/>\n<meta name=\"twitter:card\" content=\"summary_large_image\" \/>\n<meta name=\"twitter:label1\" content=\"Skriven av\" \/>\n\t<meta name=\"twitter:data1\" content=\"admin\" \/>\n\t<meta name=\"twitter:label2\" content=\"Ber\u00e4knad l\u00e4stid\" \/>\n\t<meta name=\"twitter:data2\" content=\"1 minut\" \/>\n<script type=\"application\/ld+json\" class=\"yoast-schema-graph\">{\"@context\":\"https:\/\/schema.org\",\"@graph\":[{\"@type\":\"WebPage\",\"@id\":\"https:\/\/klarafardiga.com\/?p=91\",\"url\":\"https:\/\/klarafardiga.com\/?p=91\",\"name\":\"Sn\u00f6 och vitsippor - Baka med KlaraForm\",\"isPartOf\":{\"@id\":\"https:\/\/klarafardiga.com\/#website\"},\"primaryImageOfPage\":{\"@id\":\"https:\/\/klarafardiga.com\/?p=91#primaryimage\"},\"image\":{\"@id\":\"https:\/\/klarafardiga.com\/?p=91#primaryimage\"},\"thumbnailUrl\":\"http:\/\/4.bp.blogspot.com\/_rCm4mArCkLE\/Sf3VX6thMxI\/AAAAAAAABhE\/OAhNTU1Sbao\/s400\/klara_5ar_tarta.jpg\",\"datePublished\":\"2009-05-03T17:29:00+00:00\",\"dateModified\":\"2009-05-03T17:29:00+00:00\",\"author\":{\"@id\":\"https:\/\/klarafardiga.com\/#\/schema\/person\/0f54ba1da7c4c21dd7411ed3a8e9f8c0\"},\"breadcrumb\":{\"@id\":\"https:\/\/klarafardiga.com\/?p=91#breadcrumb\"},\"inLanguage\":\"sv-SE\",\"potentialAction\":[{\"@type\":\"ReadAction\",\"target\":[\"https:\/\/klarafardiga.com\/?p=91\"]}]},{\"@type\":\"ImageObject\",\"inLanguage\":\"sv-SE\",\"@id\":\"https:\/\/klarafardiga.com\/?p=91#primaryimage\",\"url\":\"http:\/\/4.bp.blogspot.com\/_rCm4mArCkLE\/Sf3VX6thMxI\/AAAAAAAABhE\/OAhNTU1Sbao\/s400\/klara_5ar_tarta.jpg\",\"contentUrl\":\"http:\/\/4.bp.blogspot.com\/_rCm4mArCkLE\/Sf3VX6thMxI\/AAAAAAAABhE\/OAhNTU1Sbao\/s400\/klara_5ar_tarta.jpg\"},{\"@type\":\"BreadcrumbList\",\"@id\":\"https:\/\/klarafardiga.com\/?p=91#breadcrumb\",\"itemListElement\":[{\"@type\":\"ListItem\",\"position\":1,\"name\":\"Hem\",\"item\":\"https:\/\/klarafardiga.com\/\"},{\"@type\":\"ListItem\",\"position\":2,\"name\":\"Sn\u00f6 och vitsippor\"}]},{\"@type\":\"WebSite\",\"@id\":\"https:\/\/klarafardiga.com\/#website\",\"url\":\"https:\/\/klarafardiga.com\/\",\"name\":\"Baka med KlaraForm\",\"description\":\"Recept, tips och nyheter i butiken\",\"potentialAction\":[{\"@type\":\"SearchAction\",\"target\":{\"@type\":\"EntryPoint\",\"urlTemplate\":\"https:\/\/klarafardiga.com\/?s={search_term_string}\"},\"query-input\":{\"@type\":\"PropertyValueSpecification\",\"valueRequired\":true,\"valueName\":\"search_term_string\"}}],\"inLanguage\":\"sv-SE\"},{\"@type\":\"Person\",\"@id\":\"https:\/\/klarafardiga.com\/#\/schema\/person\/0f54ba1da7c4c21dd7411ed3a8e9f8c0\",\"name\":\"admin\",\"image\":{\"@type\":\"ImageObject\",\"inLanguage\":\"sv-SE\",\"@id\":\"https:\/\/klarafardiga.com\/#\/schema\/person\/image\/\",\"url\":\"https:\/\/secure.gravatar.com\/avatar\/356da59eaae0a6e58215761d8e8dabed?s=96&d=mm&r=g\",\"contentUrl\":\"https:\/\/secure.gravatar.com\/avatar\/356da59eaae0a6e58215761d8e8dabed?s=96&d=mm&r=g\",\"caption\":\"admin\"},\"sameAs\":[\"http:\/\/www.klaraform.se\"],\"url\":\"https:\/\/klarafardiga.com\/?author=1\"}]}<\/script>\n<!-- \/ Yoast SEO plugin. -->","yoast_head_json":{"title":"Sn\u00f6 och vitsippor - Baka med KlaraForm","robots":{"index":"index","follow":"follow","max-snippet":"max-snippet:-1","max-image-preview":"max-image-preview:large","max-video-preview":"max-video-preview:-1"},"canonical":"https:\/\/klarafardiga.com\/?p=91","og_locale":"sv_SE","og_type":"article","og_title":"Sn\u00f6 och vitsippor - Baka med KlaraForm","og_description":"Tjejkalaset \u00e4r nu avklarat. Det blev en v\u00e5ningst\u00e5rta. Jag har slutat att k\u00f6pa onyttiga f\u00e4rdiga t\u00e5rtbottnar fulla med konserveringsmedel f\u00f6r det \u00e4r ju l\u00e4tt att g\u00f6ra egna. Bara en vanlig rullt\u00e5rtesmet och in i ugnen i 5 minuter s\u00e5 \u00e4r det klart. Bakom kulisserna&#8230; s\u00e5 h\u00e4r brukar det se ut n\u00e4r jag f\u00f6rs\u00f6ker att fotografera h\u00e4r hemma&#8230;. V\u00e5ren h\u00e4r h\u00e4r och massor av vitsippor blommar&#8230; En trasig stol har f\u00e5tt en blomkruka som &#8221;sits&#8221; i st\u00e4llet&#8230; Vi har som tradition att \u00e5ka till slalombacken s\u00e5 h\u00e4r i b\u00f6rjan av maj och &#8221;\u00e5teruppleva&#8221; vintern. H\u00e4rliga kontraster! Kul att toka sig i sn\u00f6n, med grimaser och allt&#8230; Bakom kulisserna igen&#8230; se vad gr\u00f6nt det \u00e4r! Ha en underbar vecka! Kram Helena","og_url":"https:\/\/klarafardiga.com\/?p=91","og_site_name":"Baka med KlaraForm","article_published_time":"2009-05-03T17:29:00+00:00","og_image":[{"url":"http:\/\/4.bp.blogspot.com\/_rCm4mArCkLE\/Sf3VX6thMxI\/AAAAAAAABhE\/OAhNTU1Sbao\/s400\/klara_5ar_tarta.jpg"}],"author":"admin","twitter_card":"summary_large_image","twitter_misc":{"Skriven av":"admin","Ber\u00e4knad l\u00e4stid":"1 minut"},"schema":{"@context":"https:\/\/schema.org","@graph":[{"@type":"WebPage","@id":"https:\/\/klarafardiga.com\/?p=91","url":"https:\/\/klarafardiga.com\/?p=91","name":"Sn\u00f6 och vitsippor - Baka med KlaraForm","isPartOf":{"@id":"https:\/\/klarafardiga.com\/#website"},"primaryImageOfPage":{"@id":"https:\/\/klarafardiga.com\/?p=91#primaryimage"},"image":{"@id":"https:\/\/klarafardiga.com\/?p=91#primaryimage"},"thumbnailUrl":"http:\/\/4.bp.blogspot.com\/_rCm4mArCkLE\/Sf3VX6thMxI\/AAAAAAAABhE\/OAhNTU1Sbao\/s400\/klara_5ar_tarta.jpg","datePublished":"2009-05-03T17:29:00+00:00","dateModified":"2009-05-03T17:29:00+00:00","author":{"@id":"https:\/\/klarafardiga.com\/#\/schema\/person\/0f54ba1da7c4c21dd7411ed3a8e9f8c0"},"breadcrumb":{"@id":"https:\/\/klarafardiga.com\/?p=91#breadcrumb"},"inLanguage":"sv-SE","potentialAction":[{"@type":"ReadAction","target":["https:\/\/klarafardiga.com\/?p=91"]}]},{"@type":"ImageObject","inLanguage":"sv-SE","@id":"https:\/\/klarafardiga.com\/?p=91#primaryimage","url":"http:\/\/4.bp.blogspot.com\/_rCm4mArCkLE\/Sf3VX6thMxI\/AAAAAAAABhE\/OAhNTU1Sbao\/s400\/klara_5ar_tarta.jpg","contentUrl":"http:\/\/4.bp.blogspot.com\/_rCm4mArCkLE\/Sf3VX6thMxI\/AAAAAAAABhE\/OAhNTU1Sbao\/s400\/klara_5ar_tarta.jpg"},{"@type":"BreadcrumbList","@id":"https:\/\/klarafardiga.com\/?p=91#breadcrumb","itemListElement":[{"@type":"ListItem","position":1,"name":"Hem","item":"https:\/\/klarafardiga.com\/"},{"@type":"ListItem","position":2,"name":"Sn\u00f6 och vitsippor"}]},{"@type":"WebSite","@id":"https:\/\/klarafardiga.com\/#website","url":"https:\/\/klarafardiga.com\/","name":"Baka med KlaraForm","description":"Recept, tips och nyheter i butiken","potentialAction":[{"@type":"SearchAction","target":{"@type":"EntryPoint","urlTemplate":"https:\/\/klarafardiga.com\/?s={search_term_string}"},"query-input":{"@type":"PropertyValueSpecification","valueRequired":true,"valueName":"search_term_string"}}],"inLanguage":"sv-SE"},{"@type":"Person","@id":"https:\/\/klarafardiga.com\/#\/schema\/person\/0f54ba1da7c4c21dd7411ed3a8e9f8c0","name":"admin","image":{"@type":"ImageObject","inLanguage":"sv-SE","@id":"https:\/\/klarafardiga.com\/#\/schema\/person\/image\/","url":"https:\/\/secure.gravatar.com\/avatar\/356da59eaae0a6e58215761d8e8dabed?s=96&d=mm&r=g","contentUrl":"https:\/\/secure.gravatar.com\/avatar\/356da59eaae0a6e58215761d8e8dabed?s=96&d=mm&r=g","caption":"admin"},"sameAs":["http:\/\/www.klaraform.se"],"url":"https:\/\/klarafardiga.com\/?author=1"}]}},"_links":{"self":[{"href":"https:\/\/klarafardiga.com\/index.php?rest_route=\/wp\/v2\/posts\/91"}],"collection":[{"href":"https:\/\/klarafardiga.com\/index.php?rest_route=\/wp\/v2\/posts"}],"about":[{"href":"https:\/\/klarafardiga.com\/index.php?rest_route=\/wp\/v2\/types\/post"}],"author":[{"embeddable":true,"href":"https:\/\/klarafardiga.com\/index.php?rest_route=\/wp\/v2\/users\/1"}],"replies":[{"embeddable":true,"href":"https:\/\/klarafardiga.com\/index.php?rest_route=%2Fwp%2Fv2%2Fcomments&post=91"}],"version-history":[{"count":0,"href":"https:\/\/klarafardiga.com\/index.php?rest_route=\/wp\/v2\/posts\/91\/revisions"}],"wp:attachment":[{"href":"https:\/\/klarafardiga.com\/index.php?rest_route=%2Fwp%2Fv2%2Fmedia&parent=91"}],"wp:term":[{"taxonomy":"category","embeddable":true,"href":"https:\/\/klarafardiga.com\/index.php?rest_route=%2Fwp%2Fv2%2Fcategories&post=91"},{"taxonomy":"post_tag","embeddable":true,"href":"https:\/\/klarafardiga.com\/index.php?rest_route=%2Fwp%2Fv2%2Ftags&post=91"}],"curies":[{"name":"wp","href":"https:\/\/api.w.org\/{rel}","templated":true}]}}