{"id":89,"date":"2009-04-17T23:03:00","date_gmt":"2009-04-17T21:03:00","guid":{"rendered":"http:\/\/klarafardiga.com\/?p=89"},"modified":"2009-04-17T23:03:00","modified_gmt":"2009-04-17T21:03:00","slug":"muffins-med-prickiga-formar","status":"publish","type":"post","link":"https:\/\/klarafardiga.com\/?p=89","title":{"rendered":"Muffins med prickiga formar"},"content":{"rendered":"<p>Vill \u00f6nska er alla en trevlig helg och hoppas vi f\u00e5r se solen!<\/p>\n<p>H\u00e4romdagen bakade vi <a href=\"http:\/\/www.klarafardiga.com\/\"><strong>muffins<\/strong> <\/a>till en kollega som startat eget. Tyckte det var lite roligare att bjuda p\u00e5 muffins \u00e4n en blomma \ud83d\ude42<\/p>\n<p><a href=\"http:\/\/4.bp.blogspot.com\/_rCm4mArCkLE\/SejurYUwu9I\/AAAAAAAABgE\/HYUzIE6uIZc\/s1600-h\/muffins01.jpg\"><img decoding=\"async\" id=\"BLOGGER_PHOTO_ID_5325768988396927954\" style=\"DISPLAY: block; MARGIN: 0px auto 10px; WIDTH: 400px; CURSOR: hand; HEIGHT: 306px; TEXT-ALIGN: center\" alt=\"\" src=\"http:\/\/4.bp.blogspot.com\/_rCm4mArCkLE\/SejurYUwu9I\/AAAAAAAABgE\/HYUzIE6uIZc\/s400\/muffins01.jpg\" border=\"0\" \/><\/a> Kram Helena<\/p>\n<div><\/div>\n","protected":false},"excerpt":{"rendered":"<p>Vill \u00f6nska er alla en trevlig helg och hoppas vi f\u00e5r se solen! H\u00e4romdagen bakade vi muffins till en kollega som startat eget. Tyckte det var lite roligare att bjuda p\u00e5 muffins \u00e4n en blomma \ud83d\ude42 Kram Helena<\/p>\n","protected":false},"author":1,"featured_media":0,"comment_status":"open","ping_status":"open","sticky":false,"template":"","format":"standard","meta":{"footnotes":""},"categories":[9],"tags":[],"yoast_head":"<!-- This site is optimized with the Yoast SEO plugin v23.5 - https:\/\/yoast.com\/wordpress\/plugins\/seo\/ -->\n<title>Muffins med prickiga formar - Baka med KlaraForm<\/title>\n<meta name=\"robots\" content=\"index, follow, max-snippet:-1, max-image-preview:large, max-video-preview:-1\" \/>\n<link rel=\"canonical\" href=\"https:\/\/klarafardiga.com\/?p=89\" \/>\n<meta property=\"og:locale\" content=\"sv_SE\" \/>\n<meta property=\"og:type\" content=\"article\" \/>\n<meta property=\"og:title\" content=\"Muffins med prickiga formar - Baka med KlaraForm\" \/>\n<meta property=\"og:description\" content=\"Vill \u00f6nska er alla en trevlig helg och hoppas vi f\u00e5r se solen! H\u00e4romdagen bakade vi muffins till en kollega som startat eget. Tyckte det var lite roligare att bjuda p\u00e5 muffins \u00e4n en blomma \ud83d\ude42 Kram Helena\" \/>\n<meta property=\"og:url\" content=\"https:\/\/klarafardiga.com\/?p=89\" \/>\n<meta property=\"og:site_name\" content=\"Baka med KlaraForm\" \/>\n<meta property=\"article:published_time\" content=\"2009-04-17T21:03:00+00:00\" \/>\n<meta property=\"og:image\" content=\"http:\/\/4.bp.blogspot.com\/_rCm4mArCkLE\/SejurYUwu9I\/AAAAAAAABgE\/HYUzIE6uIZc\/s400\/muffins01.jpg\" \/>\n<meta name=\"author\" content=\"admin\" \/>\n<meta name=\"twitter:card\" content=\"summary_large_image\" \/>\n<meta name=\"twitter:label1\" content=\"Skriven av\" \/>\n\t<meta name=\"twitter:data1\" content=\"admin\" \/>\n<script type=\"application\/ld+json\" class=\"yoast-schema-graph\">{\"@context\":\"https:\/\/schema.org\",\"@graph\":[{\"@type\":\"WebPage\",\"@id\":\"https:\/\/klarafardiga.com\/?p=89\",\"url\":\"https:\/\/klarafardiga.com\/?p=89\",\"name\":\"Muffins med prickiga formar - Baka med KlaraForm\",\"isPartOf\":{\"@id\":\"https:\/\/klarafardiga.com\/#website\"},\"primaryImageOfPage\":{\"@id\":\"https:\/\/klarafardiga.com\/?p=89#primaryimage\"},\"image\":{\"@id\":\"https:\/\/klarafardiga.com\/?p=89#primaryimage\"},\"thumbnailUrl\":\"http:\/\/4.bp.blogspot.com\/_rCm4mArCkLE\/SejurYUwu9I\/AAAAAAAABgE\/HYUzIE6uIZc\/s400\/muffins01.jpg\",\"datePublished\":\"2009-04-17T21:03:00+00:00\",\"dateModified\":\"2009-04-17T21:03:00+00:00\",\"author\":{\"@id\":\"https:\/\/klarafardiga.com\/#\/schema\/person\/0f54ba1da7c4c21dd7411ed3a8e9f8c0\"},\"breadcrumb\":{\"@id\":\"https:\/\/klarafardiga.com\/?p=89#breadcrumb\"},\"inLanguage\":\"sv-SE\",\"potentialAction\":[{\"@type\":\"ReadAction\",\"target\":[\"https:\/\/klarafardiga.com\/?p=89\"]}]},{\"@type\":\"ImageObject\",\"inLanguage\":\"sv-SE\",\"@id\":\"https:\/\/klarafardiga.com\/?p=89#primaryimage\",\"url\":\"http:\/\/4.bp.blogspot.com\/_rCm4mArCkLE\/SejurYUwu9I\/AAAAAAAABgE\/HYUzIE6uIZc\/s400\/muffins01.jpg\",\"contentUrl\":\"http:\/\/4.bp.blogspot.com\/_rCm4mArCkLE\/SejurYUwu9I\/AAAAAAAABgE\/HYUzIE6uIZc\/s400\/muffins01.jpg\"},{\"@type\":\"BreadcrumbList\",\"@id\":\"https:\/\/klarafardiga.com\/?p=89#breadcrumb\",\"itemListElement\":[{\"@type\":\"ListItem\",\"position\":1,\"name\":\"Hem\",\"item\":\"https:\/\/klarafardiga.com\/\"},{\"@type\":\"ListItem\",\"position\":2,\"name\":\"Muffins med prickiga formar\"}]},{\"@type\":\"WebSite\",\"@id\":\"https:\/\/klarafardiga.com\/#website\",\"url\":\"https:\/\/klarafardiga.com\/\",\"name\":\"Baka med KlaraForm\",\"description\":\"Recept, tips och nyheter i butiken\",\"potentialAction\":[{\"@type\":\"SearchAction\",\"target\":{\"@type\":\"EntryPoint\",\"urlTemplate\":\"https:\/\/klarafardiga.com\/?s={search_term_string}\"},\"query-input\":{\"@type\":\"PropertyValueSpecification\",\"valueRequired\":true,\"valueName\":\"search_term_string\"}}],\"inLanguage\":\"sv-SE\"},{\"@type\":\"Person\",\"@id\":\"https:\/\/klarafardiga.com\/#\/schema\/person\/0f54ba1da7c4c21dd7411ed3a8e9f8c0\",\"name\":\"admin\",\"image\":{\"@type\":\"ImageObject\",\"inLanguage\":\"sv-SE\",\"@id\":\"https:\/\/klarafardiga.com\/#\/schema\/person\/image\/\",\"url\":\"https:\/\/secure.gravatar.com\/avatar\/356da59eaae0a6e58215761d8e8dabed?s=96&d=mm&r=g\",\"contentUrl\":\"https:\/\/secure.gravatar.com\/avatar\/356da59eaae0a6e58215761d8e8dabed?s=96&d=mm&r=g\",\"caption\":\"admin\"},\"sameAs\":[\"http:\/\/www.klaraform.se\"],\"url\":\"https:\/\/klarafardiga.com\/?author=1\"}]}<\/script>\n<!-- \/ Yoast SEO plugin. -->","yoast_head_json":{"title":"Muffins med prickiga formar - Baka med KlaraForm","robots":{"index":"index","follow":"follow","max-snippet":"max-snippet:-1","max-image-preview":"max-image-preview:large","max-video-preview":"max-video-preview:-1"},"canonical":"https:\/\/klarafardiga.com\/?p=89","og_locale":"sv_SE","og_type":"article","og_title":"Muffins med prickiga formar - Baka med KlaraForm","og_description":"Vill \u00f6nska er alla en trevlig helg och hoppas vi f\u00e5r se solen! H\u00e4romdagen bakade vi muffins till en kollega som startat eget. Tyckte det var lite roligare att bjuda p\u00e5 muffins \u00e4n en blomma \ud83d\ude42 Kram Helena","og_url":"https:\/\/klarafardiga.com\/?p=89","og_site_name":"Baka med KlaraForm","article_published_time":"2009-04-17T21:03:00+00:00","og_image":[{"url":"http:\/\/4.bp.blogspot.com\/_rCm4mArCkLE\/SejurYUwu9I\/AAAAAAAABgE\/HYUzIE6uIZc\/s400\/muffins01.jpg"}],"author":"admin","twitter_card":"summary_large_image","twitter_misc":{"Skriven av":"admin"},"schema":{"@context":"https:\/\/schema.org","@graph":[{"@type":"WebPage","@id":"https:\/\/klarafardiga.com\/?p=89","url":"https:\/\/klarafardiga.com\/?p=89","name":"Muffins med prickiga formar - Baka med KlaraForm","isPartOf":{"@id":"https:\/\/klarafardiga.com\/#website"},"primaryImageOfPage":{"@id":"https:\/\/klarafardiga.com\/?p=89#primaryimage"},"image":{"@id":"https:\/\/klarafardiga.com\/?p=89#primaryimage"},"thumbnailUrl":"http:\/\/4.bp.blogspot.com\/_rCm4mArCkLE\/SejurYUwu9I\/AAAAAAAABgE\/HYUzIE6uIZc\/s400\/muffins01.jpg","datePublished":"2009-04-17T21:03:00+00:00","dateModified":"2009-04-17T21:03:00+00:00","author":{"@id":"https:\/\/klarafardiga.com\/#\/schema\/person\/0f54ba1da7c4c21dd7411ed3a8e9f8c0"},"breadcrumb":{"@id":"https:\/\/klarafardiga.com\/?p=89#breadcrumb"},"inLanguage":"sv-SE","potentialAction":[{"@type":"ReadAction","target":["https:\/\/klarafardiga.com\/?p=89"]}]},{"@type":"ImageObject","inLanguage":"sv-SE","@id":"https:\/\/klarafardiga.com\/?p=89#primaryimage","url":"http:\/\/4.bp.blogspot.com\/_rCm4mArCkLE\/SejurYUwu9I\/AAAAAAAABgE\/HYUzIE6uIZc\/s400\/muffins01.jpg","contentUrl":"http:\/\/4.bp.blogspot.com\/_rCm4mArCkLE\/SejurYUwu9I\/AAAAAAAABgE\/HYUzIE6uIZc\/s400\/muffins01.jpg"},{"@type":"BreadcrumbList","@id":"https:\/\/klarafardiga.com\/?p=89#breadcrumb","itemListElement":[{"@type":"ListItem","position":1,"name":"Hem","item":"https:\/\/klarafardiga.com\/"},{"@type":"ListItem","position":2,"name":"Muffins med prickiga formar"}]},{"@type":"WebSite","@id":"https:\/\/klarafardiga.com\/#website","url":"https:\/\/klarafardiga.com\/","name":"Baka med KlaraForm","description":"Recept, tips och nyheter i butiken","potentialAction":[{"@type":"SearchAction","target":{"@type":"EntryPoint","urlTemplate":"https:\/\/klarafardiga.com\/?s={search_term_string}"},"query-input":{"@type":"PropertyValueSpecification","valueRequired":true,"valueName":"search_term_string"}}],"inLanguage":"sv-SE"},{"@type":"Person","@id":"https:\/\/klarafardiga.com\/#\/schema\/person\/0f54ba1da7c4c21dd7411ed3a8e9f8c0","name":"admin","image":{"@type":"ImageObject","inLanguage":"sv-SE","@id":"https:\/\/klarafardiga.com\/#\/schema\/person\/image\/","url":"https:\/\/secure.gravatar.com\/avatar\/356da59eaae0a6e58215761d8e8dabed?s=96&d=mm&r=g","contentUrl":"https:\/\/secure.gravatar.com\/avatar\/356da59eaae0a6e58215761d8e8dabed?s=96&d=mm&r=g","caption":"admin"},"sameAs":["http:\/\/www.klaraform.se"],"url":"https:\/\/klarafardiga.com\/?author=1"}]}},"_links":{"self":[{"href":"https:\/\/klarafardiga.com\/index.php?rest_route=\/wp\/v2\/posts\/89"}],"collection":[{"href":"https:\/\/klarafardiga.com\/index.php?rest_route=\/wp\/v2\/posts"}],"about":[{"href":"https:\/\/klarafardiga.com\/index.php?rest_route=\/wp\/v2\/types\/post"}],"author":[{"embeddable":true,"href":"https:\/\/klarafardiga.com\/index.php?rest_route=\/wp\/v2\/users\/1"}],"replies":[{"embeddable":true,"href":"https:\/\/klarafardiga.com\/index.php?rest_route=%2Fwp%2Fv2%2Fcomments&post=89"}],"version-history":[{"count":0,"href":"https:\/\/klarafardiga.com\/index.php?rest_route=\/wp\/v2\/posts\/89\/revisions"}],"wp:attachment":[{"href":"https:\/\/klarafardiga.com\/index.php?rest_route=%2Fwp%2Fv2%2Fmedia&parent=89"}],"wp:term":[{"taxonomy":"category","embeddable":true,"href":"https:\/\/klarafardiga.com\/index.php?rest_route=%2Fwp%2Fv2%2Fcategories&post=89"},{"taxonomy":"post_tag","embeddable":true,"href":"https:\/\/klarafardiga.com\/index.php?rest_route=%2Fwp%2Fv2%2Ftags&post=89"}],"curies":[{"name":"wp","href":"https:\/\/api.w.org\/{rel}","templated":true}]}}