{"id":88,"date":"2009-04-12T18:50:00","date_gmt":"2009-04-12T16:50:00","guid":{"rendered":"http:\/\/klarafardiga.com\/?p=88"},"modified":"2009-04-12T18:50:00","modified_gmt":"2009-04-12T16:50:00","slug":"prinsessan-har-flyttat-in","status":"publish","type":"post","link":"https:\/\/klarafardiga.com\/?p=88","title":{"rendered":"Prinsessan har flyttat in&#8230;"},"content":{"rendered":"<p>Ig\u00e5r kv\u00e4ll blev rummet klart och en n\u00f6jd liten tjej flyttade in&#8230; Hon vaknade tidigt p\u00e5 sin 5 \u00e5riga f\u00f6delsedag idag. Hon kunde inte sova f\u00f6r det var s\u00e5 mycket sp\u00e4nnande i det nya rummet.<\/p>\n<p><img decoding=\"async\" id=\"BLOGGER_PHOTO_ID_5323849171570794834\" style=\"DISPLAY: block; MARGIN: 0px auto 10px; WIDTH: 400px; CURSOR: hand; HEIGHT: 299px; TEXT-ALIGN: center\" alt=\"\" src=\"http:\/\/2.bp.blogspot.com\/_rCm4mArCkLE\/SeIcnVU8IVI\/AAAAAAAABf0\/xw4PK1jsKds\/s400\/klaras_nya_rum02.jpg\" border=\"0\" \/>Tapeten kommer fr\u00e5n <a href=\"http:\/\/www.sandbergab.se\/sv\/products\/wallpaper\/Isabella\/748-14\"><strong>Sandbergs<\/strong><\/a>. Prinsesskl\u00e4derna har f\u00e5tt sin egen liten h\u00f6rna&#8230;<\/p>\n<p><img decoding=\"async\" id=\"BLOGGER_PHOTO_ID_5323849172753022018\" style=\"DISPLAY: block; MARGIN: 0px auto 10px; WIDTH: 400px; CURSOR: hand; HEIGHT: 299px; TEXT-ALIGN: center\" alt=\"\" src=\"http:\/\/1.bp.blogspot.com\/_rCm4mArCkLE\/SeIcnZuzfEI\/AAAAAAAABf8\/aiNiJ1lCeI8\/s400\/klaras_nya_rum03.jpg\" border=\"0\" \/>Det blev lite tapet \u00f6ver s\u00e5 jag passade p\u00e5 att kl\u00e4 in mina gamla hattaskar&#8230;<\/p>\n<p><img decoding=\"async\" id=\"BLOGGER_PHOTO_ID_5323849167041975970\" style=\"DISPLAY: block; MARGIN: 0px auto 10px; WIDTH: 299px; CURSOR: hand; HEIGHT: 400px; TEXT-ALIGN: center\" alt=\"\" src=\"http:\/\/4.bp.blogspot.com\/_rCm4mArCkLE\/SeIcnEdL1qI\/AAAAAAAABfs\/QePM6dQFbZo\/s400\/klaras_nya_rum01.jpg\" border=\"0\" \/>Hade tv\u00e5 vita stolar som jag b\u00e4ttrade p\u00e5 f\u00e4rgen lite s\u00e5 bytte jag ut &#8221;kom\u00f6nstret&#8221; mot prinsesskronor. Superenkelt, jag ritade mallen sj\u00e4lv och klippte ut i sj\u00e4lvh\u00e4ftande guldig plast&#8230;<\/p>\n<p>Idag har vi kalasat med t\u00e5rta och glass, det blir nog en tidig kv\u00e4ll idag f\u00f6r jag \u00e4r supertr\u00f6tt efter allt m\u00e5lande och tapetserande.<\/p>\n<p>Ha en fortsatt h\u00e4rlig p\u00e5skhelg!<br \/>Kram Helena<\/p>\n","protected":false},"excerpt":{"rendered":"<p>Ig\u00e5r kv\u00e4ll blev rummet klart och en n\u00f6jd liten tjej flyttade in&#8230; Hon vaknade tidigt p\u00e5 sin 5 \u00e5riga f\u00f6delsedag idag. Hon kunde inte sova f\u00f6r det var s\u00e5 mycket sp\u00e4nnande i det nya rummet. Tapeten kommer fr\u00e5n Sandbergs. Prinsesskl\u00e4derna har f\u00e5tt sin egen liten h\u00f6rna&#8230; Det blev lite tapet \u00f6ver s\u00e5 jag passade p\u00e5 att kl\u00e4 in mina gamla hattaskar&#8230; Hade tv\u00e5 vita stolar som jag b\u00e4ttrade p\u00e5 f\u00e4rgen lite s\u00e5 bytte jag ut &#8221;kom\u00f6nstret&#8221; mot prinsesskronor. Superenkelt, jag ritade mallen sj\u00e4lv och klippte ut i sj\u00e4lvh\u00e4ftande guldig plast&#8230; Idag har vi kalasat med t\u00e5rta och glass, det blir nog en tidig kv\u00e4ll idag f\u00f6r jag \u00e4r supertr\u00f6tt efter allt m\u00e5lande och tapetserande. Ha en fortsatt h\u00e4rlig p\u00e5skhelg!Kram Helena<\/p>\n","protected":false},"author":1,"featured_media":0,"comment_status":"open","ping_status":"open","sticky":false,"template":"","format":"standard","meta":{"footnotes":""},"categories":[6],"tags":[],"yoast_head":"<!-- This site is optimized with the Yoast SEO plugin v23.5 - https:\/\/yoast.com\/wordpress\/plugins\/seo\/ -->\n<title>Prinsessan har flyttat in... - Baka med KlaraForm<\/title>\n<meta name=\"robots\" content=\"index, follow, max-snippet:-1, max-image-preview:large, max-video-preview:-1\" \/>\n<link rel=\"canonical\" href=\"https:\/\/klarafardiga.com\/?p=88\" \/>\n<meta property=\"og:locale\" content=\"sv_SE\" \/>\n<meta property=\"og:type\" content=\"article\" \/>\n<meta property=\"og:title\" content=\"Prinsessan har flyttat in... - Baka med KlaraForm\" \/>\n<meta property=\"og:description\" content=\"Ig\u00e5r kv\u00e4ll blev rummet klart och en n\u00f6jd liten tjej flyttade in&#8230; Hon vaknade tidigt p\u00e5 sin 5 \u00e5riga f\u00f6delsedag idag. Hon kunde inte sova f\u00f6r det var s\u00e5 mycket sp\u00e4nnande i det nya rummet. Tapeten kommer fr\u00e5n Sandbergs. Prinsesskl\u00e4derna har f\u00e5tt sin egen liten h\u00f6rna&#8230; Det blev lite tapet \u00f6ver s\u00e5 jag passade p\u00e5 att kl\u00e4 in mina gamla hattaskar&#8230; Hade tv\u00e5 vita stolar som jag b\u00e4ttrade p\u00e5 f\u00e4rgen lite s\u00e5 bytte jag ut &#8221;kom\u00f6nstret&#8221; mot prinsesskronor. Superenkelt, jag ritade mallen sj\u00e4lv och klippte ut i sj\u00e4lvh\u00e4ftande guldig plast&#8230; Idag har vi kalasat med t\u00e5rta och glass, det blir nog en tidig kv\u00e4ll idag f\u00f6r jag \u00e4r supertr\u00f6tt efter allt m\u00e5lande och tapetserande. Ha en fortsatt h\u00e4rlig p\u00e5skhelg!Kram Helena\" \/>\n<meta property=\"og:url\" content=\"https:\/\/klarafardiga.com\/?p=88\" \/>\n<meta property=\"og:site_name\" content=\"Baka med KlaraForm\" \/>\n<meta property=\"article:published_time\" content=\"2009-04-12T16:50:00+00:00\" \/>\n<meta property=\"og:image\" content=\"http:\/\/2.bp.blogspot.com\/_rCm4mArCkLE\/SeIcnVU8IVI\/AAAAAAAABf0\/xw4PK1jsKds\/s400\/klaras_nya_rum02.jpg\" \/>\n<meta name=\"author\" content=\"admin\" \/>\n<meta name=\"twitter:card\" content=\"summary_large_image\" \/>\n<meta name=\"twitter:label1\" content=\"Skriven av\" \/>\n\t<meta name=\"twitter:data1\" content=\"admin\" \/>\n\t<meta name=\"twitter:label2\" content=\"Ber\u00e4knad l\u00e4stid\" \/>\n\t<meta name=\"twitter:data2\" content=\"1 minut\" \/>\n<script type=\"application\/ld+json\" class=\"yoast-schema-graph\">{\"@context\":\"https:\/\/schema.org\",\"@graph\":[{\"@type\":\"WebPage\",\"@id\":\"https:\/\/klarafardiga.com\/?p=88\",\"url\":\"https:\/\/klarafardiga.com\/?p=88\",\"name\":\"Prinsessan har flyttat in... - Baka med KlaraForm\",\"isPartOf\":{\"@id\":\"https:\/\/klarafardiga.com\/#website\"},\"primaryImageOfPage\":{\"@id\":\"https:\/\/klarafardiga.com\/?p=88#primaryimage\"},\"image\":{\"@id\":\"https:\/\/klarafardiga.com\/?p=88#primaryimage\"},\"thumbnailUrl\":\"http:\/\/2.bp.blogspot.com\/_rCm4mArCkLE\/SeIcnVU8IVI\/AAAAAAAABf0\/xw4PK1jsKds\/s400\/klaras_nya_rum02.jpg\",\"datePublished\":\"2009-04-12T16:50:00+00:00\",\"dateModified\":\"2009-04-12T16:50:00+00:00\",\"author\":{\"@id\":\"https:\/\/klarafardiga.com\/#\/schema\/person\/0f54ba1da7c4c21dd7411ed3a8e9f8c0\"},\"breadcrumb\":{\"@id\":\"https:\/\/klarafardiga.com\/?p=88#breadcrumb\"},\"inLanguage\":\"sv-SE\",\"potentialAction\":[{\"@type\":\"ReadAction\",\"target\":[\"https:\/\/klarafardiga.com\/?p=88\"]}]},{\"@type\":\"ImageObject\",\"inLanguage\":\"sv-SE\",\"@id\":\"https:\/\/klarafardiga.com\/?p=88#primaryimage\",\"url\":\"http:\/\/2.bp.blogspot.com\/_rCm4mArCkLE\/SeIcnVU8IVI\/AAAAAAAABf0\/xw4PK1jsKds\/s400\/klaras_nya_rum02.jpg\",\"contentUrl\":\"http:\/\/2.bp.blogspot.com\/_rCm4mArCkLE\/SeIcnVU8IVI\/AAAAAAAABf0\/xw4PK1jsKds\/s400\/klaras_nya_rum02.jpg\"},{\"@type\":\"BreadcrumbList\",\"@id\":\"https:\/\/klarafardiga.com\/?p=88#breadcrumb\",\"itemListElement\":[{\"@type\":\"ListItem\",\"position\":1,\"name\":\"Hem\",\"item\":\"https:\/\/klarafardiga.com\/\"},{\"@type\":\"ListItem\",\"position\":2,\"name\":\"Prinsessan har flyttat in&#8230;\"}]},{\"@type\":\"WebSite\",\"@id\":\"https:\/\/klarafardiga.com\/#website\",\"url\":\"https:\/\/klarafardiga.com\/\",\"name\":\"Baka med KlaraForm\",\"description\":\"Recept, tips och nyheter i butiken\",\"potentialAction\":[{\"@type\":\"SearchAction\",\"target\":{\"@type\":\"EntryPoint\",\"urlTemplate\":\"https:\/\/klarafardiga.com\/?s={search_term_string}\"},\"query-input\":{\"@type\":\"PropertyValueSpecification\",\"valueRequired\":true,\"valueName\":\"search_term_string\"}}],\"inLanguage\":\"sv-SE\"},{\"@type\":\"Person\",\"@id\":\"https:\/\/klarafardiga.com\/#\/schema\/person\/0f54ba1da7c4c21dd7411ed3a8e9f8c0\",\"name\":\"admin\",\"image\":{\"@type\":\"ImageObject\",\"inLanguage\":\"sv-SE\",\"@id\":\"https:\/\/klarafardiga.com\/#\/schema\/person\/image\/\",\"url\":\"https:\/\/secure.gravatar.com\/avatar\/356da59eaae0a6e58215761d8e8dabed?s=96&d=mm&r=g\",\"contentUrl\":\"https:\/\/secure.gravatar.com\/avatar\/356da59eaae0a6e58215761d8e8dabed?s=96&d=mm&r=g\",\"caption\":\"admin\"},\"sameAs\":[\"http:\/\/www.klaraform.se\"],\"url\":\"https:\/\/klarafardiga.com\/?author=1\"}]}<\/script>\n<!-- \/ Yoast SEO plugin. -->","yoast_head_json":{"title":"Prinsessan har flyttat in... - Baka med KlaraForm","robots":{"index":"index","follow":"follow","max-snippet":"max-snippet:-1","max-image-preview":"max-image-preview:large","max-video-preview":"max-video-preview:-1"},"canonical":"https:\/\/klarafardiga.com\/?p=88","og_locale":"sv_SE","og_type":"article","og_title":"Prinsessan har flyttat in... - Baka med KlaraForm","og_description":"Ig\u00e5r kv\u00e4ll blev rummet klart och en n\u00f6jd liten tjej flyttade in&#8230; Hon vaknade tidigt p\u00e5 sin 5 \u00e5riga f\u00f6delsedag idag. Hon kunde inte sova f\u00f6r det var s\u00e5 mycket sp\u00e4nnande i det nya rummet. Tapeten kommer fr\u00e5n Sandbergs. Prinsesskl\u00e4derna har f\u00e5tt sin egen liten h\u00f6rna&#8230; Det blev lite tapet \u00f6ver s\u00e5 jag passade p\u00e5 att kl\u00e4 in mina gamla hattaskar&#8230; Hade tv\u00e5 vita stolar som jag b\u00e4ttrade p\u00e5 f\u00e4rgen lite s\u00e5 bytte jag ut &#8221;kom\u00f6nstret&#8221; mot prinsesskronor. Superenkelt, jag ritade mallen sj\u00e4lv och klippte ut i sj\u00e4lvh\u00e4ftande guldig plast&#8230; Idag har vi kalasat med t\u00e5rta och glass, det blir nog en tidig kv\u00e4ll idag f\u00f6r jag \u00e4r supertr\u00f6tt efter allt m\u00e5lande och tapetserande. Ha en fortsatt h\u00e4rlig p\u00e5skhelg!Kram Helena","og_url":"https:\/\/klarafardiga.com\/?p=88","og_site_name":"Baka med KlaraForm","article_published_time":"2009-04-12T16:50:00+00:00","og_image":[{"url":"http:\/\/2.bp.blogspot.com\/_rCm4mArCkLE\/SeIcnVU8IVI\/AAAAAAAABf0\/xw4PK1jsKds\/s400\/klaras_nya_rum02.jpg"}],"author":"admin","twitter_card":"summary_large_image","twitter_misc":{"Skriven av":"admin","Ber\u00e4knad l\u00e4stid":"1 minut"},"schema":{"@context":"https:\/\/schema.org","@graph":[{"@type":"WebPage","@id":"https:\/\/klarafardiga.com\/?p=88","url":"https:\/\/klarafardiga.com\/?p=88","name":"Prinsessan har flyttat in... - Baka med KlaraForm","isPartOf":{"@id":"https:\/\/klarafardiga.com\/#website"},"primaryImageOfPage":{"@id":"https:\/\/klarafardiga.com\/?p=88#primaryimage"},"image":{"@id":"https:\/\/klarafardiga.com\/?p=88#primaryimage"},"thumbnailUrl":"http:\/\/2.bp.blogspot.com\/_rCm4mArCkLE\/SeIcnVU8IVI\/AAAAAAAABf0\/xw4PK1jsKds\/s400\/klaras_nya_rum02.jpg","datePublished":"2009-04-12T16:50:00+00:00","dateModified":"2009-04-12T16:50:00+00:00","author":{"@id":"https:\/\/klarafardiga.com\/#\/schema\/person\/0f54ba1da7c4c21dd7411ed3a8e9f8c0"},"breadcrumb":{"@id":"https:\/\/klarafardiga.com\/?p=88#breadcrumb"},"inLanguage":"sv-SE","potentialAction":[{"@type":"ReadAction","target":["https:\/\/klarafardiga.com\/?p=88"]}]},{"@type":"ImageObject","inLanguage":"sv-SE","@id":"https:\/\/klarafardiga.com\/?p=88#primaryimage","url":"http:\/\/2.bp.blogspot.com\/_rCm4mArCkLE\/SeIcnVU8IVI\/AAAAAAAABf0\/xw4PK1jsKds\/s400\/klaras_nya_rum02.jpg","contentUrl":"http:\/\/2.bp.blogspot.com\/_rCm4mArCkLE\/SeIcnVU8IVI\/AAAAAAAABf0\/xw4PK1jsKds\/s400\/klaras_nya_rum02.jpg"},{"@type":"BreadcrumbList","@id":"https:\/\/klarafardiga.com\/?p=88#breadcrumb","itemListElement":[{"@type":"ListItem","position":1,"name":"Hem","item":"https:\/\/klarafardiga.com\/"},{"@type":"ListItem","position":2,"name":"Prinsessan har flyttat in&#8230;"}]},{"@type":"WebSite","@id":"https:\/\/klarafardiga.com\/#website","url":"https:\/\/klarafardiga.com\/","name":"Baka med KlaraForm","description":"Recept, tips och nyheter i butiken","potentialAction":[{"@type":"SearchAction","target":{"@type":"EntryPoint","urlTemplate":"https:\/\/klarafardiga.com\/?s={search_term_string}"},"query-input":{"@type":"PropertyValueSpecification","valueRequired":true,"valueName":"search_term_string"}}],"inLanguage":"sv-SE"},{"@type":"Person","@id":"https:\/\/klarafardiga.com\/#\/schema\/person\/0f54ba1da7c4c21dd7411ed3a8e9f8c0","name":"admin","image":{"@type":"ImageObject","inLanguage":"sv-SE","@id":"https:\/\/klarafardiga.com\/#\/schema\/person\/image\/","url":"https:\/\/secure.gravatar.com\/avatar\/356da59eaae0a6e58215761d8e8dabed?s=96&d=mm&r=g","contentUrl":"https:\/\/secure.gravatar.com\/avatar\/356da59eaae0a6e58215761d8e8dabed?s=96&d=mm&r=g","caption":"admin"},"sameAs":["http:\/\/www.klaraform.se"],"url":"https:\/\/klarafardiga.com\/?author=1"}]}},"_links":{"self":[{"href":"https:\/\/klarafardiga.com\/index.php?rest_route=\/wp\/v2\/posts\/88"}],"collection":[{"href":"https:\/\/klarafardiga.com\/index.php?rest_route=\/wp\/v2\/posts"}],"about":[{"href":"https:\/\/klarafardiga.com\/index.php?rest_route=\/wp\/v2\/types\/post"}],"author":[{"embeddable":true,"href":"https:\/\/klarafardiga.com\/index.php?rest_route=\/wp\/v2\/users\/1"}],"replies":[{"embeddable":true,"href":"https:\/\/klarafardiga.com\/index.php?rest_route=%2Fwp%2Fv2%2Fcomments&post=88"}],"version-history":[{"count":0,"href":"https:\/\/klarafardiga.com\/index.php?rest_route=\/wp\/v2\/posts\/88\/revisions"}],"wp:attachment":[{"href":"https:\/\/klarafardiga.com\/index.php?rest_route=%2Fwp%2Fv2%2Fmedia&parent=88"}],"wp:term":[{"taxonomy":"category","embeddable":true,"href":"https:\/\/klarafardiga.com\/index.php?rest_route=%2Fwp%2Fv2%2Fcategories&post=88"},{"taxonomy":"post_tag","embeddable":true,"href":"https:\/\/klarafardiga.com\/index.php?rest_route=%2Fwp%2Fv2%2Ftags&post=88"}],"curies":[{"name":"wp","href":"https:\/\/api.w.org\/{rel}","templated":true}]}}