{"id":861,"date":"2013-02-17T19:27:37","date_gmt":"2013-02-17T18:27:37","guid":{"rendered":"http:\/\/klarafardiga.com\/?p=861"},"modified":"2013-02-20T20:38:20","modified_gmt":"2013-02-20T19:38:20","slug":"tarta","status":"publish","type":"post","link":"https:\/\/klarafardiga.com\/?p=861","title":{"rendered":"T\u00e5rta"},"content":{"rendered":"<p>Ig\u00e5r bakade vi en helt vanlig gr\u00e4ddt\u00e5rta, snabbt och enkelt. Anv\u00e4nde spritstyllarna Ateco 869 och Wilton 2D. T\u00e5rtan dekorerades med mjuka\u00a0rosa sockerp\u00e4rlor. T\u00e5rtbottnen \u00e4r en vanlig sockerkaksbotten och fyllningen\u00a0\u00e4r vispgr\u00e4dde och mosade sockrade bl\u00e5b\u00e4r. Syrligt och gott.<\/p>\n<p>Tyllarna och sockerp\u00e4rlorna finns i min butik www.klaraform.se <\/p>\n<p><a href=\"https:\/\/klarafardiga.com\/wp-content\/uploads\/2013\/02\/4bildtarta.jpg\"><img fetchpriority=\"high\" decoding=\"async\" class=\"alignnone  wp-image-862\" title=\"T\u00e5rta\" src=\"https:\/\/klarafardiga.com\/wp-content\/uploads\/2013\/02\/4bildtarta.jpg\" alt=\"\" width=\"622\" height=\"571\" srcset=\"https:\/\/klarafardiga.com\/wp-content\/uploads\/2013\/02\/4bildtarta.jpg 1037w, https:\/\/klarafardiga.com\/wp-content\/uploads\/2013\/02\/4bildtarta-300x275.jpg 300w, https:\/\/klarafardiga.com\/wp-content\/uploads\/2013\/02\/4bildtarta-1024x939.jpg 1024w\" sizes=\"(max-width: 622px) 100vw, 622px\" \/><\/a><\/p>\n<p>Ha en h\u00e4rlig vecka!<br \/>\nKram Helena<\/p>\n","protected":false},"excerpt":{"rendered":"<p>Ig\u00e5r bakade vi en helt vanlig gr\u00e4ddt\u00e5rta, snabbt och enkelt. Anv\u00e4nde spritstyllarna Ateco 869 och Wilton 2D. T\u00e5rtan dekorerades med mjuka\u00a0rosa sockerp\u00e4rlor. T\u00e5rtbottnen \u00e4r en vanlig sockerkaksbotten och fyllningen\u00a0\u00e4r vispgr\u00e4dde och mosade sockrade bl\u00e5b\u00e4r. Syrligt och gott. Tyllarna och sockerp\u00e4rlorna finns i min butik www.klaraform.se Ha en h\u00e4rlig vecka! Kram Helena<\/p>\n","protected":false},"author":1,"featured_media":0,"comment_status":"open","ping_status":"open","sticky":false,"template":"","format":"standard","meta":{"footnotes":""},"categories":[9,8],"tags":[],"yoast_head":"<!-- This site is optimized with the Yoast SEO plugin v23.5 - https:\/\/yoast.com\/wordpress\/plugins\/seo\/ -->\n<title>T\u00e5rta - Baka med KlaraForm<\/title>\n<meta name=\"robots\" content=\"index, follow, max-snippet:-1, max-image-preview:large, max-video-preview:-1\" \/>\n<link rel=\"canonical\" href=\"https:\/\/klarafardiga.com\/?p=861\" \/>\n<meta property=\"og:locale\" content=\"sv_SE\" \/>\n<meta property=\"og:type\" content=\"article\" \/>\n<meta property=\"og:title\" content=\"T\u00e5rta - Baka med KlaraForm\" \/>\n<meta property=\"og:description\" content=\"Ig\u00e5r bakade vi en helt vanlig gr\u00e4ddt\u00e5rta, snabbt och enkelt. Anv\u00e4nde spritstyllarna Ateco 869 och Wilton 2D. T\u00e5rtan dekorerades med mjuka\u00a0rosa sockerp\u00e4rlor. T\u00e5rtbottnen \u00e4r en vanlig sockerkaksbotten och fyllningen\u00a0\u00e4r vispgr\u00e4dde och mosade sockrade bl\u00e5b\u00e4r. Syrligt och gott. Tyllarna och sockerp\u00e4rlorna finns i min butik www.klaraform.se Ha en h\u00e4rlig vecka! Kram Helena\" \/>\n<meta property=\"og:url\" content=\"https:\/\/klarafardiga.com\/?p=861\" \/>\n<meta property=\"og:site_name\" content=\"Baka med KlaraForm\" \/>\n<meta property=\"article:published_time\" content=\"2013-02-17T18:27:37+00:00\" \/>\n<meta property=\"article:modified_time\" content=\"2013-02-20T19:38:20+00:00\" \/>\n<meta property=\"og:image\" content=\"http:\/\/klarafardiga.com\/wp-content\/uploads\/2013\/02\/4bildtarta.jpg\" \/>\n<meta name=\"author\" content=\"admin\" \/>\n<meta name=\"twitter:card\" content=\"summary_large_image\" \/>\n<meta name=\"twitter:label1\" content=\"Skriven av\" \/>\n\t<meta name=\"twitter:data1\" content=\"admin\" \/>\n<script type=\"application\/ld+json\" class=\"yoast-schema-graph\">{\"@context\":\"https:\/\/schema.org\",\"@graph\":[{\"@type\":\"WebPage\",\"@id\":\"https:\/\/klarafardiga.com\/?p=861\",\"url\":\"https:\/\/klarafardiga.com\/?p=861\",\"name\":\"T\u00e5rta - Baka med KlaraForm\",\"isPartOf\":{\"@id\":\"https:\/\/klarafardiga.com\/#website\"},\"primaryImageOfPage\":{\"@id\":\"https:\/\/klarafardiga.com\/?p=861#primaryimage\"},\"image\":{\"@id\":\"https:\/\/klarafardiga.com\/?p=861#primaryimage\"},\"thumbnailUrl\":\"http:\/\/klarafardiga.com\/wp-content\/uploads\/2013\/02\/4bildtarta.jpg\",\"datePublished\":\"2013-02-17T18:27:37+00:00\",\"dateModified\":\"2013-02-20T19:38:20+00:00\",\"author\":{\"@id\":\"https:\/\/klarafardiga.com\/#\/schema\/person\/0f54ba1da7c4c21dd7411ed3a8e9f8c0\"},\"breadcrumb\":{\"@id\":\"https:\/\/klarafardiga.com\/?p=861#breadcrumb\"},\"inLanguage\":\"sv-SE\",\"potentialAction\":[{\"@type\":\"ReadAction\",\"target\":[\"https:\/\/klarafardiga.com\/?p=861\"]}]},{\"@type\":\"ImageObject\",\"inLanguage\":\"sv-SE\",\"@id\":\"https:\/\/klarafardiga.com\/?p=861#primaryimage\",\"url\":\"https:\/\/klarafardiga.com\/wp-content\/uploads\/2013\/02\/4bildtarta.jpg\",\"contentUrl\":\"https:\/\/klarafardiga.com\/wp-content\/uploads\/2013\/02\/4bildtarta.jpg\",\"width\":\"1037\",\"height\":\"951\"},{\"@type\":\"BreadcrumbList\",\"@id\":\"https:\/\/klarafardiga.com\/?p=861#breadcrumb\",\"itemListElement\":[{\"@type\":\"ListItem\",\"position\":1,\"name\":\"Hem\",\"item\":\"https:\/\/klarafardiga.com\/\"},{\"@type\":\"ListItem\",\"position\":2,\"name\":\"T\u00e5rta\"}]},{\"@type\":\"WebSite\",\"@id\":\"https:\/\/klarafardiga.com\/#website\",\"url\":\"https:\/\/klarafardiga.com\/\",\"name\":\"Baka med KlaraForm\",\"description\":\"Recept, tips och nyheter i butiken\",\"potentialAction\":[{\"@type\":\"SearchAction\",\"target\":{\"@type\":\"EntryPoint\",\"urlTemplate\":\"https:\/\/klarafardiga.com\/?s={search_term_string}\"},\"query-input\":{\"@type\":\"PropertyValueSpecification\",\"valueRequired\":true,\"valueName\":\"search_term_string\"}}],\"inLanguage\":\"sv-SE\"},{\"@type\":\"Person\",\"@id\":\"https:\/\/klarafardiga.com\/#\/schema\/person\/0f54ba1da7c4c21dd7411ed3a8e9f8c0\",\"name\":\"admin\",\"image\":{\"@type\":\"ImageObject\",\"inLanguage\":\"sv-SE\",\"@id\":\"https:\/\/klarafardiga.com\/#\/schema\/person\/image\/\",\"url\":\"https:\/\/secure.gravatar.com\/avatar\/356da59eaae0a6e58215761d8e8dabed?s=96&d=mm&r=g\",\"contentUrl\":\"https:\/\/secure.gravatar.com\/avatar\/356da59eaae0a6e58215761d8e8dabed?s=96&d=mm&r=g\",\"caption\":\"admin\"},\"sameAs\":[\"http:\/\/www.klaraform.se\"],\"url\":\"https:\/\/klarafardiga.com\/?author=1\"}]}<\/script>\n<!-- \/ Yoast SEO plugin. -->","yoast_head_json":{"title":"T\u00e5rta - Baka med KlaraForm","robots":{"index":"index","follow":"follow","max-snippet":"max-snippet:-1","max-image-preview":"max-image-preview:large","max-video-preview":"max-video-preview:-1"},"canonical":"https:\/\/klarafardiga.com\/?p=861","og_locale":"sv_SE","og_type":"article","og_title":"T\u00e5rta - Baka med KlaraForm","og_description":"Ig\u00e5r bakade vi en helt vanlig gr\u00e4ddt\u00e5rta, snabbt och enkelt. Anv\u00e4nde spritstyllarna Ateco 869 och Wilton 2D. T\u00e5rtan dekorerades med mjuka\u00a0rosa sockerp\u00e4rlor. T\u00e5rtbottnen \u00e4r en vanlig sockerkaksbotten och fyllningen\u00a0\u00e4r vispgr\u00e4dde och mosade sockrade bl\u00e5b\u00e4r. Syrligt och gott. Tyllarna och sockerp\u00e4rlorna finns i min butik www.klaraform.se Ha en h\u00e4rlig vecka! Kram Helena","og_url":"https:\/\/klarafardiga.com\/?p=861","og_site_name":"Baka med KlaraForm","article_published_time":"2013-02-17T18:27:37+00:00","article_modified_time":"2013-02-20T19:38:20+00:00","og_image":[{"url":"http:\/\/klarafardiga.com\/wp-content\/uploads\/2013\/02\/4bildtarta.jpg"}],"author":"admin","twitter_card":"summary_large_image","twitter_misc":{"Skriven av":"admin"},"schema":{"@context":"https:\/\/schema.org","@graph":[{"@type":"WebPage","@id":"https:\/\/klarafardiga.com\/?p=861","url":"https:\/\/klarafardiga.com\/?p=861","name":"T\u00e5rta - Baka med KlaraForm","isPartOf":{"@id":"https:\/\/klarafardiga.com\/#website"},"primaryImageOfPage":{"@id":"https:\/\/klarafardiga.com\/?p=861#primaryimage"},"image":{"@id":"https:\/\/klarafardiga.com\/?p=861#primaryimage"},"thumbnailUrl":"http:\/\/klarafardiga.com\/wp-content\/uploads\/2013\/02\/4bildtarta.jpg","datePublished":"2013-02-17T18:27:37+00:00","dateModified":"2013-02-20T19:38:20+00:00","author":{"@id":"https:\/\/klarafardiga.com\/#\/schema\/person\/0f54ba1da7c4c21dd7411ed3a8e9f8c0"},"breadcrumb":{"@id":"https:\/\/klarafardiga.com\/?p=861#breadcrumb"},"inLanguage":"sv-SE","potentialAction":[{"@type":"ReadAction","target":["https:\/\/klarafardiga.com\/?p=861"]}]},{"@type":"ImageObject","inLanguage":"sv-SE","@id":"https:\/\/klarafardiga.com\/?p=861#primaryimage","url":"https:\/\/klarafardiga.com\/wp-content\/uploads\/2013\/02\/4bildtarta.jpg","contentUrl":"https:\/\/klarafardiga.com\/wp-content\/uploads\/2013\/02\/4bildtarta.jpg","width":"1037","height":"951"},{"@type":"BreadcrumbList","@id":"https:\/\/klarafardiga.com\/?p=861#breadcrumb","itemListElement":[{"@type":"ListItem","position":1,"name":"Hem","item":"https:\/\/klarafardiga.com\/"},{"@type":"ListItem","position":2,"name":"T\u00e5rta"}]},{"@type":"WebSite","@id":"https:\/\/klarafardiga.com\/#website","url":"https:\/\/klarafardiga.com\/","name":"Baka med KlaraForm","description":"Recept, tips och nyheter i butiken","potentialAction":[{"@type":"SearchAction","target":{"@type":"EntryPoint","urlTemplate":"https:\/\/klarafardiga.com\/?s={search_term_string}"},"query-input":{"@type":"PropertyValueSpecification","valueRequired":true,"valueName":"search_term_string"}}],"inLanguage":"sv-SE"},{"@type":"Person","@id":"https:\/\/klarafardiga.com\/#\/schema\/person\/0f54ba1da7c4c21dd7411ed3a8e9f8c0","name":"admin","image":{"@type":"ImageObject","inLanguage":"sv-SE","@id":"https:\/\/klarafardiga.com\/#\/schema\/person\/image\/","url":"https:\/\/secure.gravatar.com\/avatar\/356da59eaae0a6e58215761d8e8dabed?s=96&d=mm&r=g","contentUrl":"https:\/\/secure.gravatar.com\/avatar\/356da59eaae0a6e58215761d8e8dabed?s=96&d=mm&r=g","caption":"admin"},"sameAs":["http:\/\/www.klaraform.se"],"url":"https:\/\/klarafardiga.com\/?author=1"}]}},"_links":{"self":[{"href":"https:\/\/klarafardiga.com\/index.php?rest_route=\/wp\/v2\/posts\/861"}],"collection":[{"href":"https:\/\/klarafardiga.com\/index.php?rest_route=\/wp\/v2\/posts"}],"about":[{"href":"https:\/\/klarafardiga.com\/index.php?rest_route=\/wp\/v2\/types\/post"}],"author":[{"embeddable":true,"href":"https:\/\/klarafardiga.com\/index.php?rest_route=\/wp\/v2\/users\/1"}],"replies":[{"embeddable":true,"href":"https:\/\/klarafardiga.com\/index.php?rest_route=%2Fwp%2Fv2%2Fcomments&post=861"}],"version-history":[{"count":3,"href":"https:\/\/klarafardiga.com\/index.php?rest_route=\/wp\/v2\/posts\/861\/revisions"}],"predecessor-version":[{"id":865,"href":"https:\/\/klarafardiga.com\/index.php?rest_route=\/wp\/v2\/posts\/861\/revisions\/865"}],"wp:attachment":[{"href":"https:\/\/klarafardiga.com\/index.php?rest_route=%2Fwp%2Fv2%2Fmedia&parent=861"}],"wp:term":[{"taxonomy":"category","embeddable":true,"href":"https:\/\/klarafardiga.com\/index.php?rest_route=%2Fwp%2Fv2%2Fcategories&post=861"},{"taxonomy":"post_tag","embeddable":true,"href":"https:\/\/klarafardiga.com\/index.php?rest_route=%2Fwp%2Fv2%2Ftags&post=861"}],"curies":[{"name":"wp","href":"https:\/\/api.w.org\/{rel}","templated":true}]}}