{"id":86,"date":"2009-04-09T21:53:00","date_gmt":"2009-04-09T19:53:00","guid":{"rendered":"http:\/\/klarafardiga.com\/?p=86"},"modified":"2009-04-09T21:53:00","modified_gmt":"2009-04-09T19:53:00","slug":"glad-pask-och-bye-bye-blatt-rum","status":"publish","type":"post","link":"https:\/\/klarafardiga.com\/?p=86","title":{"rendered":"Glad P\u00e5sk och bye bye bl\u00e5tt rum&#8230;"},"content":{"rendered":"<p>Glad P\u00e5sk p\u00e5 er alla! \u00c4ntligen f\u00e5r man ta fram p\u00e5skpyntet igen.<\/p>\n<p><img decoding=\"async\" id=\"BLOGGER_PHOTO_ID_5322783785707898242\" style=\"DISPLAY: block; MARGIN: 0px auto 10px; WIDTH: 400px; CURSOR: hand; HEIGHT: 299px; TEXT-ALIGN: center\" alt=\"\" src=\"http:\/\/3.bp.blogspot.com\/_rCm4mArCkLE\/Sd5TpttUBYI\/AAAAAAAABfM\/vExKllrINE8\/s400\/agg_02.jpg\" border=\"0\" \/><br \/>Min faffo \u00e4ggh\u00e5llare eller vad man nu ska kalla det?<\/p>\n<p><img decoding=\"async\" id=\"BLOGGER_PHOTO_ID_5322783778228025378\" style=\"DISPLAY: block; MARGIN: 0px auto 10px; WIDTH: 299px; CURSOR: hand; HEIGHT: 400px; TEXT-ALIGN: center\" alt=\"\" src=\"http:\/\/4.bp.blogspot.com\/_rCm4mArCkLE\/Sd5TpR1-OCI\/AAAAAAAABfE\/xzLtvnWVWes\/s400\/agg_01.jpg\" border=\"0\" \/><br \/>Bye bye bl\u00e5tt rum. Bebistiden \u00e4r sedan l\u00e4nge f\u00f6rbi, h\u00e4r ska det bli ett rum till en prinsessa som \u00e4lskar rosa och som fyller 5 \u00e5r p\u00e5 s\u00f6ndag. H\u00e5ll tummarna att vi hinner bli klara tills dess. Den gula m\u00f6beln m\u00e5lade jag 1990 med linoljef\u00e4rg som jag gjort sj\u00e4lv (blanda pulver, linolja och terpentin). Gisses vad jag jobbade h\u00e5rt med denna m\u00f6bel en g\u00e5ng i tiden&#8230; undrar om jag v\u00e5gar &#8221;f\u00f6rst\u00f6ra&#8221; den med lite ny &#8221;modern&#8221; f\u00e4rg? Allts\u00e5 vanlig k\u00f6pef\u00e4rg p\u00e5 burk&#8230;<\/p>\n<div><a href=\"http:\/\/3.bp.blogspot.com\/_rCm4mArCkLE\/Sd5Tpoz0KNI\/AAAAAAAABfU\/XiMOVwPgpZM\/s1600-h\/k_rum01.jpg\"><img decoding=\"async\" id=\"BLOGGER_PHOTO_ID_5322783784392992978\" style=\"DISPLAY: block; MARGIN: 0px auto 10px; WIDTH: 400px; CURSOR: hand; HEIGHT: 299px; TEXT-ALIGN: center\" alt=\"\" src=\"http:\/\/3.bp.blogspot.com\/_rCm4mArCkLE\/Sd5Tpoz0KNI\/AAAAAAAABfU\/XiMOVwPgpZM\/s400\/k_rum01.jpg\" border=\"0\" \/><\/a><\/p>\n<div>Nytt parkettgolv&#8230; blev klart idag. Jag har grundm\u00e5lat alla v\u00e4ggar, mer f\u00e4rg och nya glovlister ska inhandlas i morgon.<\/p>\n<p><img decoding=\"async\" id=\"BLOGGER_PHOTO_ID_5322783784045656978\" style=\"DISPLAY: block; MARGIN: 0px auto 10px; WIDTH: 400px; CURSOR: hand; HEIGHT: 299px; TEXT-ALIGN: center\" alt=\"\" src=\"http:\/\/3.bp.blogspot.com\/_rCm4mArCkLE\/Sd5TpnhAO5I\/AAAAAAAABfc\/w7w4Vu0dTno\/s400\/k_rum02.jpg\" border=\"0\" \/><\/p>\n<div>\u00c4n en g\u00e5ng, ha en riktigt Glad P\u00e5sk!<\/div>\n<div><\/div>\n<div>Kram Helena<\/div>\n<\/div>\n<\/div>\n","protected":false},"excerpt":{"rendered":"<p>Glad P\u00e5sk p\u00e5 er alla! \u00c4ntligen f\u00e5r man ta fram p\u00e5skpyntet igen. Min faffo \u00e4ggh\u00e5llare eller vad man nu ska kalla det? Bye bye bl\u00e5tt rum. Bebistiden \u00e4r sedan l\u00e4nge f\u00f6rbi, h\u00e4r ska det bli ett rum till en prinsessa som \u00e4lskar rosa och som fyller 5 \u00e5r p\u00e5 s\u00f6ndag. H\u00e5ll tummarna att vi hinner bli klara tills dess. Den gula m\u00f6beln m\u00e5lade jag 1990 med linoljef\u00e4rg som jag gjort sj\u00e4lv (blanda pulver, linolja och terpentin). Gisses vad jag jobbade h\u00e5rt med denna m\u00f6bel en g\u00e5ng i tiden&#8230; undrar om jag v\u00e5gar &#8221;f\u00f6rst\u00f6ra&#8221; den med lite ny &#8221;modern&#8221; f\u00e4rg? Allts\u00e5 vanlig k\u00f6pef\u00e4rg p\u00e5 burk&#8230; Nytt parkettgolv&#8230; blev klart idag. Jag har grundm\u00e5lat alla v\u00e4ggar, mer f\u00e4rg och nya glovlister ska inhandlas i morgon. \u00c4n en g\u00e5ng, ha en riktigt Glad P\u00e5sk! Kram Helena<\/p>\n","protected":false},"author":1,"featured_media":0,"comment_status":"open","ping_status":"open","sticky":false,"template":"","format":"standard","meta":{"footnotes":""},"categories":[6],"tags":[],"yoast_head":"<!-- This site is optimized with the Yoast SEO plugin v23.5 - https:\/\/yoast.com\/wordpress\/plugins\/seo\/ -->\n<title>Glad P\u00e5sk och bye bye bl\u00e5tt rum... - Baka med KlaraForm<\/title>\n<meta name=\"robots\" content=\"index, follow, max-snippet:-1, max-image-preview:large, max-video-preview:-1\" \/>\n<link rel=\"canonical\" href=\"https:\/\/klarafardiga.com\/?p=86\" \/>\n<meta property=\"og:locale\" content=\"sv_SE\" \/>\n<meta property=\"og:type\" content=\"article\" \/>\n<meta property=\"og:title\" content=\"Glad P\u00e5sk och bye bye bl\u00e5tt rum... - Baka med KlaraForm\" \/>\n<meta property=\"og:description\" content=\"Glad P\u00e5sk p\u00e5 er alla! \u00c4ntligen f\u00e5r man ta fram p\u00e5skpyntet igen. Min faffo \u00e4ggh\u00e5llare eller vad man nu ska kalla det? Bye bye bl\u00e5tt rum. Bebistiden \u00e4r sedan l\u00e4nge f\u00f6rbi, h\u00e4r ska det bli ett rum till en prinsessa som \u00e4lskar rosa och som fyller 5 \u00e5r p\u00e5 s\u00f6ndag. H\u00e5ll tummarna att vi hinner bli klara tills dess. Den gula m\u00f6beln m\u00e5lade jag 1990 med linoljef\u00e4rg som jag gjort sj\u00e4lv (blanda pulver, linolja och terpentin). Gisses vad jag jobbade h\u00e5rt med denna m\u00f6bel en g\u00e5ng i tiden&#8230; undrar om jag v\u00e5gar &#8221;f\u00f6rst\u00f6ra&#8221; den med lite ny &#8221;modern&#8221; f\u00e4rg? Allts\u00e5 vanlig k\u00f6pef\u00e4rg p\u00e5 burk&#8230; Nytt parkettgolv&#8230; blev klart idag. Jag har grundm\u00e5lat alla v\u00e4ggar, mer f\u00e4rg och nya glovlister ska inhandlas i morgon. \u00c4n en g\u00e5ng, ha en riktigt Glad P\u00e5sk! Kram Helena\" \/>\n<meta property=\"og:url\" content=\"https:\/\/klarafardiga.com\/?p=86\" \/>\n<meta property=\"og:site_name\" content=\"Baka med KlaraForm\" \/>\n<meta property=\"article:published_time\" content=\"2009-04-09T19:53:00+00:00\" \/>\n<meta property=\"og:image\" content=\"http:\/\/3.bp.blogspot.com\/_rCm4mArCkLE\/Sd5TpttUBYI\/AAAAAAAABfM\/vExKllrINE8\/s400\/agg_02.jpg\" \/>\n<meta name=\"author\" content=\"admin\" \/>\n<meta name=\"twitter:card\" content=\"summary_large_image\" \/>\n<meta name=\"twitter:label1\" content=\"Skriven av\" \/>\n\t<meta name=\"twitter:data1\" content=\"admin\" \/>\n\t<meta name=\"twitter:label2\" content=\"Ber\u00e4knad l\u00e4stid\" \/>\n\t<meta name=\"twitter:data2\" content=\"1 minut\" \/>\n<script type=\"application\/ld+json\" class=\"yoast-schema-graph\">{\"@context\":\"https:\/\/schema.org\",\"@graph\":[{\"@type\":\"WebPage\",\"@id\":\"https:\/\/klarafardiga.com\/?p=86\",\"url\":\"https:\/\/klarafardiga.com\/?p=86\",\"name\":\"Glad P\u00e5sk och bye bye bl\u00e5tt rum... - Baka med KlaraForm\",\"isPartOf\":{\"@id\":\"https:\/\/klarafardiga.com\/#website\"},\"primaryImageOfPage\":{\"@id\":\"https:\/\/klarafardiga.com\/?p=86#primaryimage\"},\"image\":{\"@id\":\"https:\/\/klarafardiga.com\/?p=86#primaryimage\"},\"thumbnailUrl\":\"http:\/\/3.bp.blogspot.com\/_rCm4mArCkLE\/Sd5TpttUBYI\/AAAAAAAABfM\/vExKllrINE8\/s400\/agg_02.jpg\",\"datePublished\":\"2009-04-09T19:53:00+00:00\",\"dateModified\":\"2009-04-09T19:53:00+00:00\",\"author\":{\"@id\":\"https:\/\/klarafardiga.com\/#\/schema\/person\/0f54ba1da7c4c21dd7411ed3a8e9f8c0\"},\"breadcrumb\":{\"@id\":\"https:\/\/klarafardiga.com\/?p=86#breadcrumb\"},\"inLanguage\":\"sv-SE\",\"potentialAction\":[{\"@type\":\"ReadAction\",\"target\":[\"https:\/\/klarafardiga.com\/?p=86\"]}]},{\"@type\":\"ImageObject\",\"inLanguage\":\"sv-SE\",\"@id\":\"https:\/\/klarafardiga.com\/?p=86#primaryimage\",\"url\":\"http:\/\/3.bp.blogspot.com\/_rCm4mArCkLE\/Sd5TpttUBYI\/AAAAAAAABfM\/vExKllrINE8\/s400\/agg_02.jpg\",\"contentUrl\":\"http:\/\/3.bp.blogspot.com\/_rCm4mArCkLE\/Sd5TpttUBYI\/AAAAAAAABfM\/vExKllrINE8\/s400\/agg_02.jpg\"},{\"@type\":\"BreadcrumbList\",\"@id\":\"https:\/\/klarafardiga.com\/?p=86#breadcrumb\",\"itemListElement\":[{\"@type\":\"ListItem\",\"position\":1,\"name\":\"Hem\",\"item\":\"https:\/\/klarafardiga.com\/\"},{\"@type\":\"ListItem\",\"position\":2,\"name\":\"Glad P\u00e5sk och bye bye bl\u00e5tt rum&#8230;\"}]},{\"@type\":\"WebSite\",\"@id\":\"https:\/\/klarafardiga.com\/#website\",\"url\":\"https:\/\/klarafardiga.com\/\",\"name\":\"Baka med KlaraForm\",\"description\":\"Recept, tips och nyheter i butiken\",\"potentialAction\":[{\"@type\":\"SearchAction\",\"target\":{\"@type\":\"EntryPoint\",\"urlTemplate\":\"https:\/\/klarafardiga.com\/?s={search_term_string}\"},\"query-input\":{\"@type\":\"PropertyValueSpecification\",\"valueRequired\":true,\"valueName\":\"search_term_string\"}}],\"inLanguage\":\"sv-SE\"},{\"@type\":\"Person\",\"@id\":\"https:\/\/klarafardiga.com\/#\/schema\/person\/0f54ba1da7c4c21dd7411ed3a8e9f8c0\",\"name\":\"admin\",\"image\":{\"@type\":\"ImageObject\",\"inLanguage\":\"sv-SE\",\"@id\":\"https:\/\/klarafardiga.com\/#\/schema\/person\/image\/\",\"url\":\"https:\/\/secure.gravatar.com\/avatar\/356da59eaae0a6e58215761d8e8dabed?s=96&d=mm&r=g\",\"contentUrl\":\"https:\/\/secure.gravatar.com\/avatar\/356da59eaae0a6e58215761d8e8dabed?s=96&d=mm&r=g\",\"caption\":\"admin\"},\"sameAs\":[\"http:\/\/www.klaraform.se\"],\"url\":\"https:\/\/klarafardiga.com\/?author=1\"}]}<\/script>\n<!-- \/ Yoast SEO plugin. -->","yoast_head_json":{"title":"Glad P\u00e5sk och bye bye bl\u00e5tt rum... - Baka med KlaraForm","robots":{"index":"index","follow":"follow","max-snippet":"max-snippet:-1","max-image-preview":"max-image-preview:large","max-video-preview":"max-video-preview:-1"},"canonical":"https:\/\/klarafardiga.com\/?p=86","og_locale":"sv_SE","og_type":"article","og_title":"Glad P\u00e5sk och bye bye bl\u00e5tt rum... - Baka med KlaraForm","og_description":"Glad P\u00e5sk p\u00e5 er alla! \u00c4ntligen f\u00e5r man ta fram p\u00e5skpyntet igen. Min faffo \u00e4ggh\u00e5llare eller vad man nu ska kalla det? Bye bye bl\u00e5tt rum. Bebistiden \u00e4r sedan l\u00e4nge f\u00f6rbi, h\u00e4r ska det bli ett rum till en prinsessa som \u00e4lskar rosa och som fyller 5 \u00e5r p\u00e5 s\u00f6ndag. H\u00e5ll tummarna att vi hinner bli klara tills dess. Den gula m\u00f6beln m\u00e5lade jag 1990 med linoljef\u00e4rg som jag gjort sj\u00e4lv (blanda pulver, linolja och terpentin). Gisses vad jag jobbade h\u00e5rt med denna m\u00f6bel en g\u00e5ng i tiden&#8230; undrar om jag v\u00e5gar &#8221;f\u00f6rst\u00f6ra&#8221; den med lite ny &#8221;modern&#8221; f\u00e4rg? Allts\u00e5 vanlig k\u00f6pef\u00e4rg p\u00e5 burk&#8230; Nytt parkettgolv&#8230; blev klart idag. Jag har grundm\u00e5lat alla v\u00e4ggar, mer f\u00e4rg och nya glovlister ska inhandlas i morgon. \u00c4n en g\u00e5ng, ha en riktigt Glad P\u00e5sk! Kram Helena","og_url":"https:\/\/klarafardiga.com\/?p=86","og_site_name":"Baka med KlaraForm","article_published_time":"2009-04-09T19:53:00+00:00","og_image":[{"url":"http:\/\/3.bp.blogspot.com\/_rCm4mArCkLE\/Sd5TpttUBYI\/AAAAAAAABfM\/vExKllrINE8\/s400\/agg_02.jpg"}],"author":"admin","twitter_card":"summary_large_image","twitter_misc":{"Skriven av":"admin","Ber\u00e4knad l\u00e4stid":"1 minut"},"schema":{"@context":"https:\/\/schema.org","@graph":[{"@type":"WebPage","@id":"https:\/\/klarafardiga.com\/?p=86","url":"https:\/\/klarafardiga.com\/?p=86","name":"Glad P\u00e5sk och bye bye bl\u00e5tt rum... - Baka med KlaraForm","isPartOf":{"@id":"https:\/\/klarafardiga.com\/#website"},"primaryImageOfPage":{"@id":"https:\/\/klarafardiga.com\/?p=86#primaryimage"},"image":{"@id":"https:\/\/klarafardiga.com\/?p=86#primaryimage"},"thumbnailUrl":"http:\/\/3.bp.blogspot.com\/_rCm4mArCkLE\/Sd5TpttUBYI\/AAAAAAAABfM\/vExKllrINE8\/s400\/agg_02.jpg","datePublished":"2009-04-09T19:53:00+00:00","dateModified":"2009-04-09T19:53:00+00:00","author":{"@id":"https:\/\/klarafardiga.com\/#\/schema\/person\/0f54ba1da7c4c21dd7411ed3a8e9f8c0"},"breadcrumb":{"@id":"https:\/\/klarafardiga.com\/?p=86#breadcrumb"},"inLanguage":"sv-SE","potentialAction":[{"@type":"ReadAction","target":["https:\/\/klarafardiga.com\/?p=86"]}]},{"@type":"ImageObject","inLanguage":"sv-SE","@id":"https:\/\/klarafardiga.com\/?p=86#primaryimage","url":"http:\/\/3.bp.blogspot.com\/_rCm4mArCkLE\/Sd5TpttUBYI\/AAAAAAAABfM\/vExKllrINE8\/s400\/agg_02.jpg","contentUrl":"http:\/\/3.bp.blogspot.com\/_rCm4mArCkLE\/Sd5TpttUBYI\/AAAAAAAABfM\/vExKllrINE8\/s400\/agg_02.jpg"},{"@type":"BreadcrumbList","@id":"https:\/\/klarafardiga.com\/?p=86#breadcrumb","itemListElement":[{"@type":"ListItem","position":1,"name":"Hem","item":"https:\/\/klarafardiga.com\/"},{"@type":"ListItem","position":2,"name":"Glad P\u00e5sk och bye bye bl\u00e5tt rum&#8230;"}]},{"@type":"WebSite","@id":"https:\/\/klarafardiga.com\/#website","url":"https:\/\/klarafardiga.com\/","name":"Baka med KlaraForm","description":"Recept, tips och nyheter i butiken","potentialAction":[{"@type":"SearchAction","target":{"@type":"EntryPoint","urlTemplate":"https:\/\/klarafardiga.com\/?s={search_term_string}"},"query-input":{"@type":"PropertyValueSpecification","valueRequired":true,"valueName":"search_term_string"}}],"inLanguage":"sv-SE"},{"@type":"Person","@id":"https:\/\/klarafardiga.com\/#\/schema\/person\/0f54ba1da7c4c21dd7411ed3a8e9f8c0","name":"admin","image":{"@type":"ImageObject","inLanguage":"sv-SE","@id":"https:\/\/klarafardiga.com\/#\/schema\/person\/image\/","url":"https:\/\/secure.gravatar.com\/avatar\/356da59eaae0a6e58215761d8e8dabed?s=96&d=mm&r=g","contentUrl":"https:\/\/secure.gravatar.com\/avatar\/356da59eaae0a6e58215761d8e8dabed?s=96&d=mm&r=g","caption":"admin"},"sameAs":["http:\/\/www.klaraform.se"],"url":"https:\/\/klarafardiga.com\/?author=1"}]}},"_links":{"self":[{"href":"https:\/\/klarafardiga.com\/index.php?rest_route=\/wp\/v2\/posts\/86"}],"collection":[{"href":"https:\/\/klarafardiga.com\/index.php?rest_route=\/wp\/v2\/posts"}],"about":[{"href":"https:\/\/klarafardiga.com\/index.php?rest_route=\/wp\/v2\/types\/post"}],"author":[{"embeddable":true,"href":"https:\/\/klarafardiga.com\/index.php?rest_route=\/wp\/v2\/users\/1"}],"replies":[{"embeddable":true,"href":"https:\/\/klarafardiga.com\/index.php?rest_route=%2Fwp%2Fv2%2Fcomments&post=86"}],"version-history":[{"count":0,"href":"https:\/\/klarafardiga.com\/index.php?rest_route=\/wp\/v2\/posts\/86\/revisions"}],"wp:attachment":[{"href":"https:\/\/klarafardiga.com\/index.php?rest_route=%2Fwp%2Fv2%2Fmedia&parent=86"}],"wp:term":[{"taxonomy":"category","embeddable":true,"href":"https:\/\/klarafardiga.com\/index.php?rest_route=%2Fwp%2Fv2%2Fcategories&post=86"},{"taxonomy":"post_tag","embeddable":true,"href":"https:\/\/klarafardiga.com\/index.php?rest_route=%2Fwp%2Fv2%2Ftags&post=86"}],"curies":[{"name":"wp","href":"https:\/\/api.w.org\/{rel}","templated":true}]}}