{"id":85,"date":"2009-04-03T21:13:00","date_gmt":"2009-04-03T19:13:00","guid":{"rendered":"http:\/\/klarafardiga.com\/?p=85"},"modified":"2009-04-03T21:13:00","modified_gmt":"2009-04-03T19:13:00","slug":"chokladvafflor","status":"publish","type":"post","link":"https:\/\/klarafardiga.com\/?p=85","title":{"rendered":"Chokladv\u00e5fflor"},"content":{"rendered":"<p>Jag har provat n\u00e5got sp\u00e4nnande, <a href=\"http:\/\/www.alltommat.se\/recept?recipeid=9511\"><strong>chokladv\u00e5fflor<\/strong><\/a> med semifreddo och apelsin. Jag \u00e4lskar choklad s\u00e5 varf\u00f6r inte???<\/p>\n<p><img decoding=\"async\" id=\"BLOGGER_PHOTO_ID_5320548367541170226\" style=\"DISPLAY: block; MARGIN: 0px auto 10px; WIDTH: 400px; CURSOR: hand; HEIGHT: 299px; TEXT-ALIGN: center\" alt=\"\" src=\"http:\/\/1.bp.blogspot.com\/_rCm4mArCkLE\/SdZijQGTcDI\/AAAAAAAABe8\/5I7h0VcXahk\/s400\/chokladv%C3%A5ffla.jpg\" border=\"0\" \/>Nu har <a href=\"http:\/\/hallonoblabar.blogspot.com\/\"><strong><span style=\"font-size:130%;\">Mamma C med bloggen Hallon och Bl\u00e5b\u00e4r<\/span><\/strong> <\/a>testbakat &#8221;mina&#8221; formar. Hon \u00e4r otroligt duktig p\u00e5 att baka och hon frestar med underbara bilder p\u00e5 sin blogg. <a href=\"http:\/\/hemochlycka.blogspot.com\/\"><strong><span style=\"font-size:130%;\">Hem och Lyckas Maria<\/span><\/strong> <\/a>ska baka i helgen det ska bli s\u00e5\u00e5\u00e5 sp\u00e4nnande att se vad det kan bli.<\/p>\n<p><img decoding=\"async\" id=\"BLOGGER_PHOTO_ID_5320547979061350226\" style=\"DISPLAY: block; MARGIN: 0px auto 10px; WIDTH: 400px; CURSOR: hand; HEIGHT: 299px; TEXT-ALIGN: center\" alt=\"\" src=\"http:\/\/2.bp.blogspot.com\/_rCm4mArCkLE\/SdZiMo5fz1I\/AAAAAAAABe0\/EX0tlkgSX34\/s400\/sno_02.jpg\" border=\"0\" \/><\/p>\n<p>H\u00e4r \u00e4r sn\u00f6l\u00e4get just nu hemma hos oss&#8230; en decimeter sn\u00f6 och + 13 grader. V\u00e5ren har b\u00f6rjat, det \u00e4r pollen i luften&#8230; nu b\u00f6rjar el\u00e4ndet igen, lite v\u00e4l tidigt tycker jag men alen blommar och tydligen k\u00e4nner jag av detta. Har haft rinnsnuva hela eftermiddan. Annars \u00e4r det bj\u00f6rkpollen som \u00e4r v\u00e4rst.<\/p>\n<p>Hoppas ni alla f\u00e5r en solig helg!<\/p>\n<p>Kram Helena<\/p>\n","protected":false},"excerpt":{"rendered":"<p>Jag har provat n\u00e5got sp\u00e4nnande, chokladv\u00e5fflor med semifreddo och apelsin. Jag \u00e4lskar choklad s\u00e5 varf\u00f6r inte??? Nu har Mamma C med bloggen Hallon och Bl\u00e5b\u00e4r testbakat &#8221;mina&#8221; formar. Hon \u00e4r otroligt duktig p\u00e5 att baka och hon frestar med underbara bilder p\u00e5 sin blogg. Hem och Lyckas Maria ska baka i helgen det ska bli s\u00e5\u00e5\u00e5 sp\u00e4nnande att se vad det kan bli. H\u00e4r \u00e4r sn\u00f6l\u00e4get just nu hemma hos oss&#8230; en decimeter sn\u00f6 och + 13 grader. V\u00e5ren har b\u00f6rjat, det \u00e4r pollen i luften&#8230; nu b\u00f6rjar el\u00e4ndet igen, lite v\u00e4l tidigt tycker jag men alen blommar och tydligen k\u00e4nner jag av detta. Har haft rinnsnuva hela eftermiddan. Annars \u00e4r det bj\u00f6rkpollen som \u00e4r v\u00e4rst. Hoppas ni alla f\u00e5r en solig helg! Kram Helena<\/p>\n","protected":false},"author":1,"featured_media":0,"comment_status":"open","ping_status":"open","sticky":false,"template":"","format":"standard","meta":{"footnotes":""},"categories":[9],"tags":[],"yoast_head":"<!-- This site is optimized with the Yoast SEO plugin v23.5 - https:\/\/yoast.com\/wordpress\/plugins\/seo\/ -->\n<title>Chokladv\u00e5fflor - Baka med KlaraForm<\/title>\n<meta name=\"robots\" content=\"index, follow, max-snippet:-1, max-image-preview:large, max-video-preview:-1\" \/>\n<link rel=\"canonical\" href=\"https:\/\/klarafardiga.com\/?p=85\" \/>\n<meta property=\"og:locale\" content=\"sv_SE\" \/>\n<meta property=\"og:type\" content=\"article\" \/>\n<meta property=\"og:title\" content=\"Chokladv\u00e5fflor - Baka med KlaraForm\" \/>\n<meta property=\"og:description\" content=\"Jag har provat n\u00e5got sp\u00e4nnande, chokladv\u00e5fflor med semifreddo och apelsin. Jag \u00e4lskar choklad s\u00e5 varf\u00f6r inte??? Nu har Mamma C med bloggen Hallon och Bl\u00e5b\u00e4r testbakat &#8221;mina&#8221; formar. Hon \u00e4r otroligt duktig p\u00e5 att baka och hon frestar med underbara bilder p\u00e5 sin blogg. Hem och Lyckas Maria ska baka i helgen det ska bli s\u00e5\u00e5\u00e5 sp\u00e4nnande att se vad det kan bli. H\u00e4r \u00e4r sn\u00f6l\u00e4get just nu hemma hos oss&#8230; en decimeter sn\u00f6 och + 13 grader. V\u00e5ren har b\u00f6rjat, det \u00e4r pollen i luften&#8230; nu b\u00f6rjar el\u00e4ndet igen, lite v\u00e4l tidigt tycker jag men alen blommar och tydligen k\u00e4nner jag av detta. Har haft rinnsnuva hela eftermiddan. Annars \u00e4r det bj\u00f6rkpollen som \u00e4r v\u00e4rst. Hoppas ni alla f\u00e5r en solig helg! Kram Helena\" \/>\n<meta property=\"og:url\" content=\"https:\/\/klarafardiga.com\/?p=85\" \/>\n<meta property=\"og:site_name\" content=\"Baka med KlaraForm\" \/>\n<meta property=\"article:published_time\" content=\"2009-04-03T19:13:00+00:00\" \/>\n<meta property=\"og:image\" content=\"http:\/\/1.bp.blogspot.com\/_rCm4mArCkLE\/SdZijQGTcDI\/AAAAAAAABe8\/5I7h0VcXahk\/s400\/chokladv%C3%A5ffla.jpg\" \/>\n<meta name=\"author\" content=\"admin\" \/>\n<meta name=\"twitter:card\" content=\"summary_large_image\" \/>\n<meta name=\"twitter:label1\" content=\"Skriven av\" \/>\n\t<meta name=\"twitter:data1\" content=\"admin\" \/>\n\t<meta name=\"twitter:label2\" content=\"Ber\u00e4knad l\u00e4stid\" \/>\n\t<meta name=\"twitter:data2\" content=\"1 minut\" \/>\n<script type=\"application\/ld+json\" class=\"yoast-schema-graph\">{\"@context\":\"https:\/\/schema.org\",\"@graph\":[{\"@type\":\"WebPage\",\"@id\":\"https:\/\/klarafardiga.com\/?p=85\",\"url\":\"https:\/\/klarafardiga.com\/?p=85\",\"name\":\"Chokladv\u00e5fflor - Baka med KlaraForm\",\"isPartOf\":{\"@id\":\"https:\/\/klarafardiga.com\/#website\"},\"primaryImageOfPage\":{\"@id\":\"https:\/\/klarafardiga.com\/?p=85#primaryimage\"},\"image\":{\"@id\":\"https:\/\/klarafardiga.com\/?p=85#primaryimage\"},\"thumbnailUrl\":\"http:\/\/1.bp.blogspot.com\/_rCm4mArCkLE\/SdZijQGTcDI\/AAAAAAAABe8\/5I7h0VcXahk\/s400\/chokladv%C3%A5ffla.jpg\",\"datePublished\":\"2009-04-03T19:13:00+00:00\",\"dateModified\":\"2009-04-03T19:13:00+00:00\",\"author\":{\"@id\":\"https:\/\/klarafardiga.com\/#\/schema\/person\/0f54ba1da7c4c21dd7411ed3a8e9f8c0\"},\"breadcrumb\":{\"@id\":\"https:\/\/klarafardiga.com\/?p=85#breadcrumb\"},\"inLanguage\":\"sv-SE\",\"potentialAction\":[{\"@type\":\"ReadAction\",\"target\":[\"https:\/\/klarafardiga.com\/?p=85\"]}]},{\"@type\":\"ImageObject\",\"inLanguage\":\"sv-SE\",\"@id\":\"https:\/\/klarafardiga.com\/?p=85#primaryimage\",\"url\":\"http:\/\/1.bp.blogspot.com\/_rCm4mArCkLE\/SdZijQGTcDI\/AAAAAAAABe8\/5I7h0VcXahk\/s400\/chokladv%C3%A5ffla.jpg\",\"contentUrl\":\"http:\/\/1.bp.blogspot.com\/_rCm4mArCkLE\/SdZijQGTcDI\/AAAAAAAABe8\/5I7h0VcXahk\/s400\/chokladv%C3%A5ffla.jpg\"},{\"@type\":\"BreadcrumbList\",\"@id\":\"https:\/\/klarafardiga.com\/?p=85#breadcrumb\",\"itemListElement\":[{\"@type\":\"ListItem\",\"position\":1,\"name\":\"Hem\",\"item\":\"https:\/\/klarafardiga.com\/\"},{\"@type\":\"ListItem\",\"position\":2,\"name\":\"Chokladv\u00e5fflor\"}]},{\"@type\":\"WebSite\",\"@id\":\"https:\/\/klarafardiga.com\/#website\",\"url\":\"https:\/\/klarafardiga.com\/\",\"name\":\"Baka med KlaraForm\",\"description\":\"Recept, tips och nyheter i butiken\",\"potentialAction\":[{\"@type\":\"SearchAction\",\"target\":{\"@type\":\"EntryPoint\",\"urlTemplate\":\"https:\/\/klarafardiga.com\/?s={search_term_string}\"},\"query-input\":{\"@type\":\"PropertyValueSpecification\",\"valueRequired\":true,\"valueName\":\"search_term_string\"}}],\"inLanguage\":\"sv-SE\"},{\"@type\":\"Person\",\"@id\":\"https:\/\/klarafardiga.com\/#\/schema\/person\/0f54ba1da7c4c21dd7411ed3a8e9f8c0\",\"name\":\"admin\",\"image\":{\"@type\":\"ImageObject\",\"inLanguage\":\"sv-SE\",\"@id\":\"https:\/\/klarafardiga.com\/#\/schema\/person\/image\/\",\"url\":\"https:\/\/secure.gravatar.com\/avatar\/356da59eaae0a6e58215761d8e8dabed?s=96&d=mm&r=g\",\"contentUrl\":\"https:\/\/secure.gravatar.com\/avatar\/356da59eaae0a6e58215761d8e8dabed?s=96&d=mm&r=g\",\"caption\":\"admin\"},\"sameAs\":[\"http:\/\/www.klaraform.se\"],\"url\":\"https:\/\/klarafardiga.com\/?author=1\"}]}<\/script>\n<!-- \/ Yoast SEO plugin. -->","yoast_head_json":{"title":"Chokladv\u00e5fflor - Baka med KlaraForm","robots":{"index":"index","follow":"follow","max-snippet":"max-snippet:-1","max-image-preview":"max-image-preview:large","max-video-preview":"max-video-preview:-1"},"canonical":"https:\/\/klarafardiga.com\/?p=85","og_locale":"sv_SE","og_type":"article","og_title":"Chokladv\u00e5fflor - Baka med KlaraForm","og_description":"Jag har provat n\u00e5got sp\u00e4nnande, chokladv\u00e5fflor med semifreddo och apelsin. Jag \u00e4lskar choklad s\u00e5 varf\u00f6r inte??? Nu har Mamma C med bloggen Hallon och Bl\u00e5b\u00e4r testbakat &#8221;mina&#8221; formar. Hon \u00e4r otroligt duktig p\u00e5 att baka och hon frestar med underbara bilder p\u00e5 sin blogg. Hem och Lyckas Maria ska baka i helgen det ska bli s\u00e5\u00e5\u00e5 sp\u00e4nnande att se vad det kan bli. H\u00e4r \u00e4r sn\u00f6l\u00e4get just nu hemma hos oss&#8230; en decimeter sn\u00f6 och + 13 grader. V\u00e5ren har b\u00f6rjat, det \u00e4r pollen i luften&#8230; nu b\u00f6rjar el\u00e4ndet igen, lite v\u00e4l tidigt tycker jag men alen blommar och tydligen k\u00e4nner jag av detta. Har haft rinnsnuva hela eftermiddan. Annars \u00e4r det bj\u00f6rkpollen som \u00e4r v\u00e4rst. Hoppas ni alla f\u00e5r en solig helg! Kram Helena","og_url":"https:\/\/klarafardiga.com\/?p=85","og_site_name":"Baka med KlaraForm","article_published_time":"2009-04-03T19:13:00+00:00","og_image":[{"url":"http:\/\/1.bp.blogspot.com\/_rCm4mArCkLE\/SdZijQGTcDI\/AAAAAAAABe8\/5I7h0VcXahk\/s400\/chokladv%C3%A5ffla.jpg"}],"author":"admin","twitter_card":"summary_large_image","twitter_misc":{"Skriven av":"admin","Ber\u00e4knad l\u00e4stid":"1 minut"},"schema":{"@context":"https:\/\/schema.org","@graph":[{"@type":"WebPage","@id":"https:\/\/klarafardiga.com\/?p=85","url":"https:\/\/klarafardiga.com\/?p=85","name":"Chokladv\u00e5fflor - Baka med KlaraForm","isPartOf":{"@id":"https:\/\/klarafardiga.com\/#website"},"primaryImageOfPage":{"@id":"https:\/\/klarafardiga.com\/?p=85#primaryimage"},"image":{"@id":"https:\/\/klarafardiga.com\/?p=85#primaryimage"},"thumbnailUrl":"http:\/\/1.bp.blogspot.com\/_rCm4mArCkLE\/SdZijQGTcDI\/AAAAAAAABe8\/5I7h0VcXahk\/s400\/chokladv%C3%A5ffla.jpg","datePublished":"2009-04-03T19:13:00+00:00","dateModified":"2009-04-03T19:13:00+00:00","author":{"@id":"https:\/\/klarafardiga.com\/#\/schema\/person\/0f54ba1da7c4c21dd7411ed3a8e9f8c0"},"breadcrumb":{"@id":"https:\/\/klarafardiga.com\/?p=85#breadcrumb"},"inLanguage":"sv-SE","potentialAction":[{"@type":"ReadAction","target":["https:\/\/klarafardiga.com\/?p=85"]}]},{"@type":"ImageObject","inLanguage":"sv-SE","@id":"https:\/\/klarafardiga.com\/?p=85#primaryimage","url":"http:\/\/1.bp.blogspot.com\/_rCm4mArCkLE\/SdZijQGTcDI\/AAAAAAAABe8\/5I7h0VcXahk\/s400\/chokladv%C3%A5ffla.jpg","contentUrl":"http:\/\/1.bp.blogspot.com\/_rCm4mArCkLE\/SdZijQGTcDI\/AAAAAAAABe8\/5I7h0VcXahk\/s400\/chokladv%C3%A5ffla.jpg"},{"@type":"BreadcrumbList","@id":"https:\/\/klarafardiga.com\/?p=85#breadcrumb","itemListElement":[{"@type":"ListItem","position":1,"name":"Hem","item":"https:\/\/klarafardiga.com\/"},{"@type":"ListItem","position":2,"name":"Chokladv\u00e5fflor"}]},{"@type":"WebSite","@id":"https:\/\/klarafardiga.com\/#website","url":"https:\/\/klarafardiga.com\/","name":"Baka med KlaraForm","description":"Recept, tips och nyheter i butiken","potentialAction":[{"@type":"SearchAction","target":{"@type":"EntryPoint","urlTemplate":"https:\/\/klarafardiga.com\/?s={search_term_string}"},"query-input":{"@type":"PropertyValueSpecification","valueRequired":true,"valueName":"search_term_string"}}],"inLanguage":"sv-SE"},{"@type":"Person","@id":"https:\/\/klarafardiga.com\/#\/schema\/person\/0f54ba1da7c4c21dd7411ed3a8e9f8c0","name":"admin","image":{"@type":"ImageObject","inLanguage":"sv-SE","@id":"https:\/\/klarafardiga.com\/#\/schema\/person\/image\/","url":"https:\/\/secure.gravatar.com\/avatar\/356da59eaae0a6e58215761d8e8dabed?s=96&d=mm&r=g","contentUrl":"https:\/\/secure.gravatar.com\/avatar\/356da59eaae0a6e58215761d8e8dabed?s=96&d=mm&r=g","caption":"admin"},"sameAs":["http:\/\/www.klaraform.se"],"url":"https:\/\/klarafardiga.com\/?author=1"}]}},"_links":{"self":[{"href":"https:\/\/klarafardiga.com\/index.php?rest_route=\/wp\/v2\/posts\/85"}],"collection":[{"href":"https:\/\/klarafardiga.com\/index.php?rest_route=\/wp\/v2\/posts"}],"about":[{"href":"https:\/\/klarafardiga.com\/index.php?rest_route=\/wp\/v2\/types\/post"}],"author":[{"embeddable":true,"href":"https:\/\/klarafardiga.com\/index.php?rest_route=\/wp\/v2\/users\/1"}],"replies":[{"embeddable":true,"href":"https:\/\/klarafardiga.com\/index.php?rest_route=%2Fwp%2Fv2%2Fcomments&post=85"}],"version-history":[{"count":0,"href":"https:\/\/klarafardiga.com\/index.php?rest_route=\/wp\/v2\/posts\/85\/revisions"}],"wp:attachment":[{"href":"https:\/\/klarafardiga.com\/index.php?rest_route=%2Fwp%2Fv2%2Fmedia&parent=85"}],"wp:term":[{"taxonomy":"category","embeddable":true,"href":"https:\/\/klarafardiga.com\/index.php?rest_route=%2Fwp%2Fv2%2Fcategories&post=85"},{"taxonomy":"post_tag","embeddable":true,"href":"https:\/\/klarafardiga.com\/index.php?rest_route=%2Fwp%2Fv2%2Ftags&post=85"}],"curies":[{"name":"wp","href":"https:\/\/api.w.org\/{rel}","templated":true}]}}