{"id":835,"date":"2013-01-27T19:47:17","date_gmt":"2013-01-27T18:47:17","guid":{"rendered":"http:\/\/klarafardiga.com\/?p=835"},"modified":"2013-02-09T17:23:21","modified_gmt":"2013-02-09T16:23:21","slug":"semlor","status":"publish","type":"post","link":"https:\/\/klarafardiga.com\/?p=835","title":{"rendered":"Semlor"},"content":{"rendered":"<p>I helgen bakade vi semlor, eller r\u00e4ttare sagt minisemlor. Hela huset var fullt av barn s\u00e5 d\u00e5 t\u00e4nkte jag att alla kunde f\u00e5 g\u00f6ra varisn alldeles egna semla och v\u00e4lja vad den skulle inneh\u00e5lla. Blev succ\u00e9.<\/p>\n<p><a href=\"https:\/\/klarafardiga.com\/wp-content\/uploads\/2013\/01\/semla.jpg\"><img fetchpriority=\"high\" decoding=\"async\" class=\"alignnone  wp-image-836\" title=\"Semla\" src=\"https:\/\/klarafardiga.com\/wp-content\/uploads\/2013\/01\/semla-796x1024.jpg\" alt=\"\" width=\"637\" height=\"819\" srcset=\"https:\/\/klarafardiga.com\/wp-content\/uploads\/2013\/01\/semla-796x1024.jpg 796w, https:\/\/klarafardiga.com\/wp-content\/uploads\/2013\/01\/semla-233x300.jpg 233w, https:\/\/klarafardiga.com\/wp-content\/uploads\/2013\/01\/semla.jpg 973w\" sizes=\"(max-width: 637px) 100vw, 637px\" \/><\/a><\/p>\n<p>Ha en h\u00e4rlig vecka!<br \/>\nKram Helena<\/p>\n","protected":false},"excerpt":{"rendered":"<p>I helgen bakade vi semlor, eller r\u00e4ttare sagt minisemlor. Hela huset var fullt av barn s\u00e5 d\u00e5 t\u00e4nkte jag att alla kunde f\u00e5 g\u00f6ra varisn alldeles egna semla och v\u00e4lja vad den skulle inneh\u00e5lla. Blev succ\u00e9. Ha en h\u00e4rlig vecka! Kram Helena<\/p>\n","protected":false},"author":1,"featured_media":0,"comment_status":"open","ping_status":"open","sticky":false,"template":"","format":"standard","meta":{"footnotes":""},"categories":[9],"tags":[],"yoast_head":"<!-- This site is optimized with the Yoast SEO plugin v23.5 - https:\/\/yoast.com\/wordpress\/plugins\/seo\/ -->\n<title>Semlor - Baka med KlaraForm<\/title>\n<meta name=\"robots\" content=\"index, follow, max-snippet:-1, max-image-preview:large, max-video-preview:-1\" \/>\n<link rel=\"canonical\" href=\"https:\/\/klarafardiga.com\/?p=835\" \/>\n<meta property=\"og:locale\" content=\"sv_SE\" \/>\n<meta property=\"og:type\" content=\"article\" \/>\n<meta property=\"og:title\" content=\"Semlor - Baka med KlaraForm\" \/>\n<meta property=\"og:description\" content=\"I helgen bakade vi semlor, eller r\u00e4ttare sagt minisemlor. Hela huset var fullt av barn s\u00e5 d\u00e5 t\u00e4nkte jag att alla kunde f\u00e5 g\u00f6ra varisn alldeles egna semla och v\u00e4lja vad den skulle inneh\u00e5lla. Blev succ\u00e9. Ha en h\u00e4rlig vecka! Kram Helena\" \/>\n<meta property=\"og:url\" content=\"https:\/\/klarafardiga.com\/?p=835\" \/>\n<meta property=\"og:site_name\" content=\"Baka med KlaraForm\" \/>\n<meta property=\"article:published_time\" content=\"2013-01-27T18:47:17+00:00\" \/>\n<meta property=\"article:modified_time\" content=\"2013-02-09T16:23:21+00:00\" \/>\n<meta property=\"og:image\" content=\"http:\/\/klarafardiga.com\/wp-content\/uploads\/2013\/01\/semla-796x1024.jpg\" \/>\n<meta name=\"author\" content=\"admin\" \/>\n<meta name=\"twitter:card\" content=\"summary_large_image\" \/>\n<meta name=\"twitter:label1\" content=\"Skriven av\" \/>\n\t<meta name=\"twitter:data1\" content=\"admin\" \/>\n<script type=\"application\/ld+json\" class=\"yoast-schema-graph\">{\"@context\":\"https:\/\/schema.org\",\"@graph\":[{\"@type\":\"WebPage\",\"@id\":\"https:\/\/klarafardiga.com\/?p=835\",\"url\":\"https:\/\/klarafardiga.com\/?p=835\",\"name\":\"Semlor - Baka med KlaraForm\",\"isPartOf\":{\"@id\":\"https:\/\/klarafardiga.com\/#website\"},\"primaryImageOfPage\":{\"@id\":\"https:\/\/klarafardiga.com\/?p=835#primaryimage\"},\"image\":{\"@id\":\"https:\/\/klarafardiga.com\/?p=835#primaryimage\"},\"thumbnailUrl\":\"http:\/\/klarafardiga.com\/wp-content\/uploads\/2013\/01\/semla-796x1024.jpg\",\"datePublished\":\"2013-01-27T18:47:17+00:00\",\"dateModified\":\"2013-02-09T16:23:21+00:00\",\"author\":{\"@id\":\"https:\/\/klarafardiga.com\/#\/schema\/person\/0f54ba1da7c4c21dd7411ed3a8e9f8c0\"},\"breadcrumb\":{\"@id\":\"https:\/\/klarafardiga.com\/?p=835#breadcrumb\"},\"inLanguage\":\"sv-SE\",\"potentialAction\":[{\"@type\":\"ReadAction\",\"target\":[\"https:\/\/klarafardiga.com\/?p=835\"]}]},{\"@type\":\"ImageObject\",\"inLanguage\":\"sv-SE\",\"@id\":\"https:\/\/klarafardiga.com\/?p=835#primaryimage\",\"url\":\"https:\/\/klarafardiga.com\/wp-content\/uploads\/2013\/01\/semla.jpg\",\"contentUrl\":\"https:\/\/klarafardiga.com\/wp-content\/uploads\/2013\/01\/semla.jpg\",\"width\":\"973\",\"height\":\"1251\"},{\"@type\":\"BreadcrumbList\",\"@id\":\"https:\/\/klarafardiga.com\/?p=835#breadcrumb\",\"itemListElement\":[{\"@type\":\"ListItem\",\"position\":1,\"name\":\"Hem\",\"item\":\"https:\/\/klarafardiga.com\/\"},{\"@type\":\"ListItem\",\"position\":2,\"name\":\"Semlor\"}]},{\"@type\":\"WebSite\",\"@id\":\"https:\/\/klarafardiga.com\/#website\",\"url\":\"https:\/\/klarafardiga.com\/\",\"name\":\"Baka med KlaraForm\",\"description\":\"Recept, tips och nyheter i butiken\",\"potentialAction\":[{\"@type\":\"SearchAction\",\"target\":{\"@type\":\"EntryPoint\",\"urlTemplate\":\"https:\/\/klarafardiga.com\/?s={search_term_string}\"},\"query-input\":{\"@type\":\"PropertyValueSpecification\",\"valueRequired\":true,\"valueName\":\"search_term_string\"}}],\"inLanguage\":\"sv-SE\"},{\"@type\":\"Person\",\"@id\":\"https:\/\/klarafardiga.com\/#\/schema\/person\/0f54ba1da7c4c21dd7411ed3a8e9f8c0\",\"name\":\"admin\",\"image\":{\"@type\":\"ImageObject\",\"inLanguage\":\"sv-SE\",\"@id\":\"https:\/\/klarafardiga.com\/#\/schema\/person\/image\/\",\"url\":\"https:\/\/secure.gravatar.com\/avatar\/356da59eaae0a6e58215761d8e8dabed?s=96&d=mm&r=g\",\"contentUrl\":\"https:\/\/secure.gravatar.com\/avatar\/356da59eaae0a6e58215761d8e8dabed?s=96&d=mm&r=g\",\"caption\":\"admin\"},\"sameAs\":[\"http:\/\/www.klaraform.se\"],\"url\":\"https:\/\/klarafardiga.com\/?author=1\"}]}<\/script>\n<!-- \/ Yoast SEO plugin. -->","yoast_head_json":{"title":"Semlor - Baka med KlaraForm","robots":{"index":"index","follow":"follow","max-snippet":"max-snippet:-1","max-image-preview":"max-image-preview:large","max-video-preview":"max-video-preview:-1"},"canonical":"https:\/\/klarafardiga.com\/?p=835","og_locale":"sv_SE","og_type":"article","og_title":"Semlor - Baka med KlaraForm","og_description":"I helgen bakade vi semlor, eller r\u00e4ttare sagt minisemlor. Hela huset var fullt av barn s\u00e5 d\u00e5 t\u00e4nkte jag att alla kunde f\u00e5 g\u00f6ra varisn alldeles egna semla och v\u00e4lja vad den skulle inneh\u00e5lla. Blev succ\u00e9. Ha en h\u00e4rlig vecka! Kram Helena","og_url":"https:\/\/klarafardiga.com\/?p=835","og_site_name":"Baka med KlaraForm","article_published_time":"2013-01-27T18:47:17+00:00","article_modified_time":"2013-02-09T16:23:21+00:00","og_image":[{"url":"http:\/\/klarafardiga.com\/wp-content\/uploads\/2013\/01\/semla-796x1024.jpg"}],"author":"admin","twitter_card":"summary_large_image","twitter_misc":{"Skriven av":"admin"},"schema":{"@context":"https:\/\/schema.org","@graph":[{"@type":"WebPage","@id":"https:\/\/klarafardiga.com\/?p=835","url":"https:\/\/klarafardiga.com\/?p=835","name":"Semlor - Baka med KlaraForm","isPartOf":{"@id":"https:\/\/klarafardiga.com\/#website"},"primaryImageOfPage":{"@id":"https:\/\/klarafardiga.com\/?p=835#primaryimage"},"image":{"@id":"https:\/\/klarafardiga.com\/?p=835#primaryimage"},"thumbnailUrl":"http:\/\/klarafardiga.com\/wp-content\/uploads\/2013\/01\/semla-796x1024.jpg","datePublished":"2013-01-27T18:47:17+00:00","dateModified":"2013-02-09T16:23:21+00:00","author":{"@id":"https:\/\/klarafardiga.com\/#\/schema\/person\/0f54ba1da7c4c21dd7411ed3a8e9f8c0"},"breadcrumb":{"@id":"https:\/\/klarafardiga.com\/?p=835#breadcrumb"},"inLanguage":"sv-SE","potentialAction":[{"@type":"ReadAction","target":["https:\/\/klarafardiga.com\/?p=835"]}]},{"@type":"ImageObject","inLanguage":"sv-SE","@id":"https:\/\/klarafardiga.com\/?p=835#primaryimage","url":"https:\/\/klarafardiga.com\/wp-content\/uploads\/2013\/01\/semla.jpg","contentUrl":"https:\/\/klarafardiga.com\/wp-content\/uploads\/2013\/01\/semla.jpg","width":"973","height":"1251"},{"@type":"BreadcrumbList","@id":"https:\/\/klarafardiga.com\/?p=835#breadcrumb","itemListElement":[{"@type":"ListItem","position":1,"name":"Hem","item":"https:\/\/klarafardiga.com\/"},{"@type":"ListItem","position":2,"name":"Semlor"}]},{"@type":"WebSite","@id":"https:\/\/klarafardiga.com\/#website","url":"https:\/\/klarafardiga.com\/","name":"Baka med KlaraForm","description":"Recept, tips och nyheter i butiken","potentialAction":[{"@type":"SearchAction","target":{"@type":"EntryPoint","urlTemplate":"https:\/\/klarafardiga.com\/?s={search_term_string}"},"query-input":{"@type":"PropertyValueSpecification","valueRequired":true,"valueName":"search_term_string"}}],"inLanguage":"sv-SE"},{"@type":"Person","@id":"https:\/\/klarafardiga.com\/#\/schema\/person\/0f54ba1da7c4c21dd7411ed3a8e9f8c0","name":"admin","image":{"@type":"ImageObject","inLanguage":"sv-SE","@id":"https:\/\/klarafardiga.com\/#\/schema\/person\/image\/","url":"https:\/\/secure.gravatar.com\/avatar\/356da59eaae0a6e58215761d8e8dabed?s=96&d=mm&r=g","contentUrl":"https:\/\/secure.gravatar.com\/avatar\/356da59eaae0a6e58215761d8e8dabed?s=96&d=mm&r=g","caption":"admin"},"sameAs":["http:\/\/www.klaraform.se"],"url":"https:\/\/klarafardiga.com\/?author=1"}]}},"_links":{"self":[{"href":"https:\/\/klarafardiga.com\/index.php?rest_route=\/wp\/v2\/posts\/835"}],"collection":[{"href":"https:\/\/klarafardiga.com\/index.php?rest_route=\/wp\/v2\/posts"}],"about":[{"href":"https:\/\/klarafardiga.com\/index.php?rest_route=\/wp\/v2\/types\/post"}],"author":[{"embeddable":true,"href":"https:\/\/klarafardiga.com\/index.php?rest_route=\/wp\/v2\/users\/1"}],"replies":[{"embeddable":true,"href":"https:\/\/klarafardiga.com\/index.php?rest_route=%2Fwp%2Fv2%2Fcomments&post=835"}],"version-history":[{"count":4,"href":"https:\/\/klarafardiga.com\/index.php?rest_route=\/wp\/v2\/posts\/835\/revisions"}],"predecessor-version":[{"id":847,"href":"https:\/\/klarafardiga.com\/index.php?rest_route=\/wp\/v2\/posts\/835\/revisions\/847"}],"wp:attachment":[{"href":"https:\/\/klarafardiga.com\/index.php?rest_route=%2Fwp%2Fv2%2Fmedia&parent=835"}],"wp:term":[{"taxonomy":"category","embeddable":true,"href":"https:\/\/klarafardiga.com\/index.php?rest_route=%2Fwp%2Fv2%2Fcategories&post=835"},{"taxonomy":"post_tag","embeddable":true,"href":"https:\/\/klarafardiga.com\/index.php?rest_route=%2Fwp%2Fv2%2Ftags&post=835"}],"curies":[{"name":"wp","href":"https:\/\/api.w.org\/{rel}","templated":true}]}}