{"id":829,"date":"2013-01-20T13:03:53","date_gmt":"2013-01-20T12:03:53","guid":{"rendered":"http:\/\/klarafardiga.com\/?p=829"},"modified":"2013-01-20T13:04:44","modified_gmt":"2013-01-20T12:04:44","slug":"sondag-bakdag","status":"publish","type":"post","link":"https:\/\/klarafardiga.com\/?p=829","title":{"rendered":"S\u00f6ndag = bakdag"},"content":{"rendered":"<p>Det blir lite d\u00e5ligt med uppdateringar p\u00e5 bloggen m\u00e4rker jag. &#8221;H\u00e4nger&#8221; mest p\u00e5 Facebook och Instagram, mest f\u00f6r att det g\u00e5r s\u00e5 snabbt att uppdatera.<\/p>\n<p><a href=\"http:\/\/facebook.com\/klaraform\">http:\/\/facebook.com\/klaraform<\/a><br \/>\n<a href=\"http:\/\/twitter.com\/klaraform\">http:\/\/twitter.com\/klaraform<\/a><br \/>\n<a href=\"http:\/\/instagram.com\/klaraform\">http:\/\/instagram.com\/klaraform<\/a><br \/>\n<a href=\"http:\/\/pinterest.com\/klaraform\">http:\/\/pinterest.com\/klaraform<\/a><\/p>\n<p>Idag har vi i alla fall haft en lite bakdag h\u00e4r hemma. Vi har gjort chokladmuffins fyllda med rosa vispgr\u00e4dde, enkelt och bra.<\/p>\n<p><a href=\"https:\/\/klarafardiga.com\/wp-content\/uploads\/2013\/01\/rosamuffins6.jpg\"><img fetchpriority=\"high\" decoding=\"async\" class=\"alignnone  wp-image-831\" title=\"Hj\u00e4rtliga cupcakes\" src=\"https:\/\/klarafardiga.com\/wp-content\/uploads\/2013\/01\/rosamuffins6-1024x743.jpg\" alt=\"\" width=\"819\" height=\"594\" srcset=\"https:\/\/klarafardiga.com\/wp-content\/uploads\/2013\/01\/rosamuffins6-1024x743.jpg 1024w, https:\/\/klarafardiga.com\/wp-content\/uploads\/2013\/01\/rosamuffins6-300x217.jpg 300w, https:\/\/klarafardiga.com\/wp-content\/uploads\/2013\/01\/rosamuffins6.jpg 1037w\" sizes=\"(max-width: 819px) 100vw, 819px\" \/><\/a><\/p>\n<p>Ha en fortsatt bra s\u00f6ndag!<\/p>\n<p>Kram Helena<\/p>\n","protected":false},"excerpt":{"rendered":"<p>Det blir lite d\u00e5ligt med uppdateringar p\u00e5 bloggen m\u00e4rker jag. &#8221;H\u00e4nger&#8221; mest p\u00e5 Facebook och Instagram, mest f\u00f6r att det g\u00e5r s\u00e5 snabbt att uppdatera. http:\/\/facebook.com\/klaraform http:\/\/twitter.com\/klaraform http:\/\/instagram.com\/klaraform http:\/\/pinterest.com\/klaraform Idag har vi i alla fall haft en lite bakdag h\u00e4r hemma. Vi har gjort chokladmuffins fyllda med rosa vispgr\u00e4dde, enkelt och bra. Ha en fortsatt bra s\u00f6ndag! Kram Helena<\/p>\n","protected":false},"author":1,"featured_media":0,"comment_status":"open","ping_status":"open","sticky":false,"template":"","format":"standard","meta":{"footnotes":""},"categories":[9],"tags":[],"yoast_head":"<!-- This site is optimized with the Yoast SEO plugin v23.5 - https:\/\/yoast.com\/wordpress\/plugins\/seo\/ -->\n<title>S\u00f6ndag = bakdag - Baka med KlaraForm<\/title>\n<meta name=\"robots\" content=\"index, follow, max-snippet:-1, max-image-preview:large, max-video-preview:-1\" \/>\n<link rel=\"canonical\" href=\"https:\/\/klarafardiga.com\/?p=829\" \/>\n<meta property=\"og:locale\" content=\"sv_SE\" \/>\n<meta property=\"og:type\" content=\"article\" \/>\n<meta property=\"og:title\" content=\"S\u00f6ndag = bakdag - Baka med KlaraForm\" \/>\n<meta property=\"og:description\" content=\"Det blir lite d\u00e5ligt med uppdateringar p\u00e5 bloggen m\u00e4rker jag. &#8221;H\u00e4nger&#8221; mest p\u00e5 Facebook och Instagram, mest f\u00f6r att det g\u00e5r s\u00e5 snabbt att uppdatera. http:\/\/facebook.com\/klaraform http:\/\/twitter.com\/klaraform http:\/\/instagram.com\/klaraform http:\/\/pinterest.com\/klaraform Idag har vi i alla fall haft en lite bakdag h\u00e4r hemma. Vi har gjort chokladmuffins fyllda med rosa vispgr\u00e4dde, enkelt och bra. Ha en fortsatt bra s\u00f6ndag! Kram Helena\" \/>\n<meta property=\"og:url\" content=\"https:\/\/klarafardiga.com\/?p=829\" \/>\n<meta property=\"og:site_name\" content=\"Baka med KlaraForm\" \/>\n<meta property=\"article:published_time\" content=\"2013-01-20T12:03:53+00:00\" \/>\n<meta property=\"article:modified_time\" content=\"2013-01-20T12:04:44+00:00\" \/>\n<meta property=\"og:image\" content=\"http:\/\/klarafardiga.com\/wp-content\/uploads\/2013\/01\/rosamuffins6-1024x743.jpg\" \/>\n<meta name=\"author\" content=\"admin\" \/>\n<meta name=\"twitter:card\" content=\"summary_large_image\" \/>\n<meta name=\"twitter:label1\" content=\"Skriven av\" \/>\n\t<meta name=\"twitter:data1\" content=\"admin\" \/>\n<script type=\"application\/ld+json\" class=\"yoast-schema-graph\">{\"@context\":\"https:\/\/schema.org\",\"@graph\":[{\"@type\":\"WebPage\",\"@id\":\"https:\/\/klarafardiga.com\/?p=829\",\"url\":\"https:\/\/klarafardiga.com\/?p=829\",\"name\":\"S\u00f6ndag = bakdag - Baka med KlaraForm\",\"isPartOf\":{\"@id\":\"https:\/\/klarafardiga.com\/#website\"},\"primaryImageOfPage\":{\"@id\":\"https:\/\/klarafardiga.com\/?p=829#primaryimage\"},\"image\":{\"@id\":\"https:\/\/klarafardiga.com\/?p=829#primaryimage\"},\"thumbnailUrl\":\"http:\/\/klarafardiga.com\/wp-content\/uploads\/2013\/01\/rosamuffins6-1024x743.jpg\",\"datePublished\":\"2013-01-20T12:03:53+00:00\",\"dateModified\":\"2013-01-20T12:04:44+00:00\",\"author\":{\"@id\":\"https:\/\/klarafardiga.com\/#\/schema\/person\/0f54ba1da7c4c21dd7411ed3a8e9f8c0\"},\"breadcrumb\":{\"@id\":\"https:\/\/klarafardiga.com\/?p=829#breadcrumb\"},\"inLanguage\":\"sv-SE\",\"potentialAction\":[{\"@type\":\"ReadAction\",\"target\":[\"https:\/\/klarafardiga.com\/?p=829\"]}]},{\"@type\":\"ImageObject\",\"inLanguage\":\"sv-SE\",\"@id\":\"https:\/\/klarafardiga.com\/?p=829#primaryimage\",\"url\":\"https:\/\/klarafardiga.com\/wp-content\/uploads\/2013\/01\/rosamuffins6.jpg\",\"contentUrl\":\"https:\/\/klarafardiga.com\/wp-content\/uploads\/2013\/01\/rosamuffins6.jpg\",\"width\":\"1037\",\"height\":\"753\"},{\"@type\":\"BreadcrumbList\",\"@id\":\"https:\/\/klarafardiga.com\/?p=829#breadcrumb\",\"itemListElement\":[{\"@type\":\"ListItem\",\"position\":1,\"name\":\"Hem\",\"item\":\"https:\/\/klarafardiga.com\/\"},{\"@type\":\"ListItem\",\"position\":2,\"name\":\"S\u00f6ndag = bakdag\"}]},{\"@type\":\"WebSite\",\"@id\":\"https:\/\/klarafardiga.com\/#website\",\"url\":\"https:\/\/klarafardiga.com\/\",\"name\":\"Baka med KlaraForm\",\"description\":\"Recept, tips och nyheter i butiken\",\"potentialAction\":[{\"@type\":\"SearchAction\",\"target\":{\"@type\":\"EntryPoint\",\"urlTemplate\":\"https:\/\/klarafardiga.com\/?s={search_term_string}\"},\"query-input\":{\"@type\":\"PropertyValueSpecification\",\"valueRequired\":true,\"valueName\":\"search_term_string\"}}],\"inLanguage\":\"sv-SE\"},{\"@type\":\"Person\",\"@id\":\"https:\/\/klarafardiga.com\/#\/schema\/person\/0f54ba1da7c4c21dd7411ed3a8e9f8c0\",\"name\":\"admin\",\"image\":{\"@type\":\"ImageObject\",\"inLanguage\":\"sv-SE\",\"@id\":\"https:\/\/klarafardiga.com\/#\/schema\/person\/image\/\",\"url\":\"https:\/\/secure.gravatar.com\/avatar\/356da59eaae0a6e58215761d8e8dabed?s=96&d=mm&r=g\",\"contentUrl\":\"https:\/\/secure.gravatar.com\/avatar\/356da59eaae0a6e58215761d8e8dabed?s=96&d=mm&r=g\",\"caption\":\"admin\"},\"sameAs\":[\"http:\/\/www.klaraform.se\"],\"url\":\"https:\/\/klarafardiga.com\/?author=1\"}]}<\/script>\n<!-- \/ Yoast SEO plugin. -->","yoast_head_json":{"title":"S\u00f6ndag = bakdag - Baka med KlaraForm","robots":{"index":"index","follow":"follow","max-snippet":"max-snippet:-1","max-image-preview":"max-image-preview:large","max-video-preview":"max-video-preview:-1"},"canonical":"https:\/\/klarafardiga.com\/?p=829","og_locale":"sv_SE","og_type":"article","og_title":"S\u00f6ndag = bakdag - Baka med KlaraForm","og_description":"Det blir lite d\u00e5ligt med uppdateringar p\u00e5 bloggen m\u00e4rker jag. &#8221;H\u00e4nger&#8221; mest p\u00e5 Facebook och Instagram, mest f\u00f6r att det g\u00e5r s\u00e5 snabbt att uppdatera. http:\/\/facebook.com\/klaraform http:\/\/twitter.com\/klaraform http:\/\/instagram.com\/klaraform http:\/\/pinterest.com\/klaraform Idag har vi i alla fall haft en lite bakdag h\u00e4r hemma. Vi har gjort chokladmuffins fyllda med rosa vispgr\u00e4dde, enkelt och bra. Ha en fortsatt bra s\u00f6ndag! Kram Helena","og_url":"https:\/\/klarafardiga.com\/?p=829","og_site_name":"Baka med KlaraForm","article_published_time":"2013-01-20T12:03:53+00:00","article_modified_time":"2013-01-20T12:04:44+00:00","og_image":[{"url":"http:\/\/klarafardiga.com\/wp-content\/uploads\/2013\/01\/rosamuffins6-1024x743.jpg"}],"author":"admin","twitter_card":"summary_large_image","twitter_misc":{"Skriven av":"admin"},"schema":{"@context":"https:\/\/schema.org","@graph":[{"@type":"WebPage","@id":"https:\/\/klarafardiga.com\/?p=829","url":"https:\/\/klarafardiga.com\/?p=829","name":"S\u00f6ndag = bakdag - Baka med KlaraForm","isPartOf":{"@id":"https:\/\/klarafardiga.com\/#website"},"primaryImageOfPage":{"@id":"https:\/\/klarafardiga.com\/?p=829#primaryimage"},"image":{"@id":"https:\/\/klarafardiga.com\/?p=829#primaryimage"},"thumbnailUrl":"http:\/\/klarafardiga.com\/wp-content\/uploads\/2013\/01\/rosamuffins6-1024x743.jpg","datePublished":"2013-01-20T12:03:53+00:00","dateModified":"2013-01-20T12:04:44+00:00","author":{"@id":"https:\/\/klarafardiga.com\/#\/schema\/person\/0f54ba1da7c4c21dd7411ed3a8e9f8c0"},"breadcrumb":{"@id":"https:\/\/klarafardiga.com\/?p=829#breadcrumb"},"inLanguage":"sv-SE","potentialAction":[{"@type":"ReadAction","target":["https:\/\/klarafardiga.com\/?p=829"]}]},{"@type":"ImageObject","inLanguage":"sv-SE","@id":"https:\/\/klarafardiga.com\/?p=829#primaryimage","url":"https:\/\/klarafardiga.com\/wp-content\/uploads\/2013\/01\/rosamuffins6.jpg","contentUrl":"https:\/\/klarafardiga.com\/wp-content\/uploads\/2013\/01\/rosamuffins6.jpg","width":"1037","height":"753"},{"@type":"BreadcrumbList","@id":"https:\/\/klarafardiga.com\/?p=829#breadcrumb","itemListElement":[{"@type":"ListItem","position":1,"name":"Hem","item":"https:\/\/klarafardiga.com\/"},{"@type":"ListItem","position":2,"name":"S\u00f6ndag = bakdag"}]},{"@type":"WebSite","@id":"https:\/\/klarafardiga.com\/#website","url":"https:\/\/klarafardiga.com\/","name":"Baka med KlaraForm","description":"Recept, tips och nyheter i butiken","potentialAction":[{"@type":"SearchAction","target":{"@type":"EntryPoint","urlTemplate":"https:\/\/klarafardiga.com\/?s={search_term_string}"},"query-input":{"@type":"PropertyValueSpecification","valueRequired":true,"valueName":"search_term_string"}}],"inLanguage":"sv-SE"},{"@type":"Person","@id":"https:\/\/klarafardiga.com\/#\/schema\/person\/0f54ba1da7c4c21dd7411ed3a8e9f8c0","name":"admin","image":{"@type":"ImageObject","inLanguage":"sv-SE","@id":"https:\/\/klarafardiga.com\/#\/schema\/person\/image\/","url":"https:\/\/secure.gravatar.com\/avatar\/356da59eaae0a6e58215761d8e8dabed?s=96&d=mm&r=g","contentUrl":"https:\/\/secure.gravatar.com\/avatar\/356da59eaae0a6e58215761d8e8dabed?s=96&d=mm&r=g","caption":"admin"},"sameAs":["http:\/\/www.klaraform.se"],"url":"https:\/\/klarafardiga.com\/?author=1"}]}},"_links":{"self":[{"href":"https:\/\/klarafardiga.com\/index.php?rest_route=\/wp\/v2\/posts\/829"}],"collection":[{"href":"https:\/\/klarafardiga.com\/index.php?rest_route=\/wp\/v2\/posts"}],"about":[{"href":"https:\/\/klarafardiga.com\/index.php?rest_route=\/wp\/v2\/types\/post"}],"author":[{"embeddable":true,"href":"https:\/\/klarafardiga.com\/index.php?rest_route=\/wp\/v2\/users\/1"}],"replies":[{"embeddable":true,"href":"https:\/\/klarafardiga.com\/index.php?rest_route=%2Fwp%2Fv2%2Fcomments&post=829"}],"version-history":[{"count":4,"href":"https:\/\/klarafardiga.com\/index.php?rest_route=\/wp\/v2\/posts\/829\/revisions"}],"predecessor-version":[{"id":834,"href":"https:\/\/klarafardiga.com\/index.php?rest_route=\/wp\/v2\/posts\/829\/revisions\/834"}],"wp:attachment":[{"href":"https:\/\/klarafardiga.com\/index.php?rest_route=%2Fwp%2Fv2%2Fmedia&parent=829"}],"wp:term":[{"taxonomy":"category","embeddable":true,"href":"https:\/\/klarafardiga.com\/index.php?rest_route=%2Fwp%2Fv2%2Fcategories&post=829"},{"taxonomy":"post_tag","embeddable":true,"href":"https:\/\/klarafardiga.com\/index.php?rest_route=%2Fwp%2Fv2%2Ftags&post=829"}],"curies":[{"name":"wp","href":"https:\/\/api.w.org\/{rel}","templated":true}]}}