{"id":818,"date":"2013-01-09T23:01:57","date_gmt":"2013-01-09T22:01:57","guid":{"rendered":"http:\/\/klarafardiga.com\/?p=818"},"modified":"2013-01-09T23:03:00","modified_gmt":"2013-01-09T22:03:00","slug":"mustasch-av-choklad-2","status":"publish","type":"post","link":"https:\/\/klarafardiga.com\/?p=818","title":{"rendered":"Mustasch av choklad"},"content":{"rendered":"<p>Du har v\u00e4l inte missat v\u00e5ra skojiga formar d\u00e4r du sm\u00e4lter choklad och det blir en fin mustasch? Blir garanterat succ\u00e9 p\u00e5 kalaset. Till de riktigt yngsta kan jag rekommendera att anv\u00e4nda typ Marabou mj\u00f6lkchoklad d\u00e5 barnen inte \u00e4r allt f\u00f6r f\u00f6rtjusta i riktigt m\u00f6rk choklad.<\/p>\n<p>Formar hittar du i v\u00e5r butik <strong><a href=\"http:\/\/klaraform.se\/silikonformar-chokladformar\/chokladform-mustasch-1\/\" target=\"_blank\">KlaraForm<\/a><\/strong>.<\/p>\n<p><a href=\"https:\/\/klarafardiga.com\/wp-content\/uploads\/2012\/03\/mustasch.jpg\"><img fetchpriority=\"high\" decoding=\"async\" class=\"alignnone  wp-image-460\" title=\"Mustasch\" src=\"https:\/\/klarafardiga.com\/wp-content\/uploads\/2012\/03\/mustasch.jpg\" alt=\"\" width=\"560\" height=\"492\" srcset=\"https:\/\/klarafardiga.com\/wp-content\/uploads\/2012\/03\/mustasch.jpg 1000w, https:\/\/klarafardiga.com\/wp-content\/uploads\/2012\/03\/mustasch-300x263.jpg 300w, https:\/\/klarafardiga.com\/wp-content\/uploads\/2012\/03\/mustasch-341x300.jpg 341w\" sizes=\"(max-width: 560px) 100vw, 560px\" \/><\/a><\/p>\n<p>Ha ett bra veckoslut!<br \/>\nKram Helena<\/p>\n","protected":false},"excerpt":{"rendered":"<p>Du har v\u00e4l inte missat v\u00e5ra skojiga formar d\u00e4r du sm\u00e4lter choklad och det blir en fin mustasch? Blir garanterat succ\u00e9 p\u00e5 kalaset. Till de riktigt yngsta kan jag rekommendera att anv\u00e4nda typ Marabou mj\u00f6lkchoklad d\u00e5 barnen inte \u00e4r allt f\u00f6r f\u00f6rtjusta i riktigt m\u00f6rk choklad. Formar hittar du i v\u00e5r butik KlaraForm. Ha ett bra veckoslut! Kram Helena<\/p>\n","protected":false},"author":1,"featured_media":0,"comment_status":"open","ping_status":"open","sticky":false,"template":"","format":"standard","meta":{"footnotes":""},"categories":[9,8],"tags":[],"yoast_head":"<!-- This site is optimized with the Yoast SEO plugin v23.5 - https:\/\/yoast.com\/wordpress\/plugins\/seo\/ -->\n<title>Mustasch av choklad - Baka med KlaraForm<\/title>\n<meta name=\"robots\" content=\"index, follow, max-snippet:-1, max-image-preview:large, max-video-preview:-1\" \/>\n<link rel=\"canonical\" href=\"https:\/\/klarafardiga.com\/?p=818\" \/>\n<meta property=\"og:locale\" content=\"sv_SE\" \/>\n<meta property=\"og:type\" content=\"article\" \/>\n<meta property=\"og:title\" content=\"Mustasch av choklad - Baka med KlaraForm\" \/>\n<meta property=\"og:description\" content=\"Du har v\u00e4l inte missat v\u00e5ra skojiga formar d\u00e4r du sm\u00e4lter choklad och det blir en fin mustasch? Blir garanterat succ\u00e9 p\u00e5 kalaset. Till de riktigt yngsta kan jag rekommendera att anv\u00e4nda typ Marabou mj\u00f6lkchoklad d\u00e5 barnen inte \u00e4r allt f\u00f6r f\u00f6rtjusta i riktigt m\u00f6rk choklad. Formar hittar du i v\u00e5r butik KlaraForm. Ha ett bra veckoslut! Kram Helena\" \/>\n<meta property=\"og:url\" content=\"https:\/\/klarafardiga.com\/?p=818\" \/>\n<meta property=\"og:site_name\" content=\"Baka med KlaraForm\" \/>\n<meta property=\"article:published_time\" content=\"2013-01-09T22:01:57+00:00\" \/>\n<meta property=\"article:modified_time\" content=\"2013-01-09T22:03:00+00:00\" \/>\n<meta property=\"og:image\" content=\"http:\/\/klarafardiga.com\/wp-content\/uploads\/2012\/03\/mustasch.jpg\" \/>\n<meta name=\"author\" content=\"admin\" \/>\n<meta name=\"twitter:card\" content=\"summary_large_image\" \/>\n<meta name=\"twitter:label1\" content=\"Skriven av\" \/>\n\t<meta name=\"twitter:data1\" content=\"admin\" \/>\n<script type=\"application\/ld+json\" class=\"yoast-schema-graph\">{\"@context\":\"https:\/\/schema.org\",\"@graph\":[{\"@type\":\"WebPage\",\"@id\":\"https:\/\/klarafardiga.com\/?p=818\",\"url\":\"https:\/\/klarafardiga.com\/?p=818\",\"name\":\"Mustasch av choklad - Baka med KlaraForm\",\"isPartOf\":{\"@id\":\"https:\/\/klarafardiga.com\/#website\"},\"primaryImageOfPage\":{\"@id\":\"https:\/\/klarafardiga.com\/?p=818#primaryimage\"},\"image\":{\"@id\":\"https:\/\/klarafardiga.com\/?p=818#primaryimage\"},\"thumbnailUrl\":\"http:\/\/klarafardiga.com\/wp-content\/uploads\/2012\/03\/mustasch.jpg\",\"datePublished\":\"2013-01-09T22:01:57+00:00\",\"dateModified\":\"2013-01-09T22:03:00+00:00\",\"author\":{\"@id\":\"https:\/\/klarafardiga.com\/#\/schema\/person\/0f54ba1da7c4c21dd7411ed3a8e9f8c0\"},\"breadcrumb\":{\"@id\":\"https:\/\/klarafardiga.com\/?p=818#breadcrumb\"},\"inLanguage\":\"sv-SE\",\"potentialAction\":[{\"@type\":\"ReadAction\",\"target\":[\"https:\/\/klarafardiga.com\/?p=818\"]}]},{\"@type\":\"ImageObject\",\"inLanguage\":\"sv-SE\",\"@id\":\"https:\/\/klarafardiga.com\/?p=818#primaryimage\",\"url\":\"https:\/\/klarafardiga.com\/wp-content\/uploads\/2012\/03\/mustasch.jpg\",\"contentUrl\":\"https:\/\/klarafardiga.com\/wp-content\/uploads\/2012\/03\/mustasch.jpg\",\"width\":\"1000\",\"height\":\"879\"},{\"@type\":\"BreadcrumbList\",\"@id\":\"https:\/\/klarafardiga.com\/?p=818#breadcrumb\",\"itemListElement\":[{\"@type\":\"ListItem\",\"position\":1,\"name\":\"Hem\",\"item\":\"https:\/\/klarafardiga.com\/\"},{\"@type\":\"ListItem\",\"position\":2,\"name\":\"Mustasch av choklad\"}]},{\"@type\":\"WebSite\",\"@id\":\"https:\/\/klarafardiga.com\/#website\",\"url\":\"https:\/\/klarafardiga.com\/\",\"name\":\"Baka med KlaraForm\",\"description\":\"Recept, tips och nyheter i butiken\",\"potentialAction\":[{\"@type\":\"SearchAction\",\"target\":{\"@type\":\"EntryPoint\",\"urlTemplate\":\"https:\/\/klarafardiga.com\/?s={search_term_string}\"},\"query-input\":{\"@type\":\"PropertyValueSpecification\",\"valueRequired\":true,\"valueName\":\"search_term_string\"}}],\"inLanguage\":\"sv-SE\"},{\"@type\":\"Person\",\"@id\":\"https:\/\/klarafardiga.com\/#\/schema\/person\/0f54ba1da7c4c21dd7411ed3a8e9f8c0\",\"name\":\"admin\",\"image\":{\"@type\":\"ImageObject\",\"inLanguage\":\"sv-SE\",\"@id\":\"https:\/\/klarafardiga.com\/#\/schema\/person\/image\/\",\"url\":\"https:\/\/secure.gravatar.com\/avatar\/356da59eaae0a6e58215761d8e8dabed?s=96&d=mm&r=g\",\"contentUrl\":\"https:\/\/secure.gravatar.com\/avatar\/356da59eaae0a6e58215761d8e8dabed?s=96&d=mm&r=g\",\"caption\":\"admin\"},\"sameAs\":[\"http:\/\/www.klaraform.se\"],\"url\":\"https:\/\/klarafardiga.com\/?author=1\"}]}<\/script>\n<!-- \/ Yoast SEO plugin. -->","yoast_head_json":{"title":"Mustasch av choklad - Baka med KlaraForm","robots":{"index":"index","follow":"follow","max-snippet":"max-snippet:-1","max-image-preview":"max-image-preview:large","max-video-preview":"max-video-preview:-1"},"canonical":"https:\/\/klarafardiga.com\/?p=818","og_locale":"sv_SE","og_type":"article","og_title":"Mustasch av choklad - Baka med KlaraForm","og_description":"Du har v\u00e4l inte missat v\u00e5ra skojiga formar d\u00e4r du sm\u00e4lter choklad och det blir en fin mustasch? Blir garanterat succ\u00e9 p\u00e5 kalaset. Till de riktigt yngsta kan jag rekommendera att anv\u00e4nda typ Marabou mj\u00f6lkchoklad d\u00e5 barnen inte \u00e4r allt f\u00f6r f\u00f6rtjusta i riktigt m\u00f6rk choklad. Formar hittar du i v\u00e5r butik KlaraForm. Ha ett bra veckoslut! Kram Helena","og_url":"https:\/\/klarafardiga.com\/?p=818","og_site_name":"Baka med KlaraForm","article_published_time":"2013-01-09T22:01:57+00:00","article_modified_time":"2013-01-09T22:03:00+00:00","og_image":[{"url":"http:\/\/klarafardiga.com\/wp-content\/uploads\/2012\/03\/mustasch.jpg"}],"author":"admin","twitter_card":"summary_large_image","twitter_misc":{"Skriven av":"admin"},"schema":{"@context":"https:\/\/schema.org","@graph":[{"@type":"WebPage","@id":"https:\/\/klarafardiga.com\/?p=818","url":"https:\/\/klarafardiga.com\/?p=818","name":"Mustasch av choklad - Baka med KlaraForm","isPartOf":{"@id":"https:\/\/klarafardiga.com\/#website"},"primaryImageOfPage":{"@id":"https:\/\/klarafardiga.com\/?p=818#primaryimage"},"image":{"@id":"https:\/\/klarafardiga.com\/?p=818#primaryimage"},"thumbnailUrl":"http:\/\/klarafardiga.com\/wp-content\/uploads\/2012\/03\/mustasch.jpg","datePublished":"2013-01-09T22:01:57+00:00","dateModified":"2013-01-09T22:03:00+00:00","author":{"@id":"https:\/\/klarafardiga.com\/#\/schema\/person\/0f54ba1da7c4c21dd7411ed3a8e9f8c0"},"breadcrumb":{"@id":"https:\/\/klarafardiga.com\/?p=818#breadcrumb"},"inLanguage":"sv-SE","potentialAction":[{"@type":"ReadAction","target":["https:\/\/klarafardiga.com\/?p=818"]}]},{"@type":"ImageObject","inLanguage":"sv-SE","@id":"https:\/\/klarafardiga.com\/?p=818#primaryimage","url":"https:\/\/klarafardiga.com\/wp-content\/uploads\/2012\/03\/mustasch.jpg","contentUrl":"https:\/\/klarafardiga.com\/wp-content\/uploads\/2012\/03\/mustasch.jpg","width":"1000","height":"879"},{"@type":"BreadcrumbList","@id":"https:\/\/klarafardiga.com\/?p=818#breadcrumb","itemListElement":[{"@type":"ListItem","position":1,"name":"Hem","item":"https:\/\/klarafardiga.com\/"},{"@type":"ListItem","position":2,"name":"Mustasch av choklad"}]},{"@type":"WebSite","@id":"https:\/\/klarafardiga.com\/#website","url":"https:\/\/klarafardiga.com\/","name":"Baka med KlaraForm","description":"Recept, tips och nyheter i butiken","potentialAction":[{"@type":"SearchAction","target":{"@type":"EntryPoint","urlTemplate":"https:\/\/klarafardiga.com\/?s={search_term_string}"},"query-input":{"@type":"PropertyValueSpecification","valueRequired":true,"valueName":"search_term_string"}}],"inLanguage":"sv-SE"},{"@type":"Person","@id":"https:\/\/klarafardiga.com\/#\/schema\/person\/0f54ba1da7c4c21dd7411ed3a8e9f8c0","name":"admin","image":{"@type":"ImageObject","inLanguage":"sv-SE","@id":"https:\/\/klarafardiga.com\/#\/schema\/person\/image\/","url":"https:\/\/secure.gravatar.com\/avatar\/356da59eaae0a6e58215761d8e8dabed?s=96&d=mm&r=g","contentUrl":"https:\/\/secure.gravatar.com\/avatar\/356da59eaae0a6e58215761d8e8dabed?s=96&d=mm&r=g","caption":"admin"},"sameAs":["http:\/\/www.klaraform.se"],"url":"https:\/\/klarafardiga.com\/?author=1"}]}},"_links":{"self":[{"href":"https:\/\/klarafardiga.com\/index.php?rest_route=\/wp\/v2\/posts\/818"}],"collection":[{"href":"https:\/\/klarafardiga.com\/index.php?rest_route=\/wp\/v2\/posts"}],"about":[{"href":"https:\/\/klarafardiga.com\/index.php?rest_route=\/wp\/v2\/types\/post"}],"author":[{"embeddable":true,"href":"https:\/\/klarafardiga.com\/index.php?rest_route=\/wp\/v2\/users\/1"}],"replies":[{"embeddable":true,"href":"https:\/\/klarafardiga.com\/index.php?rest_route=%2Fwp%2Fv2%2Fcomments&post=818"}],"version-history":[{"count":3,"href":"https:\/\/klarafardiga.com\/index.php?rest_route=\/wp\/v2\/posts\/818\/revisions"}],"predecessor-version":[{"id":821,"href":"https:\/\/klarafardiga.com\/index.php?rest_route=\/wp\/v2\/posts\/818\/revisions\/821"}],"wp:attachment":[{"href":"https:\/\/klarafardiga.com\/index.php?rest_route=%2Fwp%2Fv2%2Fmedia&parent=818"}],"wp:term":[{"taxonomy":"category","embeddable":true,"href":"https:\/\/klarafardiga.com\/index.php?rest_route=%2Fwp%2Fv2%2Fcategories&post=818"},{"taxonomy":"post_tag","embeddable":true,"href":"https:\/\/klarafardiga.com\/index.php?rest_route=%2Fwp%2Fv2%2Ftags&post=818"}],"curies":[{"name":"wp","href":"https:\/\/api.w.org\/{rel}","templated":true}]}}