{"id":81,"date":"2009-03-21T15:10:00","date_gmt":"2009-03-21T14:10:00","guid":{"rendered":"http:\/\/klarafardiga.com\/?p=81"},"modified":"2009-03-21T15:10:00","modified_gmt":"2009-03-21T14:10:00","slug":"testbagare-sokes","status":"publish","type":"post","link":"https:\/\/klarafardiga.com\/?p=81","title":{"rendered":"Testbagare s\u00f6kes&#8230;"},"content":{"rendered":"<p><span style=\"font-size:180%;\">J<\/span>ag har f\u00e5tt lite varuprover fr\u00e5n ett f\u00f6retag och undrar om n\u00e5gon vill testa formarna?? <span style=\"font-size:180%;\">S\u00f6ker tv\u00e5 testbagare <\/span>som f\u00e5r 15 formar var (5 m\u00f6rkbruna, 5 ljusbruna, 5 wrappers). Enda kravet \u00e4r att du bakar n\u00e5got gott \ud83d\ude42 och kan fotografera resultatet och skriva n\u00e5gra rader p\u00e5 din blogg samt l\u00e4nkar tillbaka till min blogg. Positiva och negativa saker om formarna vill jag veta. Skriv en kommentar h\u00e4r senast 27 mars om du vill vara en av testbagarna.<\/p>\n<p><img decoding=\"async\" id=\"BLOGGER_PHOTO_ID_5315628892343907426\" style=\"DISPLAY: block; MARGIN: 0px auto 10px; WIDTH: 400px; CURSOR: hand; HEIGHT: 300px; TEXT-ALIGN: center\" alt=\"\" src=\"http:\/\/1.bp.blogspot.com\/_rCm4mArCkLE\/ScToUG32NGI\/AAAAAAAABd8\/TVTk17zvK1U\/s400\/bakform_01.jpg\" border=\"0\" \/><br \/>Sp\u00e4nnande rektangul\u00e4ra formar 5 x 8 cm, undrar vad man kan baka i dom???<\/p>\n<p><img decoding=\"async\" id=\"BLOGGER_PHOTO_ID_5315628887856417666\" style=\"DISPLAY: block; MARGIN: 0px auto 10px; WIDTH: 400px; CURSOR: hand; HEIGHT: 300px; TEXT-ALIGN: center\" alt=\"\" src=\"http:\/\/2.bp.blogspot.com\/_rCm4mArCkLE\/ScToT2J8i4I\/AAAAAAAABd0\/4FnFi-ZFaxU\/s400\/wrap_01.jpg\" border=\"0\" \/><br \/>Den h\u00e4r formen \u00e4r t\u00e4nkt till muffins, men ska \u00e4ven fungera lika bra till kanelsn\u00e4cka och portionsbr\u00f6d. Den vill g\u00e4rna ha ett st\u00f6d n\u00e4r du bakar. Formen \u00e4r vikt, inte limmad. Du kan \u00e4ven l\u00e4gga i en f\u00e4rdigbakad muffins s\u00e5 blir det en snygg inramning av bakverket.<\/p>\n<p><span style=\"color:#993399;\">Passa ocks\u00e5 p\u00e5 att <\/span><a href=\"http:\/\/www.firmex.se\/\"><strong><span style=\"font-size:180%;color:#993399;\">t\u00e4vla hos FIRMEX<\/span><\/strong><\/a><span style=\"color:#993399;\">. (Kika under rubriken marknadsf\u00f6ring). Du kan vinna ett presentkort i min butik p\u00e5 400 kronor.<br \/><\/span><\/p>\n<div>Nu kom solen fram, dags att g\u00e5 ut en stund !<\/div>\n<p>Ha en fortsatt trevlig helg!<\/p>\n<p>Kram Helena<\/p>\n","protected":false},"excerpt":{"rendered":"<p>Jag har f\u00e5tt lite varuprover fr\u00e5n ett f\u00f6retag och undrar om n\u00e5gon vill testa formarna?? S\u00f6ker tv\u00e5 testbagare som f\u00e5r 15 formar var (5 m\u00f6rkbruna, 5 ljusbruna, 5 wrappers). Enda kravet \u00e4r att du bakar n\u00e5got gott \ud83d\ude42 och kan fotografera resultatet och skriva n\u00e5gra rader p\u00e5 din blogg samt l\u00e4nkar tillbaka till min blogg. Positiva och negativa saker om formarna vill jag veta. Skriv en kommentar h\u00e4r senast 27 mars om du vill vara en av testbagarna. Sp\u00e4nnande rektangul\u00e4ra formar 5 x 8 cm, undrar vad man kan baka i dom??? Den h\u00e4r formen \u00e4r t\u00e4nkt till muffins, men ska \u00e4ven fungera lika bra till kanelsn\u00e4cka och portionsbr\u00f6d. Den vill g\u00e4rna ha ett st\u00f6d n\u00e4r du bakar. Formen \u00e4r vikt, inte limmad. Du kan \u00e4ven l\u00e4gga i en f\u00e4rdigbakad muffins s\u00e5 blir det en snygg inramning av bakverket. Passa ocks\u00e5 p\u00e5 att t\u00e4vla hos FIRMEX. (Kika under rubriken marknadsf\u00f6ring). Du kan vinna ett presentkort i min butik p\u00e5 400 kronor. Nu kom solen fram, dags att g\u00e5 ut en stund ! Ha en fortsatt trevlig helg! Kram Helena<\/p>\n","protected":false},"author":1,"featured_media":0,"comment_status":"open","ping_status":"open","sticky":false,"template":"","format":"standard","meta":{"footnotes":""},"categories":[9,8],"tags":[],"yoast_head":"<!-- This site is optimized with the Yoast SEO plugin v23.5 - https:\/\/yoast.com\/wordpress\/plugins\/seo\/ -->\n<title>Testbagare s\u00f6kes... - Baka med KlaraForm<\/title>\n<meta name=\"robots\" content=\"index, follow, max-snippet:-1, max-image-preview:large, max-video-preview:-1\" \/>\n<link rel=\"canonical\" href=\"https:\/\/klarafardiga.com\/?p=81\" \/>\n<meta property=\"og:locale\" content=\"sv_SE\" \/>\n<meta property=\"og:type\" content=\"article\" \/>\n<meta property=\"og:title\" content=\"Testbagare s\u00f6kes... - Baka med KlaraForm\" \/>\n<meta property=\"og:description\" content=\"Jag har f\u00e5tt lite varuprover fr\u00e5n ett f\u00f6retag och undrar om n\u00e5gon vill testa formarna?? S\u00f6ker tv\u00e5 testbagare som f\u00e5r 15 formar var (5 m\u00f6rkbruna, 5 ljusbruna, 5 wrappers). Enda kravet \u00e4r att du bakar n\u00e5got gott \ud83d\ude42 och kan fotografera resultatet och skriva n\u00e5gra rader p\u00e5 din blogg samt l\u00e4nkar tillbaka till min blogg. Positiva och negativa saker om formarna vill jag veta. Skriv en kommentar h\u00e4r senast 27 mars om du vill vara en av testbagarna. Sp\u00e4nnande rektangul\u00e4ra formar 5 x 8 cm, undrar vad man kan baka i dom??? Den h\u00e4r formen \u00e4r t\u00e4nkt till muffins, men ska \u00e4ven fungera lika bra till kanelsn\u00e4cka och portionsbr\u00f6d. Den vill g\u00e4rna ha ett st\u00f6d n\u00e4r du bakar. Formen \u00e4r vikt, inte limmad. Du kan \u00e4ven l\u00e4gga i en f\u00e4rdigbakad muffins s\u00e5 blir det en snygg inramning av bakverket. Passa ocks\u00e5 p\u00e5 att t\u00e4vla hos FIRMEX. (Kika under rubriken marknadsf\u00f6ring). Du kan vinna ett presentkort i min butik p\u00e5 400 kronor. Nu kom solen fram, dags att g\u00e5 ut en stund ! Ha en fortsatt trevlig helg! Kram Helena\" \/>\n<meta property=\"og:url\" content=\"https:\/\/klarafardiga.com\/?p=81\" \/>\n<meta property=\"og:site_name\" content=\"Baka med KlaraForm\" \/>\n<meta property=\"article:published_time\" content=\"2009-03-21T14:10:00+00:00\" \/>\n<meta property=\"og:image\" content=\"http:\/\/1.bp.blogspot.com\/_rCm4mArCkLE\/ScToUG32NGI\/AAAAAAAABd8\/TVTk17zvK1U\/s400\/bakform_01.jpg\" \/>\n<meta name=\"author\" content=\"admin\" \/>\n<meta name=\"twitter:card\" content=\"summary_large_image\" \/>\n<meta name=\"twitter:label1\" content=\"Skriven av\" \/>\n\t<meta name=\"twitter:data1\" content=\"admin\" \/>\n\t<meta name=\"twitter:label2\" content=\"Ber\u00e4knad l\u00e4stid\" \/>\n\t<meta name=\"twitter:data2\" content=\"1 minut\" \/>\n<script type=\"application\/ld+json\" class=\"yoast-schema-graph\">{\"@context\":\"https:\/\/schema.org\",\"@graph\":[{\"@type\":\"WebPage\",\"@id\":\"https:\/\/klarafardiga.com\/?p=81\",\"url\":\"https:\/\/klarafardiga.com\/?p=81\",\"name\":\"Testbagare s\u00f6kes... - Baka med KlaraForm\",\"isPartOf\":{\"@id\":\"https:\/\/klarafardiga.com\/#website\"},\"primaryImageOfPage\":{\"@id\":\"https:\/\/klarafardiga.com\/?p=81#primaryimage\"},\"image\":{\"@id\":\"https:\/\/klarafardiga.com\/?p=81#primaryimage\"},\"thumbnailUrl\":\"http:\/\/1.bp.blogspot.com\/_rCm4mArCkLE\/ScToUG32NGI\/AAAAAAAABd8\/TVTk17zvK1U\/s400\/bakform_01.jpg\",\"datePublished\":\"2009-03-21T14:10:00+00:00\",\"dateModified\":\"2009-03-21T14:10:00+00:00\",\"author\":{\"@id\":\"https:\/\/klarafardiga.com\/#\/schema\/person\/0f54ba1da7c4c21dd7411ed3a8e9f8c0\"},\"breadcrumb\":{\"@id\":\"https:\/\/klarafardiga.com\/?p=81#breadcrumb\"},\"inLanguage\":\"sv-SE\",\"potentialAction\":[{\"@type\":\"ReadAction\",\"target\":[\"https:\/\/klarafardiga.com\/?p=81\"]}]},{\"@type\":\"ImageObject\",\"inLanguage\":\"sv-SE\",\"@id\":\"https:\/\/klarafardiga.com\/?p=81#primaryimage\",\"url\":\"http:\/\/1.bp.blogspot.com\/_rCm4mArCkLE\/ScToUG32NGI\/AAAAAAAABd8\/TVTk17zvK1U\/s400\/bakform_01.jpg\",\"contentUrl\":\"http:\/\/1.bp.blogspot.com\/_rCm4mArCkLE\/ScToUG32NGI\/AAAAAAAABd8\/TVTk17zvK1U\/s400\/bakform_01.jpg\"},{\"@type\":\"BreadcrumbList\",\"@id\":\"https:\/\/klarafardiga.com\/?p=81#breadcrumb\",\"itemListElement\":[{\"@type\":\"ListItem\",\"position\":1,\"name\":\"Hem\",\"item\":\"https:\/\/klarafardiga.com\/\"},{\"@type\":\"ListItem\",\"position\":2,\"name\":\"Testbagare s\u00f6kes&#8230;\"}]},{\"@type\":\"WebSite\",\"@id\":\"https:\/\/klarafardiga.com\/#website\",\"url\":\"https:\/\/klarafardiga.com\/\",\"name\":\"Baka med KlaraForm\",\"description\":\"Recept, tips och nyheter i butiken\",\"potentialAction\":[{\"@type\":\"SearchAction\",\"target\":{\"@type\":\"EntryPoint\",\"urlTemplate\":\"https:\/\/klarafardiga.com\/?s={search_term_string}\"},\"query-input\":{\"@type\":\"PropertyValueSpecification\",\"valueRequired\":true,\"valueName\":\"search_term_string\"}}],\"inLanguage\":\"sv-SE\"},{\"@type\":\"Person\",\"@id\":\"https:\/\/klarafardiga.com\/#\/schema\/person\/0f54ba1da7c4c21dd7411ed3a8e9f8c0\",\"name\":\"admin\",\"image\":{\"@type\":\"ImageObject\",\"inLanguage\":\"sv-SE\",\"@id\":\"https:\/\/klarafardiga.com\/#\/schema\/person\/image\/\",\"url\":\"https:\/\/secure.gravatar.com\/avatar\/356da59eaae0a6e58215761d8e8dabed?s=96&d=mm&r=g\",\"contentUrl\":\"https:\/\/secure.gravatar.com\/avatar\/356da59eaae0a6e58215761d8e8dabed?s=96&d=mm&r=g\",\"caption\":\"admin\"},\"sameAs\":[\"http:\/\/www.klaraform.se\"],\"url\":\"https:\/\/klarafardiga.com\/?author=1\"}]}<\/script>\n<!-- \/ Yoast SEO plugin. -->","yoast_head_json":{"title":"Testbagare s\u00f6kes... - Baka med KlaraForm","robots":{"index":"index","follow":"follow","max-snippet":"max-snippet:-1","max-image-preview":"max-image-preview:large","max-video-preview":"max-video-preview:-1"},"canonical":"https:\/\/klarafardiga.com\/?p=81","og_locale":"sv_SE","og_type":"article","og_title":"Testbagare s\u00f6kes... - Baka med KlaraForm","og_description":"Jag har f\u00e5tt lite varuprover fr\u00e5n ett f\u00f6retag och undrar om n\u00e5gon vill testa formarna?? S\u00f6ker tv\u00e5 testbagare som f\u00e5r 15 formar var (5 m\u00f6rkbruna, 5 ljusbruna, 5 wrappers). Enda kravet \u00e4r att du bakar n\u00e5got gott \ud83d\ude42 och kan fotografera resultatet och skriva n\u00e5gra rader p\u00e5 din blogg samt l\u00e4nkar tillbaka till min blogg. Positiva och negativa saker om formarna vill jag veta. Skriv en kommentar h\u00e4r senast 27 mars om du vill vara en av testbagarna. Sp\u00e4nnande rektangul\u00e4ra formar 5 x 8 cm, undrar vad man kan baka i dom??? Den h\u00e4r formen \u00e4r t\u00e4nkt till muffins, men ska \u00e4ven fungera lika bra till kanelsn\u00e4cka och portionsbr\u00f6d. Den vill g\u00e4rna ha ett st\u00f6d n\u00e4r du bakar. Formen \u00e4r vikt, inte limmad. Du kan \u00e4ven l\u00e4gga i en f\u00e4rdigbakad muffins s\u00e5 blir det en snygg inramning av bakverket. Passa ocks\u00e5 p\u00e5 att t\u00e4vla hos FIRMEX. (Kika under rubriken marknadsf\u00f6ring). Du kan vinna ett presentkort i min butik p\u00e5 400 kronor. Nu kom solen fram, dags att g\u00e5 ut en stund ! Ha en fortsatt trevlig helg! Kram Helena","og_url":"https:\/\/klarafardiga.com\/?p=81","og_site_name":"Baka med KlaraForm","article_published_time":"2009-03-21T14:10:00+00:00","og_image":[{"url":"http:\/\/1.bp.blogspot.com\/_rCm4mArCkLE\/ScToUG32NGI\/AAAAAAAABd8\/TVTk17zvK1U\/s400\/bakform_01.jpg"}],"author":"admin","twitter_card":"summary_large_image","twitter_misc":{"Skriven av":"admin","Ber\u00e4knad l\u00e4stid":"1 minut"},"schema":{"@context":"https:\/\/schema.org","@graph":[{"@type":"WebPage","@id":"https:\/\/klarafardiga.com\/?p=81","url":"https:\/\/klarafardiga.com\/?p=81","name":"Testbagare s\u00f6kes... - Baka med KlaraForm","isPartOf":{"@id":"https:\/\/klarafardiga.com\/#website"},"primaryImageOfPage":{"@id":"https:\/\/klarafardiga.com\/?p=81#primaryimage"},"image":{"@id":"https:\/\/klarafardiga.com\/?p=81#primaryimage"},"thumbnailUrl":"http:\/\/1.bp.blogspot.com\/_rCm4mArCkLE\/ScToUG32NGI\/AAAAAAAABd8\/TVTk17zvK1U\/s400\/bakform_01.jpg","datePublished":"2009-03-21T14:10:00+00:00","dateModified":"2009-03-21T14:10:00+00:00","author":{"@id":"https:\/\/klarafardiga.com\/#\/schema\/person\/0f54ba1da7c4c21dd7411ed3a8e9f8c0"},"breadcrumb":{"@id":"https:\/\/klarafardiga.com\/?p=81#breadcrumb"},"inLanguage":"sv-SE","potentialAction":[{"@type":"ReadAction","target":["https:\/\/klarafardiga.com\/?p=81"]}]},{"@type":"ImageObject","inLanguage":"sv-SE","@id":"https:\/\/klarafardiga.com\/?p=81#primaryimage","url":"http:\/\/1.bp.blogspot.com\/_rCm4mArCkLE\/ScToUG32NGI\/AAAAAAAABd8\/TVTk17zvK1U\/s400\/bakform_01.jpg","contentUrl":"http:\/\/1.bp.blogspot.com\/_rCm4mArCkLE\/ScToUG32NGI\/AAAAAAAABd8\/TVTk17zvK1U\/s400\/bakform_01.jpg"},{"@type":"BreadcrumbList","@id":"https:\/\/klarafardiga.com\/?p=81#breadcrumb","itemListElement":[{"@type":"ListItem","position":1,"name":"Hem","item":"https:\/\/klarafardiga.com\/"},{"@type":"ListItem","position":2,"name":"Testbagare s\u00f6kes&#8230;"}]},{"@type":"WebSite","@id":"https:\/\/klarafardiga.com\/#website","url":"https:\/\/klarafardiga.com\/","name":"Baka med KlaraForm","description":"Recept, tips och nyheter i butiken","potentialAction":[{"@type":"SearchAction","target":{"@type":"EntryPoint","urlTemplate":"https:\/\/klarafardiga.com\/?s={search_term_string}"},"query-input":{"@type":"PropertyValueSpecification","valueRequired":true,"valueName":"search_term_string"}}],"inLanguage":"sv-SE"},{"@type":"Person","@id":"https:\/\/klarafardiga.com\/#\/schema\/person\/0f54ba1da7c4c21dd7411ed3a8e9f8c0","name":"admin","image":{"@type":"ImageObject","inLanguage":"sv-SE","@id":"https:\/\/klarafardiga.com\/#\/schema\/person\/image\/","url":"https:\/\/secure.gravatar.com\/avatar\/356da59eaae0a6e58215761d8e8dabed?s=96&d=mm&r=g","contentUrl":"https:\/\/secure.gravatar.com\/avatar\/356da59eaae0a6e58215761d8e8dabed?s=96&d=mm&r=g","caption":"admin"},"sameAs":["http:\/\/www.klaraform.se"],"url":"https:\/\/klarafardiga.com\/?author=1"}]}},"_links":{"self":[{"href":"https:\/\/klarafardiga.com\/index.php?rest_route=\/wp\/v2\/posts\/81"}],"collection":[{"href":"https:\/\/klarafardiga.com\/index.php?rest_route=\/wp\/v2\/posts"}],"about":[{"href":"https:\/\/klarafardiga.com\/index.php?rest_route=\/wp\/v2\/types\/post"}],"author":[{"embeddable":true,"href":"https:\/\/klarafardiga.com\/index.php?rest_route=\/wp\/v2\/users\/1"}],"replies":[{"embeddable":true,"href":"https:\/\/klarafardiga.com\/index.php?rest_route=%2Fwp%2Fv2%2Fcomments&post=81"}],"version-history":[{"count":0,"href":"https:\/\/klarafardiga.com\/index.php?rest_route=\/wp\/v2\/posts\/81\/revisions"}],"wp:attachment":[{"href":"https:\/\/klarafardiga.com\/index.php?rest_route=%2Fwp%2Fv2%2Fmedia&parent=81"}],"wp:term":[{"taxonomy":"category","embeddable":true,"href":"https:\/\/klarafardiga.com\/index.php?rest_route=%2Fwp%2Fv2%2Fcategories&post=81"},{"taxonomy":"post_tag","embeddable":true,"href":"https:\/\/klarafardiga.com\/index.php?rest_route=%2Fwp%2Fv2%2Ftags&post=81"}],"curies":[{"name":"wp","href":"https:\/\/api.w.org\/{rel}","templated":true}]}}