{"id":807,"date":"2013-01-05T15:51:48","date_gmt":"2013-01-05T14:51:48","guid":{"rendered":"http:\/\/klarafardiga.com\/?p=807"},"modified":"2013-01-05T15:52:46","modified_gmt":"2013-01-05T14:52:46","slug":"sota-servetter","status":"publish","type":"post","link":"https:\/\/klarafardiga.com\/?p=807","title":{"rendered":"S\u00f6ta servetter"},"content":{"rendered":"<p>Vi har f\u00e5tt hem s\u00f6ta servetter i l\u00e4ckra f\u00e4rger, kul att kuna mixa och matcha exempelvis sugr\u00f6ren och sn\u00f6ren\u00a0i samma f\u00e4rg.<\/p>\n<p>Du har v\u00e4l inte missat att KlaraForm syns p\u00e5 flera olika st\u00e4llen f\u00f6rutom butikens hemsida och v\u00e5r blogg.<br \/>\nF\u00f6lj\/gilla oss g\u00e4rna p\u00e5 Facebook, Instagram, Twitter och Pinterest.<\/p>\n<p><a href=\"http:\/\/facebook.com\/klaraform\">http:\/\/facebook.com\/klaraform<\/a><br \/>\n<a href=\"http:\/\/twitter.com\/klaraform\">http:\/\/twitter.com\/klaraform<\/a><br \/>\n<a href=\"http:\/\/instagram.com\/klaraform\">http:\/\/instagram.com\/klaraform<\/a><br \/>\n<a href=\"http:\/\/pinterest.com\/klaraform\" target=\"_blank\">http:\/\/pinterest.com\/klaraform<\/a><\/p>\n<p><a href=\"https:\/\/klarafardiga.com\/wp-content\/uploads\/2013\/01\/servetter_flera01.jpg\"><img fetchpriority=\"high\" decoding=\"async\" class=\"alignnone  wp-image-808\" title=\"Servetter\" src=\"https:\/\/klarafardiga.com\/wp-content\/uploads\/2013\/01\/servetter_flera01.jpg\" alt=\"\" width=\"984\" height=\"886\" srcset=\"https:\/\/klarafardiga.com\/wp-content\/uploads\/2013\/01\/servetter_flera01.jpg 1406w, https:\/\/klarafardiga.com\/wp-content\/uploads\/2013\/01\/servetter_flera01-300x270.jpg 300w, https:\/\/klarafardiga.com\/wp-content\/uploads\/2013\/01\/servetter_flera01-1024x922.jpg 1024w\" sizes=\"(max-width: 984px) 100vw, 984px\" \/><\/a><\/p>\n<p>Ha en fortsatt trevlig helg!<br \/>\nKram Helena<\/p>\n","protected":false},"excerpt":{"rendered":"<p>Vi har f\u00e5tt hem s\u00f6ta servetter i l\u00e4ckra f\u00e4rger, kul att kuna mixa och matcha exempelvis sugr\u00f6ren och sn\u00f6ren\u00a0i samma f\u00e4rg. Du har v\u00e4l inte missat att KlaraForm syns p\u00e5 flera olika st\u00e4llen f\u00f6rutom butikens hemsida och v\u00e5r blogg. F\u00f6lj\/gilla oss g\u00e4rna p\u00e5 Facebook, Instagram, Twitter och Pinterest. http:\/\/facebook.com\/klaraform http:\/\/twitter.com\/klaraform http:\/\/instagram.com\/klaraform http:\/\/pinterest.com\/klaraform Ha en fortsatt trevlig helg! Kram Helena<\/p>\n","protected":false},"author":1,"featured_media":0,"comment_status":"open","ping_status":"open","sticky":false,"template":"","format":"standard","meta":{"footnotes":""},"categories":[8],"tags":[],"yoast_head":"<!-- This site is optimized with the Yoast SEO plugin v23.5 - https:\/\/yoast.com\/wordpress\/plugins\/seo\/ -->\n<title>S\u00f6ta servetter - Baka med KlaraForm<\/title>\n<meta name=\"robots\" content=\"index, follow, max-snippet:-1, max-image-preview:large, max-video-preview:-1\" \/>\n<link rel=\"canonical\" href=\"https:\/\/klarafardiga.com\/?p=807\" \/>\n<meta property=\"og:locale\" content=\"sv_SE\" \/>\n<meta property=\"og:type\" content=\"article\" \/>\n<meta property=\"og:title\" content=\"S\u00f6ta servetter - Baka med KlaraForm\" \/>\n<meta property=\"og:description\" content=\"Vi har f\u00e5tt hem s\u00f6ta servetter i l\u00e4ckra f\u00e4rger, kul att kuna mixa och matcha exempelvis sugr\u00f6ren och sn\u00f6ren\u00a0i samma f\u00e4rg. Du har v\u00e4l inte missat att KlaraForm syns p\u00e5 flera olika st\u00e4llen f\u00f6rutom butikens hemsida och v\u00e5r blogg. F\u00f6lj\/gilla oss g\u00e4rna p\u00e5 Facebook, Instagram, Twitter och Pinterest. http:\/\/facebook.com\/klaraform http:\/\/twitter.com\/klaraform http:\/\/instagram.com\/klaraform http:\/\/pinterest.com\/klaraform Ha en fortsatt trevlig helg! Kram Helena\" \/>\n<meta property=\"og:url\" content=\"https:\/\/klarafardiga.com\/?p=807\" \/>\n<meta property=\"og:site_name\" content=\"Baka med KlaraForm\" \/>\n<meta property=\"article:published_time\" content=\"2013-01-05T14:51:48+00:00\" \/>\n<meta property=\"article:modified_time\" content=\"2013-01-05T14:52:46+00:00\" \/>\n<meta property=\"og:image\" content=\"http:\/\/klarafardiga.com\/wp-content\/uploads\/2013\/01\/servetter_flera01.jpg\" \/>\n<meta name=\"author\" content=\"admin\" \/>\n<meta name=\"twitter:card\" content=\"summary_large_image\" \/>\n<meta name=\"twitter:label1\" content=\"Skriven av\" \/>\n\t<meta name=\"twitter:data1\" content=\"admin\" \/>\n<script type=\"application\/ld+json\" class=\"yoast-schema-graph\">{\"@context\":\"https:\/\/schema.org\",\"@graph\":[{\"@type\":\"WebPage\",\"@id\":\"https:\/\/klarafardiga.com\/?p=807\",\"url\":\"https:\/\/klarafardiga.com\/?p=807\",\"name\":\"S\u00f6ta servetter - Baka med KlaraForm\",\"isPartOf\":{\"@id\":\"https:\/\/klarafardiga.com\/#website\"},\"primaryImageOfPage\":{\"@id\":\"https:\/\/klarafardiga.com\/?p=807#primaryimage\"},\"image\":{\"@id\":\"https:\/\/klarafardiga.com\/?p=807#primaryimage\"},\"thumbnailUrl\":\"http:\/\/klarafardiga.com\/wp-content\/uploads\/2013\/01\/servetter_flera01.jpg\",\"datePublished\":\"2013-01-05T14:51:48+00:00\",\"dateModified\":\"2013-01-05T14:52:46+00:00\",\"author\":{\"@id\":\"https:\/\/klarafardiga.com\/#\/schema\/person\/0f54ba1da7c4c21dd7411ed3a8e9f8c0\"},\"breadcrumb\":{\"@id\":\"https:\/\/klarafardiga.com\/?p=807#breadcrumb\"},\"inLanguage\":\"sv-SE\",\"potentialAction\":[{\"@type\":\"ReadAction\",\"target\":[\"https:\/\/klarafardiga.com\/?p=807\"]}]},{\"@type\":\"ImageObject\",\"inLanguage\":\"sv-SE\",\"@id\":\"https:\/\/klarafardiga.com\/?p=807#primaryimage\",\"url\":\"https:\/\/klarafardiga.com\/wp-content\/uploads\/2013\/01\/servetter_flera01.jpg\",\"contentUrl\":\"https:\/\/klarafardiga.com\/wp-content\/uploads\/2013\/01\/servetter_flera01.jpg\",\"width\":\"1406\",\"height\":\"1266\"},{\"@type\":\"BreadcrumbList\",\"@id\":\"https:\/\/klarafardiga.com\/?p=807#breadcrumb\",\"itemListElement\":[{\"@type\":\"ListItem\",\"position\":1,\"name\":\"Hem\",\"item\":\"https:\/\/klarafardiga.com\/\"},{\"@type\":\"ListItem\",\"position\":2,\"name\":\"S\u00f6ta servetter\"}]},{\"@type\":\"WebSite\",\"@id\":\"https:\/\/klarafardiga.com\/#website\",\"url\":\"https:\/\/klarafardiga.com\/\",\"name\":\"Baka med KlaraForm\",\"description\":\"Recept, tips och nyheter i butiken\",\"potentialAction\":[{\"@type\":\"SearchAction\",\"target\":{\"@type\":\"EntryPoint\",\"urlTemplate\":\"https:\/\/klarafardiga.com\/?s={search_term_string}\"},\"query-input\":{\"@type\":\"PropertyValueSpecification\",\"valueRequired\":true,\"valueName\":\"search_term_string\"}}],\"inLanguage\":\"sv-SE\"},{\"@type\":\"Person\",\"@id\":\"https:\/\/klarafardiga.com\/#\/schema\/person\/0f54ba1da7c4c21dd7411ed3a8e9f8c0\",\"name\":\"admin\",\"image\":{\"@type\":\"ImageObject\",\"inLanguage\":\"sv-SE\",\"@id\":\"https:\/\/klarafardiga.com\/#\/schema\/person\/image\/\",\"url\":\"https:\/\/secure.gravatar.com\/avatar\/356da59eaae0a6e58215761d8e8dabed?s=96&d=mm&r=g\",\"contentUrl\":\"https:\/\/secure.gravatar.com\/avatar\/356da59eaae0a6e58215761d8e8dabed?s=96&d=mm&r=g\",\"caption\":\"admin\"},\"sameAs\":[\"http:\/\/www.klaraform.se\"],\"url\":\"https:\/\/klarafardiga.com\/?author=1\"}]}<\/script>\n<!-- \/ Yoast SEO plugin. -->","yoast_head_json":{"title":"S\u00f6ta servetter - Baka med KlaraForm","robots":{"index":"index","follow":"follow","max-snippet":"max-snippet:-1","max-image-preview":"max-image-preview:large","max-video-preview":"max-video-preview:-1"},"canonical":"https:\/\/klarafardiga.com\/?p=807","og_locale":"sv_SE","og_type":"article","og_title":"S\u00f6ta servetter - Baka med KlaraForm","og_description":"Vi har f\u00e5tt hem s\u00f6ta servetter i l\u00e4ckra f\u00e4rger, kul att kuna mixa och matcha exempelvis sugr\u00f6ren och sn\u00f6ren\u00a0i samma f\u00e4rg. Du har v\u00e4l inte missat att KlaraForm syns p\u00e5 flera olika st\u00e4llen f\u00f6rutom butikens hemsida och v\u00e5r blogg. F\u00f6lj\/gilla oss g\u00e4rna p\u00e5 Facebook, Instagram, Twitter och Pinterest. http:\/\/facebook.com\/klaraform http:\/\/twitter.com\/klaraform http:\/\/instagram.com\/klaraform http:\/\/pinterest.com\/klaraform Ha en fortsatt trevlig helg! Kram Helena","og_url":"https:\/\/klarafardiga.com\/?p=807","og_site_name":"Baka med KlaraForm","article_published_time":"2013-01-05T14:51:48+00:00","article_modified_time":"2013-01-05T14:52:46+00:00","og_image":[{"url":"http:\/\/klarafardiga.com\/wp-content\/uploads\/2013\/01\/servetter_flera01.jpg"}],"author":"admin","twitter_card":"summary_large_image","twitter_misc":{"Skriven av":"admin"},"schema":{"@context":"https:\/\/schema.org","@graph":[{"@type":"WebPage","@id":"https:\/\/klarafardiga.com\/?p=807","url":"https:\/\/klarafardiga.com\/?p=807","name":"S\u00f6ta servetter - Baka med KlaraForm","isPartOf":{"@id":"https:\/\/klarafardiga.com\/#website"},"primaryImageOfPage":{"@id":"https:\/\/klarafardiga.com\/?p=807#primaryimage"},"image":{"@id":"https:\/\/klarafardiga.com\/?p=807#primaryimage"},"thumbnailUrl":"http:\/\/klarafardiga.com\/wp-content\/uploads\/2013\/01\/servetter_flera01.jpg","datePublished":"2013-01-05T14:51:48+00:00","dateModified":"2013-01-05T14:52:46+00:00","author":{"@id":"https:\/\/klarafardiga.com\/#\/schema\/person\/0f54ba1da7c4c21dd7411ed3a8e9f8c0"},"breadcrumb":{"@id":"https:\/\/klarafardiga.com\/?p=807#breadcrumb"},"inLanguage":"sv-SE","potentialAction":[{"@type":"ReadAction","target":["https:\/\/klarafardiga.com\/?p=807"]}]},{"@type":"ImageObject","inLanguage":"sv-SE","@id":"https:\/\/klarafardiga.com\/?p=807#primaryimage","url":"https:\/\/klarafardiga.com\/wp-content\/uploads\/2013\/01\/servetter_flera01.jpg","contentUrl":"https:\/\/klarafardiga.com\/wp-content\/uploads\/2013\/01\/servetter_flera01.jpg","width":"1406","height":"1266"},{"@type":"BreadcrumbList","@id":"https:\/\/klarafardiga.com\/?p=807#breadcrumb","itemListElement":[{"@type":"ListItem","position":1,"name":"Hem","item":"https:\/\/klarafardiga.com\/"},{"@type":"ListItem","position":2,"name":"S\u00f6ta servetter"}]},{"@type":"WebSite","@id":"https:\/\/klarafardiga.com\/#website","url":"https:\/\/klarafardiga.com\/","name":"Baka med KlaraForm","description":"Recept, tips och nyheter i butiken","potentialAction":[{"@type":"SearchAction","target":{"@type":"EntryPoint","urlTemplate":"https:\/\/klarafardiga.com\/?s={search_term_string}"},"query-input":{"@type":"PropertyValueSpecification","valueRequired":true,"valueName":"search_term_string"}}],"inLanguage":"sv-SE"},{"@type":"Person","@id":"https:\/\/klarafardiga.com\/#\/schema\/person\/0f54ba1da7c4c21dd7411ed3a8e9f8c0","name":"admin","image":{"@type":"ImageObject","inLanguage":"sv-SE","@id":"https:\/\/klarafardiga.com\/#\/schema\/person\/image\/","url":"https:\/\/secure.gravatar.com\/avatar\/356da59eaae0a6e58215761d8e8dabed?s=96&d=mm&r=g","contentUrl":"https:\/\/secure.gravatar.com\/avatar\/356da59eaae0a6e58215761d8e8dabed?s=96&d=mm&r=g","caption":"admin"},"sameAs":["http:\/\/www.klaraform.se"],"url":"https:\/\/klarafardiga.com\/?author=1"}]}},"_links":{"self":[{"href":"https:\/\/klarafardiga.com\/index.php?rest_route=\/wp\/v2\/posts\/807"}],"collection":[{"href":"https:\/\/klarafardiga.com\/index.php?rest_route=\/wp\/v2\/posts"}],"about":[{"href":"https:\/\/klarafardiga.com\/index.php?rest_route=\/wp\/v2\/types\/post"}],"author":[{"embeddable":true,"href":"https:\/\/klarafardiga.com\/index.php?rest_route=\/wp\/v2\/users\/1"}],"replies":[{"embeddable":true,"href":"https:\/\/klarafardiga.com\/index.php?rest_route=%2Fwp%2Fv2%2Fcomments&post=807"}],"version-history":[{"count":9,"href":"https:\/\/klarafardiga.com\/index.php?rest_route=\/wp\/v2\/posts\/807\/revisions"}],"predecessor-version":[{"id":817,"href":"https:\/\/klarafardiga.com\/index.php?rest_route=\/wp\/v2\/posts\/807\/revisions\/817"}],"wp:attachment":[{"href":"https:\/\/klarafardiga.com\/index.php?rest_route=%2Fwp%2Fv2%2Fmedia&parent=807"}],"wp:term":[{"taxonomy":"category","embeddable":true,"href":"https:\/\/klarafardiga.com\/index.php?rest_route=%2Fwp%2Fv2%2Fcategories&post=807"},{"taxonomy":"post_tag","embeddable":true,"href":"https:\/\/klarafardiga.com\/index.php?rest_route=%2Fwp%2Fv2%2Ftags&post=807"}],"curies":[{"name":"wp","href":"https:\/\/api.w.org\/{rel}","templated":true}]}}