{"id":79,"date":"2009-03-15T22:58:00","date_gmt":"2009-03-15T21:58:00","guid":{"rendered":"http:\/\/klarafardiga.com\/?p=79"},"modified":"2009-03-15T22:58:00","modified_gmt":"2009-03-15T21:58:00","slug":"varen-har-kommit-20-grader-varmt","status":"publish","type":"post","link":"https:\/\/klarafardiga.com\/?p=79","title":{"rendered":"V\u00e5ren har kommit, 20 grader varmt&#8230;"},"content":{"rendered":"<p>&#8230;p\u00e5 altanen. Vilket v\u00e4der! Idag var det f\u00f6rsta g\u00e5ngen i \u00e5r som vi kunde vara ute p\u00e5 v\u00e5r inglasade altan. Temperaturen visade n\u00e4stan +20 grader. H\u00e4rligt. En s\u00f6t liten fluga hade vaknat till liv ocks\u00e5, nu \u00e4r det bara en halvmeter sn\u00f6 som ska sm\u00e4lta bort \ud83d\ude42<\/p>\n<p><img decoding=\"async\" id=\"BLOGGER_PHOTO_ID_5313522755030966978\" style=\"DISPLAY: block; MARGIN: 0px auto 10px; WIDTH: 299px; CURSOR: hand; HEIGHT: 400px; TEXT-ALIGN: center\" alt=\"\" src=\"http:\/\/2.bp.blogspot.com\/_rCm4mArCkLE\/Sb1syx-TYsI\/AAAAAAAABdc\/Y9ZH1qVkir0\/s400\/19grader.jpg\" border=\"0\" \/><img decoding=\"async\" id=\"BLOGGER_PHOTO_ID_5313522756474227922\" style=\"DISPLAY: block; MARGIN: 0px auto 10px; WIDTH: 400px; CURSOR: hand; HEIGHT: 299px; TEXT-ALIGN: center\" alt=\"\" src=\"http:\/\/4.bp.blogspot.com\/_rCm4mArCkLE\/Sb1sy3WZzNI\/AAAAAAAABdk\/VjDIrwct7Xc\/s400\/fluga.jpg\" border=\"0\" \/><\/p>\n<p>I l\u00f6rdags hade vi fullt hus med barn h\u00e4r s\u00e5 jag hade inget att g\u00f6ra (!) H\u00e4rligt n\u00e4r barnen leker s\u00e5 man blir helt sysslol\u00f6s, det \u00e4r man inte van med. Passade d\u00e5 p\u00e5 att g\u00f6ra en v\u00e4ldigt enkel kladdkaka. Mums, smakar gott s\u00e5 h\u00e4r dagen efter&#8230;<\/p>\n<p><img decoding=\"async\" id=\"BLOGGER_PHOTO_ID_5313522768236195490\" style=\"DISPLAY: block; MARGIN: 0px auto 10px; WIDTH: 400px; CURSOR: hand; HEIGHT: 299px; TEXT-ALIGN: center\" alt=\"\" src=\"http:\/\/1.bp.blogspot.com\/_rCm4mArCkLE\/Sb1szjKrLqI\/AAAAAAAABds\/55cco7xnAto\/s400\/kladdkaka.jpg\" border=\"0\" \/><\/p>\n<p>Receptet delar jag g\u00e4rna med mig:<\/p>\n<p><strong>Kladdkaka 6-8 bitar<\/strong><\/p>\n<p>2 \u00e4gg<\/p>\n<p>2 dl str\u00f6socker<\/p>\n<p>1\/2 dl sm\u00e4lt sm\u00f6r<\/p>\n<p>4 dl kakao<\/p>\n<p>1 dl vetemj\u00f6l<\/p>\n<p>Sm\u00f6ra och br\u00f6a en form ca 22 cm i diameter, s\u00e4tt ugnen p\u00e5 225 grader. <\/p>\n<p>Vispa \u00e4gg och socker por\u00f6st<\/p>\n<p>R\u00f6r ner 1\/2 dl sm\u00e4lt sm\u00f6r.<\/p>\n<p>Blanda 4 msk kakao och 1 dl vetemj\u00f6l i en liten sk\u00e5l och r\u00f6r sen ner det i smeten.<\/p>\n<p>H\u00e4ll hela smeten i formen.<\/p>\n<p>Ska gr\u00e4ddas i ca 8-12 min mitt i ugnen.<\/p>\n<\/p>\n<\/p>\n<p>Ha det gott allihopa! Kul att s\u00e5 m\u00e5nga vill t\u00e4vla ocks\u00e5&#8230; passa p\u00e5 nu ikv\u00e4ll.<\/p>\n<p>Kram Helena<\/p>\n","protected":false},"excerpt":{"rendered":"<p>&#8230;p\u00e5 altanen. Vilket v\u00e4der! Idag var det f\u00f6rsta g\u00e5ngen i \u00e5r som vi kunde vara ute p\u00e5 v\u00e5r inglasade altan. Temperaturen visade n\u00e4stan +20 grader. H\u00e4rligt. En s\u00f6t liten fluga hade vaknat till liv ocks\u00e5, nu \u00e4r det bara en halvmeter sn\u00f6 som ska sm\u00e4lta bort \ud83d\ude42 I l\u00f6rdags hade vi fullt hus med barn h\u00e4r s\u00e5 jag hade inget att g\u00f6ra (!) H\u00e4rligt n\u00e4r barnen leker s\u00e5 man blir helt sysslol\u00f6s, det \u00e4r man inte van med. Passade d\u00e5 p\u00e5 att g\u00f6ra en v\u00e4ldigt enkel kladdkaka. Mums, smakar gott s\u00e5 h\u00e4r dagen efter&#8230; Receptet delar jag g\u00e4rna med mig: Kladdkaka 6-8 bitar 2 \u00e4gg 2 dl str\u00f6socker 1\/2 dl sm\u00e4lt sm\u00f6r 4 dl kakao 1 dl vetemj\u00f6l Sm\u00f6ra och br\u00f6a en form ca 22 cm i diameter, s\u00e4tt ugnen p\u00e5 225 grader. Vispa \u00e4gg och socker por\u00f6st R\u00f6r ner 1\/2 dl sm\u00e4lt sm\u00f6r. Blanda 4 msk kakao och 1 dl vetemj\u00f6l i en liten sk\u00e5l och r\u00f6r sen ner det i smeten. H\u00e4ll hela smeten i formen. Ska gr\u00e4ddas i ca 8-12 min mitt i ugnen. Ha det gott allihopa! Kul att s\u00e5 m\u00e5nga vill t\u00e4vla ocks\u00e5&#8230; passa p\u00e5 nu ikv\u00e4ll. Kram Helena<\/p>\n","protected":false},"author":1,"featured_media":0,"comment_status":"open","ping_status":"open","sticky":false,"template":"","format":"standard","meta":{"footnotes":""},"categories":[4,3],"tags":[],"yoast_head":"<!-- This site is optimized with the Yoast SEO plugin v23.5 - https:\/\/yoast.com\/wordpress\/plugins\/seo\/ -->\n<title>V\u00e5ren har kommit, 20 grader varmt... - Baka med KlaraForm<\/title>\n<meta name=\"robots\" content=\"index, follow, max-snippet:-1, max-image-preview:large, max-video-preview:-1\" \/>\n<link rel=\"canonical\" href=\"https:\/\/klarafardiga.com\/?p=79\" \/>\n<meta property=\"og:locale\" content=\"sv_SE\" \/>\n<meta property=\"og:type\" content=\"article\" \/>\n<meta property=\"og:title\" content=\"V\u00e5ren har kommit, 20 grader varmt... - Baka med KlaraForm\" \/>\n<meta property=\"og:description\" content=\"&#8230;p\u00e5 altanen. Vilket v\u00e4der! Idag var det f\u00f6rsta g\u00e5ngen i \u00e5r som vi kunde vara ute p\u00e5 v\u00e5r inglasade altan. Temperaturen visade n\u00e4stan +20 grader. H\u00e4rligt. En s\u00f6t liten fluga hade vaknat till liv ocks\u00e5, nu \u00e4r det bara en halvmeter sn\u00f6 som ska sm\u00e4lta bort \ud83d\ude42 I l\u00f6rdags hade vi fullt hus med barn h\u00e4r s\u00e5 jag hade inget att g\u00f6ra (!) H\u00e4rligt n\u00e4r barnen leker s\u00e5 man blir helt sysslol\u00f6s, det \u00e4r man inte van med. Passade d\u00e5 p\u00e5 att g\u00f6ra en v\u00e4ldigt enkel kladdkaka. Mums, smakar gott s\u00e5 h\u00e4r dagen efter&#8230; Receptet delar jag g\u00e4rna med mig: Kladdkaka 6-8 bitar 2 \u00e4gg 2 dl str\u00f6socker 1\/2 dl sm\u00e4lt sm\u00f6r 4 dl kakao 1 dl vetemj\u00f6l Sm\u00f6ra och br\u00f6a en form ca 22 cm i diameter, s\u00e4tt ugnen p\u00e5 225 grader. Vispa \u00e4gg och socker por\u00f6st R\u00f6r ner 1\/2 dl sm\u00e4lt sm\u00f6r. Blanda 4 msk kakao och 1 dl vetemj\u00f6l i en liten sk\u00e5l och r\u00f6r sen ner det i smeten. H\u00e4ll hela smeten i formen. Ska gr\u00e4ddas i ca 8-12 min mitt i ugnen. Ha det gott allihopa! Kul att s\u00e5 m\u00e5nga vill t\u00e4vla ocks\u00e5&#8230; passa p\u00e5 nu ikv\u00e4ll. Kram Helena\" \/>\n<meta property=\"og:url\" content=\"https:\/\/klarafardiga.com\/?p=79\" \/>\n<meta property=\"og:site_name\" content=\"Baka med KlaraForm\" \/>\n<meta property=\"article:published_time\" content=\"2009-03-15T21:58:00+00:00\" \/>\n<meta property=\"og:image\" content=\"http:\/\/2.bp.blogspot.com\/_rCm4mArCkLE\/Sb1syx-TYsI\/AAAAAAAABdc\/Y9ZH1qVkir0\/s400\/19grader.jpg\" \/>\n<meta name=\"author\" content=\"admin\" \/>\n<meta name=\"twitter:card\" content=\"summary_large_image\" \/>\n<meta name=\"twitter:label1\" content=\"Skriven av\" \/>\n\t<meta name=\"twitter:data1\" content=\"admin\" \/>\n\t<meta name=\"twitter:label2\" content=\"Ber\u00e4knad l\u00e4stid\" \/>\n\t<meta name=\"twitter:data2\" content=\"1 minut\" \/>\n<script type=\"application\/ld+json\" class=\"yoast-schema-graph\">{\"@context\":\"https:\/\/schema.org\",\"@graph\":[{\"@type\":\"WebPage\",\"@id\":\"https:\/\/klarafardiga.com\/?p=79\",\"url\":\"https:\/\/klarafardiga.com\/?p=79\",\"name\":\"V\u00e5ren har kommit, 20 grader varmt... - Baka med KlaraForm\",\"isPartOf\":{\"@id\":\"https:\/\/klarafardiga.com\/#website\"},\"primaryImageOfPage\":{\"@id\":\"https:\/\/klarafardiga.com\/?p=79#primaryimage\"},\"image\":{\"@id\":\"https:\/\/klarafardiga.com\/?p=79#primaryimage\"},\"thumbnailUrl\":\"http:\/\/2.bp.blogspot.com\/_rCm4mArCkLE\/Sb1syx-TYsI\/AAAAAAAABdc\/Y9ZH1qVkir0\/s400\/19grader.jpg\",\"datePublished\":\"2009-03-15T21:58:00+00:00\",\"dateModified\":\"2009-03-15T21:58:00+00:00\",\"author\":{\"@id\":\"https:\/\/klarafardiga.com\/#\/schema\/person\/0f54ba1da7c4c21dd7411ed3a8e9f8c0\"},\"breadcrumb\":{\"@id\":\"https:\/\/klarafardiga.com\/?p=79#breadcrumb\"},\"inLanguage\":\"sv-SE\",\"potentialAction\":[{\"@type\":\"ReadAction\",\"target\":[\"https:\/\/klarafardiga.com\/?p=79\"]}]},{\"@type\":\"ImageObject\",\"inLanguage\":\"sv-SE\",\"@id\":\"https:\/\/klarafardiga.com\/?p=79#primaryimage\",\"url\":\"http:\/\/2.bp.blogspot.com\/_rCm4mArCkLE\/Sb1syx-TYsI\/AAAAAAAABdc\/Y9ZH1qVkir0\/s400\/19grader.jpg\",\"contentUrl\":\"http:\/\/2.bp.blogspot.com\/_rCm4mArCkLE\/Sb1syx-TYsI\/AAAAAAAABdc\/Y9ZH1qVkir0\/s400\/19grader.jpg\"},{\"@type\":\"BreadcrumbList\",\"@id\":\"https:\/\/klarafardiga.com\/?p=79#breadcrumb\",\"itemListElement\":[{\"@type\":\"ListItem\",\"position\":1,\"name\":\"Hem\",\"item\":\"https:\/\/klarafardiga.com\/\"},{\"@type\":\"ListItem\",\"position\":2,\"name\":\"V\u00e5ren har kommit, 20 grader varmt&#8230;\"}]},{\"@type\":\"WebSite\",\"@id\":\"https:\/\/klarafardiga.com\/#website\",\"url\":\"https:\/\/klarafardiga.com\/\",\"name\":\"Baka med KlaraForm\",\"description\":\"Recept, tips och nyheter i butiken\",\"potentialAction\":[{\"@type\":\"SearchAction\",\"target\":{\"@type\":\"EntryPoint\",\"urlTemplate\":\"https:\/\/klarafardiga.com\/?s={search_term_string}\"},\"query-input\":{\"@type\":\"PropertyValueSpecification\",\"valueRequired\":true,\"valueName\":\"search_term_string\"}}],\"inLanguage\":\"sv-SE\"},{\"@type\":\"Person\",\"@id\":\"https:\/\/klarafardiga.com\/#\/schema\/person\/0f54ba1da7c4c21dd7411ed3a8e9f8c0\",\"name\":\"admin\",\"image\":{\"@type\":\"ImageObject\",\"inLanguage\":\"sv-SE\",\"@id\":\"https:\/\/klarafardiga.com\/#\/schema\/person\/image\/\",\"url\":\"https:\/\/secure.gravatar.com\/avatar\/356da59eaae0a6e58215761d8e8dabed?s=96&d=mm&r=g\",\"contentUrl\":\"https:\/\/secure.gravatar.com\/avatar\/356da59eaae0a6e58215761d8e8dabed?s=96&d=mm&r=g\",\"caption\":\"admin\"},\"sameAs\":[\"http:\/\/www.klaraform.se\"],\"url\":\"https:\/\/klarafardiga.com\/?author=1\"}]}<\/script>\n<!-- \/ Yoast SEO plugin. -->","yoast_head_json":{"title":"V\u00e5ren har kommit, 20 grader varmt... - Baka med KlaraForm","robots":{"index":"index","follow":"follow","max-snippet":"max-snippet:-1","max-image-preview":"max-image-preview:large","max-video-preview":"max-video-preview:-1"},"canonical":"https:\/\/klarafardiga.com\/?p=79","og_locale":"sv_SE","og_type":"article","og_title":"V\u00e5ren har kommit, 20 grader varmt... - Baka med KlaraForm","og_description":"&#8230;p\u00e5 altanen. Vilket v\u00e4der! Idag var det f\u00f6rsta g\u00e5ngen i \u00e5r som vi kunde vara ute p\u00e5 v\u00e5r inglasade altan. Temperaturen visade n\u00e4stan +20 grader. H\u00e4rligt. En s\u00f6t liten fluga hade vaknat till liv ocks\u00e5, nu \u00e4r det bara en halvmeter sn\u00f6 som ska sm\u00e4lta bort \ud83d\ude42 I l\u00f6rdags hade vi fullt hus med barn h\u00e4r s\u00e5 jag hade inget att g\u00f6ra (!) H\u00e4rligt n\u00e4r barnen leker s\u00e5 man blir helt sysslol\u00f6s, det \u00e4r man inte van med. Passade d\u00e5 p\u00e5 att g\u00f6ra en v\u00e4ldigt enkel kladdkaka. Mums, smakar gott s\u00e5 h\u00e4r dagen efter&#8230; Receptet delar jag g\u00e4rna med mig: Kladdkaka 6-8 bitar 2 \u00e4gg 2 dl str\u00f6socker 1\/2 dl sm\u00e4lt sm\u00f6r 4 dl kakao 1 dl vetemj\u00f6l Sm\u00f6ra och br\u00f6a en form ca 22 cm i diameter, s\u00e4tt ugnen p\u00e5 225 grader. Vispa \u00e4gg och socker por\u00f6st R\u00f6r ner 1\/2 dl sm\u00e4lt sm\u00f6r. Blanda 4 msk kakao och 1 dl vetemj\u00f6l i en liten sk\u00e5l och r\u00f6r sen ner det i smeten. H\u00e4ll hela smeten i formen. Ska gr\u00e4ddas i ca 8-12 min mitt i ugnen. Ha det gott allihopa! Kul att s\u00e5 m\u00e5nga vill t\u00e4vla ocks\u00e5&#8230; passa p\u00e5 nu ikv\u00e4ll. Kram Helena","og_url":"https:\/\/klarafardiga.com\/?p=79","og_site_name":"Baka med KlaraForm","article_published_time":"2009-03-15T21:58:00+00:00","og_image":[{"url":"http:\/\/2.bp.blogspot.com\/_rCm4mArCkLE\/Sb1syx-TYsI\/AAAAAAAABdc\/Y9ZH1qVkir0\/s400\/19grader.jpg"}],"author":"admin","twitter_card":"summary_large_image","twitter_misc":{"Skriven av":"admin","Ber\u00e4knad l\u00e4stid":"1 minut"},"schema":{"@context":"https:\/\/schema.org","@graph":[{"@type":"WebPage","@id":"https:\/\/klarafardiga.com\/?p=79","url":"https:\/\/klarafardiga.com\/?p=79","name":"V\u00e5ren har kommit, 20 grader varmt... - Baka med KlaraForm","isPartOf":{"@id":"https:\/\/klarafardiga.com\/#website"},"primaryImageOfPage":{"@id":"https:\/\/klarafardiga.com\/?p=79#primaryimage"},"image":{"@id":"https:\/\/klarafardiga.com\/?p=79#primaryimage"},"thumbnailUrl":"http:\/\/2.bp.blogspot.com\/_rCm4mArCkLE\/Sb1syx-TYsI\/AAAAAAAABdc\/Y9ZH1qVkir0\/s400\/19grader.jpg","datePublished":"2009-03-15T21:58:00+00:00","dateModified":"2009-03-15T21:58:00+00:00","author":{"@id":"https:\/\/klarafardiga.com\/#\/schema\/person\/0f54ba1da7c4c21dd7411ed3a8e9f8c0"},"breadcrumb":{"@id":"https:\/\/klarafardiga.com\/?p=79#breadcrumb"},"inLanguage":"sv-SE","potentialAction":[{"@type":"ReadAction","target":["https:\/\/klarafardiga.com\/?p=79"]}]},{"@type":"ImageObject","inLanguage":"sv-SE","@id":"https:\/\/klarafardiga.com\/?p=79#primaryimage","url":"http:\/\/2.bp.blogspot.com\/_rCm4mArCkLE\/Sb1syx-TYsI\/AAAAAAAABdc\/Y9ZH1qVkir0\/s400\/19grader.jpg","contentUrl":"http:\/\/2.bp.blogspot.com\/_rCm4mArCkLE\/Sb1syx-TYsI\/AAAAAAAABdc\/Y9ZH1qVkir0\/s400\/19grader.jpg"},{"@type":"BreadcrumbList","@id":"https:\/\/klarafardiga.com\/?p=79#breadcrumb","itemListElement":[{"@type":"ListItem","position":1,"name":"Hem","item":"https:\/\/klarafardiga.com\/"},{"@type":"ListItem","position":2,"name":"V\u00e5ren har kommit, 20 grader varmt&#8230;"}]},{"@type":"WebSite","@id":"https:\/\/klarafardiga.com\/#website","url":"https:\/\/klarafardiga.com\/","name":"Baka med KlaraForm","description":"Recept, tips och nyheter i butiken","potentialAction":[{"@type":"SearchAction","target":{"@type":"EntryPoint","urlTemplate":"https:\/\/klarafardiga.com\/?s={search_term_string}"},"query-input":{"@type":"PropertyValueSpecification","valueRequired":true,"valueName":"search_term_string"}}],"inLanguage":"sv-SE"},{"@type":"Person","@id":"https:\/\/klarafardiga.com\/#\/schema\/person\/0f54ba1da7c4c21dd7411ed3a8e9f8c0","name":"admin","image":{"@type":"ImageObject","inLanguage":"sv-SE","@id":"https:\/\/klarafardiga.com\/#\/schema\/person\/image\/","url":"https:\/\/secure.gravatar.com\/avatar\/356da59eaae0a6e58215761d8e8dabed?s=96&d=mm&r=g","contentUrl":"https:\/\/secure.gravatar.com\/avatar\/356da59eaae0a6e58215761d8e8dabed?s=96&d=mm&r=g","caption":"admin"},"sameAs":["http:\/\/www.klaraform.se"],"url":"https:\/\/klarafardiga.com\/?author=1"}]}},"_links":{"self":[{"href":"https:\/\/klarafardiga.com\/index.php?rest_route=\/wp\/v2\/posts\/79"}],"collection":[{"href":"https:\/\/klarafardiga.com\/index.php?rest_route=\/wp\/v2\/posts"}],"about":[{"href":"https:\/\/klarafardiga.com\/index.php?rest_route=\/wp\/v2\/types\/post"}],"author":[{"embeddable":true,"href":"https:\/\/klarafardiga.com\/index.php?rest_route=\/wp\/v2\/users\/1"}],"replies":[{"embeddable":true,"href":"https:\/\/klarafardiga.com\/index.php?rest_route=%2Fwp%2Fv2%2Fcomments&post=79"}],"version-history":[{"count":0,"href":"https:\/\/klarafardiga.com\/index.php?rest_route=\/wp\/v2\/posts\/79\/revisions"}],"wp:attachment":[{"href":"https:\/\/klarafardiga.com\/index.php?rest_route=%2Fwp%2Fv2%2Fmedia&parent=79"}],"wp:term":[{"taxonomy":"category","embeddable":true,"href":"https:\/\/klarafardiga.com\/index.php?rest_route=%2Fwp%2Fv2%2Fcategories&post=79"},{"taxonomy":"post_tag","embeddable":true,"href":"https:\/\/klarafardiga.com\/index.php?rest_route=%2Fwp%2Fv2%2Ftags&post=79"}],"curies":[{"name":"wp","href":"https:\/\/api.w.org\/{rel}","templated":true}]}}