{"id":77,"date":"2009-03-08T12:48:00","date_gmt":"2009-03-08T11:48:00","guid":{"rendered":"http:\/\/klarafardiga.com\/?p=77"},"modified":"2009-03-08T12:48:00","modified_gmt":"2009-03-08T11:48:00","slug":"7-arskalas","status":"publish","type":"post","link":"https:\/\/klarafardiga.com\/?p=77","title":{"rendered":"7 \u00e5rskalas"},"content":{"rendered":"<p><a href=\"http:\/\/2.bp.blogspot.com\/_rCm4mArCkLE\/SbOi114tD6I\/AAAAAAAABc8\/cje8uXKSdsY\/s1600-h\/7kalas01.jpg\"><img decoding=\"async\" id=\"BLOGGER_PHOTO_ID_5310767431481626530\" style=\"DISPLAY: block; MARGIN: 0px auto 10px; WIDTH: 400px; CURSOR: hand; HEIGHT: 299px; TEXT-ALIGN: center\" alt=\"\" src=\"http:\/\/2.bp.blogspot.com\/_rCm4mArCkLE\/SbOi114tD6I\/AAAAAAAABc8\/cje8uXKSdsY\/s400\/7kalas01.jpg\" border=\"0\" \/><\/a><\/p>\n<div>Ig\u00e5r hade vi kalas f\u00f6r v\u00e5r 7 \u00e5ring. Vi b\u00f6rjade utomhus med pulka\u00e5kning och korvgrillning sedan gick vi inomhus och fikade. Barnen hade disco i k\u00e4llaren, livat v\u00e4rre men skoj \ud83d\ude42 Alla blev n\u00f6jda och bel\u00e5tna, efter festens slut. Barnen var svettiga och rosiga p\u00e5 kinderna som efter ett gympapass. Det \u00e4r &#8221;jobbigt&#8221; med kalas \ud83d\ude42<\/div>\n<div><\/div>\n<div> <\/div>\n<div><a href=\"http:\/\/klarafardiga.blogspot.com\/2009\/03\/tavling-vinn-muffinsformar-favorit-i.html\"><strong>Passa p\u00e5 och t\u00e4vla om muffinsformar!<\/strong><\/a> Vi har dock haft problem med v\u00e5rt webhotell under hela helgen. De har gjort n\u00e5gra uppdateringar och d\u00e5 strejkade v\u00e5r sida. Hoppas, hoppas det funkar nu&#8230; Datakr\u00e5ngel \u00e4r det v\u00e4rsta jag vet, helst n\u00e4r jag inte kan g\u00f6ra n\u00e5got \u00e5t det utan f\u00e5r lov och v\u00e4nta p\u00e5 att andra ska fixa&#8230; Tur att de har support \u00e4ven p\u00e5 helgerna.<\/div>\n<div> <\/div>\n<div><\/div>\n<div>Ha en fortsatt h\u00e4rlig s\u00f6ndag<\/div>\n<div>Kram Helena<\/div>\n","protected":false},"excerpt":{"rendered":"<p>Ig\u00e5r hade vi kalas f\u00f6r v\u00e5r 7 \u00e5ring. Vi b\u00f6rjade utomhus med pulka\u00e5kning och korvgrillning sedan gick vi inomhus och fikade. Barnen hade disco i k\u00e4llaren, livat v\u00e4rre men skoj \ud83d\ude42 Alla blev n\u00f6jda och bel\u00e5tna, efter festens slut. Barnen var svettiga och rosiga p\u00e5 kinderna som efter ett gympapass. Det \u00e4r &#8221;jobbigt&#8221; med kalas \ud83d\ude42 Passa p\u00e5 och t\u00e4vla om muffinsformar! Vi har dock haft problem med v\u00e5rt webhotell under hela helgen. De har gjort n\u00e5gra uppdateringar och d\u00e5 strejkade v\u00e5r sida. Hoppas, hoppas det funkar nu&#8230; Datakr\u00e5ngel \u00e4r det v\u00e4rsta jag vet, helst n\u00e4r jag inte kan g\u00f6ra n\u00e5got \u00e5t det utan f\u00e5r lov och v\u00e4nta p\u00e5 att andra ska fixa&#8230; Tur att de har support \u00e4ven p\u00e5 helgerna. Ha en fortsatt h\u00e4rlig s\u00f6ndag Kram Helena<\/p>\n","protected":false},"author":1,"featured_media":0,"comment_status":"open","ping_status":"open","sticky":false,"template":"","format":"standard","meta":{"footnotes":""},"categories":[8,4],"tags":[],"yoast_head":"<!-- This site is optimized with the Yoast SEO plugin v23.5 - https:\/\/yoast.com\/wordpress\/plugins\/seo\/ -->\n<title>7 \u00e5rskalas - Baka med KlaraForm<\/title>\n<meta name=\"robots\" content=\"index, follow, max-snippet:-1, max-image-preview:large, max-video-preview:-1\" \/>\n<link rel=\"canonical\" href=\"https:\/\/klarafardiga.com\/?p=77\" \/>\n<meta property=\"og:locale\" content=\"sv_SE\" \/>\n<meta property=\"og:type\" content=\"article\" \/>\n<meta property=\"og:title\" content=\"7 \u00e5rskalas - Baka med KlaraForm\" \/>\n<meta property=\"og:description\" content=\"Ig\u00e5r hade vi kalas f\u00f6r v\u00e5r 7 \u00e5ring. Vi b\u00f6rjade utomhus med pulka\u00e5kning och korvgrillning sedan gick vi inomhus och fikade. Barnen hade disco i k\u00e4llaren, livat v\u00e4rre men skoj \ud83d\ude42 Alla blev n\u00f6jda och bel\u00e5tna, efter festens slut. Barnen var svettiga och rosiga p\u00e5 kinderna som efter ett gympapass. Det \u00e4r &#8221;jobbigt&#8221; med kalas \ud83d\ude42 Passa p\u00e5 och t\u00e4vla om muffinsformar! Vi har dock haft problem med v\u00e5rt webhotell under hela helgen. De har gjort n\u00e5gra uppdateringar och d\u00e5 strejkade v\u00e5r sida. Hoppas, hoppas det funkar nu&#8230; Datakr\u00e5ngel \u00e4r det v\u00e4rsta jag vet, helst n\u00e4r jag inte kan g\u00f6ra n\u00e5got \u00e5t det utan f\u00e5r lov och v\u00e4nta p\u00e5 att andra ska fixa&#8230; Tur att de har support \u00e4ven p\u00e5 helgerna. Ha en fortsatt h\u00e4rlig s\u00f6ndag Kram Helena\" \/>\n<meta property=\"og:url\" content=\"https:\/\/klarafardiga.com\/?p=77\" \/>\n<meta property=\"og:site_name\" content=\"Baka med KlaraForm\" \/>\n<meta property=\"article:published_time\" content=\"2009-03-08T11:48:00+00:00\" \/>\n<meta property=\"og:image\" content=\"http:\/\/2.bp.blogspot.com\/_rCm4mArCkLE\/SbOi114tD6I\/AAAAAAAABc8\/cje8uXKSdsY\/s400\/7kalas01.jpg\" \/>\n<meta name=\"author\" content=\"admin\" \/>\n<meta name=\"twitter:card\" content=\"summary_large_image\" \/>\n<meta name=\"twitter:label1\" content=\"Skriven av\" \/>\n\t<meta name=\"twitter:data1\" content=\"admin\" \/>\n\t<meta name=\"twitter:label2\" content=\"Ber\u00e4knad l\u00e4stid\" \/>\n\t<meta name=\"twitter:data2\" content=\"1 minut\" \/>\n<script type=\"application\/ld+json\" class=\"yoast-schema-graph\">{\"@context\":\"https:\/\/schema.org\",\"@graph\":[{\"@type\":\"WebPage\",\"@id\":\"https:\/\/klarafardiga.com\/?p=77\",\"url\":\"https:\/\/klarafardiga.com\/?p=77\",\"name\":\"7 \u00e5rskalas - Baka med KlaraForm\",\"isPartOf\":{\"@id\":\"https:\/\/klarafardiga.com\/#website\"},\"primaryImageOfPage\":{\"@id\":\"https:\/\/klarafardiga.com\/?p=77#primaryimage\"},\"image\":{\"@id\":\"https:\/\/klarafardiga.com\/?p=77#primaryimage\"},\"thumbnailUrl\":\"http:\/\/2.bp.blogspot.com\/_rCm4mArCkLE\/SbOi114tD6I\/AAAAAAAABc8\/cje8uXKSdsY\/s400\/7kalas01.jpg\",\"datePublished\":\"2009-03-08T11:48:00+00:00\",\"dateModified\":\"2009-03-08T11:48:00+00:00\",\"author\":{\"@id\":\"https:\/\/klarafardiga.com\/#\/schema\/person\/0f54ba1da7c4c21dd7411ed3a8e9f8c0\"},\"breadcrumb\":{\"@id\":\"https:\/\/klarafardiga.com\/?p=77#breadcrumb\"},\"inLanguage\":\"sv-SE\",\"potentialAction\":[{\"@type\":\"ReadAction\",\"target\":[\"https:\/\/klarafardiga.com\/?p=77\"]}]},{\"@type\":\"ImageObject\",\"inLanguage\":\"sv-SE\",\"@id\":\"https:\/\/klarafardiga.com\/?p=77#primaryimage\",\"url\":\"http:\/\/2.bp.blogspot.com\/_rCm4mArCkLE\/SbOi114tD6I\/AAAAAAAABc8\/cje8uXKSdsY\/s400\/7kalas01.jpg\",\"contentUrl\":\"http:\/\/2.bp.blogspot.com\/_rCm4mArCkLE\/SbOi114tD6I\/AAAAAAAABc8\/cje8uXKSdsY\/s400\/7kalas01.jpg\"},{\"@type\":\"BreadcrumbList\",\"@id\":\"https:\/\/klarafardiga.com\/?p=77#breadcrumb\",\"itemListElement\":[{\"@type\":\"ListItem\",\"position\":1,\"name\":\"Hem\",\"item\":\"https:\/\/klarafardiga.com\/\"},{\"@type\":\"ListItem\",\"position\":2,\"name\":\"7 \u00e5rskalas\"}]},{\"@type\":\"WebSite\",\"@id\":\"https:\/\/klarafardiga.com\/#website\",\"url\":\"https:\/\/klarafardiga.com\/\",\"name\":\"Baka med KlaraForm\",\"description\":\"Recept, tips och nyheter i butiken\",\"potentialAction\":[{\"@type\":\"SearchAction\",\"target\":{\"@type\":\"EntryPoint\",\"urlTemplate\":\"https:\/\/klarafardiga.com\/?s={search_term_string}\"},\"query-input\":{\"@type\":\"PropertyValueSpecification\",\"valueRequired\":true,\"valueName\":\"search_term_string\"}}],\"inLanguage\":\"sv-SE\"},{\"@type\":\"Person\",\"@id\":\"https:\/\/klarafardiga.com\/#\/schema\/person\/0f54ba1da7c4c21dd7411ed3a8e9f8c0\",\"name\":\"admin\",\"image\":{\"@type\":\"ImageObject\",\"inLanguage\":\"sv-SE\",\"@id\":\"https:\/\/klarafardiga.com\/#\/schema\/person\/image\/\",\"url\":\"https:\/\/secure.gravatar.com\/avatar\/356da59eaae0a6e58215761d8e8dabed?s=96&d=mm&r=g\",\"contentUrl\":\"https:\/\/secure.gravatar.com\/avatar\/356da59eaae0a6e58215761d8e8dabed?s=96&d=mm&r=g\",\"caption\":\"admin\"},\"sameAs\":[\"http:\/\/www.klaraform.se\"],\"url\":\"https:\/\/klarafardiga.com\/?author=1\"}]}<\/script>\n<!-- \/ Yoast SEO plugin. -->","yoast_head_json":{"title":"7 \u00e5rskalas - Baka med KlaraForm","robots":{"index":"index","follow":"follow","max-snippet":"max-snippet:-1","max-image-preview":"max-image-preview:large","max-video-preview":"max-video-preview:-1"},"canonical":"https:\/\/klarafardiga.com\/?p=77","og_locale":"sv_SE","og_type":"article","og_title":"7 \u00e5rskalas - Baka med KlaraForm","og_description":"Ig\u00e5r hade vi kalas f\u00f6r v\u00e5r 7 \u00e5ring. Vi b\u00f6rjade utomhus med pulka\u00e5kning och korvgrillning sedan gick vi inomhus och fikade. Barnen hade disco i k\u00e4llaren, livat v\u00e4rre men skoj \ud83d\ude42 Alla blev n\u00f6jda och bel\u00e5tna, efter festens slut. Barnen var svettiga och rosiga p\u00e5 kinderna som efter ett gympapass. Det \u00e4r &#8221;jobbigt&#8221; med kalas \ud83d\ude42 Passa p\u00e5 och t\u00e4vla om muffinsformar! Vi har dock haft problem med v\u00e5rt webhotell under hela helgen. De har gjort n\u00e5gra uppdateringar och d\u00e5 strejkade v\u00e5r sida. Hoppas, hoppas det funkar nu&#8230; Datakr\u00e5ngel \u00e4r det v\u00e4rsta jag vet, helst n\u00e4r jag inte kan g\u00f6ra n\u00e5got \u00e5t det utan f\u00e5r lov och v\u00e4nta p\u00e5 att andra ska fixa&#8230; Tur att de har support \u00e4ven p\u00e5 helgerna. Ha en fortsatt h\u00e4rlig s\u00f6ndag Kram Helena","og_url":"https:\/\/klarafardiga.com\/?p=77","og_site_name":"Baka med KlaraForm","article_published_time":"2009-03-08T11:48:00+00:00","og_image":[{"url":"http:\/\/2.bp.blogspot.com\/_rCm4mArCkLE\/SbOi114tD6I\/AAAAAAAABc8\/cje8uXKSdsY\/s400\/7kalas01.jpg"}],"author":"admin","twitter_card":"summary_large_image","twitter_misc":{"Skriven av":"admin","Ber\u00e4knad l\u00e4stid":"1 minut"},"schema":{"@context":"https:\/\/schema.org","@graph":[{"@type":"WebPage","@id":"https:\/\/klarafardiga.com\/?p=77","url":"https:\/\/klarafardiga.com\/?p=77","name":"7 \u00e5rskalas - Baka med KlaraForm","isPartOf":{"@id":"https:\/\/klarafardiga.com\/#website"},"primaryImageOfPage":{"@id":"https:\/\/klarafardiga.com\/?p=77#primaryimage"},"image":{"@id":"https:\/\/klarafardiga.com\/?p=77#primaryimage"},"thumbnailUrl":"http:\/\/2.bp.blogspot.com\/_rCm4mArCkLE\/SbOi114tD6I\/AAAAAAAABc8\/cje8uXKSdsY\/s400\/7kalas01.jpg","datePublished":"2009-03-08T11:48:00+00:00","dateModified":"2009-03-08T11:48:00+00:00","author":{"@id":"https:\/\/klarafardiga.com\/#\/schema\/person\/0f54ba1da7c4c21dd7411ed3a8e9f8c0"},"breadcrumb":{"@id":"https:\/\/klarafardiga.com\/?p=77#breadcrumb"},"inLanguage":"sv-SE","potentialAction":[{"@type":"ReadAction","target":["https:\/\/klarafardiga.com\/?p=77"]}]},{"@type":"ImageObject","inLanguage":"sv-SE","@id":"https:\/\/klarafardiga.com\/?p=77#primaryimage","url":"http:\/\/2.bp.blogspot.com\/_rCm4mArCkLE\/SbOi114tD6I\/AAAAAAAABc8\/cje8uXKSdsY\/s400\/7kalas01.jpg","contentUrl":"http:\/\/2.bp.blogspot.com\/_rCm4mArCkLE\/SbOi114tD6I\/AAAAAAAABc8\/cje8uXKSdsY\/s400\/7kalas01.jpg"},{"@type":"BreadcrumbList","@id":"https:\/\/klarafardiga.com\/?p=77#breadcrumb","itemListElement":[{"@type":"ListItem","position":1,"name":"Hem","item":"https:\/\/klarafardiga.com\/"},{"@type":"ListItem","position":2,"name":"7 \u00e5rskalas"}]},{"@type":"WebSite","@id":"https:\/\/klarafardiga.com\/#website","url":"https:\/\/klarafardiga.com\/","name":"Baka med KlaraForm","description":"Recept, tips och nyheter i butiken","potentialAction":[{"@type":"SearchAction","target":{"@type":"EntryPoint","urlTemplate":"https:\/\/klarafardiga.com\/?s={search_term_string}"},"query-input":{"@type":"PropertyValueSpecification","valueRequired":true,"valueName":"search_term_string"}}],"inLanguage":"sv-SE"},{"@type":"Person","@id":"https:\/\/klarafardiga.com\/#\/schema\/person\/0f54ba1da7c4c21dd7411ed3a8e9f8c0","name":"admin","image":{"@type":"ImageObject","inLanguage":"sv-SE","@id":"https:\/\/klarafardiga.com\/#\/schema\/person\/image\/","url":"https:\/\/secure.gravatar.com\/avatar\/356da59eaae0a6e58215761d8e8dabed?s=96&d=mm&r=g","contentUrl":"https:\/\/secure.gravatar.com\/avatar\/356da59eaae0a6e58215761d8e8dabed?s=96&d=mm&r=g","caption":"admin"},"sameAs":["http:\/\/www.klaraform.se"],"url":"https:\/\/klarafardiga.com\/?author=1"}]}},"_links":{"self":[{"href":"https:\/\/klarafardiga.com\/index.php?rest_route=\/wp\/v2\/posts\/77"}],"collection":[{"href":"https:\/\/klarafardiga.com\/index.php?rest_route=\/wp\/v2\/posts"}],"about":[{"href":"https:\/\/klarafardiga.com\/index.php?rest_route=\/wp\/v2\/types\/post"}],"author":[{"embeddable":true,"href":"https:\/\/klarafardiga.com\/index.php?rest_route=\/wp\/v2\/users\/1"}],"replies":[{"embeddable":true,"href":"https:\/\/klarafardiga.com\/index.php?rest_route=%2Fwp%2Fv2%2Fcomments&post=77"}],"version-history":[{"count":0,"href":"https:\/\/klarafardiga.com\/index.php?rest_route=\/wp\/v2\/posts\/77\/revisions"}],"wp:attachment":[{"href":"https:\/\/klarafardiga.com\/index.php?rest_route=%2Fwp%2Fv2%2Fmedia&parent=77"}],"wp:term":[{"taxonomy":"category","embeddable":true,"href":"https:\/\/klarafardiga.com\/index.php?rest_route=%2Fwp%2Fv2%2Fcategories&post=77"},{"taxonomy":"post_tag","embeddable":true,"href":"https:\/\/klarafardiga.com\/index.php?rest_route=%2Fwp%2Fv2%2Ftags&post=77"}],"curies":[{"name":"wp","href":"https:\/\/api.w.org\/{rel}","templated":true}]}}