{"id":76,"date":"2009-03-01T23:13:00","date_gmt":"2009-03-01T22:13:00","guid":{"rendered":"http:\/\/klarafardiga.com\/?p=76"},"modified":"2009-03-01T23:13:00","modified_gmt":"2009-03-01T22:13:00","slug":"tavling-vinn-muffinsformar-favorit-i-repris","status":"publish","type":"post","link":"https:\/\/klarafardiga.com\/?p=76","title":{"rendered":"T\u00e4vling &#8211; vinn muffinsformar, favorit i repris&#8230;"},"content":{"rendered":"<p>Favorit i repris \ud83d\ude42 Dags igen att t\u00e4vla om lite muffinsformar.<\/p>\n<div><\/div>\n<p><\/p>\n<div>Idag firar jag att <a href=\"http:\/\/www.klarafardiga.com\/\"><strong>webbutiken<\/strong> <\/a>fyller 4 \u00e5r. Oj, vad tiden g\u00e5r. Butiksnamnet <strong><a href=\"http:\/\/www.klarafardiga.com\/\">Klara f\u00e4rdiga g\u00e5<\/a><\/strong> kommer fr\u00e5n min dotter Klara som var <em>&#8221;f\u00e4rdig \u00e5 g\u00e5&#8221;.<\/em> 11 m\u00e5nader var t\u00f6sen n\u00e4r hon tog sina f\u00f6rsta steg. <a href=\"http:\/\/www.klarafardiga.com\/\"><strong>Klara f\u00e4rdiga g\u00e5<\/strong> <\/a>var bara arbetsnamnet n\u00e4r jag h\u00f6ll p\u00e5 att starta upp butiken, jag har total fantasibrist n\u00e4r det g\u00e4ller namn. S\u00e5 mina barn har tur som heter n\u00e5got *fniss*. <\/div>\n<p><\/p>\n<div>Du chansen att vinna 3 olika muffins\/cupcakeformar fr\u00e5n <a href=\"http:\/\/www.klarafardiga.com\/\"><strong>Klara f\u00e4rdiga g\u00e5<\/strong><\/a><strong>.<\/strong> T\u00e4vlingsregler: L\u00e4mna en kommentar h\u00e4r d\u00e4r du skriver vilka 3 f\u00e4rger du skulle vilja ha samt en kort motivering varf\u00f6r just du vill vinna. Har du en egen blogg har du m\u00f6jlighet att f\u00e5 en extra r\u00f6st genom att skriva n\u00e5gra rader och tipsa om t\u00e4vlingen. L\u00e5na g\u00e4rna bilden och texten nedan med l\u00e4nk b\u00e5de till t\u00e4vlingen samt till butiken. D\u00e5 r\u00e4knas din medverkan x 2. Gl\u00f6m inte att skriva i din kommentar h\u00e4r att du tipsat i din blogg. T\u00e4vlingen avslutas den 15 mars 24:00. Har du ingen egen blogg s\u00e5 kan du ocks\u00e5 vara med, gl\u00f6m inte att skriva din mailadress.<\/div>\n<p><\/p>\n<div><\/div>\n<p><\/p>\n<div><\/div>\n<p><img decoding=\"async\" id=\"BLOGGER_PHOTO_ID_5308333666837990738\" style=\"DISPLAY: block; MARGIN: 0px auto 10px; WIDTH: 400px; CURSOR: hand; HEIGHT: 242px; TEXT-ALIGN: center\" alt=\"\" src=\"http:\/\/1.bp.blogspot.com\/_rCm4mArCkLE\/Sar9WGEgDVI\/AAAAAAAABcs\/ux__Sk8Kaz4\/s400\/tavla_bakformar.jpg\" border=\"0\" \/><\/p>\n<div><\/div>\n<p><\/p>\n<div align=\"center\">Kika in till <a href=\"http:\/\/www.klarafardiga.blogspot.com\/\"><strong>Hemma hos Klara<\/strong> <\/a>d\u00e4r kan du t\u00e4vla om bakformar fr\u00e5n butiken <a href=\"http:\/\/www.klarafardiga.com\/\"><strong>http:\/\/www.klarafardiga.com\/<\/strong><\/a><\/div>\n<p><\/p>\n<div align=\"center\"><\/div>\n<p><\/p>\n<div align=\"center\">Lycka till och ha en h\u00e4rlig vecka!<\/div>\n<p><\/p>\n<div align=\"center\">Kram Helena<\/div>\n","protected":false},"excerpt":{"rendered":"<p>Favorit i repris \ud83d\ude42 Dags igen att t\u00e4vla om lite muffinsformar. Idag firar jag att webbutiken fyller 4 \u00e5r. Oj, vad tiden g\u00e5r. Butiksnamnet Klara f\u00e4rdiga g\u00e5 kommer fr\u00e5n min dotter Klara som var &#8221;f\u00e4rdig \u00e5 g\u00e5&#8221;. 11 m\u00e5nader var t\u00f6sen n\u00e4r hon tog sina f\u00f6rsta steg. Klara f\u00e4rdiga g\u00e5 var bara arbetsnamnet n\u00e4r jag h\u00f6ll p\u00e5 att starta upp butiken, jag har total fantasibrist n\u00e4r det g\u00e4ller namn. S\u00e5 mina barn har tur som heter n\u00e5got *fniss*. Du chansen att vinna 3 olika muffins\/cupcakeformar fr\u00e5n Klara f\u00e4rdiga g\u00e5. T\u00e4vlingsregler: L\u00e4mna en kommentar h\u00e4r d\u00e4r du skriver vilka 3 f\u00e4rger du skulle vilja ha samt en kort motivering varf\u00f6r just du vill vinna. Har du en egen blogg har du m\u00f6jlighet att f\u00e5 en extra r\u00f6st genom att skriva n\u00e5gra rader och tipsa om t\u00e4vlingen. L\u00e5na g\u00e4rna bilden och texten nedan med l\u00e4nk b\u00e5de till t\u00e4vlingen samt till butiken. D\u00e5 r\u00e4knas din medverkan x 2. Gl\u00f6m inte att skriva i din kommentar h\u00e4r att du tipsat i din blogg. T\u00e4vlingen avslutas den 15 mars 24:00. Har du ingen egen blogg s\u00e5 kan du ocks\u00e5 vara med, gl\u00f6m inte att skriva din mailadress. Kika in till Hemma hos Klara d\u00e4r kan du t\u00e4vla om bakformar fr\u00e5n butiken http:\/\/www.klarafardiga.com\/ Lycka till och ha en h\u00e4rlig vecka! Kram Helena<\/p>\n","protected":false},"author":1,"featured_media":0,"comment_status":"open","ping_status":"open","sticky":false,"template":"","format":"standard","meta":{"footnotes":""},"categories":[8,11],"tags":[],"yoast_head":"<!-- This site is optimized with the Yoast SEO plugin v23.5 - https:\/\/yoast.com\/wordpress\/plugins\/seo\/ -->\n<title>T\u00e4vling - vinn muffinsformar, favorit i repris... - Baka med KlaraForm<\/title>\n<meta name=\"robots\" content=\"index, follow, max-snippet:-1, max-image-preview:large, max-video-preview:-1\" \/>\n<link rel=\"canonical\" href=\"https:\/\/klarafardiga.com\/?p=76\" \/>\n<meta property=\"og:locale\" content=\"sv_SE\" \/>\n<meta property=\"og:type\" content=\"article\" \/>\n<meta property=\"og:title\" content=\"T\u00e4vling - vinn muffinsformar, favorit i repris... - Baka med KlaraForm\" \/>\n<meta property=\"og:description\" content=\"Favorit i repris \ud83d\ude42 Dags igen att t\u00e4vla om lite muffinsformar. Idag firar jag att webbutiken fyller 4 \u00e5r. Oj, vad tiden g\u00e5r. Butiksnamnet Klara f\u00e4rdiga g\u00e5 kommer fr\u00e5n min dotter Klara som var &#8221;f\u00e4rdig \u00e5 g\u00e5&#8221;. 11 m\u00e5nader var t\u00f6sen n\u00e4r hon tog sina f\u00f6rsta steg. Klara f\u00e4rdiga g\u00e5 var bara arbetsnamnet n\u00e4r jag h\u00f6ll p\u00e5 att starta upp butiken, jag har total fantasibrist n\u00e4r det g\u00e4ller namn. S\u00e5 mina barn har tur som heter n\u00e5got *fniss*. Du chansen att vinna 3 olika muffins\/cupcakeformar fr\u00e5n Klara f\u00e4rdiga g\u00e5. T\u00e4vlingsregler: L\u00e4mna en kommentar h\u00e4r d\u00e4r du skriver vilka 3 f\u00e4rger du skulle vilja ha samt en kort motivering varf\u00f6r just du vill vinna. Har du en egen blogg har du m\u00f6jlighet att f\u00e5 en extra r\u00f6st genom att skriva n\u00e5gra rader och tipsa om t\u00e4vlingen. L\u00e5na g\u00e4rna bilden och texten nedan med l\u00e4nk b\u00e5de till t\u00e4vlingen samt till butiken. D\u00e5 r\u00e4knas din medverkan x 2. Gl\u00f6m inte att skriva i din kommentar h\u00e4r att du tipsat i din blogg. T\u00e4vlingen avslutas den 15 mars 24:00. Har du ingen egen blogg s\u00e5 kan du ocks\u00e5 vara med, gl\u00f6m inte att skriva din mailadress. Kika in till Hemma hos Klara d\u00e4r kan du t\u00e4vla om bakformar fr\u00e5n butiken http:\/\/www.klarafardiga.com\/ Lycka till och ha en h\u00e4rlig vecka! Kram Helena\" \/>\n<meta property=\"og:url\" content=\"https:\/\/klarafardiga.com\/?p=76\" \/>\n<meta property=\"og:site_name\" content=\"Baka med KlaraForm\" \/>\n<meta property=\"article:published_time\" content=\"2009-03-01T22:13:00+00:00\" \/>\n<meta property=\"og:image\" content=\"http:\/\/1.bp.blogspot.com\/_rCm4mArCkLE\/Sar9WGEgDVI\/AAAAAAAABcs\/ux__Sk8Kaz4\/s400\/tavla_bakformar.jpg\" \/>\n<meta name=\"author\" content=\"admin\" \/>\n<meta name=\"twitter:card\" content=\"summary_large_image\" \/>\n<meta name=\"twitter:label1\" content=\"Skriven av\" \/>\n\t<meta name=\"twitter:data1\" content=\"admin\" \/>\n\t<meta name=\"twitter:label2\" content=\"Ber\u00e4knad l\u00e4stid\" \/>\n\t<meta name=\"twitter:data2\" content=\"1 minut\" \/>\n<script type=\"application\/ld+json\" class=\"yoast-schema-graph\">{\"@context\":\"https:\/\/schema.org\",\"@graph\":[{\"@type\":\"WebPage\",\"@id\":\"https:\/\/klarafardiga.com\/?p=76\",\"url\":\"https:\/\/klarafardiga.com\/?p=76\",\"name\":\"T\u00e4vling - vinn muffinsformar, favorit i repris... - Baka med KlaraForm\",\"isPartOf\":{\"@id\":\"https:\/\/klarafardiga.com\/#website\"},\"primaryImageOfPage\":{\"@id\":\"https:\/\/klarafardiga.com\/?p=76#primaryimage\"},\"image\":{\"@id\":\"https:\/\/klarafardiga.com\/?p=76#primaryimage\"},\"thumbnailUrl\":\"http:\/\/1.bp.blogspot.com\/_rCm4mArCkLE\/Sar9WGEgDVI\/AAAAAAAABcs\/ux__Sk8Kaz4\/s400\/tavla_bakformar.jpg\",\"datePublished\":\"2009-03-01T22:13:00+00:00\",\"dateModified\":\"2009-03-01T22:13:00+00:00\",\"author\":{\"@id\":\"https:\/\/klarafardiga.com\/#\/schema\/person\/0f54ba1da7c4c21dd7411ed3a8e9f8c0\"},\"breadcrumb\":{\"@id\":\"https:\/\/klarafardiga.com\/?p=76#breadcrumb\"},\"inLanguage\":\"sv-SE\",\"potentialAction\":[{\"@type\":\"ReadAction\",\"target\":[\"https:\/\/klarafardiga.com\/?p=76\"]}]},{\"@type\":\"ImageObject\",\"inLanguage\":\"sv-SE\",\"@id\":\"https:\/\/klarafardiga.com\/?p=76#primaryimage\",\"url\":\"http:\/\/1.bp.blogspot.com\/_rCm4mArCkLE\/Sar9WGEgDVI\/AAAAAAAABcs\/ux__Sk8Kaz4\/s400\/tavla_bakformar.jpg\",\"contentUrl\":\"http:\/\/1.bp.blogspot.com\/_rCm4mArCkLE\/Sar9WGEgDVI\/AAAAAAAABcs\/ux__Sk8Kaz4\/s400\/tavla_bakformar.jpg\"},{\"@type\":\"BreadcrumbList\",\"@id\":\"https:\/\/klarafardiga.com\/?p=76#breadcrumb\",\"itemListElement\":[{\"@type\":\"ListItem\",\"position\":1,\"name\":\"Hem\",\"item\":\"https:\/\/klarafardiga.com\/\"},{\"@type\":\"ListItem\",\"position\":2,\"name\":\"T\u00e4vling &#8211; vinn muffinsformar, favorit i repris&#8230;\"}]},{\"@type\":\"WebSite\",\"@id\":\"https:\/\/klarafardiga.com\/#website\",\"url\":\"https:\/\/klarafardiga.com\/\",\"name\":\"Baka med KlaraForm\",\"description\":\"Recept, tips och nyheter i butiken\",\"potentialAction\":[{\"@type\":\"SearchAction\",\"target\":{\"@type\":\"EntryPoint\",\"urlTemplate\":\"https:\/\/klarafardiga.com\/?s={search_term_string}\"},\"query-input\":{\"@type\":\"PropertyValueSpecification\",\"valueRequired\":true,\"valueName\":\"search_term_string\"}}],\"inLanguage\":\"sv-SE\"},{\"@type\":\"Person\",\"@id\":\"https:\/\/klarafardiga.com\/#\/schema\/person\/0f54ba1da7c4c21dd7411ed3a8e9f8c0\",\"name\":\"admin\",\"image\":{\"@type\":\"ImageObject\",\"inLanguage\":\"sv-SE\",\"@id\":\"https:\/\/klarafardiga.com\/#\/schema\/person\/image\/\",\"url\":\"https:\/\/secure.gravatar.com\/avatar\/356da59eaae0a6e58215761d8e8dabed?s=96&d=mm&r=g\",\"contentUrl\":\"https:\/\/secure.gravatar.com\/avatar\/356da59eaae0a6e58215761d8e8dabed?s=96&d=mm&r=g\",\"caption\":\"admin\"},\"sameAs\":[\"http:\/\/www.klaraform.se\"],\"url\":\"https:\/\/klarafardiga.com\/?author=1\"}]}<\/script>\n<!-- \/ Yoast SEO plugin. -->","yoast_head_json":{"title":"T\u00e4vling - vinn muffinsformar, favorit i repris... - Baka med KlaraForm","robots":{"index":"index","follow":"follow","max-snippet":"max-snippet:-1","max-image-preview":"max-image-preview:large","max-video-preview":"max-video-preview:-1"},"canonical":"https:\/\/klarafardiga.com\/?p=76","og_locale":"sv_SE","og_type":"article","og_title":"T\u00e4vling - vinn muffinsformar, favorit i repris... - Baka med KlaraForm","og_description":"Favorit i repris \ud83d\ude42 Dags igen att t\u00e4vla om lite muffinsformar. Idag firar jag att webbutiken fyller 4 \u00e5r. Oj, vad tiden g\u00e5r. Butiksnamnet Klara f\u00e4rdiga g\u00e5 kommer fr\u00e5n min dotter Klara som var &#8221;f\u00e4rdig \u00e5 g\u00e5&#8221;. 11 m\u00e5nader var t\u00f6sen n\u00e4r hon tog sina f\u00f6rsta steg. Klara f\u00e4rdiga g\u00e5 var bara arbetsnamnet n\u00e4r jag h\u00f6ll p\u00e5 att starta upp butiken, jag har total fantasibrist n\u00e4r det g\u00e4ller namn. S\u00e5 mina barn har tur som heter n\u00e5got *fniss*. Du chansen att vinna 3 olika muffins\/cupcakeformar fr\u00e5n Klara f\u00e4rdiga g\u00e5. T\u00e4vlingsregler: L\u00e4mna en kommentar h\u00e4r d\u00e4r du skriver vilka 3 f\u00e4rger du skulle vilja ha samt en kort motivering varf\u00f6r just du vill vinna. Har du en egen blogg har du m\u00f6jlighet att f\u00e5 en extra r\u00f6st genom att skriva n\u00e5gra rader och tipsa om t\u00e4vlingen. L\u00e5na g\u00e4rna bilden och texten nedan med l\u00e4nk b\u00e5de till t\u00e4vlingen samt till butiken. D\u00e5 r\u00e4knas din medverkan x 2. Gl\u00f6m inte att skriva i din kommentar h\u00e4r att du tipsat i din blogg. T\u00e4vlingen avslutas den 15 mars 24:00. Har du ingen egen blogg s\u00e5 kan du ocks\u00e5 vara med, gl\u00f6m inte att skriva din mailadress. Kika in till Hemma hos Klara d\u00e4r kan du t\u00e4vla om bakformar fr\u00e5n butiken http:\/\/www.klarafardiga.com\/ Lycka till och ha en h\u00e4rlig vecka! Kram Helena","og_url":"https:\/\/klarafardiga.com\/?p=76","og_site_name":"Baka med KlaraForm","article_published_time":"2009-03-01T22:13:00+00:00","og_image":[{"url":"http:\/\/1.bp.blogspot.com\/_rCm4mArCkLE\/Sar9WGEgDVI\/AAAAAAAABcs\/ux__Sk8Kaz4\/s400\/tavla_bakformar.jpg"}],"author":"admin","twitter_card":"summary_large_image","twitter_misc":{"Skriven av":"admin","Ber\u00e4knad l\u00e4stid":"1 minut"},"schema":{"@context":"https:\/\/schema.org","@graph":[{"@type":"WebPage","@id":"https:\/\/klarafardiga.com\/?p=76","url":"https:\/\/klarafardiga.com\/?p=76","name":"T\u00e4vling - vinn muffinsformar, favorit i repris... - Baka med KlaraForm","isPartOf":{"@id":"https:\/\/klarafardiga.com\/#website"},"primaryImageOfPage":{"@id":"https:\/\/klarafardiga.com\/?p=76#primaryimage"},"image":{"@id":"https:\/\/klarafardiga.com\/?p=76#primaryimage"},"thumbnailUrl":"http:\/\/1.bp.blogspot.com\/_rCm4mArCkLE\/Sar9WGEgDVI\/AAAAAAAABcs\/ux__Sk8Kaz4\/s400\/tavla_bakformar.jpg","datePublished":"2009-03-01T22:13:00+00:00","dateModified":"2009-03-01T22:13:00+00:00","author":{"@id":"https:\/\/klarafardiga.com\/#\/schema\/person\/0f54ba1da7c4c21dd7411ed3a8e9f8c0"},"breadcrumb":{"@id":"https:\/\/klarafardiga.com\/?p=76#breadcrumb"},"inLanguage":"sv-SE","potentialAction":[{"@type":"ReadAction","target":["https:\/\/klarafardiga.com\/?p=76"]}]},{"@type":"ImageObject","inLanguage":"sv-SE","@id":"https:\/\/klarafardiga.com\/?p=76#primaryimage","url":"http:\/\/1.bp.blogspot.com\/_rCm4mArCkLE\/Sar9WGEgDVI\/AAAAAAAABcs\/ux__Sk8Kaz4\/s400\/tavla_bakformar.jpg","contentUrl":"http:\/\/1.bp.blogspot.com\/_rCm4mArCkLE\/Sar9WGEgDVI\/AAAAAAAABcs\/ux__Sk8Kaz4\/s400\/tavla_bakformar.jpg"},{"@type":"BreadcrumbList","@id":"https:\/\/klarafardiga.com\/?p=76#breadcrumb","itemListElement":[{"@type":"ListItem","position":1,"name":"Hem","item":"https:\/\/klarafardiga.com\/"},{"@type":"ListItem","position":2,"name":"T\u00e4vling &#8211; vinn muffinsformar, favorit i repris&#8230;"}]},{"@type":"WebSite","@id":"https:\/\/klarafardiga.com\/#website","url":"https:\/\/klarafardiga.com\/","name":"Baka med KlaraForm","description":"Recept, tips och nyheter i butiken","potentialAction":[{"@type":"SearchAction","target":{"@type":"EntryPoint","urlTemplate":"https:\/\/klarafardiga.com\/?s={search_term_string}"},"query-input":{"@type":"PropertyValueSpecification","valueRequired":true,"valueName":"search_term_string"}}],"inLanguage":"sv-SE"},{"@type":"Person","@id":"https:\/\/klarafardiga.com\/#\/schema\/person\/0f54ba1da7c4c21dd7411ed3a8e9f8c0","name":"admin","image":{"@type":"ImageObject","inLanguage":"sv-SE","@id":"https:\/\/klarafardiga.com\/#\/schema\/person\/image\/","url":"https:\/\/secure.gravatar.com\/avatar\/356da59eaae0a6e58215761d8e8dabed?s=96&d=mm&r=g","contentUrl":"https:\/\/secure.gravatar.com\/avatar\/356da59eaae0a6e58215761d8e8dabed?s=96&d=mm&r=g","caption":"admin"},"sameAs":["http:\/\/www.klaraform.se"],"url":"https:\/\/klarafardiga.com\/?author=1"}]}},"_links":{"self":[{"href":"https:\/\/klarafardiga.com\/index.php?rest_route=\/wp\/v2\/posts\/76"}],"collection":[{"href":"https:\/\/klarafardiga.com\/index.php?rest_route=\/wp\/v2\/posts"}],"about":[{"href":"https:\/\/klarafardiga.com\/index.php?rest_route=\/wp\/v2\/types\/post"}],"author":[{"embeddable":true,"href":"https:\/\/klarafardiga.com\/index.php?rest_route=\/wp\/v2\/users\/1"}],"replies":[{"embeddable":true,"href":"https:\/\/klarafardiga.com\/index.php?rest_route=%2Fwp%2Fv2%2Fcomments&post=76"}],"version-history":[{"count":0,"href":"https:\/\/klarafardiga.com\/index.php?rest_route=\/wp\/v2\/posts\/76\/revisions"}],"wp:attachment":[{"href":"https:\/\/klarafardiga.com\/index.php?rest_route=%2Fwp%2Fv2%2Fmedia&parent=76"}],"wp:term":[{"taxonomy":"category","embeddable":true,"href":"https:\/\/klarafardiga.com\/index.php?rest_route=%2Fwp%2Fv2%2Fcategories&post=76"},{"taxonomy":"post_tag","embeddable":true,"href":"https:\/\/klarafardiga.com\/index.php?rest_route=%2Fwp%2Fv2%2Ftags&post=76"}],"curies":[{"name":"wp","href":"https:\/\/api.w.org\/{rel}","templated":true}]}}