{"id":75,"date":"2009-02-27T23:28:00","date_gmt":"2009-02-27T22:28:00","guid":{"rendered":"http:\/\/klarafardiga.com\/?p=75"},"modified":"2009-02-27T23:28:00","modified_gmt":"2009-02-27T22:28:00","slug":"nar-vintern-ar-som-bast","status":"publish","type":"post","link":"https:\/\/klarafardiga.com\/?p=75","title":{"rendered":"N\u00e4r vintern \u00e4r som b\u00e4st&#8230;"},"content":{"rendered":"<p>Idag var vi ute p\u00e5 en l\u00e5ngtur till <a href=\"http:\/\/www.skidspar.se\/index.php?option=com_skidspar&amp;Itemid=99&amp;id=543\"><strong>Gyllbergen<\/strong> <\/a>ca 20 min bilf\u00e4rd fr\u00e5n oss. Ett riktigt skidparadis med massor av sn\u00f6. H\u00e4r \u00e5kte jag mycket sj\u00e4lv som barn. En s\u00f6ndagstur p\u00e5 ca 3 mil gjorde vi l\u00e4tt men idag blev det inte riktigt s\u00e5 l\u00e5ngt n\u00e4r b\u00e5da barnen var med. Ja, bilderna talar v\u00e4l f\u00f6r sig sj\u00e4lv&#8230;<\/p>\n<div>\n<div><img decoding=\"async\" id=\"BLOGGER_PHOTO_ID_5307592571826561522\" style=\"DISPLAY: block; MARGIN: 0px auto 10px; WIDTH: 400px; CURSOR: hand; HEIGHT: 300px; TEXT-ALIGN: center\" alt=\"\" src=\"http:\/\/2.bp.blogspot.com\/_rCm4mArCkLE\/SahbUsA5YfI\/AAAAAAAABcM\/dHQAZmoOGfA\/s400\/gyllbergen_05.jpg\" border=\"0\" \/><img decoding=\"async\" id=\"BLOGGER_PHOTO_ID_5307592583879710034\" style=\"DISPLAY: block; MARGIN: 0px auto 10px; WIDTH: 400px; CURSOR: hand; HEIGHT: 300px; TEXT-ALIGN: center\" alt=\"\" src=\"http:\/\/1.bp.blogspot.com\/_rCm4mArCkLE\/SahbVY6l1VI\/AAAAAAAABcc\/_4Gk100022A\/s400\/gyllbergen_07.jpg\" border=\"0\" \/><em>&#8221;Vid Gylle f\u00e4bod st\u00e5r tallar som \u00e4r 250 \u00e5r gamla. Tidigare fanns grov timmerskog \u00e4nda upp p\u00e5 Gyllbergets h\u00f6gsta h\u00f6jder, men i mitten av 1800-talet kalh\u00f6ggs omr\u00e5det och h\u00f6jdl\u00e4get p\u00e5 n\u00e4stan 500 meter \u00f6ver havet har gjort att ny skog har haft sv\u00e5r att v\u00e4xa upp. Idag liknar naturen med sina f\u00f6rkrympa bj\u00f6rkar ist\u00e4llet l\u00e5gfj\u00e4llsterr\u00e4ng&#8230;&#8221; <span style=\"font-size:78%;\">K\u00e4lla:www.borlange.se<\/span> <\/em><\/div>\n<div><em><br \/><\/em><img decoding=\"async\" id=\"BLOGGER_PHOTO_ID_5307592574458871842\" style=\"DISPLAY: block; MARGIN: 0px auto 10px; WIDTH: 400px; CURSOR: hand; HEIGHT: 300px; TEXT-ALIGN: center\" alt=\"\" src=\"http:\/\/1.bp.blogspot.com\/_rCm4mArCkLE\/SahbU10fQCI\/AAAAAAAABcU\/QFiU9JqdZlM\/s400\/gyllbergen_06.jpg\" border=\"0\" \/><\/p>\n<div><a href=\"http:\/\/2.bp.blogspot.com\/_rCm4mArCkLE\/SahbUJ_zllI\/AAAAAAAABcE\/2dj9r_QjvHo\/s1600-h\/gyllbergen_04.jpg\"><img decoding=\"async\" id=\"BLOGGER_PHOTO_ID_5307592562695181906\" style=\"DISPLAY: block; MARGIN: 0px auto 10px; WIDTH: 400px; CURSOR: hand; HEIGHT: 300px; TEXT-ALIGN: center\" alt=\"\" src=\"http:\/\/2.bp.blogspot.com\/_rCm4mArCkLE\/SahbUJ_zllI\/AAAAAAAABcE\/2dj9r_QjvHo\/s400\/gyllbergen_04.jpg\" border=\"0\" \/><\/a> Dottern fotograferade sin mats\u00e4ck. Varm choklad och leverpastejssm\u00f6rg\u00e5s.<\/div>\n<div> <\/div>\n<div><img decoding=\"async\" id=\"BLOGGER_PHOTO_ID_5307592558589343746\" style=\"DISPLAY: block; MARGIN: 0px auto 10px; WIDTH: 400px; CURSOR: hand; HEIGHT: 300px; TEXT-ALIGN: center\" alt=\"\" src=\"http:\/\/3.bp.blogspot.com\/_rCm4mArCkLE\/SahbT6s5eAI\/AAAAAAAABb8\/cOyHXvAdjJ4\/s400\/gyllbergen_03.jpg\" border=\"0\" \/><\/div>\n<div>Pension\u00e4rsleden *hi, hi* den tog vi, passar perfekt f\u00f6r barnen \ud83d\ude42<\/div>\n<div> <\/div>\n<div>Ha en h\u00e4rlig helg!<\/div>\n<div>Kram Helena<\/div>\n<\/div>\n<\/div>\n","protected":false},"excerpt":{"rendered":"<p>Idag var vi ute p\u00e5 en l\u00e5ngtur till Gyllbergen ca 20 min bilf\u00e4rd fr\u00e5n oss. Ett riktigt skidparadis med massor av sn\u00f6. H\u00e4r \u00e5kte jag mycket sj\u00e4lv som barn. En s\u00f6ndagstur p\u00e5 ca 3 mil gjorde vi l\u00e4tt men idag blev det inte riktigt s\u00e5 l\u00e5ngt n\u00e4r b\u00e5da barnen var med. Ja, bilderna talar v\u00e4l f\u00f6r sig sj\u00e4lv&#8230; &#8221;Vid Gylle f\u00e4bod st\u00e5r tallar som \u00e4r 250 \u00e5r gamla. Tidigare fanns grov timmerskog \u00e4nda upp p\u00e5 Gyllbergets h\u00f6gsta h\u00f6jder, men i mitten av 1800-talet kalh\u00f6ggs omr\u00e5det och h\u00f6jdl\u00e4get p\u00e5 n\u00e4stan 500 meter \u00f6ver havet har gjort att ny skog har haft sv\u00e5r att v\u00e4xa upp. Idag liknar naturen med sina f\u00f6rkrympa bj\u00f6rkar ist\u00e4llet l\u00e5gfj\u00e4llsterr\u00e4ng&#8230;&#8221; K\u00e4lla:www.borlange.se Dottern fotograferade sin mats\u00e4ck. Varm choklad och leverpastejssm\u00f6rg\u00e5s. Pension\u00e4rsleden *hi, hi* den tog vi, passar perfekt f\u00f6r barnen \ud83d\ude42 Ha en h\u00e4rlig helg! Kram Helena<\/p>\n","protected":false},"author":1,"featured_media":0,"comment_status":"open","ping_status":"open","sticky":false,"template":"","format":"standard","meta":{"footnotes":""},"categories":[4],"tags":[],"yoast_head":"<!-- This site is optimized with the Yoast SEO plugin v23.5 - https:\/\/yoast.com\/wordpress\/plugins\/seo\/ -->\n<title>N\u00e4r vintern \u00e4r som b\u00e4st... - Baka med KlaraForm<\/title>\n<meta name=\"robots\" content=\"index, follow, max-snippet:-1, max-image-preview:large, max-video-preview:-1\" \/>\n<link rel=\"canonical\" href=\"https:\/\/klarafardiga.com\/?p=75\" \/>\n<meta property=\"og:locale\" content=\"sv_SE\" \/>\n<meta property=\"og:type\" content=\"article\" \/>\n<meta property=\"og:title\" content=\"N\u00e4r vintern \u00e4r som b\u00e4st... - Baka med KlaraForm\" \/>\n<meta property=\"og:description\" content=\"Idag var vi ute p\u00e5 en l\u00e5ngtur till Gyllbergen ca 20 min bilf\u00e4rd fr\u00e5n oss. Ett riktigt skidparadis med massor av sn\u00f6. H\u00e4r \u00e5kte jag mycket sj\u00e4lv som barn. En s\u00f6ndagstur p\u00e5 ca 3 mil gjorde vi l\u00e4tt men idag blev det inte riktigt s\u00e5 l\u00e5ngt n\u00e4r b\u00e5da barnen var med. Ja, bilderna talar v\u00e4l f\u00f6r sig sj\u00e4lv&#8230; &#8221;Vid Gylle f\u00e4bod st\u00e5r tallar som \u00e4r 250 \u00e5r gamla. Tidigare fanns grov timmerskog \u00e4nda upp p\u00e5 Gyllbergets h\u00f6gsta h\u00f6jder, men i mitten av 1800-talet kalh\u00f6ggs omr\u00e5det och h\u00f6jdl\u00e4get p\u00e5 n\u00e4stan 500 meter \u00f6ver havet har gjort att ny skog har haft sv\u00e5r att v\u00e4xa upp. Idag liknar naturen med sina f\u00f6rkrympa bj\u00f6rkar ist\u00e4llet l\u00e5gfj\u00e4llsterr\u00e4ng&#8230;&#8221; K\u00e4lla:www.borlange.se Dottern fotograferade sin mats\u00e4ck. Varm choklad och leverpastejssm\u00f6rg\u00e5s. Pension\u00e4rsleden *hi, hi* den tog vi, passar perfekt f\u00f6r barnen \ud83d\ude42 Ha en h\u00e4rlig helg! Kram Helena\" \/>\n<meta property=\"og:url\" content=\"https:\/\/klarafardiga.com\/?p=75\" \/>\n<meta property=\"og:site_name\" content=\"Baka med KlaraForm\" \/>\n<meta property=\"article:published_time\" content=\"2009-02-27T22:28:00+00:00\" \/>\n<meta property=\"og:image\" content=\"http:\/\/2.bp.blogspot.com\/_rCm4mArCkLE\/SahbUsA5YfI\/AAAAAAAABcM\/dHQAZmoOGfA\/s400\/gyllbergen_05.jpg\" \/>\n<meta name=\"author\" content=\"admin\" \/>\n<meta name=\"twitter:card\" content=\"summary_large_image\" \/>\n<meta name=\"twitter:label1\" content=\"Skriven av\" \/>\n\t<meta name=\"twitter:data1\" content=\"admin\" \/>\n\t<meta name=\"twitter:label2\" content=\"Ber\u00e4knad l\u00e4stid\" \/>\n\t<meta name=\"twitter:data2\" content=\"1 minut\" \/>\n<script type=\"application\/ld+json\" class=\"yoast-schema-graph\">{\"@context\":\"https:\/\/schema.org\",\"@graph\":[{\"@type\":\"WebPage\",\"@id\":\"https:\/\/klarafardiga.com\/?p=75\",\"url\":\"https:\/\/klarafardiga.com\/?p=75\",\"name\":\"N\u00e4r vintern \u00e4r som b\u00e4st... - Baka med KlaraForm\",\"isPartOf\":{\"@id\":\"https:\/\/klarafardiga.com\/#website\"},\"primaryImageOfPage\":{\"@id\":\"https:\/\/klarafardiga.com\/?p=75#primaryimage\"},\"image\":{\"@id\":\"https:\/\/klarafardiga.com\/?p=75#primaryimage\"},\"thumbnailUrl\":\"http:\/\/2.bp.blogspot.com\/_rCm4mArCkLE\/SahbUsA5YfI\/AAAAAAAABcM\/dHQAZmoOGfA\/s400\/gyllbergen_05.jpg\",\"datePublished\":\"2009-02-27T22:28:00+00:00\",\"dateModified\":\"2009-02-27T22:28:00+00:00\",\"author\":{\"@id\":\"https:\/\/klarafardiga.com\/#\/schema\/person\/0f54ba1da7c4c21dd7411ed3a8e9f8c0\"},\"breadcrumb\":{\"@id\":\"https:\/\/klarafardiga.com\/?p=75#breadcrumb\"},\"inLanguage\":\"sv-SE\",\"potentialAction\":[{\"@type\":\"ReadAction\",\"target\":[\"https:\/\/klarafardiga.com\/?p=75\"]}]},{\"@type\":\"ImageObject\",\"inLanguage\":\"sv-SE\",\"@id\":\"https:\/\/klarafardiga.com\/?p=75#primaryimage\",\"url\":\"http:\/\/2.bp.blogspot.com\/_rCm4mArCkLE\/SahbUsA5YfI\/AAAAAAAABcM\/dHQAZmoOGfA\/s400\/gyllbergen_05.jpg\",\"contentUrl\":\"http:\/\/2.bp.blogspot.com\/_rCm4mArCkLE\/SahbUsA5YfI\/AAAAAAAABcM\/dHQAZmoOGfA\/s400\/gyllbergen_05.jpg\"},{\"@type\":\"BreadcrumbList\",\"@id\":\"https:\/\/klarafardiga.com\/?p=75#breadcrumb\",\"itemListElement\":[{\"@type\":\"ListItem\",\"position\":1,\"name\":\"Hem\",\"item\":\"https:\/\/klarafardiga.com\/\"},{\"@type\":\"ListItem\",\"position\":2,\"name\":\"N\u00e4r vintern \u00e4r som b\u00e4st&#8230;\"}]},{\"@type\":\"WebSite\",\"@id\":\"https:\/\/klarafardiga.com\/#website\",\"url\":\"https:\/\/klarafardiga.com\/\",\"name\":\"Baka med KlaraForm\",\"description\":\"Recept, tips och nyheter i butiken\",\"potentialAction\":[{\"@type\":\"SearchAction\",\"target\":{\"@type\":\"EntryPoint\",\"urlTemplate\":\"https:\/\/klarafardiga.com\/?s={search_term_string}\"},\"query-input\":{\"@type\":\"PropertyValueSpecification\",\"valueRequired\":true,\"valueName\":\"search_term_string\"}}],\"inLanguage\":\"sv-SE\"},{\"@type\":\"Person\",\"@id\":\"https:\/\/klarafardiga.com\/#\/schema\/person\/0f54ba1da7c4c21dd7411ed3a8e9f8c0\",\"name\":\"admin\",\"image\":{\"@type\":\"ImageObject\",\"inLanguage\":\"sv-SE\",\"@id\":\"https:\/\/klarafardiga.com\/#\/schema\/person\/image\/\",\"url\":\"https:\/\/secure.gravatar.com\/avatar\/356da59eaae0a6e58215761d8e8dabed?s=96&d=mm&r=g\",\"contentUrl\":\"https:\/\/secure.gravatar.com\/avatar\/356da59eaae0a6e58215761d8e8dabed?s=96&d=mm&r=g\",\"caption\":\"admin\"},\"sameAs\":[\"http:\/\/www.klaraform.se\"],\"url\":\"https:\/\/klarafardiga.com\/?author=1\"}]}<\/script>\n<!-- \/ Yoast SEO plugin. -->","yoast_head_json":{"title":"N\u00e4r vintern \u00e4r som b\u00e4st... - Baka med KlaraForm","robots":{"index":"index","follow":"follow","max-snippet":"max-snippet:-1","max-image-preview":"max-image-preview:large","max-video-preview":"max-video-preview:-1"},"canonical":"https:\/\/klarafardiga.com\/?p=75","og_locale":"sv_SE","og_type":"article","og_title":"N\u00e4r vintern \u00e4r som b\u00e4st... - Baka med KlaraForm","og_description":"Idag var vi ute p\u00e5 en l\u00e5ngtur till Gyllbergen ca 20 min bilf\u00e4rd fr\u00e5n oss. Ett riktigt skidparadis med massor av sn\u00f6. H\u00e4r \u00e5kte jag mycket sj\u00e4lv som barn. En s\u00f6ndagstur p\u00e5 ca 3 mil gjorde vi l\u00e4tt men idag blev det inte riktigt s\u00e5 l\u00e5ngt n\u00e4r b\u00e5da barnen var med. Ja, bilderna talar v\u00e4l f\u00f6r sig sj\u00e4lv&#8230; &#8221;Vid Gylle f\u00e4bod st\u00e5r tallar som \u00e4r 250 \u00e5r gamla. Tidigare fanns grov timmerskog \u00e4nda upp p\u00e5 Gyllbergets h\u00f6gsta h\u00f6jder, men i mitten av 1800-talet kalh\u00f6ggs omr\u00e5det och h\u00f6jdl\u00e4get p\u00e5 n\u00e4stan 500 meter \u00f6ver havet har gjort att ny skog har haft sv\u00e5r att v\u00e4xa upp. Idag liknar naturen med sina f\u00f6rkrympa bj\u00f6rkar ist\u00e4llet l\u00e5gfj\u00e4llsterr\u00e4ng&#8230;&#8221; K\u00e4lla:www.borlange.se Dottern fotograferade sin mats\u00e4ck. Varm choklad och leverpastejssm\u00f6rg\u00e5s. Pension\u00e4rsleden *hi, hi* den tog vi, passar perfekt f\u00f6r barnen \ud83d\ude42 Ha en h\u00e4rlig helg! Kram Helena","og_url":"https:\/\/klarafardiga.com\/?p=75","og_site_name":"Baka med KlaraForm","article_published_time":"2009-02-27T22:28:00+00:00","og_image":[{"url":"http:\/\/2.bp.blogspot.com\/_rCm4mArCkLE\/SahbUsA5YfI\/AAAAAAAABcM\/dHQAZmoOGfA\/s400\/gyllbergen_05.jpg"}],"author":"admin","twitter_card":"summary_large_image","twitter_misc":{"Skriven av":"admin","Ber\u00e4knad l\u00e4stid":"1 minut"},"schema":{"@context":"https:\/\/schema.org","@graph":[{"@type":"WebPage","@id":"https:\/\/klarafardiga.com\/?p=75","url":"https:\/\/klarafardiga.com\/?p=75","name":"N\u00e4r vintern \u00e4r som b\u00e4st... - Baka med KlaraForm","isPartOf":{"@id":"https:\/\/klarafardiga.com\/#website"},"primaryImageOfPage":{"@id":"https:\/\/klarafardiga.com\/?p=75#primaryimage"},"image":{"@id":"https:\/\/klarafardiga.com\/?p=75#primaryimage"},"thumbnailUrl":"http:\/\/2.bp.blogspot.com\/_rCm4mArCkLE\/SahbUsA5YfI\/AAAAAAAABcM\/dHQAZmoOGfA\/s400\/gyllbergen_05.jpg","datePublished":"2009-02-27T22:28:00+00:00","dateModified":"2009-02-27T22:28:00+00:00","author":{"@id":"https:\/\/klarafardiga.com\/#\/schema\/person\/0f54ba1da7c4c21dd7411ed3a8e9f8c0"},"breadcrumb":{"@id":"https:\/\/klarafardiga.com\/?p=75#breadcrumb"},"inLanguage":"sv-SE","potentialAction":[{"@type":"ReadAction","target":["https:\/\/klarafardiga.com\/?p=75"]}]},{"@type":"ImageObject","inLanguage":"sv-SE","@id":"https:\/\/klarafardiga.com\/?p=75#primaryimage","url":"http:\/\/2.bp.blogspot.com\/_rCm4mArCkLE\/SahbUsA5YfI\/AAAAAAAABcM\/dHQAZmoOGfA\/s400\/gyllbergen_05.jpg","contentUrl":"http:\/\/2.bp.blogspot.com\/_rCm4mArCkLE\/SahbUsA5YfI\/AAAAAAAABcM\/dHQAZmoOGfA\/s400\/gyllbergen_05.jpg"},{"@type":"BreadcrumbList","@id":"https:\/\/klarafardiga.com\/?p=75#breadcrumb","itemListElement":[{"@type":"ListItem","position":1,"name":"Hem","item":"https:\/\/klarafardiga.com\/"},{"@type":"ListItem","position":2,"name":"N\u00e4r vintern \u00e4r som b\u00e4st&#8230;"}]},{"@type":"WebSite","@id":"https:\/\/klarafardiga.com\/#website","url":"https:\/\/klarafardiga.com\/","name":"Baka med KlaraForm","description":"Recept, tips och nyheter i butiken","potentialAction":[{"@type":"SearchAction","target":{"@type":"EntryPoint","urlTemplate":"https:\/\/klarafardiga.com\/?s={search_term_string}"},"query-input":{"@type":"PropertyValueSpecification","valueRequired":true,"valueName":"search_term_string"}}],"inLanguage":"sv-SE"},{"@type":"Person","@id":"https:\/\/klarafardiga.com\/#\/schema\/person\/0f54ba1da7c4c21dd7411ed3a8e9f8c0","name":"admin","image":{"@type":"ImageObject","inLanguage":"sv-SE","@id":"https:\/\/klarafardiga.com\/#\/schema\/person\/image\/","url":"https:\/\/secure.gravatar.com\/avatar\/356da59eaae0a6e58215761d8e8dabed?s=96&d=mm&r=g","contentUrl":"https:\/\/secure.gravatar.com\/avatar\/356da59eaae0a6e58215761d8e8dabed?s=96&d=mm&r=g","caption":"admin"},"sameAs":["http:\/\/www.klaraform.se"],"url":"https:\/\/klarafardiga.com\/?author=1"}]}},"_links":{"self":[{"href":"https:\/\/klarafardiga.com\/index.php?rest_route=\/wp\/v2\/posts\/75"}],"collection":[{"href":"https:\/\/klarafardiga.com\/index.php?rest_route=\/wp\/v2\/posts"}],"about":[{"href":"https:\/\/klarafardiga.com\/index.php?rest_route=\/wp\/v2\/types\/post"}],"author":[{"embeddable":true,"href":"https:\/\/klarafardiga.com\/index.php?rest_route=\/wp\/v2\/users\/1"}],"replies":[{"embeddable":true,"href":"https:\/\/klarafardiga.com\/index.php?rest_route=%2Fwp%2Fv2%2Fcomments&post=75"}],"version-history":[{"count":0,"href":"https:\/\/klarafardiga.com\/index.php?rest_route=\/wp\/v2\/posts\/75\/revisions"}],"wp:attachment":[{"href":"https:\/\/klarafardiga.com\/index.php?rest_route=%2Fwp%2Fv2%2Fmedia&parent=75"}],"wp:term":[{"taxonomy":"category","embeddable":true,"href":"https:\/\/klarafardiga.com\/index.php?rest_route=%2Fwp%2Fv2%2Fcategories&post=75"},{"taxonomy":"post_tag","embeddable":true,"href":"https:\/\/klarafardiga.com\/index.php?rest_route=%2Fwp%2Fv2%2Ftags&post=75"}],"curies":[{"name":"wp","href":"https:\/\/api.w.org\/{rel}","templated":true}]}}