{"id":73,"date":"2009-02-20T22:39:00","date_gmt":"2009-02-20T21:39:00","guid":{"rendered":"http:\/\/klarafardiga.com\/?p=73"},"modified":"2009-02-20T22:39:00","modified_gmt":"2009-02-20T21:39:00","slug":"glasburkar-och-skidakning","status":"publish","type":"post","link":"https:\/\/klarafardiga.com\/?p=73","title":{"rendered":"Glasburkar och skid\u00e5kning&#8230;"},"content":{"rendered":"<p>Oj, vad tiden g\u00e5r fort. Hinner inte med att blogga alls nu f\u00f6rtiden. Veckan som g\u00e5tt har varit fylld av arbete och s\u00e5 skid\u00e5kning f\u00f6rst\u00e5s. Sonen beh\u00f6vde ett par nya skidor och d\u00e5 t\u00e4nkte jag att jag ocks\u00e5 skulle beh\u00f6va ett par och s\u00e5 blev det. Ig\u00e5r tog vi v\u00e5r premi\u00e4rtur p\u00e5 nya skidorna, det var 13 \u00e5r sedan sist r\u00e4knade jag ut. Det k\u00e4ndes precis som vanligt att \u00e5ka, som om jag hade \u00e5kt dagen innan. Vi tog en kort runda i sp\u00e5ret f\u00f6r att testa lite. Min snart 7 \u00e5riga son och 5 \u00e5riga dotter ville \u00e5ka l\u00e5ngt sa dom. Vi fick ett tips av en kille att 2,5 km sp\u00e5ret passade barn. Min son tjatade att vi skulle \u00e5ka det men jag sa att lillsyrran inte orkar \u00e5ka runt och jag kan ju inte b\u00e4ra henne med skidor och allt. Det b\u00f6rjade dessutom att m\u00f6rkna. Sagt och gjort de b\u00e5da v\u00e4grade att lyssna p\u00e5 mig och b\u00f6rjade \u00e5ka s\u00e5 det var bara att h\u00e4nga p\u00e5. Gissa vad dom \u00e5kte! Wow vilka skid\u00e5kare de \u00e4r (stolt mamma). De klarade hela v\u00e4gen utan att klaga, jo dottern tyckte att granarna b\u00f6rjade se lite l\u00e4skiga ut i m\u00f6rkret. Som tur \u00e4r har vi s\u00e5 mycket sn\u00f6 som lyser upp och elljussp\u00e5ret i n\u00e4rheten gav lite ljus emellan\u00e5t. \u00d6vriga skid\u00e5kare t\u00e4nkte nog att vi var helknasiga som \u00e5kte i m\u00f6rkret&#8230;<\/p>\n<p><img decoding=\"async\" id=\"BLOGGER_PHOTO_ID_5304987240845100706\" style=\"DISPLAY: block; MARGIN: 0px auto 10px; WIDTH: 315px; CURSOR: hand; HEIGHT: 315px; TEXT-ALIGN: center\" alt=\"\" src=\"http:\/\/4.bp.blogspot.com\/_rCm4mArCkLE\/SZ8ZydyNRqI\/AAAAAAAABbc\/A_ztIIBCIOw\/s400\/341.jpg\" border=\"0\" \/><br \/>Jag har packat upp lite nya varor till <strong><a href=\"http:\/\/www.klarafardiga.com\/\">butiken<\/a><\/strong>. Bland annat dessa burkar. Jag \u00e4ger sj\u00e4lv tv\u00e5 stycken, de \u00e4r j\u00e4ttepraktiska f\u00f6r de \u00e4r s\u00e5 stora n\u00e4stan ett helt paket m\u00fcssli g\u00e5r i.<\/p>\n<p>Ha en riktigt h\u00e4rlig helg allihopa!<\/p>\n<p>Kram Helena<\/p>\n","protected":false},"excerpt":{"rendered":"<p>Oj, vad tiden g\u00e5r fort. Hinner inte med att blogga alls nu f\u00f6rtiden. Veckan som g\u00e5tt har varit fylld av arbete och s\u00e5 skid\u00e5kning f\u00f6rst\u00e5s. Sonen beh\u00f6vde ett par nya skidor och d\u00e5 t\u00e4nkte jag att jag ocks\u00e5 skulle beh\u00f6va ett par och s\u00e5 blev det. Ig\u00e5r tog vi v\u00e5r premi\u00e4rtur p\u00e5 nya skidorna, det var 13 \u00e5r sedan sist r\u00e4knade jag ut. Det k\u00e4ndes precis som vanligt att \u00e5ka, som om jag hade \u00e5kt dagen innan. Vi tog en kort runda i sp\u00e5ret f\u00f6r att testa lite. Min snart 7 \u00e5riga son och 5 \u00e5riga dotter ville \u00e5ka l\u00e5ngt sa dom. Vi fick ett tips av en kille att 2,5 km sp\u00e5ret passade barn. Min son tjatade att vi skulle \u00e5ka det men jag sa att lillsyrran inte orkar \u00e5ka runt och jag kan ju inte b\u00e4ra henne med skidor och allt. Det b\u00f6rjade dessutom att m\u00f6rkna. Sagt och gjort de b\u00e5da v\u00e4grade att lyssna p\u00e5 mig och b\u00f6rjade \u00e5ka s\u00e5 det var bara att h\u00e4nga p\u00e5. Gissa vad dom \u00e5kte! Wow vilka skid\u00e5kare de \u00e4r (stolt mamma). De klarade hela v\u00e4gen utan att klaga, jo dottern tyckte att granarna b\u00f6rjade se lite l\u00e4skiga ut i m\u00f6rkret. Som tur \u00e4r har vi s\u00e5 mycket sn\u00f6 som lyser upp och elljussp\u00e5ret i n\u00e4rheten gav lite ljus emellan\u00e5t. \u00d6vriga skid\u00e5kare t\u00e4nkte nog att vi var helknasiga som \u00e5kte i m\u00f6rkret&#8230; Jag har packat upp lite nya varor till butiken. Bland annat dessa burkar. Jag \u00e4ger sj\u00e4lv tv\u00e5 stycken, de \u00e4r j\u00e4ttepraktiska f\u00f6r de \u00e4r s\u00e5 stora n\u00e4stan ett helt paket m\u00fcssli g\u00e5r i. Ha en riktigt h\u00e4rlig helg allihopa! Kram Helena<\/p>\n","protected":false},"author":1,"featured_media":0,"comment_status":"open","ping_status":"open","sticky":false,"template":"","format":"standard","meta":{"footnotes":""},"categories":[8,4],"tags":[],"yoast_head":"<!-- This site is optimized with the Yoast SEO plugin v23.5 - https:\/\/yoast.com\/wordpress\/plugins\/seo\/ -->\n<title>Glasburkar och skid\u00e5kning... - Baka med KlaraForm<\/title>\n<meta name=\"robots\" content=\"index, follow, max-snippet:-1, max-image-preview:large, max-video-preview:-1\" \/>\n<link rel=\"canonical\" href=\"https:\/\/klarafardiga.com\/?p=73\" \/>\n<meta property=\"og:locale\" content=\"sv_SE\" \/>\n<meta property=\"og:type\" content=\"article\" \/>\n<meta property=\"og:title\" content=\"Glasburkar och skid\u00e5kning... - Baka med KlaraForm\" \/>\n<meta property=\"og:description\" content=\"Oj, vad tiden g\u00e5r fort. Hinner inte med att blogga alls nu f\u00f6rtiden. Veckan som g\u00e5tt har varit fylld av arbete och s\u00e5 skid\u00e5kning f\u00f6rst\u00e5s. Sonen beh\u00f6vde ett par nya skidor och d\u00e5 t\u00e4nkte jag att jag ocks\u00e5 skulle beh\u00f6va ett par och s\u00e5 blev det. Ig\u00e5r tog vi v\u00e5r premi\u00e4rtur p\u00e5 nya skidorna, det var 13 \u00e5r sedan sist r\u00e4knade jag ut. Det k\u00e4ndes precis som vanligt att \u00e5ka, som om jag hade \u00e5kt dagen innan. Vi tog en kort runda i sp\u00e5ret f\u00f6r att testa lite. Min snart 7 \u00e5riga son och 5 \u00e5riga dotter ville \u00e5ka l\u00e5ngt sa dom. Vi fick ett tips av en kille att 2,5 km sp\u00e5ret passade barn. Min son tjatade att vi skulle \u00e5ka det men jag sa att lillsyrran inte orkar \u00e5ka runt och jag kan ju inte b\u00e4ra henne med skidor och allt. Det b\u00f6rjade dessutom att m\u00f6rkna. Sagt och gjort de b\u00e5da v\u00e4grade att lyssna p\u00e5 mig och b\u00f6rjade \u00e5ka s\u00e5 det var bara att h\u00e4nga p\u00e5. Gissa vad dom \u00e5kte! Wow vilka skid\u00e5kare de \u00e4r (stolt mamma). De klarade hela v\u00e4gen utan att klaga, jo dottern tyckte att granarna b\u00f6rjade se lite l\u00e4skiga ut i m\u00f6rkret. Som tur \u00e4r har vi s\u00e5 mycket sn\u00f6 som lyser upp och elljussp\u00e5ret i n\u00e4rheten gav lite ljus emellan\u00e5t. \u00d6vriga skid\u00e5kare t\u00e4nkte nog att vi var helknasiga som \u00e5kte i m\u00f6rkret&#8230; Jag har packat upp lite nya varor till butiken. Bland annat dessa burkar. Jag \u00e4ger sj\u00e4lv tv\u00e5 stycken, de \u00e4r j\u00e4ttepraktiska f\u00f6r de \u00e4r s\u00e5 stora n\u00e4stan ett helt paket m\u00fcssli g\u00e5r i. Ha en riktigt h\u00e4rlig helg allihopa! Kram Helena\" \/>\n<meta property=\"og:url\" content=\"https:\/\/klarafardiga.com\/?p=73\" \/>\n<meta property=\"og:site_name\" content=\"Baka med KlaraForm\" \/>\n<meta property=\"article:published_time\" content=\"2009-02-20T21:39:00+00:00\" \/>\n<meta property=\"og:image\" content=\"http:\/\/4.bp.blogspot.com\/_rCm4mArCkLE\/SZ8ZydyNRqI\/AAAAAAAABbc\/A_ztIIBCIOw\/s400\/341.jpg\" \/>\n<meta name=\"author\" content=\"admin\" \/>\n<meta name=\"twitter:card\" content=\"summary_large_image\" \/>\n<meta name=\"twitter:label1\" content=\"Skriven av\" \/>\n\t<meta name=\"twitter:data1\" content=\"admin\" \/>\n\t<meta name=\"twitter:label2\" content=\"Ber\u00e4knad l\u00e4stid\" \/>\n\t<meta name=\"twitter:data2\" content=\"2 minuter\" \/>\n<script type=\"application\/ld+json\" class=\"yoast-schema-graph\">{\"@context\":\"https:\/\/schema.org\",\"@graph\":[{\"@type\":\"WebPage\",\"@id\":\"https:\/\/klarafardiga.com\/?p=73\",\"url\":\"https:\/\/klarafardiga.com\/?p=73\",\"name\":\"Glasburkar och skid\u00e5kning... - Baka med KlaraForm\",\"isPartOf\":{\"@id\":\"https:\/\/klarafardiga.com\/#website\"},\"primaryImageOfPage\":{\"@id\":\"https:\/\/klarafardiga.com\/?p=73#primaryimage\"},\"image\":{\"@id\":\"https:\/\/klarafardiga.com\/?p=73#primaryimage\"},\"thumbnailUrl\":\"http:\/\/4.bp.blogspot.com\/_rCm4mArCkLE\/SZ8ZydyNRqI\/AAAAAAAABbc\/A_ztIIBCIOw\/s400\/341.jpg\",\"datePublished\":\"2009-02-20T21:39:00+00:00\",\"dateModified\":\"2009-02-20T21:39:00+00:00\",\"author\":{\"@id\":\"https:\/\/klarafardiga.com\/#\/schema\/person\/0f54ba1da7c4c21dd7411ed3a8e9f8c0\"},\"breadcrumb\":{\"@id\":\"https:\/\/klarafardiga.com\/?p=73#breadcrumb\"},\"inLanguage\":\"sv-SE\",\"potentialAction\":[{\"@type\":\"ReadAction\",\"target\":[\"https:\/\/klarafardiga.com\/?p=73\"]}]},{\"@type\":\"ImageObject\",\"inLanguage\":\"sv-SE\",\"@id\":\"https:\/\/klarafardiga.com\/?p=73#primaryimage\",\"url\":\"http:\/\/4.bp.blogspot.com\/_rCm4mArCkLE\/SZ8ZydyNRqI\/AAAAAAAABbc\/A_ztIIBCIOw\/s400\/341.jpg\",\"contentUrl\":\"http:\/\/4.bp.blogspot.com\/_rCm4mArCkLE\/SZ8ZydyNRqI\/AAAAAAAABbc\/A_ztIIBCIOw\/s400\/341.jpg\"},{\"@type\":\"BreadcrumbList\",\"@id\":\"https:\/\/klarafardiga.com\/?p=73#breadcrumb\",\"itemListElement\":[{\"@type\":\"ListItem\",\"position\":1,\"name\":\"Hem\",\"item\":\"https:\/\/klarafardiga.com\/\"},{\"@type\":\"ListItem\",\"position\":2,\"name\":\"Glasburkar och skid\u00e5kning&#8230;\"}]},{\"@type\":\"WebSite\",\"@id\":\"https:\/\/klarafardiga.com\/#website\",\"url\":\"https:\/\/klarafardiga.com\/\",\"name\":\"Baka med KlaraForm\",\"description\":\"Recept, tips och nyheter i butiken\",\"potentialAction\":[{\"@type\":\"SearchAction\",\"target\":{\"@type\":\"EntryPoint\",\"urlTemplate\":\"https:\/\/klarafardiga.com\/?s={search_term_string}\"},\"query-input\":{\"@type\":\"PropertyValueSpecification\",\"valueRequired\":true,\"valueName\":\"search_term_string\"}}],\"inLanguage\":\"sv-SE\"},{\"@type\":\"Person\",\"@id\":\"https:\/\/klarafardiga.com\/#\/schema\/person\/0f54ba1da7c4c21dd7411ed3a8e9f8c0\",\"name\":\"admin\",\"image\":{\"@type\":\"ImageObject\",\"inLanguage\":\"sv-SE\",\"@id\":\"https:\/\/klarafardiga.com\/#\/schema\/person\/image\/\",\"url\":\"https:\/\/secure.gravatar.com\/avatar\/356da59eaae0a6e58215761d8e8dabed?s=96&d=mm&r=g\",\"contentUrl\":\"https:\/\/secure.gravatar.com\/avatar\/356da59eaae0a6e58215761d8e8dabed?s=96&d=mm&r=g\",\"caption\":\"admin\"},\"sameAs\":[\"http:\/\/www.klaraform.se\"],\"url\":\"https:\/\/klarafardiga.com\/?author=1\"}]}<\/script>\n<!-- \/ Yoast SEO plugin. -->","yoast_head_json":{"title":"Glasburkar och skid\u00e5kning... - Baka med KlaraForm","robots":{"index":"index","follow":"follow","max-snippet":"max-snippet:-1","max-image-preview":"max-image-preview:large","max-video-preview":"max-video-preview:-1"},"canonical":"https:\/\/klarafardiga.com\/?p=73","og_locale":"sv_SE","og_type":"article","og_title":"Glasburkar och skid\u00e5kning... - Baka med KlaraForm","og_description":"Oj, vad tiden g\u00e5r fort. Hinner inte med att blogga alls nu f\u00f6rtiden. Veckan som g\u00e5tt har varit fylld av arbete och s\u00e5 skid\u00e5kning f\u00f6rst\u00e5s. Sonen beh\u00f6vde ett par nya skidor och d\u00e5 t\u00e4nkte jag att jag ocks\u00e5 skulle beh\u00f6va ett par och s\u00e5 blev det. Ig\u00e5r tog vi v\u00e5r premi\u00e4rtur p\u00e5 nya skidorna, det var 13 \u00e5r sedan sist r\u00e4knade jag ut. Det k\u00e4ndes precis som vanligt att \u00e5ka, som om jag hade \u00e5kt dagen innan. Vi tog en kort runda i sp\u00e5ret f\u00f6r att testa lite. Min snart 7 \u00e5riga son och 5 \u00e5riga dotter ville \u00e5ka l\u00e5ngt sa dom. Vi fick ett tips av en kille att 2,5 km sp\u00e5ret passade barn. Min son tjatade att vi skulle \u00e5ka det men jag sa att lillsyrran inte orkar \u00e5ka runt och jag kan ju inte b\u00e4ra henne med skidor och allt. Det b\u00f6rjade dessutom att m\u00f6rkna. Sagt och gjort de b\u00e5da v\u00e4grade att lyssna p\u00e5 mig och b\u00f6rjade \u00e5ka s\u00e5 det var bara att h\u00e4nga p\u00e5. Gissa vad dom \u00e5kte! Wow vilka skid\u00e5kare de \u00e4r (stolt mamma). De klarade hela v\u00e4gen utan att klaga, jo dottern tyckte att granarna b\u00f6rjade se lite l\u00e4skiga ut i m\u00f6rkret. Som tur \u00e4r har vi s\u00e5 mycket sn\u00f6 som lyser upp och elljussp\u00e5ret i n\u00e4rheten gav lite ljus emellan\u00e5t. \u00d6vriga skid\u00e5kare t\u00e4nkte nog att vi var helknasiga som \u00e5kte i m\u00f6rkret&#8230; Jag har packat upp lite nya varor till butiken. Bland annat dessa burkar. Jag \u00e4ger sj\u00e4lv tv\u00e5 stycken, de \u00e4r j\u00e4ttepraktiska f\u00f6r de \u00e4r s\u00e5 stora n\u00e4stan ett helt paket m\u00fcssli g\u00e5r i. Ha en riktigt h\u00e4rlig helg allihopa! Kram Helena","og_url":"https:\/\/klarafardiga.com\/?p=73","og_site_name":"Baka med KlaraForm","article_published_time":"2009-02-20T21:39:00+00:00","og_image":[{"url":"http:\/\/4.bp.blogspot.com\/_rCm4mArCkLE\/SZ8ZydyNRqI\/AAAAAAAABbc\/A_ztIIBCIOw\/s400\/341.jpg"}],"author":"admin","twitter_card":"summary_large_image","twitter_misc":{"Skriven av":"admin","Ber\u00e4knad l\u00e4stid":"2 minuter"},"schema":{"@context":"https:\/\/schema.org","@graph":[{"@type":"WebPage","@id":"https:\/\/klarafardiga.com\/?p=73","url":"https:\/\/klarafardiga.com\/?p=73","name":"Glasburkar och skid\u00e5kning... - Baka med KlaraForm","isPartOf":{"@id":"https:\/\/klarafardiga.com\/#website"},"primaryImageOfPage":{"@id":"https:\/\/klarafardiga.com\/?p=73#primaryimage"},"image":{"@id":"https:\/\/klarafardiga.com\/?p=73#primaryimage"},"thumbnailUrl":"http:\/\/4.bp.blogspot.com\/_rCm4mArCkLE\/SZ8ZydyNRqI\/AAAAAAAABbc\/A_ztIIBCIOw\/s400\/341.jpg","datePublished":"2009-02-20T21:39:00+00:00","dateModified":"2009-02-20T21:39:00+00:00","author":{"@id":"https:\/\/klarafardiga.com\/#\/schema\/person\/0f54ba1da7c4c21dd7411ed3a8e9f8c0"},"breadcrumb":{"@id":"https:\/\/klarafardiga.com\/?p=73#breadcrumb"},"inLanguage":"sv-SE","potentialAction":[{"@type":"ReadAction","target":["https:\/\/klarafardiga.com\/?p=73"]}]},{"@type":"ImageObject","inLanguage":"sv-SE","@id":"https:\/\/klarafardiga.com\/?p=73#primaryimage","url":"http:\/\/4.bp.blogspot.com\/_rCm4mArCkLE\/SZ8ZydyNRqI\/AAAAAAAABbc\/A_ztIIBCIOw\/s400\/341.jpg","contentUrl":"http:\/\/4.bp.blogspot.com\/_rCm4mArCkLE\/SZ8ZydyNRqI\/AAAAAAAABbc\/A_ztIIBCIOw\/s400\/341.jpg"},{"@type":"BreadcrumbList","@id":"https:\/\/klarafardiga.com\/?p=73#breadcrumb","itemListElement":[{"@type":"ListItem","position":1,"name":"Hem","item":"https:\/\/klarafardiga.com\/"},{"@type":"ListItem","position":2,"name":"Glasburkar och skid\u00e5kning&#8230;"}]},{"@type":"WebSite","@id":"https:\/\/klarafardiga.com\/#website","url":"https:\/\/klarafardiga.com\/","name":"Baka med KlaraForm","description":"Recept, tips och nyheter i butiken","potentialAction":[{"@type":"SearchAction","target":{"@type":"EntryPoint","urlTemplate":"https:\/\/klarafardiga.com\/?s={search_term_string}"},"query-input":{"@type":"PropertyValueSpecification","valueRequired":true,"valueName":"search_term_string"}}],"inLanguage":"sv-SE"},{"@type":"Person","@id":"https:\/\/klarafardiga.com\/#\/schema\/person\/0f54ba1da7c4c21dd7411ed3a8e9f8c0","name":"admin","image":{"@type":"ImageObject","inLanguage":"sv-SE","@id":"https:\/\/klarafardiga.com\/#\/schema\/person\/image\/","url":"https:\/\/secure.gravatar.com\/avatar\/356da59eaae0a6e58215761d8e8dabed?s=96&d=mm&r=g","contentUrl":"https:\/\/secure.gravatar.com\/avatar\/356da59eaae0a6e58215761d8e8dabed?s=96&d=mm&r=g","caption":"admin"},"sameAs":["http:\/\/www.klaraform.se"],"url":"https:\/\/klarafardiga.com\/?author=1"}]}},"_links":{"self":[{"href":"https:\/\/klarafardiga.com\/index.php?rest_route=\/wp\/v2\/posts\/73"}],"collection":[{"href":"https:\/\/klarafardiga.com\/index.php?rest_route=\/wp\/v2\/posts"}],"about":[{"href":"https:\/\/klarafardiga.com\/index.php?rest_route=\/wp\/v2\/types\/post"}],"author":[{"embeddable":true,"href":"https:\/\/klarafardiga.com\/index.php?rest_route=\/wp\/v2\/users\/1"}],"replies":[{"embeddable":true,"href":"https:\/\/klarafardiga.com\/index.php?rest_route=%2Fwp%2Fv2%2Fcomments&post=73"}],"version-history":[{"count":0,"href":"https:\/\/klarafardiga.com\/index.php?rest_route=\/wp\/v2\/posts\/73\/revisions"}],"wp:attachment":[{"href":"https:\/\/klarafardiga.com\/index.php?rest_route=%2Fwp%2Fv2%2Fmedia&parent=73"}],"wp:term":[{"taxonomy":"category","embeddable":true,"href":"https:\/\/klarafardiga.com\/index.php?rest_route=%2Fwp%2Fv2%2Fcategories&post=73"},{"taxonomy":"post_tag","embeddable":true,"href":"https:\/\/klarafardiga.com\/index.php?rest_route=%2Fwp%2Fv2%2Ftags&post=73"}],"curies":[{"name":"wp","href":"https:\/\/api.w.org\/{rel}","templated":true}]}}