{"id":69,"date":"2009-02-01T21:07:00","date_gmt":"2009-02-01T20:07:00","guid":{"rendered":"http:\/\/klarafardiga.com\/?p=69"},"modified":"2009-02-01T21:07:00","modified_gmt":"2009-02-01T20:07:00","slug":"linzer-cookies","status":"publish","type":"post","link":"https:\/\/klarafardiga.com\/?p=69","title":{"rendered":"Linzer cookies&#8230;"},"content":{"rendered":"<p>Idag har vi bakat igen&#8230; Det verkar som inte vi g\u00f6r annat p\u00e5 helgerna h\u00e4r hemma, men det \u00e4r ju s\u00e5\u00e5\u00e5\u00e5 kul!! Vi testade n\u00e5got helt nytt n\u00e4mligen &#8221;Linzer cookies&#8221; som har sitt ursprung fr\u00e5n \u00d6sterrike och Linzert\u00e5rtan&#8230; Ja, jag kan inte riktigt historien bakom dessa kakor. Vi anv\u00e4nde oss av vanlig <strong><a href=\"http:\/\/klarafardiga.blogspot.com\/2008\/12\/valkoiset-piparit.html\"><span style=\"color:#993399;\">m\u00f6rdeg<\/span><\/a><\/strong>. Kakstansen f\u00f6r att f\u00e5 den fina formen finns i min butik<span style=\"color:#993399;\"> <\/span><a href=\"http:\/\/www.klarafardiga.com\/\"><strong><span style=\"color:#993399;\">Klara f\u00e4rdiga g\u00e5.<\/span><\/strong><\/a> Massor av kakor blev det \ud83d\ude42<br \/><strong><\/strong><br \/><strong><img decoding=\"async\" id=\"BLOGGER_PHOTO_ID_5297910174407506786\" style=\"DISPLAY: block; MARGIN: 0px auto 10px; WIDTH: 400px; CURSOR: hand; HEIGHT: 299px; TEXT-ALIGN: center\" alt=\"\" src=\"http:\/\/3.bp.blogspot.com\/_rCm4mArCkLE\/SYX1O-18u2I\/AAAAAAAABZg\/2p62SSlyido\/s400\/linzer04.jpg\" border=\"0\" \/><\/strong><br \/><img decoding=\"async\" id=\"BLOGGER_PHOTO_ID_5297910170304501794\" style=\"DISPLAY: block; MARGIN: 0px auto 10px; WIDTH: 400px; CURSOR: hand; HEIGHT: 299px; TEXT-ALIGN: center\" alt=\"\" src=\"http:\/\/3.bp.blogspot.com\/_rCm4mArCkLE\/SYX1Ovjt2CI\/AAAAAAAABZQ\/KVKWp1mvmvs\/s400\/linzer02.jpg\" border=\"0\" \/>H\u00e4r \u00e4r det dottern som stansar ur \u00f6verdelen p\u00e5 kakorna. Det sv\u00e5ra var att inte trycka f\u00f6r h\u00e5rt p\u00e5 den bl\u00e5a &#8221;knappen&#8221; f\u00f6r d\u00e5 blev det en extra ring p\u00e5 kakan, men den f\u00f6rsvann i ugnen. Ett l\u00e4tt tryck med handen ska det vara n\u00e4r man stansar ut den inre biten.<\/p>\n<p><img decoding=\"async\" id=\"BLOGGER_PHOTO_ID_5297910141274530930\" style=\"DISPLAY: block; MARGIN: 0px auto 10px; WIDTH: 400px; CURSOR: hand; HEIGHT: 299px; TEXT-ALIGN: center\" alt=\"\" src=\"http:\/\/3.bp.blogspot.com\/_rCm4mArCkLE\/SYX1NDabpHI\/AAAAAAAABZI\/NyVNKBeEURI\/s400\/linzer01.jpg\" border=\"0\" \/><br \/>H\u00e4r \u00e4r det sonen som bakar&#8230;<\/p>\n<p><img decoding=\"async\" id=\"BLOGGER_PHOTO_ID_5297910174050388370\" style=\"DISPLAY: block; MARGIN: 0px auto 10px; WIDTH: 400px; CURSOR: hand; HEIGHT: 299px; TEXT-ALIGN: center\" alt=\"\" src=\"http:\/\/2.bp.blogspot.com\/_rCm4mArCkLE\/SYX1O9gziZI\/AAAAAAAABZY\/bl48S46BL10\/s400\/linzer03.jpg\" border=\"0\" \/><\/p>\n<p>Han fixade allt sj\u00e4lv. H\u00e4r \u00e4r kakorna nygr\u00e4ddade, vi hade p\u00e5 lite svartvinb\u00e4rsgel\u00e9 i mitten av varje kaka. L\u00e4ngst bort p\u00e5 bilden kan man se de nypudrade \u00f6verdelarna med florsocker som l\u00e4ggs p\u00e5. Busenkelt \u00e4ven f\u00f6r sm\u00e5 barn. <\/p>\n<p><img decoding=\"async\" id=\"BLOGGER_PHOTO_ID_5297910499856546002\" style=\"DISPLAY: block; MARGIN: 0px auto 10px; WIDTH: 400px; CURSOR: hand; HEIGHT: 299px; TEXT-ALIGN: center\" alt=\"\" src=\"http:\/\/1.bp.blogspot.com\/_rCm4mArCkLE\/SYX1h7PC-NI\/AAAAAAAABZ0\/-5VkjYKUQuc\/s400\/linzer05.jpg\" border=\"0\" \/>Dotterns charmiga kakor, lite vinda&#8230; men vad g\u00f6r det. Hon \u00e4r snart fem \u00e5r och min lilla hj\u00e4lpreda i k\u00f6ket. <img decoding=\"async\" id=\"BLOGGER_PHOTO_ID_5297910500115127266\" style=\"DISPLAY: block; MARGIN: 0px auto 10px; WIDTH: 400px; CURSOR: hand; HEIGHT: 299px; TEXT-ALIGN: center\" alt=\"\" src=\"http:\/\/3.bp.blogspot.com\/_rCm4mArCkLE\/SYX1h8Msm-I\/AAAAAAAABZ8\/wW3zqOl-szc\/s400\/linzer06.jpg\" border=\"0\" \/>Mitten av kakorna d\u00e5??? Dom m\u00e5ste ju anv\u00e4ndas, s\u00e5 vi gr\u00e4ddade dom med. Blev j\u00e4ttes\u00f6ta pyttekakor i alla m\u00f6jliga former.<\/p>\n<p><img decoding=\"async\" id=\"BLOGGER_PHOTO_ID_5297910498026941202\" style=\"DISPLAY: block; MARGIN: 0px auto 10px; WIDTH: 400px; CURSOR: hand; HEIGHT: 299px; TEXT-ALIGN: center\" alt=\"\" src=\"http:\/\/4.bp.blogspot.com\/_rCm4mArCkLE\/SYX1h0a1axI\/AAAAAAAABaE\/q7TY5u4Z-Sg\/s400\/linzer07.jpg\" border=\"0\" \/><\/p>\n<p>Passa p\u00e5 och t\u00e4vla fram till midnatt om muffinsformarna \ud83d\ude42 Jag bes\u00f6ker er alla \u00e4ven fast jag inte hinner skriva n\u00e5gon kommentar i era bloggar. Kul att l\u00e4ra k\u00e4nna s\u00e5 m\u00e5nga nya bes\u00f6kare!!<\/p>\n<p>Ha det gott och hoppas jag har frestat er med lite gott igen \ud83d\ude42<\/p>\n<p>Kram Helena<\/p><\/p>\n","protected":false},"excerpt":{"rendered":"<p>Idag har vi bakat igen&#8230; Det verkar som inte vi g\u00f6r annat p\u00e5 helgerna h\u00e4r hemma, men det \u00e4r ju s\u00e5\u00e5\u00e5\u00e5 kul!! Vi testade n\u00e5got helt nytt n\u00e4mligen &#8221;Linzer cookies&#8221; som har sitt ursprung fr\u00e5n \u00d6sterrike och Linzert\u00e5rtan&#8230; Ja, jag kan inte riktigt historien bakom dessa kakor. Vi anv\u00e4nde oss av vanlig m\u00f6rdeg. Kakstansen f\u00f6r att f\u00e5 den fina formen finns i min butik Klara f\u00e4rdiga g\u00e5. Massor av kakor blev det \ud83d\ude42H\u00e4r \u00e4r det dottern som stansar ur \u00f6verdelen p\u00e5 kakorna. Det sv\u00e5ra var att inte trycka f\u00f6r h\u00e5rt p\u00e5 den bl\u00e5a &#8221;knappen&#8221; f\u00f6r d\u00e5 blev det en extra ring p\u00e5 kakan, men den f\u00f6rsvann i ugnen. Ett l\u00e4tt tryck med handen ska det vara n\u00e4r man stansar ut den inre biten. H\u00e4r \u00e4r det sonen som bakar&#8230; Han fixade allt sj\u00e4lv. H\u00e4r \u00e4r kakorna nygr\u00e4ddade, vi hade p\u00e5 lite svartvinb\u00e4rsgel\u00e9 i mitten av varje kaka. L\u00e4ngst bort p\u00e5 bilden kan man se de nypudrade \u00f6verdelarna med florsocker som l\u00e4ggs p\u00e5. Busenkelt \u00e4ven f\u00f6r sm\u00e5 barn. Dotterns charmiga kakor, lite vinda&#8230; men vad g\u00f6r det. Hon \u00e4r snart fem \u00e5r och min lilla hj\u00e4lpreda i k\u00f6ket. Mitten av kakorna d\u00e5??? Dom m\u00e5ste ju anv\u00e4ndas, s\u00e5 vi gr\u00e4ddade dom med. Blev j\u00e4ttes\u00f6ta pyttekakor i alla m\u00f6jliga former. Passa p\u00e5 och t\u00e4vla fram till midnatt om muffinsformarna \ud83d\ude42 Jag bes\u00f6ker er alla \u00e4ven fast jag inte hinner skriva n\u00e5gon kommentar i era bloggar. Kul att l\u00e4ra k\u00e4nna s\u00e5 m\u00e5nga nya bes\u00f6kare!! Ha det gott och hoppas jag har frestat er med lite gott igen \ud83d\ude42 Kram Helena<\/p>\n","protected":false},"author":1,"featured_media":0,"comment_status":"open","ping_status":"open","sticky":false,"template":"","format":"standard","meta":{"footnotes":""},"categories":[9,8],"tags":[],"yoast_head":"<!-- This site is optimized with the Yoast SEO plugin v23.5 - https:\/\/yoast.com\/wordpress\/plugins\/seo\/ -->\n<title>Linzer cookies... - Baka med KlaraForm<\/title>\n<meta name=\"robots\" content=\"index, follow, max-snippet:-1, max-image-preview:large, max-video-preview:-1\" \/>\n<link rel=\"canonical\" href=\"https:\/\/klarafardiga.com\/?p=69\" \/>\n<meta property=\"og:locale\" content=\"sv_SE\" \/>\n<meta property=\"og:type\" content=\"article\" \/>\n<meta property=\"og:title\" content=\"Linzer cookies... - Baka med KlaraForm\" \/>\n<meta property=\"og:description\" content=\"Idag har vi bakat igen&#8230; Det verkar som inte vi g\u00f6r annat p\u00e5 helgerna h\u00e4r hemma, men det \u00e4r ju s\u00e5\u00e5\u00e5\u00e5 kul!! Vi testade n\u00e5got helt nytt n\u00e4mligen &#8221;Linzer cookies&#8221; som har sitt ursprung fr\u00e5n \u00d6sterrike och Linzert\u00e5rtan&#8230; Ja, jag kan inte riktigt historien bakom dessa kakor. Vi anv\u00e4nde oss av vanlig m\u00f6rdeg. Kakstansen f\u00f6r att f\u00e5 den fina formen finns i min butik Klara f\u00e4rdiga g\u00e5. Massor av kakor blev det \ud83d\ude42H\u00e4r \u00e4r det dottern som stansar ur \u00f6verdelen p\u00e5 kakorna. Det sv\u00e5ra var att inte trycka f\u00f6r h\u00e5rt p\u00e5 den bl\u00e5a &#8221;knappen&#8221; f\u00f6r d\u00e5 blev det en extra ring p\u00e5 kakan, men den f\u00f6rsvann i ugnen. Ett l\u00e4tt tryck med handen ska det vara n\u00e4r man stansar ut den inre biten. H\u00e4r \u00e4r det sonen som bakar&#8230; Han fixade allt sj\u00e4lv. H\u00e4r \u00e4r kakorna nygr\u00e4ddade, vi hade p\u00e5 lite svartvinb\u00e4rsgel\u00e9 i mitten av varje kaka. L\u00e4ngst bort p\u00e5 bilden kan man se de nypudrade \u00f6verdelarna med florsocker som l\u00e4ggs p\u00e5. Busenkelt \u00e4ven f\u00f6r sm\u00e5 barn. Dotterns charmiga kakor, lite vinda&#8230; men vad g\u00f6r det. Hon \u00e4r snart fem \u00e5r och min lilla hj\u00e4lpreda i k\u00f6ket. Mitten av kakorna d\u00e5??? Dom m\u00e5ste ju anv\u00e4ndas, s\u00e5 vi gr\u00e4ddade dom med. Blev j\u00e4ttes\u00f6ta pyttekakor i alla m\u00f6jliga former. Passa p\u00e5 och t\u00e4vla fram till midnatt om muffinsformarna \ud83d\ude42 Jag bes\u00f6ker er alla \u00e4ven fast jag inte hinner skriva n\u00e5gon kommentar i era bloggar. Kul att l\u00e4ra k\u00e4nna s\u00e5 m\u00e5nga nya bes\u00f6kare!! Ha det gott och hoppas jag har frestat er med lite gott igen \ud83d\ude42 Kram Helena\" \/>\n<meta property=\"og:url\" content=\"https:\/\/klarafardiga.com\/?p=69\" \/>\n<meta property=\"og:site_name\" content=\"Baka med KlaraForm\" \/>\n<meta property=\"article:published_time\" content=\"2009-02-01T20:07:00+00:00\" \/>\n<meta property=\"og:image\" content=\"http:\/\/3.bp.blogspot.com\/_rCm4mArCkLE\/SYX1O-18u2I\/AAAAAAAABZg\/2p62SSlyido\/s400\/linzer04.jpg\" \/>\n<meta name=\"author\" content=\"admin\" \/>\n<meta name=\"twitter:card\" content=\"summary_large_image\" \/>\n<meta name=\"twitter:label1\" content=\"Skriven av\" \/>\n\t<meta name=\"twitter:data1\" content=\"admin\" \/>\n\t<meta name=\"twitter:label2\" content=\"Ber\u00e4knad l\u00e4stid\" \/>\n\t<meta name=\"twitter:data2\" content=\"1 minut\" \/>\n<script type=\"application\/ld+json\" class=\"yoast-schema-graph\">{\"@context\":\"https:\/\/schema.org\",\"@graph\":[{\"@type\":\"WebPage\",\"@id\":\"https:\/\/klarafardiga.com\/?p=69\",\"url\":\"https:\/\/klarafardiga.com\/?p=69\",\"name\":\"Linzer cookies... - Baka med KlaraForm\",\"isPartOf\":{\"@id\":\"https:\/\/klarafardiga.com\/#website\"},\"primaryImageOfPage\":{\"@id\":\"https:\/\/klarafardiga.com\/?p=69#primaryimage\"},\"image\":{\"@id\":\"https:\/\/klarafardiga.com\/?p=69#primaryimage\"},\"thumbnailUrl\":\"http:\/\/3.bp.blogspot.com\/_rCm4mArCkLE\/SYX1O-18u2I\/AAAAAAAABZg\/2p62SSlyido\/s400\/linzer04.jpg\",\"datePublished\":\"2009-02-01T20:07:00+00:00\",\"dateModified\":\"2009-02-01T20:07:00+00:00\",\"author\":{\"@id\":\"https:\/\/klarafardiga.com\/#\/schema\/person\/0f54ba1da7c4c21dd7411ed3a8e9f8c0\"},\"breadcrumb\":{\"@id\":\"https:\/\/klarafardiga.com\/?p=69#breadcrumb\"},\"inLanguage\":\"sv-SE\",\"potentialAction\":[{\"@type\":\"ReadAction\",\"target\":[\"https:\/\/klarafardiga.com\/?p=69\"]}]},{\"@type\":\"ImageObject\",\"inLanguage\":\"sv-SE\",\"@id\":\"https:\/\/klarafardiga.com\/?p=69#primaryimage\",\"url\":\"http:\/\/3.bp.blogspot.com\/_rCm4mArCkLE\/SYX1O-18u2I\/AAAAAAAABZg\/2p62SSlyido\/s400\/linzer04.jpg\",\"contentUrl\":\"http:\/\/3.bp.blogspot.com\/_rCm4mArCkLE\/SYX1O-18u2I\/AAAAAAAABZg\/2p62SSlyido\/s400\/linzer04.jpg\"},{\"@type\":\"BreadcrumbList\",\"@id\":\"https:\/\/klarafardiga.com\/?p=69#breadcrumb\",\"itemListElement\":[{\"@type\":\"ListItem\",\"position\":1,\"name\":\"Hem\",\"item\":\"https:\/\/klarafardiga.com\/\"},{\"@type\":\"ListItem\",\"position\":2,\"name\":\"Linzer cookies&#8230;\"}]},{\"@type\":\"WebSite\",\"@id\":\"https:\/\/klarafardiga.com\/#website\",\"url\":\"https:\/\/klarafardiga.com\/\",\"name\":\"Baka med KlaraForm\",\"description\":\"Recept, tips och nyheter i butiken\",\"potentialAction\":[{\"@type\":\"SearchAction\",\"target\":{\"@type\":\"EntryPoint\",\"urlTemplate\":\"https:\/\/klarafardiga.com\/?s={search_term_string}\"},\"query-input\":{\"@type\":\"PropertyValueSpecification\",\"valueRequired\":true,\"valueName\":\"search_term_string\"}}],\"inLanguage\":\"sv-SE\"},{\"@type\":\"Person\",\"@id\":\"https:\/\/klarafardiga.com\/#\/schema\/person\/0f54ba1da7c4c21dd7411ed3a8e9f8c0\",\"name\":\"admin\",\"image\":{\"@type\":\"ImageObject\",\"inLanguage\":\"sv-SE\",\"@id\":\"https:\/\/klarafardiga.com\/#\/schema\/person\/image\/\",\"url\":\"https:\/\/secure.gravatar.com\/avatar\/356da59eaae0a6e58215761d8e8dabed?s=96&d=mm&r=g\",\"contentUrl\":\"https:\/\/secure.gravatar.com\/avatar\/356da59eaae0a6e58215761d8e8dabed?s=96&d=mm&r=g\",\"caption\":\"admin\"},\"sameAs\":[\"http:\/\/www.klaraform.se\"],\"url\":\"https:\/\/klarafardiga.com\/?author=1\"}]}<\/script>\n<!-- \/ Yoast SEO plugin. -->","yoast_head_json":{"title":"Linzer cookies... - Baka med KlaraForm","robots":{"index":"index","follow":"follow","max-snippet":"max-snippet:-1","max-image-preview":"max-image-preview:large","max-video-preview":"max-video-preview:-1"},"canonical":"https:\/\/klarafardiga.com\/?p=69","og_locale":"sv_SE","og_type":"article","og_title":"Linzer cookies... - Baka med KlaraForm","og_description":"Idag har vi bakat igen&#8230; Det verkar som inte vi g\u00f6r annat p\u00e5 helgerna h\u00e4r hemma, men det \u00e4r ju s\u00e5\u00e5\u00e5\u00e5 kul!! Vi testade n\u00e5got helt nytt n\u00e4mligen &#8221;Linzer cookies&#8221; som har sitt ursprung fr\u00e5n \u00d6sterrike och Linzert\u00e5rtan&#8230; Ja, jag kan inte riktigt historien bakom dessa kakor. Vi anv\u00e4nde oss av vanlig m\u00f6rdeg. Kakstansen f\u00f6r att f\u00e5 den fina formen finns i min butik Klara f\u00e4rdiga g\u00e5. Massor av kakor blev det \ud83d\ude42H\u00e4r \u00e4r det dottern som stansar ur \u00f6verdelen p\u00e5 kakorna. Det sv\u00e5ra var att inte trycka f\u00f6r h\u00e5rt p\u00e5 den bl\u00e5a &#8221;knappen&#8221; f\u00f6r d\u00e5 blev det en extra ring p\u00e5 kakan, men den f\u00f6rsvann i ugnen. Ett l\u00e4tt tryck med handen ska det vara n\u00e4r man stansar ut den inre biten. H\u00e4r \u00e4r det sonen som bakar&#8230; Han fixade allt sj\u00e4lv. H\u00e4r \u00e4r kakorna nygr\u00e4ddade, vi hade p\u00e5 lite svartvinb\u00e4rsgel\u00e9 i mitten av varje kaka. L\u00e4ngst bort p\u00e5 bilden kan man se de nypudrade \u00f6verdelarna med florsocker som l\u00e4ggs p\u00e5. Busenkelt \u00e4ven f\u00f6r sm\u00e5 barn. Dotterns charmiga kakor, lite vinda&#8230; men vad g\u00f6r det. Hon \u00e4r snart fem \u00e5r och min lilla hj\u00e4lpreda i k\u00f6ket. Mitten av kakorna d\u00e5??? Dom m\u00e5ste ju anv\u00e4ndas, s\u00e5 vi gr\u00e4ddade dom med. Blev j\u00e4ttes\u00f6ta pyttekakor i alla m\u00f6jliga former. Passa p\u00e5 och t\u00e4vla fram till midnatt om muffinsformarna \ud83d\ude42 Jag bes\u00f6ker er alla \u00e4ven fast jag inte hinner skriva n\u00e5gon kommentar i era bloggar. Kul att l\u00e4ra k\u00e4nna s\u00e5 m\u00e5nga nya bes\u00f6kare!! Ha det gott och hoppas jag har frestat er med lite gott igen \ud83d\ude42 Kram Helena","og_url":"https:\/\/klarafardiga.com\/?p=69","og_site_name":"Baka med KlaraForm","article_published_time":"2009-02-01T20:07:00+00:00","og_image":[{"url":"http:\/\/3.bp.blogspot.com\/_rCm4mArCkLE\/SYX1O-18u2I\/AAAAAAAABZg\/2p62SSlyido\/s400\/linzer04.jpg"}],"author":"admin","twitter_card":"summary_large_image","twitter_misc":{"Skriven av":"admin","Ber\u00e4knad l\u00e4stid":"1 minut"},"schema":{"@context":"https:\/\/schema.org","@graph":[{"@type":"WebPage","@id":"https:\/\/klarafardiga.com\/?p=69","url":"https:\/\/klarafardiga.com\/?p=69","name":"Linzer cookies... - Baka med KlaraForm","isPartOf":{"@id":"https:\/\/klarafardiga.com\/#website"},"primaryImageOfPage":{"@id":"https:\/\/klarafardiga.com\/?p=69#primaryimage"},"image":{"@id":"https:\/\/klarafardiga.com\/?p=69#primaryimage"},"thumbnailUrl":"http:\/\/3.bp.blogspot.com\/_rCm4mArCkLE\/SYX1O-18u2I\/AAAAAAAABZg\/2p62SSlyido\/s400\/linzer04.jpg","datePublished":"2009-02-01T20:07:00+00:00","dateModified":"2009-02-01T20:07:00+00:00","author":{"@id":"https:\/\/klarafardiga.com\/#\/schema\/person\/0f54ba1da7c4c21dd7411ed3a8e9f8c0"},"breadcrumb":{"@id":"https:\/\/klarafardiga.com\/?p=69#breadcrumb"},"inLanguage":"sv-SE","potentialAction":[{"@type":"ReadAction","target":["https:\/\/klarafardiga.com\/?p=69"]}]},{"@type":"ImageObject","inLanguage":"sv-SE","@id":"https:\/\/klarafardiga.com\/?p=69#primaryimage","url":"http:\/\/3.bp.blogspot.com\/_rCm4mArCkLE\/SYX1O-18u2I\/AAAAAAAABZg\/2p62SSlyido\/s400\/linzer04.jpg","contentUrl":"http:\/\/3.bp.blogspot.com\/_rCm4mArCkLE\/SYX1O-18u2I\/AAAAAAAABZg\/2p62SSlyido\/s400\/linzer04.jpg"},{"@type":"BreadcrumbList","@id":"https:\/\/klarafardiga.com\/?p=69#breadcrumb","itemListElement":[{"@type":"ListItem","position":1,"name":"Hem","item":"https:\/\/klarafardiga.com\/"},{"@type":"ListItem","position":2,"name":"Linzer cookies&#8230;"}]},{"@type":"WebSite","@id":"https:\/\/klarafardiga.com\/#website","url":"https:\/\/klarafardiga.com\/","name":"Baka med KlaraForm","description":"Recept, tips och nyheter i butiken","potentialAction":[{"@type":"SearchAction","target":{"@type":"EntryPoint","urlTemplate":"https:\/\/klarafardiga.com\/?s={search_term_string}"},"query-input":{"@type":"PropertyValueSpecification","valueRequired":true,"valueName":"search_term_string"}}],"inLanguage":"sv-SE"},{"@type":"Person","@id":"https:\/\/klarafardiga.com\/#\/schema\/person\/0f54ba1da7c4c21dd7411ed3a8e9f8c0","name":"admin","image":{"@type":"ImageObject","inLanguage":"sv-SE","@id":"https:\/\/klarafardiga.com\/#\/schema\/person\/image\/","url":"https:\/\/secure.gravatar.com\/avatar\/356da59eaae0a6e58215761d8e8dabed?s=96&d=mm&r=g","contentUrl":"https:\/\/secure.gravatar.com\/avatar\/356da59eaae0a6e58215761d8e8dabed?s=96&d=mm&r=g","caption":"admin"},"sameAs":["http:\/\/www.klaraform.se"],"url":"https:\/\/klarafardiga.com\/?author=1"}]}},"_links":{"self":[{"href":"https:\/\/klarafardiga.com\/index.php?rest_route=\/wp\/v2\/posts\/69"}],"collection":[{"href":"https:\/\/klarafardiga.com\/index.php?rest_route=\/wp\/v2\/posts"}],"about":[{"href":"https:\/\/klarafardiga.com\/index.php?rest_route=\/wp\/v2\/types\/post"}],"author":[{"embeddable":true,"href":"https:\/\/klarafardiga.com\/index.php?rest_route=\/wp\/v2\/users\/1"}],"replies":[{"embeddable":true,"href":"https:\/\/klarafardiga.com\/index.php?rest_route=%2Fwp%2Fv2%2Fcomments&post=69"}],"version-history":[{"count":0,"href":"https:\/\/klarafardiga.com\/index.php?rest_route=\/wp\/v2\/posts\/69\/revisions"}],"wp:attachment":[{"href":"https:\/\/klarafardiga.com\/index.php?rest_route=%2Fwp%2Fv2%2Fmedia&parent=69"}],"wp:term":[{"taxonomy":"category","embeddable":true,"href":"https:\/\/klarafardiga.com\/index.php?rest_route=%2Fwp%2Fv2%2Fcategories&post=69"},{"taxonomy":"post_tag","embeddable":true,"href":"https:\/\/klarafardiga.com\/index.php?rest_route=%2Fwp%2Fv2%2Ftags&post=69"}],"curies":[{"name":"wp","href":"https:\/\/api.w.org\/{rel}","templated":true}]}}