{"id":66,"date":"2009-01-07T11:37:00","date_gmt":"2009-01-07T10:37:00","guid":{"rendered":"http:\/\/klarafardiga.com\/?p=66"},"modified":"2009-01-07T11:37:00","modified_gmt":"2009-01-07T10:37:00","slug":"gnistrande-sno-och-harligt-kallt","status":"publish","type":"post","link":"https:\/\/klarafardiga.com\/?p=66","title":{"rendered":"Gnistrande sn\u00f6 och h\u00e4rligt kallt&#8230;"},"content":{"rendered":"<p>\u00c5hhh vad jag \u00e4lskar v\u00e5ra sovmornar&#8230; vet inte hur jag ska komma upp n\u00e4r vardagen b\u00f6rjar p\u00e5 m\u00e5ndag. Vi sover l\u00e4nge, \u00e4ter frukost l\u00e4nge, &#8221;slappar&#8221; l\u00e4nge&#8230;.. det \u00e4r s\u00e5\u00e5\u00e5\u00e5 sk\u00f6nt.<\/p>\n<p><a href=\"http:\/\/3.bp.blogspot.com\/_rCm4mArCkLE\/SWR5qq9GYVI\/AAAAAAAABVY\/eARJkA_NE3U\/s1600-h\/burk.jpg\"><img decoding=\"async\" id=\"BLOGGER_PHOTO_ID_5288485636431831378\" style=\"DISPLAY: block; MARGIN: 0px auto 10px; WIDTH: 299px; CURSOR: hand; HEIGHT: 400px; TEXT-ALIGN: center\" alt=\"\" src=\"http:\/\/3.bp.blogspot.com\/_rCm4mArCkLE\/SWR5qq9GYVI\/AAAAAAAABVY\/eARJkA_NE3U\/s400\/burk.jpg\" border=\"0\" \/><\/a> V\u00e5r frukost, yoghurt, mussli + hallon och bl\u00e5b\u00e4r fr\u00e5n frysen som vi plockade i h\u00f6stas&#8230;<\/p>\n<div><img decoding=\"async\" id=\"BLOGGER_PHOTO_ID_5288485627044022402\" style=\"DISPLAY: block; MARGIN: 0px auto 10px; WIDTH: 400px; CURSOR: hand; HEIGHT: 299px; TEXT-ALIGN: center\" alt=\"\" src=\"http:\/\/2.bp.blogspot.com\/_rCm4mArCkLE\/SWR5qH-3yII\/AAAAAAAABVI\/r5FHh3Kkwrc\/s400\/snostjarna02.jpg\" border=\"0\" \/><\/div>\n<div>Bilden ser lite suddig ut men det beror p\u00e5 sn\u00f6flingorna p\u00e5 f\u00f6nstret. Se nedan.<\/div>\n<div><img decoding=\"async\" id=\"BLOGGER_PHOTO_ID_5288485630755383602\" style=\"DISPLAY: block; MARGIN: 0px auto 10px; WIDTH: 400px; CURSOR: hand; HEIGHT: 299px; TEXT-ALIGN: center\" alt=\"\" src=\"http:\/\/2.bp.blogspot.com\/_rCm4mArCkLE\/SWR5qVzuqTI\/AAAAAAAABVQ\/DM07kgHs3o0\/s400\/snostjarna01.jpg\" border=\"0\" \/> Sn\u00f6flingor av gel\u00e9 variant p\u00e5 f\u00f6nstret.<\/p>\n<div><a href=\"http:\/\/4.bp.blogspot.com\/_rCm4mArCkLE\/SWR5qMY9-2I\/AAAAAAAABVA\/BCz8Aav9uuY\/s1600-h\/snostjarna03.jpg\"><img decoding=\"async\" id=\"BLOGGER_PHOTO_ID_5288485628227222370\" style=\"DISPLAY: block; MARGIN: 0px auto 10px; WIDTH: 400px; CURSOR: hand; HEIGHT: 299px; TEXT-ALIGN: center\" alt=\"\" src=\"http:\/\/4.bp.blogspot.com\/_rCm4mArCkLE\/SWR5qMY9-2I\/AAAAAAAABVA\/BCz8Aav9uuY\/s400\/snostjarna03.jpg\" border=\"0\" \/><\/a> Riktiga frostiga sn\u00f6flingor&#8230;.<\/p>\n<div><a href=\"http:\/\/2.bp.blogspot.com\/_rCm4mArCkLE\/SWR5pj8BGdI\/AAAAAAAABU4\/3j6UzwAFPn4\/s1600-h\/snostjarna04.jpg\"><img decoding=\"async\" id=\"BLOGGER_PHOTO_ID_5288485617368373714\" style=\"DISPLAY: block; MARGIN: 0px auto 10px; WIDTH: 400px; CURSOR: hand; HEIGHT: 299px; TEXT-ALIGN: center\" alt=\"\" src=\"http:\/\/2.bp.blogspot.com\/_rCm4mArCkLE\/SWR5pj8BGdI\/AAAAAAAABU4\/3j6UzwAFPn4\/s400\/snostjarna04.jpg\" border=\"0\" \/><\/a><br \/>Sn\u00f6flingor i motljus, bilden \u00e4r tagen nu p\u00e5 morgonen.<\/div>\n<div> <\/div>\n<div><\/div>\n<div>Nu ska jag \u00e5ka iv\u00e4g och h\u00e4mta mina nya l\u00e5ngf\u00e4rdsskridskor \ud83d\ude42 ska bli sp\u00e4nnande.<\/div>\n<div><\/div>\n<div>Ha en fortsatt bra vecka!<\/div>\n<div>Kramis Helena<\/p>\n<\/div>\n<div><\/div>\n<\/div>\n<\/div>\n","protected":false},"excerpt":{"rendered":"<p>\u00c5hhh vad jag \u00e4lskar v\u00e5ra sovmornar&#8230; vet inte hur jag ska komma upp n\u00e4r vardagen b\u00f6rjar p\u00e5 m\u00e5ndag. Vi sover l\u00e4nge, \u00e4ter frukost l\u00e4nge, &#8221;slappar&#8221; l\u00e4nge&#8230;.. det \u00e4r s\u00e5\u00e5\u00e5\u00e5 sk\u00f6nt. V\u00e5r frukost, yoghurt, mussli + hallon och bl\u00e5b\u00e4r fr\u00e5n frysen som vi plockade i h\u00f6stas&#8230; Bilden ser lite suddig ut men det beror p\u00e5 sn\u00f6flingorna p\u00e5 f\u00f6nstret. Se nedan. Sn\u00f6flingor av gel\u00e9 variant p\u00e5 f\u00f6nstret. Riktiga frostiga sn\u00f6flingor&#8230;. Sn\u00f6flingor i motljus, bilden \u00e4r tagen nu p\u00e5 morgonen. Nu ska jag \u00e5ka iv\u00e4g och h\u00e4mta mina nya l\u00e5ngf\u00e4rdsskridskor \ud83d\ude42 ska bli sp\u00e4nnande. Ha en fortsatt bra vecka! Kramis Helena<\/p>\n","protected":false},"author":1,"featured_media":0,"comment_status":"open","ping_status":"open","sticky":false,"template":"","format":"standard","meta":{"footnotes":""},"categories":[10],"tags":[],"yoast_head":"<!-- This site is optimized with the Yoast SEO plugin v23.5 - https:\/\/yoast.com\/wordpress\/plugins\/seo\/ -->\n<title>Gnistrande sn\u00f6 och h\u00e4rligt kallt... - Baka med KlaraForm<\/title>\n<meta name=\"robots\" content=\"index, follow, max-snippet:-1, max-image-preview:large, max-video-preview:-1\" \/>\n<link rel=\"canonical\" href=\"https:\/\/klarafardiga.com\/?p=66\" \/>\n<meta property=\"og:locale\" content=\"sv_SE\" \/>\n<meta property=\"og:type\" content=\"article\" \/>\n<meta property=\"og:title\" content=\"Gnistrande sn\u00f6 och h\u00e4rligt kallt... - Baka med KlaraForm\" \/>\n<meta property=\"og:description\" content=\"\u00c5hhh vad jag \u00e4lskar v\u00e5ra sovmornar&#8230; vet inte hur jag ska komma upp n\u00e4r vardagen b\u00f6rjar p\u00e5 m\u00e5ndag. Vi sover l\u00e4nge, \u00e4ter frukost l\u00e4nge, &#8221;slappar&#8221; l\u00e4nge&#8230;.. det \u00e4r s\u00e5\u00e5\u00e5\u00e5 sk\u00f6nt. V\u00e5r frukost, yoghurt, mussli + hallon och bl\u00e5b\u00e4r fr\u00e5n frysen som vi plockade i h\u00f6stas&#8230; Bilden ser lite suddig ut men det beror p\u00e5 sn\u00f6flingorna p\u00e5 f\u00f6nstret. Se nedan. Sn\u00f6flingor av gel\u00e9 variant p\u00e5 f\u00f6nstret. Riktiga frostiga sn\u00f6flingor&#8230;. Sn\u00f6flingor i motljus, bilden \u00e4r tagen nu p\u00e5 morgonen. Nu ska jag \u00e5ka iv\u00e4g och h\u00e4mta mina nya l\u00e5ngf\u00e4rdsskridskor \ud83d\ude42 ska bli sp\u00e4nnande. Ha en fortsatt bra vecka! Kramis Helena\" \/>\n<meta property=\"og:url\" content=\"https:\/\/klarafardiga.com\/?p=66\" \/>\n<meta property=\"og:site_name\" content=\"Baka med KlaraForm\" \/>\n<meta property=\"article:published_time\" content=\"2009-01-07T10:37:00+00:00\" \/>\n<meta property=\"og:image\" content=\"http:\/\/3.bp.blogspot.com\/_rCm4mArCkLE\/SWR5qq9GYVI\/AAAAAAAABVY\/eARJkA_NE3U\/s400\/burk.jpg\" \/>\n<meta name=\"author\" content=\"admin\" \/>\n<meta name=\"twitter:card\" content=\"summary_large_image\" \/>\n<meta name=\"twitter:label1\" content=\"Skriven av\" \/>\n\t<meta name=\"twitter:data1\" content=\"admin\" \/>\n\t<meta name=\"twitter:label2\" content=\"Ber\u00e4knad l\u00e4stid\" \/>\n\t<meta name=\"twitter:data2\" content=\"1 minut\" \/>\n<script type=\"application\/ld+json\" class=\"yoast-schema-graph\">{\"@context\":\"https:\/\/schema.org\",\"@graph\":[{\"@type\":\"WebPage\",\"@id\":\"https:\/\/klarafardiga.com\/?p=66\",\"url\":\"https:\/\/klarafardiga.com\/?p=66\",\"name\":\"Gnistrande sn\u00f6 och h\u00e4rligt kallt... - Baka med KlaraForm\",\"isPartOf\":{\"@id\":\"https:\/\/klarafardiga.com\/#website\"},\"primaryImageOfPage\":{\"@id\":\"https:\/\/klarafardiga.com\/?p=66#primaryimage\"},\"image\":{\"@id\":\"https:\/\/klarafardiga.com\/?p=66#primaryimage\"},\"thumbnailUrl\":\"http:\/\/3.bp.blogspot.com\/_rCm4mArCkLE\/SWR5qq9GYVI\/AAAAAAAABVY\/eARJkA_NE3U\/s400\/burk.jpg\",\"datePublished\":\"2009-01-07T10:37:00+00:00\",\"dateModified\":\"2009-01-07T10:37:00+00:00\",\"author\":{\"@id\":\"https:\/\/klarafardiga.com\/#\/schema\/person\/0f54ba1da7c4c21dd7411ed3a8e9f8c0\"},\"breadcrumb\":{\"@id\":\"https:\/\/klarafardiga.com\/?p=66#breadcrumb\"},\"inLanguage\":\"sv-SE\",\"potentialAction\":[{\"@type\":\"ReadAction\",\"target\":[\"https:\/\/klarafardiga.com\/?p=66\"]}]},{\"@type\":\"ImageObject\",\"inLanguage\":\"sv-SE\",\"@id\":\"https:\/\/klarafardiga.com\/?p=66#primaryimage\",\"url\":\"http:\/\/3.bp.blogspot.com\/_rCm4mArCkLE\/SWR5qq9GYVI\/AAAAAAAABVY\/eARJkA_NE3U\/s400\/burk.jpg\",\"contentUrl\":\"http:\/\/3.bp.blogspot.com\/_rCm4mArCkLE\/SWR5qq9GYVI\/AAAAAAAABVY\/eARJkA_NE3U\/s400\/burk.jpg\"},{\"@type\":\"BreadcrumbList\",\"@id\":\"https:\/\/klarafardiga.com\/?p=66#breadcrumb\",\"itemListElement\":[{\"@type\":\"ListItem\",\"position\":1,\"name\":\"Hem\",\"item\":\"https:\/\/klarafardiga.com\/\"},{\"@type\":\"ListItem\",\"position\":2,\"name\":\"Gnistrande sn\u00f6 och h\u00e4rligt kallt&#8230;\"}]},{\"@type\":\"WebSite\",\"@id\":\"https:\/\/klarafardiga.com\/#website\",\"url\":\"https:\/\/klarafardiga.com\/\",\"name\":\"Baka med KlaraForm\",\"description\":\"Recept, tips och nyheter i butiken\",\"potentialAction\":[{\"@type\":\"SearchAction\",\"target\":{\"@type\":\"EntryPoint\",\"urlTemplate\":\"https:\/\/klarafardiga.com\/?s={search_term_string}\"},\"query-input\":{\"@type\":\"PropertyValueSpecification\",\"valueRequired\":true,\"valueName\":\"search_term_string\"}}],\"inLanguage\":\"sv-SE\"},{\"@type\":\"Person\",\"@id\":\"https:\/\/klarafardiga.com\/#\/schema\/person\/0f54ba1da7c4c21dd7411ed3a8e9f8c0\",\"name\":\"admin\",\"image\":{\"@type\":\"ImageObject\",\"inLanguage\":\"sv-SE\",\"@id\":\"https:\/\/klarafardiga.com\/#\/schema\/person\/image\/\",\"url\":\"https:\/\/secure.gravatar.com\/avatar\/356da59eaae0a6e58215761d8e8dabed?s=96&d=mm&r=g\",\"contentUrl\":\"https:\/\/secure.gravatar.com\/avatar\/356da59eaae0a6e58215761d8e8dabed?s=96&d=mm&r=g\",\"caption\":\"admin\"},\"sameAs\":[\"http:\/\/www.klaraform.se\"],\"url\":\"https:\/\/klarafardiga.com\/?author=1\"}]}<\/script>\n<!-- \/ Yoast SEO plugin. -->","yoast_head_json":{"title":"Gnistrande sn\u00f6 och h\u00e4rligt kallt... - Baka med KlaraForm","robots":{"index":"index","follow":"follow","max-snippet":"max-snippet:-1","max-image-preview":"max-image-preview:large","max-video-preview":"max-video-preview:-1"},"canonical":"https:\/\/klarafardiga.com\/?p=66","og_locale":"sv_SE","og_type":"article","og_title":"Gnistrande sn\u00f6 och h\u00e4rligt kallt... - Baka med KlaraForm","og_description":"\u00c5hhh vad jag \u00e4lskar v\u00e5ra sovmornar&#8230; vet inte hur jag ska komma upp n\u00e4r vardagen b\u00f6rjar p\u00e5 m\u00e5ndag. Vi sover l\u00e4nge, \u00e4ter frukost l\u00e4nge, &#8221;slappar&#8221; l\u00e4nge&#8230;.. det \u00e4r s\u00e5\u00e5\u00e5\u00e5 sk\u00f6nt. V\u00e5r frukost, yoghurt, mussli + hallon och bl\u00e5b\u00e4r fr\u00e5n frysen som vi plockade i h\u00f6stas&#8230; Bilden ser lite suddig ut men det beror p\u00e5 sn\u00f6flingorna p\u00e5 f\u00f6nstret. Se nedan. Sn\u00f6flingor av gel\u00e9 variant p\u00e5 f\u00f6nstret. Riktiga frostiga sn\u00f6flingor&#8230;. Sn\u00f6flingor i motljus, bilden \u00e4r tagen nu p\u00e5 morgonen. Nu ska jag \u00e5ka iv\u00e4g och h\u00e4mta mina nya l\u00e5ngf\u00e4rdsskridskor \ud83d\ude42 ska bli sp\u00e4nnande. Ha en fortsatt bra vecka! Kramis Helena","og_url":"https:\/\/klarafardiga.com\/?p=66","og_site_name":"Baka med KlaraForm","article_published_time":"2009-01-07T10:37:00+00:00","og_image":[{"url":"http:\/\/3.bp.blogspot.com\/_rCm4mArCkLE\/SWR5qq9GYVI\/AAAAAAAABVY\/eARJkA_NE3U\/s400\/burk.jpg"}],"author":"admin","twitter_card":"summary_large_image","twitter_misc":{"Skriven av":"admin","Ber\u00e4knad l\u00e4stid":"1 minut"},"schema":{"@context":"https:\/\/schema.org","@graph":[{"@type":"WebPage","@id":"https:\/\/klarafardiga.com\/?p=66","url":"https:\/\/klarafardiga.com\/?p=66","name":"Gnistrande sn\u00f6 och h\u00e4rligt kallt... - Baka med KlaraForm","isPartOf":{"@id":"https:\/\/klarafardiga.com\/#website"},"primaryImageOfPage":{"@id":"https:\/\/klarafardiga.com\/?p=66#primaryimage"},"image":{"@id":"https:\/\/klarafardiga.com\/?p=66#primaryimage"},"thumbnailUrl":"http:\/\/3.bp.blogspot.com\/_rCm4mArCkLE\/SWR5qq9GYVI\/AAAAAAAABVY\/eARJkA_NE3U\/s400\/burk.jpg","datePublished":"2009-01-07T10:37:00+00:00","dateModified":"2009-01-07T10:37:00+00:00","author":{"@id":"https:\/\/klarafardiga.com\/#\/schema\/person\/0f54ba1da7c4c21dd7411ed3a8e9f8c0"},"breadcrumb":{"@id":"https:\/\/klarafardiga.com\/?p=66#breadcrumb"},"inLanguage":"sv-SE","potentialAction":[{"@type":"ReadAction","target":["https:\/\/klarafardiga.com\/?p=66"]}]},{"@type":"ImageObject","inLanguage":"sv-SE","@id":"https:\/\/klarafardiga.com\/?p=66#primaryimage","url":"http:\/\/3.bp.blogspot.com\/_rCm4mArCkLE\/SWR5qq9GYVI\/AAAAAAAABVY\/eARJkA_NE3U\/s400\/burk.jpg","contentUrl":"http:\/\/3.bp.blogspot.com\/_rCm4mArCkLE\/SWR5qq9GYVI\/AAAAAAAABVY\/eARJkA_NE3U\/s400\/burk.jpg"},{"@type":"BreadcrumbList","@id":"https:\/\/klarafardiga.com\/?p=66#breadcrumb","itemListElement":[{"@type":"ListItem","position":1,"name":"Hem","item":"https:\/\/klarafardiga.com\/"},{"@type":"ListItem","position":2,"name":"Gnistrande sn\u00f6 och h\u00e4rligt kallt&#8230;"}]},{"@type":"WebSite","@id":"https:\/\/klarafardiga.com\/#website","url":"https:\/\/klarafardiga.com\/","name":"Baka med KlaraForm","description":"Recept, tips och nyheter i butiken","potentialAction":[{"@type":"SearchAction","target":{"@type":"EntryPoint","urlTemplate":"https:\/\/klarafardiga.com\/?s={search_term_string}"},"query-input":{"@type":"PropertyValueSpecification","valueRequired":true,"valueName":"search_term_string"}}],"inLanguage":"sv-SE"},{"@type":"Person","@id":"https:\/\/klarafardiga.com\/#\/schema\/person\/0f54ba1da7c4c21dd7411ed3a8e9f8c0","name":"admin","image":{"@type":"ImageObject","inLanguage":"sv-SE","@id":"https:\/\/klarafardiga.com\/#\/schema\/person\/image\/","url":"https:\/\/secure.gravatar.com\/avatar\/356da59eaae0a6e58215761d8e8dabed?s=96&d=mm&r=g","contentUrl":"https:\/\/secure.gravatar.com\/avatar\/356da59eaae0a6e58215761d8e8dabed?s=96&d=mm&r=g","caption":"admin"},"sameAs":["http:\/\/www.klaraform.se"],"url":"https:\/\/klarafardiga.com\/?author=1"}]}},"_links":{"self":[{"href":"https:\/\/klarafardiga.com\/index.php?rest_route=\/wp\/v2\/posts\/66"}],"collection":[{"href":"https:\/\/klarafardiga.com\/index.php?rest_route=\/wp\/v2\/posts"}],"about":[{"href":"https:\/\/klarafardiga.com\/index.php?rest_route=\/wp\/v2\/types\/post"}],"author":[{"embeddable":true,"href":"https:\/\/klarafardiga.com\/index.php?rest_route=\/wp\/v2\/users\/1"}],"replies":[{"embeddable":true,"href":"https:\/\/klarafardiga.com\/index.php?rest_route=%2Fwp%2Fv2%2Fcomments&post=66"}],"version-history":[{"count":0,"href":"https:\/\/klarafardiga.com\/index.php?rest_route=\/wp\/v2\/posts\/66\/revisions"}],"wp:attachment":[{"href":"https:\/\/klarafardiga.com\/index.php?rest_route=%2Fwp%2Fv2%2Fmedia&parent=66"}],"wp:term":[{"taxonomy":"category","embeddable":true,"href":"https:\/\/klarafardiga.com\/index.php?rest_route=%2Fwp%2Fv2%2Fcategories&post=66"},{"taxonomy":"post_tag","embeddable":true,"href":"https:\/\/klarafardiga.com\/index.php?rest_route=%2Fwp%2Fv2%2Ftags&post=66"}],"curies":[{"name":"wp","href":"https:\/\/api.w.org\/{rel}","templated":true}]}}