{"id":63,"date":"2008-12-19T20:47:00","date_gmt":"2008-12-19T19:47:00","guid":{"rendered":"http:\/\/klarafardiga.com\/?p=63"},"modified":"2008-12-19T20:47:00","modified_gmt":"2008-12-19T19:47:00","slug":"tvaltillverkning","status":"publish","type":"post","link":"https:\/\/klarafardiga.com\/?p=63","title":{"rendered":"Tv\u00e5ltillverkning&#8230;"},"content":{"rendered":"<p>Jag och barnen har sm\u00e5pysslat lite, vi har som tradition vid jul att g\u00f6ra tv\u00e5l. D\u00e5 enkel &#8221;sm\u00e4lt och h\u00e4ll&#8221; tv\u00e5l. Hur enkelt som helst, man sm\u00e4lter bara lite tv\u00e5lmassa i ett vattenbad, tills\u00e4tter lite doftolja och tv\u00e5lf\u00e4rg. H\u00e4r har jag anv\u00e4nt mig av <a href=\"http:\/\/www.klarafardiga.com\/\"><strong>muffinsformar<\/strong> <\/a>av en stabilare sort.<\/p>\n<div>Innan barnen f\u00f6ddes gjorde jag egen tv\u00e5l fr\u00e5n grunden med kaustiksoda, olivolja mm. Skulle vara kul att g\u00f6ra helt egna tv\u00e5lar igen men det \u00e4r lite tidskr\u00e4vande s\u00e5 jag f\u00e5r h\u00e5lla tillgodo med snabbvarianten ett tag till \ud83d\ude42 <\/div>\n<div> <\/div>\n<div align=\"center\"><img decoding=\"async\" id=\"BLOGGER_PHOTO_ID_5281575284369478962\" style=\"DISPLAY: block; MARGIN: 0px auto 10px; WIDTH: 370px; CURSOR: hand; HEIGHT: 400px; TEXT-ALIGN: center\" alt=\"\" src=\"http:\/\/1.bp.blogspot.com\/_rCm4mArCkLE\/SUvsvPdTVTI\/AAAAAAAABSY\/hoev2lH-X7k\/s400\/tval02.jpg\" border=\"0\" \/> En julklappsvariant &#8211; pastelligt v\u00e4rre.<\/p>\n<div><img decoding=\"async\" id=\"BLOGGER_PHOTO_ID_5281575281366490370\" style=\"DISPLAY: block; MARGIN: 0px auto 10px; WIDTH: 400px; CURSOR: hand; HEIGHT: 171px; TEXT-ALIGN: center\" alt=\"\" src=\"http:\/\/3.bp.blogspot.com\/_rCm4mArCkLE\/SUvsvERVXQI\/AAAAAAAABSg\/BRRLiNj3FWs\/s400\/tval01.jpg\" border=\"0\" \/> Det \u00e4r n\u00e4stan s\u00e5 man kan ta en tugga&#8230;<\/p>\n<p><img decoding=\"async\" id=\"BLOGGER_PHOTO_ID_5281582370965525938\" style=\"DISPLAY: block; MARGIN: 0px auto 10px; WIDTH: 400px; CURSOR: hand; HEIGHT: 300px; TEXT-ALIGN: center\" alt=\"\" src=\"http:\/\/1.bp.blogspot.com\/_rCm4mArCkLE\/SUvzLvFdlbI\/AAAAAAAABSo\/srkst9MTFHg\/s400\/tval03.jpg\" border=\"0\" \/>Kaneltv\u00e5l gjord fr\u00e5n grunden, ja det \u00e4r n\u00e5gra \u00e5r sedan nu&#8230;<\/div>\n<div><\/div>\n<p><img decoding=\"async\" id=\"BLOGGER_PHOTO_ID_5281582378001788994\" style=\"DISPLAY: block; MARGIN: 0px auto 10px; WIDTH: 400px; CURSOR: hand; HEIGHT: 300px; TEXT-ALIGN: center\" alt=\"\" src=\"http:\/\/4.bp.blogspot.com\/_rCm4mArCkLE\/SUvzMJTCcEI\/AAAAAAAABSw\/bECqyW_RuvA\/s400\/tval04.jpg\" border=\"0\" \/>H\u00e4r \u00e4r egentillverkad lavendeltv\u00e5l&#8230;<\/div>\n<div align=\"center\"><\/div>\n<div align=\"center\"><\/div>\n<div align=\"left\">Ha en riktigt h\u00e4rlig helg allihopa!<\/div>\n<div align=\"left\">Kram Helena<\/div>\n<div align=\"center\"><\/div>\n","protected":false},"excerpt":{"rendered":"<p>Jag och barnen har sm\u00e5pysslat lite, vi har som tradition vid jul att g\u00f6ra tv\u00e5l. D\u00e5 enkel &#8221;sm\u00e4lt och h\u00e4ll&#8221; tv\u00e5l. Hur enkelt som helst, man sm\u00e4lter bara lite tv\u00e5lmassa i ett vattenbad, tills\u00e4tter lite doftolja och tv\u00e5lf\u00e4rg. H\u00e4r har jag anv\u00e4nt mig av muffinsformar av en stabilare sort. Innan barnen f\u00f6ddes gjorde jag egen tv\u00e5l fr\u00e5n grunden med kaustiksoda, olivolja mm. Skulle vara kul att g\u00f6ra helt egna tv\u00e5lar igen men det \u00e4r lite tidskr\u00e4vande s\u00e5 jag f\u00e5r h\u00e5lla tillgodo med snabbvarianten ett tag till \ud83d\ude42 En julklappsvariant &#8211; pastelligt v\u00e4rre. Det \u00e4r n\u00e4stan s\u00e5 man kan ta en tugga&#8230; Kaneltv\u00e5l gjord fr\u00e5n grunden, ja det \u00e4r n\u00e5gra \u00e5r sedan nu&#8230; H\u00e4r \u00e4r egentillverkad lavendeltv\u00e5l&#8230; Ha en riktigt h\u00e4rlig helg allihopa! Kram Helena<\/p>\n","protected":false},"author":1,"featured_media":0,"comment_status":"open","ping_status":"open","sticky":false,"template":"","format":"standard","meta":{"footnotes":""},"categories":[8,4],"tags":[],"yoast_head":"<!-- This site is optimized with the Yoast SEO plugin v23.5 - https:\/\/yoast.com\/wordpress\/plugins\/seo\/ -->\n<title>Tv\u00e5ltillverkning... - Baka med KlaraForm<\/title>\n<meta name=\"robots\" content=\"index, follow, max-snippet:-1, max-image-preview:large, max-video-preview:-1\" \/>\n<link rel=\"canonical\" href=\"https:\/\/klarafardiga.com\/?p=63\" \/>\n<meta property=\"og:locale\" content=\"sv_SE\" \/>\n<meta property=\"og:type\" content=\"article\" \/>\n<meta property=\"og:title\" content=\"Tv\u00e5ltillverkning... - Baka med KlaraForm\" \/>\n<meta property=\"og:description\" content=\"Jag och barnen har sm\u00e5pysslat lite, vi har som tradition vid jul att g\u00f6ra tv\u00e5l. D\u00e5 enkel &#8221;sm\u00e4lt och h\u00e4ll&#8221; tv\u00e5l. Hur enkelt som helst, man sm\u00e4lter bara lite tv\u00e5lmassa i ett vattenbad, tills\u00e4tter lite doftolja och tv\u00e5lf\u00e4rg. H\u00e4r har jag anv\u00e4nt mig av muffinsformar av en stabilare sort. Innan barnen f\u00f6ddes gjorde jag egen tv\u00e5l fr\u00e5n grunden med kaustiksoda, olivolja mm. Skulle vara kul att g\u00f6ra helt egna tv\u00e5lar igen men det \u00e4r lite tidskr\u00e4vande s\u00e5 jag f\u00e5r h\u00e5lla tillgodo med snabbvarianten ett tag till \ud83d\ude42 En julklappsvariant &#8211; pastelligt v\u00e4rre. Det \u00e4r n\u00e4stan s\u00e5 man kan ta en tugga&#8230; Kaneltv\u00e5l gjord fr\u00e5n grunden, ja det \u00e4r n\u00e5gra \u00e5r sedan nu&#8230; H\u00e4r \u00e4r egentillverkad lavendeltv\u00e5l&#8230; Ha en riktigt h\u00e4rlig helg allihopa! Kram Helena\" \/>\n<meta property=\"og:url\" content=\"https:\/\/klarafardiga.com\/?p=63\" \/>\n<meta property=\"og:site_name\" content=\"Baka med KlaraForm\" \/>\n<meta property=\"article:published_time\" content=\"2008-12-19T19:47:00+00:00\" \/>\n<meta property=\"og:image\" content=\"http:\/\/1.bp.blogspot.com\/_rCm4mArCkLE\/SUvsvPdTVTI\/AAAAAAAABSY\/hoev2lH-X7k\/s400\/tval02.jpg\" \/>\n<meta name=\"author\" content=\"admin\" \/>\n<meta name=\"twitter:card\" content=\"summary_large_image\" \/>\n<meta name=\"twitter:label1\" content=\"Skriven av\" \/>\n\t<meta name=\"twitter:data1\" content=\"admin\" \/>\n\t<meta name=\"twitter:label2\" content=\"Ber\u00e4knad l\u00e4stid\" \/>\n\t<meta name=\"twitter:data2\" content=\"1 minut\" \/>\n<script type=\"application\/ld+json\" class=\"yoast-schema-graph\">{\"@context\":\"https:\/\/schema.org\",\"@graph\":[{\"@type\":\"WebPage\",\"@id\":\"https:\/\/klarafardiga.com\/?p=63\",\"url\":\"https:\/\/klarafardiga.com\/?p=63\",\"name\":\"Tv\u00e5ltillverkning... - Baka med KlaraForm\",\"isPartOf\":{\"@id\":\"https:\/\/klarafardiga.com\/#website\"},\"primaryImageOfPage\":{\"@id\":\"https:\/\/klarafardiga.com\/?p=63#primaryimage\"},\"image\":{\"@id\":\"https:\/\/klarafardiga.com\/?p=63#primaryimage\"},\"thumbnailUrl\":\"http:\/\/1.bp.blogspot.com\/_rCm4mArCkLE\/SUvsvPdTVTI\/AAAAAAAABSY\/hoev2lH-X7k\/s400\/tval02.jpg\",\"datePublished\":\"2008-12-19T19:47:00+00:00\",\"dateModified\":\"2008-12-19T19:47:00+00:00\",\"author\":{\"@id\":\"https:\/\/klarafardiga.com\/#\/schema\/person\/0f54ba1da7c4c21dd7411ed3a8e9f8c0\"},\"breadcrumb\":{\"@id\":\"https:\/\/klarafardiga.com\/?p=63#breadcrumb\"},\"inLanguage\":\"sv-SE\",\"potentialAction\":[{\"@type\":\"ReadAction\",\"target\":[\"https:\/\/klarafardiga.com\/?p=63\"]}]},{\"@type\":\"ImageObject\",\"inLanguage\":\"sv-SE\",\"@id\":\"https:\/\/klarafardiga.com\/?p=63#primaryimage\",\"url\":\"http:\/\/1.bp.blogspot.com\/_rCm4mArCkLE\/SUvsvPdTVTI\/AAAAAAAABSY\/hoev2lH-X7k\/s400\/tval02.jpg\",\"contentUrl\":\"http:\/\/1.bp.blogspot.com\/_rCm4mArCkLE\/SUvsvPdTVTI\/AAAAAAAABSY\/hoev2lH-X7k\/s400\/tval02.jpg\"},{\"@type\":\"BreadcrumbList\",\"@id\":\"https:\/\/klarafardiga.com\/?p=63#breadcrumb\",\"itemListElement\":[{\"@type\":\"ListItem\",\"position\":1,\"name\":\"Hem\",\"item\":\"https:\/\/klarafardiga.com\/\"},{\"@type\":\"ListItem\",\"position\":2,\"name\":\"Tv\u00e5ltillverkning&#8230;\"}]},{\"@type\":\"WebSite\",\"@id\":\"https:\/\/klarafardiga.com\/#website\",\"url\":\"https:\/\/klarafardiga.com\/\",\"name\":\"Baka med KlaraForm\",\"description\":\"Recept, tips och nyheter i butiken\",\"potentialAction\":[{\"@type\":\"SearchAction\",\"target\":{\"@type\":\"EntryPoint\",\"urlTemplate\":\"https:\/\/klarafardiga.com\/?s={search_term_string}\"},\"query-input\":{\"@type\":\"PropertyValueSpecification\",\"valueRequired\":true,\"valueName\":\"search_term_string\"}}],\"inLanguage\":\"sv-SE\"},{\"@type\":\"Person\",\"@id\":\"https:\/\/klarafardiga.com\/#\/schema\/person\/0f54ba1da7c4c21dd7411ed3a8e9f8c0\",\"name\":\"admin\",\"image\":{\"@type\":\"ImageObject\",\"inLanguage\":\"sv-SE\",\"@id\":\"https:\/\/klarafardiga.com\/#\/schema\/person\/image\/\",\"url\":\"https:\/\/secure.gravatar.com\/avatar\/356da59eaae0a6e58215761d8e8dabed?s=96&d=mm&r=g\",\"contentUrl\":\"https:\/\/secure.gravatar.com\/avatar\/356da59eaae0a6e58215761d8e8dabed?s=96&d=mm&r=g\",\"caption\":\"admin\"},\"sameAs\":[\"http:\/\/www.klaraform.se\"],\"url\":\"https:\/\/klarafardiga.com\/?author=1\"}]}<\/script>\n<!-- \/ Yoast SEO plugin. -->","yoast_head_json":{"title":"Tv\u00e5ltillverkning... - Baka med KlaraForm","robots":{"index":"index","follow":"follow","max-snippet":"max-snippet:-1","max-image-preview":"max-image-preview:large","max-video-preview":"max-video-preview:-1"},"canonical":"https:\/\/klarafardiga.com\/?p=63","og_locale":"sv_SE","og_type":"article","og_title":"Tv\u00e5ltillverkning... - Baka med KlaraForm","og_description":"Jag och barnen har sm\u00e5pysslat lite, vi har som tradition vid jul att g\u00f6ra tv\u00e5l. D\u00e5 enkel &#8221;sm\u00e4lt och h\u00e4ll&#8221; tv\u00e5l. Hur enkelt som helst, man sm\u00e4lter bara lite tv\u00e5lmassa i ett vattenbad, tills\u00e4tter lite doftolja och tv\u00e5lf\u00e4rg. H\u00e4r har jag anv\u00e4nt mig av muffinsformar av en stabilare sort. Innan barnen f\u00f6ddes gjorde jag egen tv\u00e5l fr\u00e5n grunden med kaustiksoda, olivolja mm. Skulle vara kul att g\u00f6ra helt egna tv\u00e5lar igen men det \u00e4r lite tidskr\u00e4vande s\u00e5 jag f\u00e5r h\u00e5lla tillgodo med snabbvarianten ett tag till \ud83d\ude42 En julklappsvariant &#8211; pastelligt v\u00e4rre. Det \u00e4r n\u00e4stan s\u00e5 man kan ta en tugga&#8230; Kaneltv\u00e5l gjord fr\u00e5n grunden, ja det \u00e4r n\u00e5gra \u00e5r sedan nu&#8230; H\u00e4r \u00e4r egentillverkad lavendeltv\u00e5l&#8230; Ha en riktigt h\u00e4rlig helg allihopa! Kram Helena","og_url":"https:\/\/klarafardiga.com\/?p=63","og_site_name":"Baka med KlaraForm","article_published_time":"2008-12-19T19:47:00+00:00","og_image":[{"url":"http:\/\/1.bp.blogspot.com\/_rCm4mArCkLE\/SUvsvPdTVTI\/AAAAAAAABSY\/hoev2lH-X7k\/s400\/tval02.jpg"}],"author":"admin","twitter_card":"summary_large_image","twitter_misc":{"Skriven av":"admin","Ber\u00e4knad l\u00e4stid":"1 minut"},"schema":{"@context":"https:\/\/schema.org","@graph":[{"@type":"WebPage","@id":"https:\/\/klarafardiga.com\/?p=63","url":"https:\/\/klarafardiga.com\/?p=63","name":"Tv\u00e5ltillverkning... - Baka med KlaraForm","isPartOf":{"@id":"https:\/\/klarafardiga.com\/#website"},"primaryImageOfPage":{"@id":"https:\/\/klarafardiga.com\/?p=63#primaryimage"},"image":{"@id":"https:\/\/klarafardiga.com\/?p=63#primaryimage"},"thumbnailUrl":"http:\/\/1.bp.blogspot.com\/_rCm4mArCkLE\/SUvsvPdTVTI\/AAAAAAAABSY\/hoev2lH-X7k\/s400\/tval02.jpg","datePublished":"2008-12-19T19:47:00+00:00","dateModified":"2008-12-19T19:47:00+00:00","author":{"@id":"https:\/\/klarafardiga.com\/#\/schema\/person\/0f54ba1da7c4c21dd7411ed3a8e9f8c0"},"breadcrumb":{"@id":"https:\/\/klarafardiga.com\/?p=63#breadcrumb"},"inLanguage":"sv-SE","potentialAction":[{"@type":"ReadAction","target":["https:\/\/klarafardiga.com\/?p=63"]}]},{"@type":"ImageObject","inLanguage":"sv-SE","@id":"https:\/\/klarafardiga.com\/?p=63#primaryimage","url":"http:\/\/1.bp.blogspot.com\/_rCm4mArCkLE\/SUvsvPdTVTI\/AAAAAAAABSY\/hoev2lH-X7k\/s400\/tval02.jpg","contentUrl":"http:\/\/1.bp.blogspot.com\/_rCm4mArCkLE\/SUvsvPdTVTI\/AAAAAAAABSY\/hoev2lH-X7k\/s400\/tval02.jpg"},{"@type":"BreadcrumbList","@id":"https:\/\/klarafardiga.com\/?p=63#breadcrumb","itemListElement":[{"@type":"ListItem","position":1,"name":"Hem","item":"https:\/\/klarafardiga.com\/"},{"@type":"ListItem","position":2,"name":"Tv\u00e5ltillverkning&#8230;"}]},{"@type":"WebSite","@id":"https:\/\/klarafardiga.com\/#website","url":"https:\/\/klarafardiga.com\/","name":"Baka med KlaraForm","description":"Recept, tips och nyheter i butiken","potentialAction":[{"@type":"SearchAction","target":{"@type":"EntryPoint","urlTemplate":"https:\/\/klarafardiga.com\/?s={search_term_string}"},"query-input":{"@type":"PropertyValueSpecification","valueRequired":true,"valueName":"search_term_string"}}],"inLanguage":"sv-SE"},{"@type":"Person","@id":"https:\/\/klarafardiga.com\/#\/schema\/person\/0f54ba1da7c4c21dd7411ed3a8e9f8c0","name":"admin","image":{"@type":"ImageObject","inLanguage":"sv-SE","@id":"https:\/\/klarafardiga.com\/#\/schema\/person\/image\/","url":"https:\/\/secure.gravatar.com\/avatar\/356da59eaae0a6e58215761d8e8dabed?s=96&d=mm&r=g","contentUrl":"https:\/\/secure.gravatar.com\/avatar\/356da59eaae0a6e58215761d8e8dabed?s=96&d=mm&r=g","caption":"admin"},"sameAs":["http:\/\/www.klaraform.se"],"url":"https:\/\/klarafardiga.com\/?author=1"}]}},"_links":{"self":[{"href":"https:\/\/klarafardiga.com\/index.php?rest_route=\/wp\/v2\/posts\/63"}],"collection":[{"href":"https:\/\/klarafardiga.com\/index.php?rest_route=\/wp\/v2\/posts"}],"about":[{"href":"https:\/\/klarafardiga.com\/index.php?rest_route=\/wp\/v2\/types\/post"}],"author":[{"embeddable":true,"href":"https:\/\/klarafardiga.com\/index.php?rest_route=\/wp\/v2\/users\/1"}],"replies":[{"embeddable":true,"href":"https:\/\/klarafardiga.com\/index.php?rest_route=%2Fwp%2Fv2%2Fcomments&post=63"}],"version-history":[{"count":0,"href":"https:\/\/klarafardiga.com\/index.php?rest_route=\/wp\/v2\/posts\/63\/revisions"}],"wp:attachment":[{"href":"https:\/\/klarafardiga.com\/index.php?rest_route=%2Fwp%2Fv2%2Fmedia&parent=63"}],"wp:term":[{"taxonomy":"category","embeddable":true,"href":"https:\/\/klarafardiga.com\/index.php?rest_route=%2Fwp%2Fv2%2Fcategories&post=63"},{"taxonomy":"post_tag","embeddable":true,"href":"https:\/\/klarafardiga.com\/index.php?rest_route=%2Fwp%2Fv2%2Ftags&post=63"}],"curies":[{"name":"wp","href":"https:\/\/api.w.org\/{rel}","templated":true}]}}