{"id":602,"date":"2012-08-28T19:54:43","date_gmt":"2012-08-28T17:54:43","guid":{"rendered":"http:\/\/klarafardiga.com\/?p=602"},"modified":"2012-08-28T19:57:23","modified_gmt":"2012-08-28T17:57:23","slug":"tyllar-fran-wilton","status":"publish","type":"post","link":"https:\/\/klarafardiga.com\/?p=602","title":{"rendered":"Tyllar fr\u00e5n Wilton"},"content":{"rendered":"<p>Nu finns lite nya <strong><a href=\"http:\/\/klaraform.se\/dekorationsverktyg\/\" target=\"_blank\">tyllar fr\u00e5n Wilton <\/a><\/strong>i butiken. De \u00e4r lite mindre \u00e4n Ateco tyllarna som vi s\u00e5lt i butiken under m\u00e5nga \u00e5r. Vilken tyll \u00e4r din favorit? Min \u00e4r Atecos nr 849.<a href=\"https:\/\/klarafardiga.com\/wp-content\/uploads\/2012\/08\/tyllar_jamforelse.jpg\"><img fetchpriority=\"high\" decoding=\"async\" class=\"alignleft size-full wp-image-603\" title=\"Tyllar Wilton och Ateco\" src=\"https:\/\/klarafardiga.com\/wp-content\/uploads\/2012\/08\/tyllar_jamforelse.jpg\" alt=\"\" width=\"944\" height=\"565\" srcset=\"https:\/\/klarafardiga.com\/wp-content\/uploads\/2012\/08\/tyllar_jamforelse.jpg 944w, https:\/\/klarafardiga.com\/wp-content\/uploads\/2012\/08\/tyllar_jamforelse-300x179.jpg 300w, https:\/\/klarafardiga.com\/wp-content\/uploads\/2012\/08\/tyllar_jamforelse-500x300.jpg 500w\" sizes=\"(max-width: 944px) 100vw, 944px\" \/><\/a><\/p>\n<p>Ha det gott!<br \/>\nKram Helena<\/p>\n","protected":false},"excerpt":{"rendered":"<p>Nu finns lite nya tyllar fr\u00e5n Wilton i butiken. De \u00e4r lite mindre \u00e4n Ateco tyllarna som vi s\u00e5lt i butiken under m\u00e5nga \u00e5r. Vilken tyll \u00e4r din favorit? Min \u00e4r Atecos nr 849. Ha det gott! Kram Helena<\/p>\n","protected":false},"author":1,"featured_media":0,"comment_status":"open","ping_status":"open","sticky":false,"template":"","format":"standard","meta":{"footnotes":""},"categories":[8],"tags":[],"yoast_head":"<!-- This site is optimized with the Yoast SEO plugin v23.5 - https:\/\/yoast.com\/wordpress\/plugins\/seo\/ -->\n<title>Tyllar fr\u00e5n Wilton - Baka med KlaraForm<\/title>\n<meta name=\"robots\" content=\"index, follow, max-snippet:-1, max-image-preview:large, max-video-preview:-1\" \/>\n<link rel=\"canonical\" href=\"https:\/\/klarafardiga.com\/?p=602\" \/>\n<meta property=\"og:locale\" content=\"sv_SE\" \/>\n<meta property=\"og:type\" content=\"article\" \/>\n<meta property=\"og:title\" content=\"Tyllar fr\u00e5n Wilton - Baka med KlaraForm\" \/>\n<meta property=\"og:description\" content=\"Nu finns lite nya tyllar fr\u00e5n Wilton i butiken. De \u00e4r lite mindre \u00e4n Ateco tyllarna som vi s\u00e5lt i butiken under m\u00e5nga \u00e5r. Vilken tyll \u00e4r din favorit? Min \u00e4r Atecos nr 849. Ha det gott! Kram Helena\" \/>\n<meta property=\"og:url\" content=\"https:\/\/klarafardiga.com\/?p=602\" \/>\n<meta property=\"og:site_name\" content=\"Baka med KlaraForm\" \/>\n<meta property=\"article:published_time\" content=\"2012-08-28T17:54:43+00:00\" \/>\n<meta property=\"article:modified_time\" content=\"2012-08-28T17:57:23+00:00\" \/>\n<meta property=\"og:image\" content=\"http:\/\/klarafardiga.com\/wp-content\/uploads\/2012\/08\/tyllar_jamforelse.jpg\" \/>\n<meta name=\"author\" content=\"admin\" \/>\n<meta name=\"twitter:card\" content=\"summary_large_image\" \/>\n<meta name=\"twitter:label1\" content=\"Skriven av\" \/>\n\t<meta name=\"twitter:data1\" content=\"admin\" \/>\n<script type=\"application\/ld+json\" class=\"yoast-schema-graph\">{\"@context\":\"https:\/\/schema.org\",\"@graph\":[{\"@type\":\"WebPage\",\"@id\":\"https:\/\/klarafardiga.com\/?p=602\",\"url\":\"https:\/\/klarafardiga.com\/?p=602\",\"name\":\"Tyllar fr\u00e5n Wilton - Baka med KlaraForm\",\"isPartOf\":{\"@id\":\"https:\/\/klarafardiga.com\/#website\"},\"primaryImageOfPage\":{\"@id\":\"https:\/\/klarafardiga.com\/?p=602#primaryimage\"},\"image\":{\"@id\":\"https:\/\/klarafardiga.com\/?p=602#primaryimage\"},\"thumbnailUrl\":\"http:\/\/klarafardiga.com\/wp-content\/uploads\/2012\/08\/tyllar_jamforelse.jpg\",\"datePublished\":\"2012-08-28T17:54:43+00:00\",\"dateModified\":\"2012-08-28T17:57:23+00:00\",\"author\":{\"@id\":\"https:\/\/klarafardiga.com\/#\/schema\/person\/0f54ba1da7c4c21dd7411ed3a8e9f8c0\"},\"breadcrumb\":{\"@id\":\"https:\/\/klarafardiga.com\/?p=602#breadcrumb\"},\"inLanguage\":\"sv-SE\",\"potentialAction\":[{\"@type\":\"ReadAction\",\"target\":[\"https:\/\/klarafardiga.com\/?p=602\"]}]},{\"@type\":\"ImageObject\",\"inLanguage\":\"sv-SE\",\"@id\":\"https:\/\/klarafardiga.com\/?p=602#primaryimage\",\"url\":\"https:\/\/klarafardiga.com\/wp-content\/uploads\/2012\/08\/tyllar_jamforelse.jpg\",\"contentUrl\":\"https:\/\/klarafardiga.com\/wp-content\/uploads\/2012\/08\/tyllar_jamforelse.jpg\",\"width\":\"944\",\"height\":\"565\"},{\"@type\":\"BreadcrumbList\",\"@id\":\"https:\/\/klarafardiga.com\/?p=602#breadcrumb\",\"itemListElement\":[{\"@type\":\"ListItem\",\"position\":1,\"name\":\"Hem\",\"item\":\"https:\/\/klarafardiga.com\/\"},{\"@type\":\"ListItem\",\"position\":2,\"name\":\"Tyllar fr\u00e5n Wilton\"}]},{\"@type\":\"WebSite\",\"@id\":\"https:\/\/klarafardiga.com\/#website\",\"url\":\"https:\/\/klarafardiga.com\/\",\"name\":\"Baka med KlaraForm\",\"description\":\"Recept, tips och nyheter i butiken\",\"potentialAction\":[{\"@type\":\"SearchAction\",\"target\":{\"@type\":\"EntryPoint\",\"urlTemplate\":\"https:\/\/klarafardiga.com\/?s={search_term_string}\"},\"query-input\":{\"@type\":\"PropertyValueSpecification\",\"valueRequired\":true,\"valueName\":\"search_term_string\"}}],\"inLanguage\":\"sv-SE\"},{\"@type\":\"Person\",\"@id\":\"https:\/\/klarafardiga.com\/#\/schema\/person\/0f54ba1da7c4c21dd7411ed3a8e9f8c0\",\"name\":\"admin\",\"image\":{\"@type\":\"ImageObject\",\"inLanguage\":\"sv-SE\",\"@id\":\"https:\/\/klarafardiga.com\/#\/schema\/person\/image\/\",\"url\":\"https:\/\/secure.gravatar.com\/avatar\/356da59eaae0a6e58215761d8e8dabed?s=96&d=mm&r=g\",\"contentUrl\":\"https:\/\/secure.gravatar.com\/avatar\/356da59eaae0a6e58215761d8e8dabed?s=96&d=mm&r=g\",\"caption\":\"admin\"},\"sameAs\":[\"http:\/\/www.klaraform.se\"],\"url\":\"https:\/\/klarafardiga.com\/?author=1\"}]}<\/script>\n<!-- \/ Yoast SEO plugin. -->","yoast_head_json":{"title":"Tyllar fr\u00e5n Wilton - Baka med KlaraForm","robots":{"index":"index","follow":"follow","max-snippet":"max-snippet:-1","max-image-preview":"max-image-preview:large","max-video-preview":"max-video-preview:-1"},"canonical":"https:\/\/klarafardiga.com\/?p=602","og_locale":"sv_SE","og_type":"article","og_title":"Tyllar fr\u00e5n Wilton - Baka med KlaraForm","og_description":"Nu finns lite nya tyllar fr\u00e5n Wilton i butiken. De \u00e4r lite mindre \u00e4n Ateco tyllarna som vi s\u00e5lt i butiken under m\u00e5nga \u00e5r. Vilken tyll \u00e4r din favorit? Min \u00e4r Atecos nr 849. Ha det gott! Kram Helena","og_url":"https:\/\/klarafardiga.com\/?p=602","og_site_name":"Baka med KlaraForm","article_published_time":"2012-08-28T17:54:43+00:00","article_modified_time":"2012-08-28T17:57:23+00:00","og_image":[{"url":"http:\/\/klarafardiga.com\/wp-content\/uploads\/2012\/08\/tyllar_jamforelse.jpg"}],"author":"admin","twitter_card":"summary_large_image","twitter_misc":{"Skriven av":"admin"},"schema":{"@context":"https:\/\/schema.org","@graph":[{"@type":"WebPage","@id":"https:\/\/klarafardiga.com\/?p=602","url":"https:\/\/klarafardiga.com\/?p=602","name":"Tyllar fr\u00e5n Wilton - Baka med KlaraForm","isPartOf":{"@id":"https:\/\/klarafardiga.com\/#website"},"primaryImageOfPage":{"@id":"https:\/\/klarafardiga.com\/?p=602#primaryimage"},"image":{"@id":"https:\/\/klarafardiga.com\/?p=602#primaryimage"},"thumbnailUrl":"http:\/\/klarafardiga.com\/wp-content\/uploads\/2012\/08\/tyllar_jamforelse.jpg","datePublished":"2012-08-28T17:54:43+00:00","dateModified":"2012-08-28T17:57:23+00:00","author":{"@id":"https:\/\/klarafardiga.com\/#\/schema\/person\/0f54ba1da7c4c21dd7411ed3a8e9f8c0"},"breadcrumb":{"@id":"https:\/\/klarafardiga.com\/?p=602#breadcrumb"},"inLanguage":"sv-SE","potentialAction":[{"@type":"ReadAction","target":["https:\/\/klarafardiga.com\/?p=602"]}]},{"@type":"ImageObject","inLanguage":"sv-SE","@id":"https:\/\/klarafardiga.com\/?p=602#primaryimage","url":"https:\/\/klarafardiga.com\/wp-content\/uploads\/2012\/08\/tyllar_jamforelse.jpg","contentUrl":"https:\/\/klarafardiga.com\/wp-content\/uploads\/2012\/08\/tyllar_jamforelse.jpg","width":"944","height":"565"},{"@type":"BreadcrumbList","@id":"https:\/\/klarafardiga.com\/?p=602#breadcrumb","itemListElement":[{"@type":"ListItem","position":1,"name":"Hem","item":"https:\/\/klarafardiga.com\/"},{"@type":"ListItem","position":2,"name":"Tyllar fr\u00e5n Wilton"}]},{"@type":"WebSite","@id":"https:\/\/klarafardiga.com\/#website","url":"https:\/\/klarafardiga.com\/","name":"Baka med KlaraForm","description":"Recept, tips och nyheter i butiken","potentialAction":[{"@type":"SearchAction","target":{"@type":"EntryPoint","urlTemplate":"https:\/\/klarafardiga.com\/?s={search_term_string}"},"query-input":{"@type":"PropertyValueSpecification","valueRequired":true,"valueName":"search_term_string"}}],"inLanguage":"sv-SE"},{"@type":"Person","@id":"https:\/\/klarafardiga.com\/#\/schema\/person\/0f54ba1da7c4c21dd7411ed3a8e9f8c0","name":"admin","image":{"@type":"ImageObject","inLanguage":"sv-SE","@id":"https:\/\/klarafardiga.com\/#\/schema\/person\/image\/","url":"https:\/\/secure.gravatar.com\/avatar\/356da59eaae0a6e58215761d8e8dabed?s=96&d=mm&r=g","contentUrl":"https:\/\/secure.gravatar.com\/avatar\/356da59eaae0a6e58215761d8e8dabed?s=96&d=mm&r=g","caption":"admin"},"sameAs":["http:\/\/www.klaraform.se"],"url":"https:\/\/klarafardiga.com\/?author=1"}]}},"_links":{"self":[{"href":"https:\/\/klarafardiga.com\/index.php?rest_route=\/wp\/v2\/posts\/602"}],"collection":[{"href":"https:\/\/klarafardiga.com\/index.php?rest_route=\/wp\/v2\/posts"}],"about":[{"href":"https:\/\/klarafardiga.com\/index.php?rest_route=\/wp\/v2\/types\/post"}],"author":[{"embeddable":true,"href":"https:\/\/klarafardiga.com\/index.php?rest_route=\/wp\/v2\/users\/1"}],"replies":[{"embeddable":true,"href":"https:\/\/klarafardiga.com\/index.php?rest_route=%2Fwp%2Fv2%2Fcomments&post=602"}],"version-history":[{"count":4,"href":"https:\/\/klarafardiga.com\/index.php?rest_route=\/wp\/v2\/posts\/602\/revisions"}],"predecessor-version":[{"id":605,"href":"https:\/\/klarafardiga.com\/index.php?rest_route=\/wp\/v2\/posts\/602\/revisions\/605"}],"wp:attachment":[{"href":"https:\/\/klarafardiga.com\/index.php?rest_route=%2Fwp%2Fv2%2Fmedia&parent=602"}],"wp:term":[{"taxonomy":"category","embeddable":true,"href":"https:\/\/klarafardiga.com\/index.php?rest_route=%2Fwp%2Fv2%2Fcategories&post=602"},{"taxonomy":"post_tag","embeddable":true,"href":"https:\/\/klarafardiga.com\/index.php?rest_route=%2Fwp%2Fv2%2Ftags&post=602"}],"curies":[{"name":"wp","href":"https:\/\/api.w.org\/{rel}","templated":true}]}}