{"id":57,"date":"2008-11-30T18:39:00","date_gmt":"2008-11-30T17:39:00","guid":{"rendered":"http:\/\/klarafardiga.com\/?p=57"},"modified":"2008-11-30T18:39:00","modified_gmt":"2008-11-30T17:39:00","slug":"vi-har-bakat-pepparkakor","status":"publish","type":"post","link":"https:\/\/klarafardiga.com\/?p=57","title":{"rendered":"Vi har bakat pepparkakor&#8230;"},"content":{"rendered":"<p>Ig\u00e5r &#8221;julst\u00e4dade&#8221; (h\u00e5ller inte s\u00e4rskilt l\u00e4nge&#8230;) vi och s\u00e5 bakade pepparkakor&#8230; mmm det luktar fortfarande gott i huset \ud83d\ude42 H\u00e4r \u00e4r det sonen som g\u00f6r <a href=\"http:\/\/www.klarafardiga.com\/\"><strong>sn\u00f6stj\u00e4rnor<\/strong><\/a>. Vi kom p\u00e5 att det var l\u00e4ttare att baka p\u00e5 ett av tallriksunderl\u00e4ggen \u00e4n p\u00e5 bordet. Bakar man direkt p\u00e5 bordet brukar degen fastna.<\/p>\n<p><img decoding=\"async\" id=\"BLOGGER_PHOTO_ID_5274492749650966210\" style=\"DISPLAY: block; MARGIN: 0px auto 10px; WIDTH: 400px; CURSOR: hand; HEIGHT: 299px; TEXT-ALIGN: center\" alt=\"\" src=\"http:\/\/3.bp.blogspot.com\/_rCm4mArCkLE\/STLDNdlRtsI\/AAAAAAAABQg\/mtlh-3nXMTc\/s400\/m_bakar.jpg\" border=\"0\" \/><\/p>\n<div>Jag f\u00e5r en massa kartonger n\u00e4r jag f\u00e5r varor till butiken. Barnen \u00e4lskar att g\u00f6ra kojor och att m\u00e5la dom, tillslut \u00e4r det kartonger \u00f6verallt h\u00e4r hemma. Dottern kom p\u00e5 att man kunde bl\u00f6ta ner lite kartong i handfatet d\u00e5 blev det s\u00e5 h\u00e4r vackert \ud83d\ude42 Busigt v\u00e4rre och med stopp i avloppet som f\u00f6ljd.<\/div>\n<div><\/div>\n<p><img decoding=\"async\" id=\"BLOGGER_PHOTO_ID_5274492741901072786\" style=\"DISPLAY: block; MARGIN: 0px auto 10px; WIDTH: 400px; CURSOR: hand; HEIGHT: 299px; TEXT-ALIGN: center\" alt=\"\" src=\"http:\/\/4.bp.blogspot.com\/_rCm4mArCkLE\/STLDNAtjuZI\/AAAAAAAABQY\/MWU8S4YnxOk\/s400\/klara_kartong.jpg\" border=\"0\" \/><br \/>Ha en riktigt h\u00e4rlig vecka p\u00e5 er alla!<br \/>Kram Helena<\/p>\n<div><\/div>\n","protected":false},"excerpt":{"rendered":"<p>Ig\u00e5r &#8221;julst\u00e4dade&#8221; (h\u00e5ller inte s\u00e4rskilt l\u00e4nge&#8230;) vi och s\u00e5 bakade pepparkakor&#8230; mmm det luktar fortfarande gott i huset \ud83d\ude42 H\u00e4r \u00e4r det sonen som g\u00f6r sn\u00f6stj\u00e4rnor. Vi kom p\u00e5 att det var l\u00e4ttare att baka p\u00e5 ett av tallriksunderl\u00e4ggen \u00e4n p\u00e5 bordet. Bakar man direkt p\u00e5 bordet brukar degen fastna. Jag f\u00e5r en massa kartonger n\u00e4r jag f\u00e5r varor till butiken. Barnen \u00e4lskar att g\u00f6ra kojor och att m\u00e5la dom, tillslut \u00e4r det kartonger \u00f6verallt h\u00e4r hemma. Dottern kom p\u00e5 att man kunde bl\u00f6ta ner lite kartong i handfatet d\u00e5 blev det s\u00e5 h\u00e4r vackert \ud83d\ude42 Busigt v\u00e4rre och med stopp i avloppet som f\u00f6ljd. Ha en riktigt h\u00e4rlig vecka p\u00e5 er alla!Kram Helena<\/p>\n","protected":false},"author":1,"featured_media":0,"comment_status":"open","ping_status":"open","sticky":false,"template":"","format":"standard","meta":{"footnotes":""},"categories":[8,10,4],"tags":[],"yoast_head":"<!-- This site is optimized with the Yoast SEO plugin v23.5 - https:\/\/yoast.com\/wordpress\/plugins\/seo\/ -->\n<title>Vi har bakat pepparkakor... - Baka med KlaraForm<\/title>\n<meta name=\"robots\" content=\"index, follow, max-snippet:-1, max-image-preview:large, max-video-preview:-1\" \/>\n<link rel=\"canonical\" href=\"https:\/\/klarafardiga.com\/?p=57\" \/>\n<meta property=\"og:locale\" content=\"sv_SE\" \/>\n<meta property=\"og:type\" content=\"article\" \/>\n<meta property=\"og:title\" content=\"Vi har bakat pepparkakor... - Baka med KlaraForm\" \/>\n<meta property=\"og:description\" content=\"Ig\u00e5r &#8221;julst\u00e4dade&#8221; (h\u00e5ller inte s\u00e4rskilt l\u00e4nge&#8230;) vi och s\u00e5 bakade pepparkakor&#8230; mmm det luktar fortfarande gott i huset \ud83d\ude42 H\u00e4r \u00e4r det sonen som g\u00f6r sn\u00f6stj\u00e4rnor. Vi kom p\u00e5 att det var l\u00e4ttare att baka p\u00e5 ett av tallriksunderl\u00e4ggen \u00e4n p\u00e5 bordet. Bakar man direkt p\u00e5 bordet brukar degen fastna. Jag f\u00e5r en massa kartonger n\u00e4r jag f\u00e5r varor till butiken. Barnen \u00e4lskar att g\u00f6ra kojor och att m\u00e5la dom, tillslut \u00e4r det kartonger \u00f6verallt h\u00e4r hemma. Dottern kom p\u00e5 att man kunde bl\u00f6ta ner lite kartong i handfatet d\u00e5 blev det s\u00e5 h\u00e4r vackert \ud83d\ude42 Busigt v\u00e4rre och med stopp i avloppet som f\u00f6ljd. Ha en riktigt h\u00e4rlig vecka p\u00e5 er alla!Kram Helena\" \/>\n<meta property=\"og:url\" content=\"https:\/\/klarafardiga.com\/?p=57\" \/>\n<meta property=\"og:site_name\" content=\"Baka med KlaraForm\" \/>\n<meta property=\"article:published_time\" content=\"2008-11-30T17:39:00+00:00\" \/>\n<meta property=\"og:image\" content=\"http:\/\/3.bp.blogspot.com\/_rCm4mArCkLE\/STLDNdlRtsI\/AAAAAAAABQg\/mtlh-3nXMTc\/s400\/m_bakar.jpg\" \/>\n<meta name=\"author\" content=\"admin\" \/>\n<meta name=\"twitter:card\" content=\"summary_large_image\" \/>\n<meta name=\"twitter:label1\" content=\"Skriven av\" \/>\n\t<meta name=\"twitter:data1\" content=\"admin\" \/>\n\t<meta name=\"twitter:label2\" content=\"Ber\u00e4knad l\u00e4stid\" \/>\n\t<meta name=\"twitter:data2\" content=\"1 minut\" \/>\n<script type=\"application\/ld+json\" class=\"yoast-schema-graph\">{\"@context\":\"https:\/\/schema.org\",\"@graph\":[{\"@type\":\"WebPage\",\"@id\":\"https:\/\/klarafardiga.com\/?p=57\",\"url\":\"https:\/\/klarafardiga.com\/?p=57\",\"name\":\"Vi har bakat pepparkakor... - Baka med KlaraForm\",\"isPartOf\":{\"@id\":\"https:\/\/klarafardiga.com\/#website\"},\"primaryImageOfPage\":{\"@id\":\"https:\/\/klarafardiga.com\/?p=57#primaryimage\"},\"image\":{\"@id\":\"https:\/\/klarafardiga.com\/?p=57#primaryimage\"},\"thumbnailUrl\":\"http:\/\/3.bp.blogspot.com\/_rCm4mArCkLE\/STLDNdlRtsI\/AAAAAAAABQg\/mtlh-3nXMTc\/s400\/m_bakar.jpg\",\"datePublished\":\"2008-11-30T17:39:00+00:00\",\"dateModified\":\"2008-11-30T17:39:00+00:00\",\"author\":{\"@id\":\"https:\/\/klarafardiga.com\/#\/schema\/person\/0f54ba1da7c4c21dd7411ed3a8e9f8c0\"},\"breadcrumb\":{\"@id\":\"https:\/\/klarafardiga.com\/?p=57#breadcrumb\"},\"inLanguage\":\"sv-SE\",\"potentialAction\":[{\"@type\":\"ReadAction\",\"target\":[\"https:\/\/klarafardiga.com\/?p=57\"]}]},{\"@type\":\"ImageObject\",\"inLanguage\":\"sv-SE\",\"@id\":\"https:\/\/klarafardiga.com\/?p=57#primaryimage\",\"url\":\"http:\/\/3.bp.blogspot.com\/_rCm4mArCkLE\/STLDNdlRtsI\/AAAAAAAABQg\/mtlh-3nXMTc\/s400\/m_bakar.jpg\",\"contentUrl\":\"http:\/\/3.bp.blogspot.com\/_rCm4mArCkLE\/STLDNdlRtsI\/AAAAAAAABQg\/mtlh-3nXMTc\/s400\/m_bakar.jpg\"},{\"@type\":\"BreadcrumbList\",\"@id\":\"https:\/\/klarafardiga.com\/?p=57#breadcrumb\",\"itemListElement\":[{\"@type\":\"ListItem\",\"position\":1,\"name\":\"Hem\",\"item\":\"https:\/\/klarafardiga.com\/\"},{\"@type\":\"ListItem\",\"position\":2,\"name\":\"Vi har bakat pepparkakor&#8230;\"}]},{\"@type\":\"WebSite\",\"@id\":\"https:\/\/klarafardiga.com\/#website\",\"url\":\"https:\/\/klarafardiga.com\/\",\"name\":\"Baka med KlaraForm\",\"description\":\"Recept, tips och nyheter i butiken\",\"potentialAction\":[{\"@type\":\"SearchAction\",\"target\":{\"@type\":\"EntryPoint\",\"urlTemplate\":\"https:\/\/klarafardiga.com\/?s={search_term_string}\"},\"query-input\":{\"@type\":\"PropertyValueSpecification\",\"valueRequired\":true,\"valueName\":\"search_term_string\"}}],\"inLanguage\":\"sv-SE\"},{\"@type\":\"Person\",\"@id\":\"https:\/\/klarafardiga.com\/#\/schema\/person\/0f54ba1da7c4c21dd7411ed3a8e9f8c0\",\"name\":\"admin\",\"image\":{\"@type\":\"ImageObject\",\"inLanguage\":\"sv-SE\",\"@id\":\"https:\/\/klarafardiga.com\/#\/schema\/person\/image\/\",\"url\":\"https:\/\/secure.gravatar.com\/avatar\/356da59eaae0a6e58215761d8e8dabed?s=96&d=mm&r=g\",\"contentUrl\":\"https:\/\/secure.gravatar.com\/avatar\/356da59eaae0a6e58215761d8e8dabed?s=96&d=mm&r=g\",\"caption\":\"admin\"},\"sameAs\":[\"http:\/\/www.klaraform.se\"],\"url\":\"https:\/\/klarafardiga.com\/?author=1\"}]}<\/script>\n<!-- \/ Yoast SEO plugin. -->","yoast_head_json":{"title":"Vi har bakat pepparkakor... - Baka med KlaraForm","robots":{"index":"index","follow":"follow","max-snippet":"max-snippet:-1","max-image-preview":"max-image-preview:large","max-video-preview":"max-video-preview:-1"},"canonical":"https:\/\/klarafardiga.com\/?p=57","og_locale":"sv_SE","og_type":"article","og_title":"Vi har bakat pepparkakor... - Baka med KlaraForm","og_description":"Ig\u00e5r &#8221;julst\u00e4dade&#8221; (h\u00e5ller inte s\u00e4rskilt l\u00e4nge&#8230;) vi och s\u00e5 bakade pepparkakor&#8230; mmm det luktar fortfarande gott i huset \ud83d\ude42 H\u00e4r \u00e4r det sonen som g\u00f6r sn\u00f6stj\u00e4rnor. Vi kom p\u00e5 att det var l\u00e4ttare att baka p\u00e5 ett av tallriksunderl\u00e4ggen \u00e4n p\u00e5 bordet. Bakar man direkt p\u00e5 bordet brukar degen fastna. Jag f\u00e5r en massa kartonger n\u00e4r jag f\u00e5r varor till butiken. Barnen \u00e4lskar att g\u00f6ra kojor och att m\u00e5la dom, tillslut \u00e4r det kartonger \u00f6verallt h\u00e4r hemma. Dottern kom p\u00e5 att man kunde bl\u00f6ta ner lite kartong i handfatet d\u00e5 blev det s\u00e5 h\u00e4r vackert \ud83d\ude42 Busigt v\u00e4rre och med stopp i avloppet som f\u00f6ljd. Ha en riktigt h\u00e4rlig vecka p\u00e5 er alla!Kram Helena","og_url":"https:\/\/klarafardiga.com\/?p=57","og_site_name":"Baka med KlaraForm","article_published_time":"2008-11-30T17:39:00+00:00","og_image":[{"url":"http:\/\/3.bp.blogspot.com\/_rCm4mArCkLE\/STLDNdlRtsI\/AAAAAAAABQg\/mtlh-3nXMTc\/s400\/m_bakar.jpg"}],"author":"admin","twitter_card":"summary_large_image","twitter_misc":{"Skriven av":"admin","Ber\u00e4knad l\u00e4stid":"1 minut"},"schema":{"@context":"https:\/\/schema.org","@graph":[{"@type":"WebPage","@id":"https:\/\/klarafardiga.com\/?p=57","url":"https:\/\/klarafardiga.com\/?p=57","name":"Vi har bakat pepparkakor... - Baka med KlaraForm","isPartOf":{"@id":"https:\/\/klarafardiga.com\/#website"},"primaryImageOfPage":{"@id":"https:\/\/klarafardiga.com\/?p=57#primaryimage"},"image":{"@id":"https:\/\/klarafardiga.com\/?p=57#primaryimage"},"thumbnailUrl":"http:\/\/3.bp.blogspot.com\/_rCm4mArCkLE\/STLDNdlRtsI\/AAAAAAAABQg\/mtlh-3nXMTc\/s400\/m_bakar.jpg","datePublished":"2008-11-30T17:39:00+00:00","dateModified":"2008-11-30T17:39:00+00:00","author":{"@id":"https:\/\/klarafardiga.com\/#\/schema\/person\/0f54ba1da7c4c21dd7411ed3a8e9f8c0"},"breadcrumb":{"@id":"https:\/\/klarafardiga.com\/?p=57#breadcrumb"},"inLanguage":"sv-SE","potentialAction":[{"@type":"ReadAction","target":["https:\/\/klarafardiga.com\/?p=57"]}]},{"@type":"ImageObject","inLanguage":"sv-SE","@id":"https:\/\/klarafardiga.com\/?p=57#primaryimage","url":"http:\/\/3.bp.blogspot.com\/_rCm4mArCkLE\/STLDNdlRtsI\/AAAAAAAABQg\/mtlh-3nXMTc\/s400\/m_bakar.jpg","contentUrl":"http:\/\/3.bp.blogspot.com\/_rCm4mArCkLE\/STLDNdlRtsI\/AAAAAAAABQg\/mtlh-3nXMTc\/s400\/m_bakar.jpg"},{"@type":"BreadcrumbList","@id":"https:\/\/klarafardiga.com\/?p=57#breadcrumb","itemListElement":[{"@type":"ListItem","position":1,"name":"Hem","item":"https:\/\/klarafardiga.com\/"},{"@type":"ListItem","position":2,"name":"Vi har bakat pepparkakor&#8230;"}]},{"@type":"WebSite","@id":"https:\/\/klarafardiga.com\/#website","url":"https:\/\/klarafardiga.com\/","name":"Baka med KlaraForm","description":"Recept, tips och nyheter i butiken","potentialAction":[{"@type":"SearchAction","target":{"@type":"EntryPoint","urlTemplate":"https:\/\/klarafardiga.com\/?s={search_term_string}"},"query-input":{"@type":"PropertyValueSpecification","valueRequired":true,"valueName":"search_term_string"}}],"inLanguage":"sv-SE"},{"@type":"Person","@id":"https:\/\/klarafardiga.com\/#\/schema\/person\/0f54ba1da7c4c21dd7411ed3a8e9f8c0","name":"admin","image":{"@type":"ImageObject","inLanguage":"sv-SE","@id":"https:\/\/klarafardiga.com\/#\/schema\/person\/image\/","url":"https:\/\/secure.gravatar.com\/avatar\/356da59eaae0a6e58215761d8e8dabed?s=96&d=mm&r=g","contentUrl":"https:\/\/secure.gravatar.com\/avatar\/356da59eaae0a6e58215761d8e8dabed?s=96&d=mm&r=g","caption":"admin"},"sameAs":["http:\/\/www.klaraform.se"],"url":"https:\/\/klarafardiga.com\/?author=1"}]}},"_links":{"self":[{"href":"https:\/\/klarafardiga.com\/index.php?rest_route=\/wp\/v2\/posts\/57"}],"collection":[{"href":"https:\/\/klarafardiga.com\/index.php?rest_route=\/wp\/v2\/posts"}],"about":[{"href":"https:\/\/klarafardiga.com\/index.php?rest_route=\/wp\/v2\/types\/post"}],"author":[{"embeddable":true,"href":"https:\/\/klarafardiga.com\/index.php?rest_route=\/wp\/v2\/users\/1"}],"replies":[{"embeddable":true,"href":"https:\/\/klarafardiga.com\/index.php?rest_route=%2Fwp%2Fv2%2Fcomments&post=57"}],"version-history":[{"count":0,"href":"https:\/\/klarafardiga.com\/index.php?rest_route=\/wp\/v2\/posts\/57\/revisions"}],"wp:attachment":[{"href":"https:\/\/klarafardiga.com\/index.php?rest_route=%2Fwp%2Fv2%2Fmedia&parent=57"}],"wp:term":[{"taxonomy":"category","embeddable":true,"href":"https:\/\/klarafardiga.com\/index.php?rest_route=%2Fwp%2Fv2%2Fcategories&post=57"},{"taxonomy":"post_tag","embeddable":true,"href":"https:\/\/klarafardiga.com\/index.php?rest_route=%2Fwp%2Fv2%2Ftags&post=57"}],"curies":[{"name":"wp","href":"https:\/\/api.w.org\/{rel}","templated":true}]}}