{"id":56,"date":"2008-11-27T23:15:00","date_gmt":"2008-11-27T22:15:00","guid":{"rendered":"http:\/\/klarafardiga.com\/?p=56"},"modified":"2008-11-27T23:15:00","modified_gmt":"2008-11-27T22:15:00","slug":"marthas-underbara-julpyssel","status":"publish","type":"post","link":"https:\/\/klarafardiga.com\/?p=56","title":{"rendered":"Marthas underbara julpyssel&#8230;"},"content":{"rendered":"<div>Nu vill jag ha sn\u00f6!!! All sn\u00f6 har sm\u00e4lt bort hos oss idag, j\u00e4ttetrist. Hoppas vi f\u00e5r lite vitt till f\u00f6rsta advent. I helgen blir det lite julpyssel hoppas jag. Barnen vill baka <a href=\"http:\/\/www.klarafardiga.com\/\"><strong>pepparkakor<\/strong><\/a>, jag vill pyssla med <a href=\"http:\/\/www.marthastewart.com\/article\/ice-crystal-garland?backto=true\"><strong>Martha Stewart<\/strong> <\/a>Gisses vad mycket kul det finns att g\u00f6ra. \u00d6nskar att dygnet hade lite fler timmar just nu&#8230;<img decoding=\"async\" id=\"BLOGGER_PHOTO_ID_5273450391462534226\" style=\"DISPLAY: block; MARGIN: 0px auto 10px; WIDTH: 320px; CURSOR: hand; HEIGHT: 400px; TEXT-ALIGN: center\" alt=\"\" src=\"http:\/\/2.bp.blogspot.com\/_rCm4mArCkLE\/SS8PMOvE3FI\/AAAAAAAABQQ\/340NVhCZaK0\/s400\/snokristaller.jpg\" border=\"0\" \/><\/div>\n<div align=\"center\"><em><span style=\"font-size:85%;\">Bild l\u00e5nad fr\u00e5n <\/span><\/em><a href=\"http:\/\/www.marthastewart.com\/\"><em><span style=\"font-size:85%;\">www.marthastewart.com<\/span><\/em><\/a><\/div>\n<div align=\"center\"> <\/div>\n<div align=\"left\">Tack, f\u00f6r alla gulliga kommentarer \ud83d\ude42 Verkar jag fr\u00e5nvarade fr\u00e5n bloggandet s\u00e5 beror det p\u00e5 att jag jobbar varje kv\u00e4ll i min butik tills jag stupar i s\u00e4ng f\u00f6r att sova n\u00e5gra timmar och upp tidigt till mitt &#8221;vanliga&#8221; jobb. Ska inte klaga f\u00f6r det \u00e4r j\u00e4ttekul \ud83d\ude42 men jag blir lite tr\u00f6tt *g\u00e4sp*<\/div>\n<div align=\"left\"> <\/div>\n<div align=\"left\">Ha en riktigt bra helg allihopa!<\/div>\n<div align=\"left\">Kram Helena<\/div>\n","protected":false},"excerpt":{"rendered":"<p>Nu vill jag ha sn\u00f6!!! All sn\u00f6 har sm\u00e4lt bort hos oss idag, j\u00e4ttetrist. Hoppas vi f\u00e5r lite vitt till f\u00f6rsta advent. I helgen blir det lite julpyssel hoppas jag. Barnen vill baka pepparkakor, jag vill pyssla med Martha Stewart Gisses vad mycket kul det finns att g\u00f6ra. \u00d6nskar att dygnet hade lite fler timmar just nu&#8230; Bild l\u00e5nad fr\u00e5n www.marthastewart.com Tack, f\u00f6r alla gulliga kommentarer \ud83d\ude42 Verkar jag fr\u00e5nvarade fr\u00e5n bloggandet s\u00e5 beror det p\u00e5 att jag jobbar varje kv\u00e4ll i min butik tills jag stupar i s\u00e4ng f\u00f6r att sova n\u00e5gra timmar och upp tidigt till mitt &#8221;vanliga&#8221; jobb. Ska inte klaga f\u00f6r det \u00e4r j\u00e4ttekul \ud83d\ude42 men jag blir lite tr\u00f6tt *g\u00e4sp* Ha en riktigt bra helg allihopa! Kram Helena<\/p>\n","protected":false},"author":1,"featured_media":0,"comment_status":"open","ping_status":"open","sticky":false,"template":"","format":"standard","meta":{"footnotes":""},"categories":[10,12],"tags":[],"yoast_head":"<!-- This site is optimized with the Yoast SEO plugin v23.5 - https:\/\/yoast.com\/wordpress\/plugins\/seo\/ -->\n<title>Marthas underbara julpyssel... - Baka med KlaraForm<\/title>\n<meta name=\"robots\" content=\"index, follow, max-snippet:-1, max-image-preview:large, max-video-preview:-1\" \/>\n<link rel=\"canonical\" href=\"https:\/\/klarafardiga.com\/?p=56\" \/>\n<meta property=\"og:locale\" content=\"sv_SE\" \/>\n<meta property=\"og:type\" content=\"article\" \/>\n<meta property=\"og:title\" content=\"Marthas underbara julpyssel... - Baka med KlaraForm\" \/>\n<meta property=\"og:description\" content=\"Nu vill jag ha sn\u00f6!!! All sn\u00f6 har sm\u00e4lt bort hos oss idag, j\u00e4ttetrist. Hoppas vi f\u00e5r lite vitt till f\u00f6rsta advent. I helgen blir det lite julpyssel hoppas jag. Barnen vill baka pepparkakor, jag vill pyssla med Martha Stewart Gisses vad mycket kul det finns att g\u00f6ra. \u00d6nskar att dygnet hade lite fler timmar just nu&#8230; Bild l\u00e5nad fr\u00e5n www.marthastewart.com Tack, f\u00f6r alla gulliga kommentarer \ud83d\ude42 Verkar jag fr\u00e5nvarade fr\u00e5n bloggandet s\u00e5 beror det p\u00e5 att jag jobbar varje kv\u00e4ll i min butik tills jag stupar i s\u00e4ng f\u00f6r att sova n\u00e5gra timmar och upp tidigt till mitt &#8221;vanliga&#8221; jobb. Ska inte klaga f\u00f6r det \u00e4r j\u00e4ttekul \ud83d\ude42 men jag blir lite tr\u00f6tt *g\u00e4sp* Ha en riktigt bra helg allihopa! Kram Helena\" \/>\n<meta property=\"og:url\" content=\"https:\/\/klarafardiga.com\/?p=56\" \/>\n<meta property=\"og:site_name\" content=\"Baka med KlaraForm\" \/>\n<meta property=\"article:published_time\" content=\"2008-11-27T22:15:00+00:00\" \/>\n<meta property=\"og:image\" content=\"http:\/\/2.bp.blogspot.com\/_rCm4mArCkLE\/SS8PMOvE3FI\/AAAAAAAABQQ\/340NVhCZaK0\/s400\/snokristaller.jpg\" \/>\n<meta name=\"author\" content=\"admin\" \/>\n<meta name=\"twitter:card\" content=\"summary_large_image\" \/>\n<meta name=\"twitter:label1\" content=\"Skriven av\" \/>\n\t<meta name=\"twitter:data1\" content=\"admin\" \/>\n\t<meta name=\"twitter:label2\" content=\"Ber\u00e4knad l\u00e4stid\" \/>\n\t<meta name=\"twitter:data2\" content=\"1 minut\" \/>\n<script type=\"application\/ld+json\" class=\"yoast-schema-graph\">{\"@context\":\"https:\/\/schema.org\",\"@graph\":[{\"@type\":\"WebPage\",\"@id\":\"https:\/\/klarafardiga.com\/?p=56\",\"url\":\"https:\/\/klarafardiga.com\/?p=56\",\"name\":\"Marthas underbara julpyssel... - Baka med KlaraForm\",\"isPartOf\":{\"@id\":\"https:\/\/klarafardiga.com\/#website\"},\"primaryImageOfPage\":{\"@id\":\"https:\/\/klarafardiga.com\/?p=56#primaryimage\"},\"image\":{\"@id\":\"https:\/\/klarafardiga.com\/?p=56#primaryimage\"},\"thumbnailUrl\":\"http:\/\/2.bp.blogspot.com\/_rCm4mArCkLE\/SS8PMOvE3FI\/AAAAAAAABQQ\/340NVhCZaK0\/s400\/snokristaller.jpg\",\"datePublished\":\"2008-11-27T22:15:00+00:00\",\"dateModified\":\"2008-11-27T22:15:00+00:00\",\"author\":{\"@id\":\"https:\/\/klarafardiga.com\/#\/schema\/person\/0f54ba1da7c4c21dd7411ed3a8e9f8c0\"},\"breadcrumb\":{\"@id\":\"https:\/\/klarafardiga.com\/?p=56#breadcrumb\"},\"inLanguage\":\"sv-SE\",\"potentialAction\":[{\"@type\":\"ReadAction\",\"target\":[\"https:\/\/klarafardiga.com\/?p=56\"]}]},{\"@type\":\"ImageObject\",\"inLanguage\":\"sv-SE\",\"@id\":\"https:\/\/klarafardiga.com\/?p=56#primaryimage\",\"url\":\"http:\/\/2.bp.blogspot.com\/_rCm4mArCkLE\/SS8PMOvE3FI\/AAAAAAAABQQ\/340NVhCZaK0\/s400\/snokristaller.jpg\",\"contentUrl\":\"http:\/\/2.bp.blogspot.com\/_rCm4mArCkLE\/SS8PMOvE3FI\/AAAAAAAABQQ\/340NVhCZaK0\/s400\/snokristaller.jpg\"},{\"@type\":\"BreadcrumbList\",\"@id\":\"https:\/\/klarafardiga.com\/?p=56#breadcrumb\",\"itemListElement\":[{\"@type\":\"ListItem\",\"position\":1,\"name\":\"Hem\",\"item\":\"https:\/\/klarafardiga.com\/\"},{\"@type\":\"ListItem\",\"position\":2,\"name\":\"Marthas underbara julpyssel&#8230;\"}]},{\"@type\":\"WebSite\",\"@id\":\"https:\/\/klarafardiga.com\/#website\",\"url\":\"https:\/\/klarafardiga.com\/\",\"name\":\"Baka med KlaraForm\",\"description\":\"Recept, tips och nyheter i butiken\",\"potentialAction\":[{\"@type\":\"SearchAction\",\"target\":{\"@type\":\"EntryPoint\",\"urlTemplate\":\"https:\/\/klarafardiga.com\/?s={search_term_string}\"},\"query-input\":{\"@type\":\"PropertyValueSpecification\",\"valueRequired\":true,\"valueName\":\"search_term_string\"}}],\"inLanguage\":\"sv-SE\"},{\"@type\":\"Person\",\"@id\":\"https:\/\/klarafardiga.com\/#\/schema\/person\/0f54ba1da7c4c21dd7411ed3a8e9f8c0\",\"name\":\"admin\",\"image\":{\"@type\":\"ImageObject\",\"inLanguage\":\"sv-SE\",\"@id\":\"https:\/\/klarafardiga.com\/#\/schema\/person\/image\/\",\"url\":\"https:\/\/secure.gravatar.com\/avatar\/356da59eaae0a6e58215761d8e8dabed?s=96&d=mm&r=g\",\"contentUrl\":\"https:\/\/secure.gravatar.com\/avatar\/356da59eaae0a6e58215761d8e8dabed?s=96&d=mm&r=g\",\"caption\":\"admin\"},\"sameAs\":[\"http:\/\/www.klaraform.se\"],\"url\":\"https:\/\/klarafardiga.com\/?author=1\"}]}<\/script>\n<!-- \/ Yoast SEO plugin. -->","yoast_head_json":{"title":"Marthas underbara julpyssel... - Baka med KlaraForm","robots":{"index":"index","follow":"follow","max-snippet":"max-snippet:-1","max-image-preview":"max-image-preview:large","max-video-preview":"max-video-preview:-1"},"canonical":"https:\/\/klarafardiga.com\/?p=56","og_locale":"sv_SE","og_type":"article","og_title":"Marthas underbara julpyssel... - Baka med KlaraForm","og_description":"Nu vill jag ha sn\u00f6!!! All sn\u00f6 har sm\u00e4lt bort hos oss idag, j\u00e4ttetrist. Hoppas vi f\u00e5r lite vitt till f\u00f6rsta advent. I helgen blir det lite julpyssel hoppas jag. Barnen vill baka pepparkakor, jag vill pyssla med Martha Stewart Gisses vad mycket kul det finns att g\u00f6ra. \u00d6nskar att dygnet hade lite fler timmar just nu&#8230; Bild l\u00e5nad fr\u00e5n www.marthastewart.com Tack, f\u00f6r alla gulliga kommentarer \ud83d\ude42 Verkar jag fr\u00e5nvarade fr\u00e5n bloggandet s\u00e5 beror det p\u00e5 att jag jobbar varje kv\u00e4ll i min butik tills jag stupar i s\u00e4ng f\u00f6r att sova n\u00e5gra timmar och upp tidigt till mitt &#8221;vanliga&#8221; jobb. Ska inte klaga f\u00f6r det \u00e4r j\u00e4ttekul \ud83d\ude42 men jag blir lite tr\u00f6tt *g\u00e4sp* Ha en riktigt bra helg allihopa! Kram Helena","og_url":"https:\/\/klarafardiga.com\/?p=56","og_site_name":"Baka med KlaraForm","article_published_time":"2008-11-27T22:15:00+00:00","og_image":[{"url":"http:\/\/2.bp.blogspot.com\/_rCm4mArCkLE\/SS8PMOvE3FI\/AAAAAAAABQQ\/340NVhCZaK0\/s400\/snokristaller.jpg"}],"author":"admin","twitter_card":"summary_large_image","twitter_misc":{"Skriven av":"admin","Ber\u00e4knad l\u00e4stid":"1 minut"},"schema":{"@context":"https:\/\/schema.org","@graph":[{"@type":"WebPage","@id":"https:\/\/klarafardiga.com\/?p=56","url":"https:\/\/klarafardiga.com\/?p=56","name":"Marthas underbara julpyssel... - Baka med KlaraForm","isPartOf":{"@id":"https:\/\/klarafardiga.com\/#website"},"primaryImageOfPage":{"@id":"https:\/\/klarafardiga.com\/?p=56#primaryimage"},"image":{"@id":"https:\/\/klarafardiga.com\/?p=56#primaryimage"},"thumbnailUrl":"http:\/\/2.bp.blogspot.com\/_rCm4mArCkLE\/SS8PMOvE3FI\/AAAAAAAABQQ\/340NVhCZaK0\/s400\/snokristaller.jpg","datePublished":"2008-11-27T22:15:00+00:00","dateModified":"2008-11-27T22:15:00+00:00","author":{"@id":"https:\/\/klarafardiga.com\/#\/schema\/person\/0f54ba1da7c4c21dd7411ed3a8e9f8c0"},"breadcrumb":{"@id":"https:\/\/klarafardiga.com\/?p=56#breadcrumb"},"inLanguage":"sv-SE","potentialAction":[{"@type":"ReadAction","target":["https:\/\/klarafardiga.com\/?p=56"]}]},{"@type":"ImageObject","inLanguage":"sv-SE","@id":"https:\/\/klarafardiga.com\/?p=56#primaryimage","url":"http:\/\/2.bp.blogspot.com\/_rCm4mArCkLE\/SS8PMOvE3FI\/AAAAAAAABQQ\/340NVhCZaK0\/s400\/snokristaller.jpg","contentUrl":"http:\/\/2.bp.blogspot.com\/_rCm4mArCkLE\/SS8PMOvE3FI\/AAAAAAAABQQ\/340NVhCZaK0\/s400\/snokristaller.jpg"},{"@type":"BreadcrumbList","@id":"https:\/\/klarafardiga.com\/?p=56#breadcrumb","itemListElement":[{"@type":"ListItem","position":1,"name":"Hem","item":"https:\/\/klarafardiga.com\/"},{"@type":"ListItem","position":2,"name":"Marthas underbara julpyssel&#8230;"}]},{"@type":"WebSite","@id":"https:\/\/klarafardiga.com\/#website","url":"https:\/\/klarafardiga.com\/","name":"Baka med KlaraForm","description":"Recept, tips och nyheter i butiken","potentialAction":[{"@type":"SearchAction","target":{"@type":"EntryPoint","urlTemplate":"https:\/\/klarafardiga.com\/?s={search_term_string}"},"query-input":{"@type":"PropertyValueSpecification","valueRequired":true,"valueName":"search_term_string"}}],"inLanguage":"sv-SE"},{"@type":"Person","@id":"https:\/\/klarafardiga.com\/#\/schema\/person\/0f54ba1da7c4c21dd7411ed3a8e9f8c0","name":"admin","image":{"@type":"ImageObject","inLanguage":"sv-SE","@id":"https:\/\/klarafardiga.com\/#\/schema\/person\/image\/","url":"https:\/\/secure.gravatar.com\/avatar\/356da59eaae0a6e58215761d8e8dabed?s=96&d=mm&r=g","contentUrl":"https:\/\/secure.gravatar.com\/avatar\/356da59eaae0a6e58215761d8e8dabed?s=96&d=mm&r=g","caption":"admin"},"sameAs":["http:\/\/www.klaraform.se"],"url":"https:\/\/klarafardiga.com\/?author=1"}]}},"_links":{"self":[{"href":"https:\/\/klarafardiga.com\/index.php?rest_route=\/wp\/v2\/posts\/56"}],"collection":[{"href":"https:\/\/klarafardiga.com\/index.php?rest_route=\/wp\/v2\/posts"}],"about":[{"href":"https:\/\/klarafardiga.com\/index.php?rest_route=\/wp\/v2\/types\/post"}],"author":[{"embeddable":true,"href":"https:\/\/klarafardiga.com\/index.php?rest_route=\/wp\/v2\/users\/1"}],"replies":[{"embeddable":true,"href":"https:\/\/klarafardiga.com\/index.php?rest_route=%2Fwp%2Fv2%2Fcomments&post=56"}],"version-history":[{"count":0,"href":"https:\/\/klarafardiga.com\/index.php?rest_route=\/wp\/v2\/posts\/56\/revisions"}],"wp:attachment":[{"href":"https:\/\/klarafardiga.com\/index.php?rest_route=%2Fwp%2Fv2%2Fmedia&parent=56"}],"wp:term":[{"taxonomy":"category","embeddable":true,"href":"https:\/\/klarafardiga.com\/index.php?rest_route=%2Fwp%2Fv2%2Fcategories&post=56"},{"taxonomy":"post_tag","embeddable":true,"href":"https:\/\/klarafardiga.com\/index.php?rest_route=%2Fwp%2Fv2%2Ftags&post=56"}],"curies":[{"name":"wp","href":"https:\/\/api.w.org\/{rel}","templated":true}]}}