{"id":543,"date":"2012-07-19T22:06:33","date_gmt":"2012-07-19T20:06:33","guid":{"rendered":"http:\/\/klarafardiga.com\/?p=543"},"modified":"2012-07-19T22:06:33","modified_gmt":"2012-07-19T20:06:33","slug":"minisemester","status":"publish","type":"post","link":"https:\/\/klarafardiga.com\/?p=543","title":{"rendered":"Minisemester&#8230;"},"content":{"rendered":"<p>KlaraForm har varit p\u00e5 minisemester&#8230; Strax utanf\u00f6r Kopparberg i L\u00f6a hittade vi Annas Kaf\u00e9, j\u00e4ttemysigt st\u00e4lle med hemlagade bakverk. Visst \u00e4r etiketten fin p\u00e5 flaskan med p\u00e4ronsoda, den \u00e4r fr\u00e5n Kopparbergs bryggeri. Fanns fler l\u00e4sksorter med retro stil p\u00e5 etiketten att v\u00e4lja mellan \ud83d\ude42<\/p>\n<p><a href=\"https:\/\/klarafardiga.com\/wp-content\/uploads\/2012\/07\/annaskafe.jpg\"><img fetchpriority=\"high\" decoding=\"async\" class=\"alignleft size-full wp-image-544\" title=\"Annas kaf\u00e9\" src=\"https:\/\/klarafardiga.com\/wp-content\/uploads\/2012\/07\/annaskafe.jpg\" alt=\"\" width=\"586\" height=\"671\" srcset=\"https:\/\/klarafardiga.com\/wp-content\/uploads\/2012\/07\/annaskafe.jpg 586w, https:\/\/klarafardiga.com\/wp-content\/uploads\/2012\/07\/annaskafe-261x300.jpg 261w\" sizes=\"(max-width: 586px) 100vw, 586px\" \/><\/a><\/p>\n<p>Ha det gott!<br \/>\nkram Helena<\/p>\n","protected":false},"excerpt":{"rendered":"<p>KlaraForm har varit p\u00e5 minisemester&#8230; Strax utanf\u00f6r Kopparberg i L\u00f6a hittade vi Annas Kaf\u00e9, j\u00e4ttemysigt st\u00e4lle med hemlagade bakverk. Visst \u00e4r etiketten fin p\u00e5 flaskan med p\u00e4ronsoda, den \u00e4r fr\u00e5n Kopparbergs bryggeri. Fanns fler l\u00e4sksorter med retro stil p\u00e5 etiketten att v\u00e4lja mellan \ud83d\ude42 Ha det gott! kram Helena<\/p>\n","protected":false},"author":1,"featured_media":0,"comment_status":"open","ping_status":"open","sticky":false,"template":"","format":"standard","meta":{"footnotes":""},"categories":[1],"tags":[],"yoast_head":"<!-- This site is optimized with the Yoast SEO plugin v23.5 - https:\/\/yoast.com\/wordpress\/plugins\/seo\/ -->\n<title>Minisemester... - Baka med KlaraForm<\/title>\n<meta name=\"robots\" content=\"index, follow, max-snippet:-1, max-image-preview:large, max-video-preview:-1\" \/>\n<link rel=\"canonical\" href=\"https:\/\/klarafardiga.com\/?p=543\" \/>\n<meta property=\"og:locale\" content=\"sv_SE\" \/>\n<meta property=\"og:type\" content=\"article\" \/>\n<meta property=\"og:title\" content=\"Minisemester... - Baka med KlaraForm\" \/>\n<meta property=\"og:description\" content=\"KlaraForm har varit p\u00e5 minisemester&#8230; Strax utanf\u00f6r Kopparberg i L\u00f6a hittade vi Annas Kaf\u00e9, j\u00e4ttemysigt st\u00e4lle med hemlagade bakverk. Visst \u00e4r etiketten fin p\u00e5 flaskan med p\u00e4ronsoda, den \u00e4r fr\u00e5n Kopparbergs bryggeri. Fanns fler l\u00e4sksorter med retro stil p\u00e5 etiketten att v\u00e4lja mellan \ud83d\ude42 Ha det gott! kram Helena\" \/>\n<meta property=\"og:url\" content=\"https:\/\/klarafardiga.com\/?p=543\" \/>\n<meta property=\"og:site_name\" content=\"Baka med KlaraForm\" \/>\n<meta property=\"article:published_time\" content=\"2012-07-19T20:06:33+00:00\" \/>\n<meta property=\"og:image\" content=\"http:\/\/klarafardiga.com\/wp-content\/uploads\/2012\/07\/annaskafe.jpg\" \/>\n<meta name=\"author\" content=\"admin\" \/>\n<meta name=\"twitter:card\" content=\"summary_large_image\" \/>\n<meta name=\"twitter:label1\" content=\"Skriven av\" \/>\n\t<meta name=\"twitter:data1\" content=\"admin\" \/>\n<script type=\"application\/ld+json\" class=\"yoast-schema-graph\">{\"@context\":\"https:\/\/schema.org\",\"@graph\":[{\"@type\":\"WebPage\",\"@id\":\"https:\/\/klarafardiga.com\/?p=543\",\"url\":\"https:\/\/klarafardiga.com\/?p=543\",\"name\":\"Minisemester... - Baka med KlaraForm\",\"isPartOf\":{\"@id\":\"https:\/\/klarafardiga.com\/#website\"},\"primaryImageOfPage\":{\"@id\":\"https:\/\/klarafardiga.com\/?p=543#primaryimage\"},\"image\":{\"@id\":\"https:\/\/klarafardiga.com\/?p=543#primaryimage\"},\"thumbnailUrl\":\"http:\/\/klarafardiga.com\/wp-content\/uploads\/2012\/07\/annaskafe.jpg\",\"datePublished\":\"2012-07-19T20:06:33+00:00\",\"dateModified\":\"2012-07-19T20:06:33+00:00\",\"author\":{\"@id\":\"https:\/\/klarafardiga.com\/#\/schema\/person\/0f54ba1da7c4c21dd7411ed3a8e9f8c0\"},\"breadcrumb\":{\"@id\":\"https:\/\/klarafardiga.com\/?p=543#breadcrumb\"},\"inLanguage\":\"sv-SE\",\"potentialAction\":[{\"@type\":\"ReadAction\",\"target\":[\"https:\/\/klarafardiga.com\/?p=543\"]}]},{\"@type\":\"ImageObject\",\"inLanguage\":\"sv-SE\",\"@id\":\"https:\/\/klarafardiga.com\/?p=543#primaryimage\",\"url\":\"https:\/\/klarafardiga.com\/wp-content\/uploads\/2012\/07\/annaskafe.jpg\",\"contentUrl\":\"https:\/\/klarafardiga.com\/wp-content\/uploads\/2012\/07\/annaskafe.jpg\",\"width\":\"586\",\"height\":\"671\"},{\"@type\":\"BreadcrumbList\",\"@id\":\"https:\/\/klarafardiga.com\/?p=543#breadcrumb\",\"itemListElement\":[{\"@type\":\"ListItem\",\"position\":1,\"name\":\"Hem\",\"item\":\"https:\/\/klarafardiga.com\/\"},{\"@type\":\"ListItem\",\"position\":2,\"name\":\"Minisemester&#8230;\"}]},{\"@type\":\"WebSite\",\"@id\":\"https:\/\/klarafardiga.com\/#website\",\"url\":\"https:\/\/klarafardiga.com\/\",\"name\":\"Baka med KlaraForm\",\"description\":\"Recept, tips och nyheter i butiken\",\"potentialAction\":[{\"@type\":\"SearchAction\",\"target\":{\"@type\":\"EntryPoint\",\"urlTemplate\":\"https:\/\/klarafardiga.com\/?s={search_term_string}\"},\"query-input\":{\"@type\":\"PropertyValueSpecification\",\"valueRequired\":true,\"valueName\":\"search_term_string\"}}],\"inLanguage\":\"sv-SE\"},{\"@type\":\"Person\",\"@id\":\"https:\/\/klarafardiga.com\/#\/schema\/person\/0f54ba1da7c4c21dd7411ed3a8e9f8c0\",\"name\":\"admin\",\"image\":{\"@type\":\"ImageObject\",\"inLanguage\":\"sv-SE\",\"@id\":\"https:\/\/klarafardiga.com\/#\/schema\/person\/image\/\",\"url\":\"https:\/\/secure.gravatar.com\/avatar\/356da59eaae0a6e58215761d8e8dabed?s=96&d=mm&r=g\",\"contentUrl\":\"https:\/\/secure.gravatar.com\/avatar\/356da59eaae0a6e58215761d8e8dabed?s=96&d=mm&r=g\",\"caption\":\"admin\"},\"sameAs\":[\"http:\/\/www.klaraform.se\"],\"url\":\"https:\/\/klarafardiga.com\/?author=1\"}]}<\/script>\n<!-- \/ Yoast SEO plugin. -->","yoast_head_json":{"title":"Minisemester... - Baka med KlaraForm","robots":{"index":"index","follow":"follow","max-snippet":"max-snippet:-1","max-image-preview":"max-image-preview:large","max-video-preview":"max-video-preview:-1"},"canonical":"https:\/\/klarafardiga.com\/?p=543","og_locale":"sv_SE","og_type":"article","og_title":"Minisemester... - Baka med KlaraForm","og_description":"KlaraForm har varit p\u00e5 minisemester&#8230; Strax utanf\u00f6r Kopparberg i L\u00f6a hittade vi Annas Kaf\u00e9, j\u00e4ttemysigt st\u00e4lle med hemlagade bakverk. Visst \u00e4r etiketten fin p\u00e5 flaskan med p\u00e4ronsoda, den \u00e4r fr\u00e5n Kopparbergs bryggeri. Fanns fler l\u00e4sksorter med retro stil p\u00e5 etiketten att v\u00e4lja mellan \ud83d\ude42 Ha det gott! kram Helena","og_url":"https:\/\/klarafardiga.com\/?p=543","og_site_name":"Baka med KlaraForm","article_published_time":"2012-07-19T20:06:33+00:00","og_image":[{"url":"http:\/\/klarafardiga.com\/wp-content\/uploads\/2012\/07\/annaskafe.jpg"}],"author":"admin","twitter_card":"summary_large_image","twitter_misc":{"Skriven av":"admin"},"schema":{"@context":"https:\/\/schema.org","@graph":[{"@type":"WebPage","@id":"https:\/\/klarafardiga.com\/?p=543","url":"https:\/\/klarafardiga.com\/?p=543","name":"Minisemester... - Baka med KlaraForm","isPartOf":{"@id":"https:\/\/klarafardiga.com\/#website"},"primaryImageOfPage":{"@id":"https:\/\/klarafardiga.com\/?p=543#primaryimage"},"image":{"@id":"https:\/\/klarafardiga.com\/?p=543#primaryimage"},"thumbnailUrl":"http:\/\/klarafardiga.com\/wp-content\/uploads\/2012\/07\/annaskafe.jpg","datePublished":"2012-07-19T20:06:33+00:00","dateModified":"2012-07-19T20:06:33+00:00","author":{"@id":"https:\/\/klarafardiga.com\/#\/schema\/person\/0f54ba1da7c4c21dd7411ed3a8e9f8c0"},"breadcrumb":{"@id":"https:\/\/klarafardiga.com\/?p=543#breadcrumb"},"inLanguage":"sv-SE","potentialAction":[{"@type":"ReadAction","target":["https:\/\/klarafardiga.com\/?p=543"]}]},{"@type":"ImageObject","inLanguage":"sv-SE","@id":"https:\/\/klarafardiga.com\/?p=543#primaryimage","url":"https:\/\/klarafardiga.com\/wp-content\/uploads\/2012\/07\/annaskafe.jpg","contentUrl":"https:\/\/klarafardiga.com\/wp-content\/uploads\/2012\/07\/annaskafe.jpg","width":"586","height":"671"},{"@type":"BreadcrumbList","@id":"https:\/\/klarafardiga.com\/?p=543#breadcrumb","itemListElement":[{"@type":"ListItem","position":1,"name":"Hem","item":"https:\/\/klarafardiga.com\/"},{"@type":"ListItem","position":2,"name":"Minisemester&#8230;"}]},{"@type":"WebSite","@id":"https:\/\/klarafardiga.com\/#website","url":"https:\/\/klarafardiga.com\/","name":"Baka med KlaraForm","description":"Recept, tips och nyheter i butiken","potentialAction":[{"@type":"SearchAction","target":{"@type":"EntryPoint","urlTemplate":"https:\/\/klarafardiga.com\/?s={search_term_string}"},"query-input":{"@type":"PropertyValueSpecification","valueRequired":true,"valueName":"search_term_string"}}],"inLanguage":"sv-SE"},{"@type":"Person","@id":"https:\/\/klarafardiga.com\/#\/schema\/person\/0f54ba1da7c4c21dd7411ed3a8e9f8c0","name":"admin","image":{"@type":"ImageObject","inLanguage":"sv-SE","@id":"https:\/\/klarafardiga.com\/#\/schema\/person\/image\/","url":"https:\/\/secure.gravatar.com\/avatar\/356da59eaae0a6e58215761d8e8dabed?s=96&d=mm&r=g","contentUrl":"https:\/\/secure.gravatar.com\/avatar\/356da59eaae0a6e58215761d8e8dabed?s=96&d=mm&r=g","caption":"admin"},"sameAs":["http:\/\/www.klaraform.se"],"url":"https:\/\/klarafardiga.com\/?author=1"}]}},"_links":{"self":[{"href":"https:\/\/klarafardiga.com\/index.php?rest_route=\/wp\/v2\/posts\/543"}],"collection":[{"href":"https:\/\/klarafardiga.com\/index.php?rest_route=\/wp\/v2\/posts"}],"about":[{"href":"https:\/\/klarafardiga.com\/index.php?rest_route=\/wp\/v2\/types\/post"}],"author":[{"embeddable":true,"href":"https:\/\/klarafardiga.com\/index.php?rest_route=\/wp\/v2\/users\/1"}],"replies":[{"embeddable":true,"href":"https:\/\/klarafardiga.com\/index.php?rest_route=%2Fwp%2Fv2%2Fcomments&post=543"}],"version-history":[{"count":1,"href":"https:\/\/klarafardiga.com\/index.php?rest_route=\/wp\/v2\/posts\/543\/revisions"}],"predecessor-version":[{"id":545,"href":"https:\/\/klarafardiga.com\/index.php?rest_route=\/wp\/v2\/posts\/543\/revisions\/545"}],"wp:attachment":[{"href":"https:\/\/klarafardiga.com\/index.php?rest_route=%2Fwp%2Fv2%2Fmedia&parent=543"}],"wp:term":[{"taxonomy":"category","embeddable":true,"href":"https:\/\/klarafardiga.com\/index.php?rest_route=%2Fwp%2Fv2%2Fcategories&post=543"},{"taxonomy":"post_tag","embeddable":true,"href":"https:\/\/klarafardiga.com\/index.php?rest_route=%2Fwp%2Fv2%2Ftags&post=543"}],"curies":[{"name":"wp","href":"https:\/\/api.w.org\/{rel}","templated":true}]}}