{"id":505,"date":"2012-05-01T10:48:15","date_gmt":"2012-05-01T08:48:15","guid":{"rendered":"http:\/\/klarafardiga.com\/?p=505"},"modified":"2012-08-18T11:38:26","modified_gmt":"2012-08-18T09:38:26","slug":"finsk-sima-och-munkar","status":"publish","type":"post","link":"https:\/\/klarafardiga.com\/?p=505","title":{"rendered":"Finsk Sima och munkar"},"content":{"rendered":"<p>I Finland \u00e4r det tradition att \u00e4ta munk och dricka Sima till Valborg och 1:a maj. Ig\u00e5r n\u00e4r barnens farmor bes\u00f6kte oss hade hon med sig en flaska och massor av nybakade munkar. Det blev kalas \ud83d\ude42 Sima kan \u00e4ven barnen dricka s\u00e4gs det&#8230;. men eftersom det \u00e4r en dryck som j\u00e4ser s\u00e5 misst\u00e4nker jag att det kan bli alkoholhaltig?? vi tvistar om det h\u00e4r hemma s\u00e5 jag tar det s\u00e4kra f\u00f6re det os\u00e4kra och l\u00e5ter dem v\u00e4nta&#8230; men barn har i alla tider druckit denna dryck&#8230; s\u00e5 det skulle vara intressant och veta hur det egentligen \u00e4r.<\/p>\n<p><a href=\"https:\/\/klarafardiga.com\/wp-content\/uploads\/2012\/05\/sima.jpg\"><img fetchpriority=\"high\" decoding=\"async\" class=\"alignleft size-full wp-image-506\" title=\"Sima\" src=\"https:\/\/klarafardiga.com\/wp-content\/uploads\/2012\/05\/sima.jpg\" alt=\"\" width=\"1074\" height=\"748\" srcset=\"https:\/\/klarafardiga.com\/wp-content\/uploads\/2012\/05\/sima.jpg 1074w, https:\/\/klarafardiga.com\/wp-content\/uploads\/2012\/05\/sima-300x208.jpg 300w, https:\/\/klarafardiga.com\/wp-content\/uploads\/2012\/05\/sima-1024x713.jpg 1024w, https:\/\/klarafardiga.com\/wp-content\/uploads\/2012\/05\/sima-430x300.jpg 430w\" sizes=\"(max-width: 1074px) 100vw, 1074px\" \/><\/a><br \/>\n<em>Sugr\u00f6r fr\u00e5n <a href=\"http:\/\/www.klaraform.se\" target=\"_blank\">www.klaraform.se<\/a><\/em><\/p>\n<p><strong>Recept p\u00e5 Sima<\/strong> (Fr\u00e5n Tasteline.se)<\/p>\n<p>8 liter vatten<br \/>\n500 g farinsocker<br \/>\n500 g str\u00f6socker<br \/>\n2 stora apelsiner<br \/>\n2 stora citroner<br \/>\n2 \u00e4rtstora bitar f\u00e4rsk j\u00e4st<\/p>\n<p>G\u00f6r s\u00e5 h\u00e4r:<br \/>\nTv\u00e4tta citroner och apelsiner med hett vatten och rotborste. Skala frukterna med potatisskalare och h\u00e4ll skalet i en ren 10 l hink eller kastrull. Inget av det vita f\u00e5r komma med och ej k\u00e4rnor heller. Tills\u00e4tt citron- och apelsinsaft och sockret. Det g\u00e5r ocks\u00e5 bra att bara skiva frukterna, utan de vita, eller b\u00e5de skiva och pressa en del av frukten.<br \/>\nKoka 4 liter vatten och h\u00e4ll den till hinken. R\u00f6r till s\u00e5 att socker sm\u00e4lter. Tills\u00e4tt resten av vattnet (4 l).<br \/>\nR\u00f6r j\u00e4st till en liten del rumsvarmt saft och blanda till hinken. (Allt ska vara rumsvarmt). L\u00e5t drickan j\u00e4sa en dygn under locket eller handuk.<\/p>\n<p>N\u00e4sta dag:<br \/>\nH\u00e4ll sima f\u00f6rsiktigt till en annan hink s\u00e5 att s\u00e5 mycket som m\u00f6jligt av j\u00e4sten reduceras bort i detta skede (den har sjunkit p\u00e5 botten). Akta s\u00e5 att ingen j\u00e4st kommer med. H\u00e4ll bort grumlig bottensats.<br \/>\nSila sedan f\u00f6rsiktigt drickan fr\u00e5n skal och fruktk\u00f6tt till riktigt rena flaskor som i botten har 1 tsk socker och n\u00e5gra russin (3-5). St\u00e4ng med korkar och l\u00e5t siman st\u00e5 i svalt (kylsk\u00e5p eller k\u00e4llare) ca en vecka, g\u00e4rna tv\u00e5. Man beh\u00f6ver t\u00e5lamod att g\u00f6ra sima.<br \/>\nKorkarna kan i b\u00f6rjan vara lite l\u00f6st st\u00e4ngda f\u00f6r att hindra dem att explodera. F\u00f6r j\u00e4sten arbetar fortfarande med att g\u00f6ra siman klar fr\u00e5n j\u00e4strester.<br \/>\nSiman \u00e4r f\u00e4rdig n\u00e4r russinen stannar kvar p\u00e5 ytan och ej \u00e5ker mera upp och ner. Det har bildats luftbubblor och \u00e4r h\u00e4rligt friskt och l\u00e4skande. Skaka inte flaskan.<br \/>\nO\u00f6pnad flaska h\u00e5ller flera m\u00e5nader i kylsk\u00e5p.<br \/>\nServeras kallt.<\/p>\n<p>Ha en h\u00e4rlig 1:a maj ute i solen!<br \/>\nKram Helena<\/p>\n","protected":false},"excerpt":{"rendered":"<p>I Finland \u00e4r det tradition att \u00e4ta munk och dricka Sima till Valborg och 1:a maj. Ig\u00e5r n\u00e4r barnens farmor bes\u00f6kte oss hade hon med sig en flaska och massor av nybakade munkar. Det blev kalas \ud83d\ude42 Sima kan \u00e4ven barnen dricka s\u00e4gs det&#8230;. men eftersom det \u00e4r en dryck som j\u00e4ser s\u00e5 misst\u00e4nker jag att det kan bli alkoholhaltig?? vi tvistar om det h\u00e4r hemma s\u00e5 jag tar det s\u00e4kra f\u00f6re det os\u00e4kra och l\u00e5ter dem v\u00e4nta&#8230; men barn har i alla tider druckit denna dryck&#8230; s\u00e5 det skulle vara intressant och veta hur det egentligen \u00e4r. Sugr\u00f6r fr\u00e5n www.klaraform.se Recept p\u00e5 Sima (Fr\u00e5n Tasteline.se) 8 liter vatten 500 g farinsocker 500 g str\u00f6socker 2 stora apelsiner 2 stora citroner 2 \u00e4rtstora bitar f\u00e4rsk j\u00e4st G\u00f6r s\u00e5 h\u00e4r: Tv\u00e4tta citroner och apelsiner med hett vatten och rotborste. Skala frukterna med potatisskalare och h\u00e4ll skalet i en ren 10 l hink eller kastrull. Inget av det vita f\u00e5r komma med och ej k\u00e4rnor heller. Tills\u00e4tt citron- och apelsinsaft och sockret. Det g\u00e5r ocks\u00e5 bra att bara skiva frukterna, utan de vita, eller b\u00e5de skiva och pressa en del av frukten. Koka 4 liter vatten och h\u00e4ll den till hinken. R\u00f6r till s\u00e5 att socker sm\u00e4lter. Tills\u00e4tt resten av vattnet (4 l). R\u00f6r j\u00e4st till en liten del rumsvarmt saft och blanda till hinken. (Allt ska vara rumsvarmt). L\u00e5t drickan j\u00e4sa en dygn under locket eller handuk. N\u00e4sta dag: H\u00e4ll sima f\u00f6rsiktigt till en annan hink s\u00e5 att s\u00e5 mycket som m\u00f6jligt av j\u00e4sten reduceras bort i detta skede (den har sjunkit p\u00e5 botten). Akta s\u00e5 att ingen j\u00e4st kommer med. H\u00e4ll bort grumlig bottensats. Sila sedan f\u00f6rsiktigt drickan fr\u00e5n skal och fruktk\u00f6tt till riktigt rena flaskor som i botten har 1 tsk socker och n\u00e5gra russin (3-5). St\u00e4ng med korkar och l\u00e5t siman st\u00e5 i svalt (kylsk\u00e5p eller k\u00e4llare) ca en vecka, g\u00e4rna tv\u00e5. Man beh\u00f6ver t\u00e5lamod att g\u00f6ra sima. Korkarna kan i b\u00f6rjan vara lite l\u00f6st st\u00e4ngda f\u00f6r att hindra dem att explodera. F\u00f6r j\u00e4sten arbetar fortfarande med att g\u00f6ra siman klar fr\u00e5n j\u00e4strester. Siman \u00e4r f\u00e4rdig n\u00e4r russinen stannar kvar p\u00e5 ytan och ej \u00e5ker mera upp och ner. Det har bildats luftbubblor och \u00e4r h\u00e4rligt friskt och l\u00e4skande. Skaka inte flaskan. O\u00f6pnad flaska h\u00e5ller flera m\u00e5nader i kylsk\u00e5p. Serveras kallt. Ha en h\u00e4rlig 1:a maj ute i solen! Kram Helena<\/p>\n","protected":false},"author":1,"featured_media":0,"comment_status":"open","ping_status":"open","sticky":false,"template":"","format":"standard","meta":{"footnotes":""},"categories":[3],"tags":[],"yoast_head":"<!-- This site is optimized with the Yoast SEO plugin v23.5 - https:\/\/yoast.com\/wordpress\/plugins\/seo\/ -->\n<title>Finsk Sima och munkar - Baka med KlaraForm<\/title>\n<meta name=\"robots\" content=\"index, follow, max-snippet:-1, max-image-preview:large, max-video-preview:-1\" \/>\n<link rel=\"canonical\" href=\"https:\/\/klarafardiga.com\/?p=505\" \/>\n<meta property=\"og:locale\" content=\"sv_SE\" \/>\n<meta property=\"og:type\" content=\"article\" \/>\n<meta property=\"og:title\" content=\"Finsk Sima och munkar - Baka med KlaraForm\" \/>\n<meta property=\"og:description\" content=\"I Finland \u00e4r det tradition att \u00e4ta munk och dricka Sima till Valborg och 1:a maj. Ig\u00e5r n\u00e4r barnens farmor bes\u00f6kte oss hade hon med sig en flaska och massor av nybakade munkar. Det blev kalas \ud83d\ude42 Sima kan \u00e4ven barnen dricka s\u00e4gs det&#8230;. men eftersom det \u00e4r en dryck som j\u00e4ser s\u00e5 misst\u00e4nker jag att det kan bli alkoholhaltig?? vi tvistar om det h\u00e4r hemma s\u00e5 jag tar det s\u00e4kra f\u00f6re det os\u00e4kra och l\u00e5ter dem v\u00e4nta&#8230; men barn har i alla tider druckit denna dryck&#8230; s\u00e5 det skulle vara intressant och veta hur det egentligen \u00e4r. Sugr\u00f6r fr\u00e5n www.klaraform.se Recept p\u00e5 Sima (Fr\u00e5n Tasteline.se) 8 liter vatten 500 g farinsocker 500 g str\u00f6socker 2 stora apelsiner 2 stora citroner 2 \u00e4rtstora bitar f\u00e4rsk j\u00e4st G\u00f6r s\u00e5 h\u00e4r: Tv\u00e4tta citroner och apelsiner med hett vatten och rotborste. Skala frukterna med potatisskalare och h\u00e4ll skalet i en ren 10 l hink eller kastrull. Inget av det vita f\u00e5r komma med och ej k\u00e4rnor heller. Tills\u00e4tt citron- och apelsinsaft och sockret. Det g\u00e5r ocks\u00e5 bra att bara skiva frukterna, utan de vita, eller b\u00e5de skiva och pressa en del av frukten. Koka 4 liter vatten och h\u00e4ll den till hinken. R\u00f6r till s\u00e5 att socker sm\u00e4lter. Tills\u00e4tt resten av vattnet (4 l). R\u00f6r j\u00e4st till en liten del rumsvarmt saft och blanda till hinken. (Allt ska vara rumsvarmt). L\u00e5t drickan j\u00e4sa en dygn under locket eller handuk. N\u00e4sta dag: H\u00e4ll sima f\u00f6rsiktigt till en annan hink s\u00e5 att s\u00e5 mycket som m\u00f6jligt av j\u00e4sten reduceras bort i detta skede (den har sjunkit p\u00e5 botten). Akta s\u00e5 att ingen j\u00e4st kommer med. H\u00e4ll bort grumlig bottensats. Sila sedan f\u00f6rsiktigt drickan fr\u00e5n skal och fruktk\u00f6tt till riktigt rena flaskor som i botten har 1 tsk socker och n\u00e5gra russin (3-5). St\u00e4ng med korkar och l\u00e5t siman st\u00e5 i svalt (kylsk\u00e5p eller k\u00e4llare) ca en vecka, g\u00e4rna tv\u00e5. Man beh\u00f6ver t\u00e5lamod att g\u00f6ra sima. Korkarna kan i b\u00f6rjan vara lite l\u00f6st st\u00e4ngda f\u00f6r att hindra dem att explodera. F\u00f6r j\u00e4sten arbetar fortfarande med att g\u00f6ra siman klar fr\u00e5n j\u00e4strester. Siman \u00e4r f\u00e4rdig n\u00e4r russinen stannar kvar p\u00e5 ytan och ej \u00e5ker mera upp och ner. Det har bildats luftbubblor och \u00e4r h\u00e4rligt friskt och l\u00e4skande. Skaka inte flaskan. O\u00f6pnad flaska h\u00e5ller flera m\u00e5nader i kylsk\u00e5p. Serveras kallt. Ha en h\u00e4rlig 1:a maj ute i solen! Kram Helena\" \/>\n<meta property=\"og:url\" content=\"https:\/\/klarafardiga.com\/?p=505\" \/>\n<meta property=\"og:site_name\" content=\"Baka med KlaraForm\" \/>\n<meta property=\"article:published_time\" content=\"2012-05-01T08:48:15+00:00\" \/>\n<meta property=\"article:modified_time\" content=\"2012-08-18T09:38:26+00:00\" \/>\n<meta property=\"og:image\" content=\"http:\/\/klarafardiga.com\/wp-content\/uploads\/2012\/05\/sima.jpg\" \/>\n<meta name=\"author\" content=\"admin\" \/>\n<meta name=\"twitter:card\" content=\"summary_large_image\" \/>\n<meta name=\"twitter:label1\" content=\"Skriven av\" \/>\n\t<meta name=\"twitter:data1\" content=\"admin\" \/>\n\t<meta name=\"twitter:label2\" content=\"Ber\u00e4knad l\u00e4stid\" \/>\n\t<meta name=\"twitter:data2\" content=\"2 minuter\" \/>\n<script type=\"application\/ld+json\" class=\"yoast-schema-graph\">{\"@context\":\"https:\/\/schema.org\",\"@graph\":[{\"@type\":\"WebPage\",\"@id\":\"https:\/\/klarafardiga.com\/?p=505\",\"url\":\"https:\/\/klarafardiga.com\/?p=505\",\"name\":\"Finsk Sima och munkar - Baka med KlaraForm\",\"isPartOf\":{\"@id\":\"https:\/\/klarafardiga.com\/#website\"},\"primaryImageOfPage\":{\"@id\":\"https:\/\/klarafardiga.com\/?p=505#primaryimage\"},\"image\":{\"@id\":\"https:\/\/klarafardiga.com\/?p=505#primaryimage\"},\"thumbnailUrl\":\"http:\/\/klarafardiga.com\/wp-content\/uploads\/2012\/05\/sima.jpg\",\"datePublished\":\"2012-05-01T08:48:15+00:00\",\"dateModified\":\"2012-08-18T09:38:26+00:00\",\"author\":{\"@id\":\"https:\/\/klarafardiga.com\/#\/schema\/person\/0f54ba1da7c4c21dd7411ed3a8e9f8c0\"},\"breadcrumb\":{\"@id\":\"https:\/\/klarafardiga.com\/?p=505#breadcrumb\"},\"inLanguage\":\"sv-SE\",\"potentialAction\":[{\"@type\":\"ReadAction\",\"target\":[\"https:\/\/klarafardiga.com\/?p=505\"]}]},{\"@type\":\"ImageObject\",\"inLanguage\":\"sv-SE\",\"@id\":\"https:\/\/klarafardiga.com\/?p=505#primaryimage\",\"url\":\"https:\/\/klarafardiga.com\/wp-content\/uploads\/2012\/05\/sima.jpg\",\"contentUrl\":\"https:\/\/klarafardiga.com\/wp-content\/uploads\/2012\/05\/sima.jpg\",\"width\":\"1074\",\"height\":\"748\"},{\"@type\":\"BreadcrumbList\",\"@id\":\"https:\/\/klarafardiga.com\/?p=505#breadcrumb\",\"itemListElement\":[{\"@type\":\"ListItem\",\"position\":1,\"name\":\"Hem\",\"item\":\"https:\/\/klarafardiga.com\/\"},{\"@type\":\"ListItem\",\"position\":2,\"name\":\"Finsk Sima och munkar\"}]},{\"@type\":\"WebSite\",\"@id\":\"https:\/\/klarafardiga.com\/#website\",\"url\":\"https:\/\/klarafardiga.com\/\",\"name\":\"Baka med KlaraForm\",\"description\":\"Recept, tips och nyheter i butiken\",\"potentialAction\":[{\"@type\":\"SearchAction\",\"target\":{\"@type\":\"EntryPoint\",\"urlTemplate\":\"https:\/\/klarafardiga.com\/?s={search_term_string}\"},\"query-input\":{\"@type\":\"PropertyValueSpecification\",\"valueRequired\":true,\"valueName\":\"search_term_string\"}}],\"inLanguage\":\"sv-SE\"},{\"@type\":\"Person\",\"@id\":\"https:\/\/klarafardiga.com\/#\/schema\/person\/0f54ba1da7c4c21dd7411ed3a8e9f8c0\",\"name\":\"admin\",\"image\":{\"@type\":\"ImageObject\",\"inLanguage\":\"sv-SE\",\"@id\":\"https:\/\/klarafardiga.com\/#\/schema\/person\/image\/\",\"url\":\"https:\/\/secure.gravatar.com\/avatar\/356da59eaae0a6e58215761d8e8dabed?s=96&d=mm&r=g\",\"contentUrl\":\"https:\/\/secure.gravatar.com\/avatar\/356da59eaae0a6e58215761d8e8dabed?s=96&d=mm&r=g\",\"caption\":\"admin\"},\"sameAs\":[\"http:\/\/www.klaraform.se\"],\"url\":\"https:\/\/klarafardiga.com\/?author=1\"}]}<\/script>\n<!-- \/ Yoast SEO plugin. -->","yoast_head_json":{"title":"Finsk Sima och munkar - Baka med KlaraForm","robots":{"index":"index","follow":"follow","max-snippet":"max-snippet:-1","max-image-preview":"max-image-preview:large","max-video-preview":"max-video-preview:-1"},"canonical":"https:\/\/klarafardiga.com\/?p=505","og_locale":"sv_SE","og_type":"article","og_title":"Finsk Sima och munkar - Baka med KlaraForm","og_description":"I Finland \u00e4r det tradition att \u00e4ta munk och dricka Sima till Valborg och 1:a maj. Ig\u00e5r n\u00e4r barnens farmor bes\u00f6kte oss hade hon med sig en flaska och massor av nybakade munkar. Det blev kalas \ud83d\ude42 Sima kan \u00e4ven barnen dricka s\u00e4gs det&#8230;. men eftersom det \u00e4r en dryck som j\u00e4ser s\u00e5 misst\u00e4nker jag att det kan bli alkoholhaltig?? vi tvistar om det h\u00e4r hemma s\u00e5 jag tar det s\u00e4kra f\u00f6re det os\u00e4kra och l\u00e5ter dem v\u00e4nta&#8230; men barn har i alla tider druckit denna dryck&#8230; s\u00e5 det skulle vara intressant och veta hur det egentligen \u00e4r. Sugr\u00f6r fr\u00e5n www.klaraform.se Recept p\u00e5 Sima (Fr\u00e5n Tasteline.se) 8 liter vatten 500 g farinsocker 500 g str\u00f6socker 2 stora apelsiner 2 stora citroner 2 \u00e4rtstora bitar f\u00e4rsk j\u00e4st G\u00f6r s\u00e5 h\u00e4r: Tv\u00e4tta citroner och apelsiner med hett vatten och rotborste. Skala frukterna med potatisskalare och h\u00e4ll skalet i en ren 10 l hink eller kastrull. Inget av det vita f\u00e5r komma med och ej k\u00e4rnor heller. Tills\u00e4tt citron- och apelsinsaft och sockret. Det g\u00e5r ocks\u00e5 bra att bara skiva frukterna, utan de vita, eller b\u00e5de skiva och pressa en del av frukten. Koka 4 liter vatten och h\u00e4ll den till hinken. R\u00f6r till s\u00e5 att socker sm\u00e4lter. Tills\u00e4tt resten av vattnet (4 l). R\u00f6r j\u00e4st till en liten del rumsvarmt saft och blanda till hinken. (Allt ska vara rumsvarmt). L\u00e5t drickan j\u00e4sa en dygn under locket eller handuk. N\u00e4sta dag: H\u00e4ll sima f\u00f6rsiktigt till en annan hink s\u00e5 att s\u00e5 mycket som m\u00f6jligt av j\u00e4sten reduceras bort i detta skede (den har sjunkit p\u00e5 botten). Akta s\u00e5 att ingen j\u00e4st kommer med. H\u00e4ll bort grumlig bottensats. Sila sedan f\u00f6rsiktigt drickan fr\u00e5n skal och fruktk\u00f6tt till riktigt rena flaskor som i botten har 1 tsk socker och n\u00e5gra russin (3-5). St\u00e4ng med korkar och l\u00e5t siman st\u00e5 i svalt (kylsk\u00e5p eller k\u00e4llare) ca en vecka, g\u00e4rna tv\u00e5. Man beh\u00f6ver t\u00e5lamod att g\u00f6ra sima. Korkarna kan i b\u00f6rjan vara lite l\u00f6st st\u00e4ngda f\u00f6r att hindra dem att explodera. F\u00f6r j\u00e4sten arbetar fortfarande med att g\u00f6ra siman klar fr\u00e5n j\u00e4strester. Siman \u00e4r f\u00e4rdig n\u00e4r russinen stannar kvar p\u00e5 ytan och ej \u00e5ker mera upp och ner. Det har bildats luftbubblor och \u00e4r h\u00e4rligt friskt och l\u00e4skande. Skaka inte flaskan. O\u00f6pnad flaska h\u00e5ller flera m\u00e5nader i kylsk\u00e5p. Serveras kallt. Ha en h\u00e4rlig 1:a maj ute i solen! Kram Helena","og_url":"https:\/\/klarafardiga.com\/?p=505","og_site_name":"Baka med KlaraForm","article_published_time":"2012-05-01T08:48:15+00:00","article_modified_time":"2012-08-18T09:38:26+00:00","og_image":[{"url":"http:\/\/klarafardiga.com\/wp-content\/uploads\/2012\/05\/sima.jpg"}],"author":"admin","twitter_card":"summary_large_image","twitter_misc":{"Skriven av":"admin","Ber\u00e4knad l\u00e4stid":"2 minuter"},"schema":{"@context":"https:\/\/schema.org","@graph":[{"@type":"WebPage","@id":"https:\/\/klarafardiga.com\/?p=505","url":"https:\/\/klarafardiga.com\/?p=505","name":"Finsk Sima och munkar - Baka med KlaraForm","isPartOf":{"@id":"https:\/\/klarafardiga.com\/#website"},"primaryImageOfPage":{"@id":"https:\/\/klarafardiga.com\/?p=505#primaryimage"},"image":{"@id":"https:\/\/klarafardiga.com\/?p=505#primaryimage"},"thumbnailUrl":"http:\/\/klarafardiga.com\/wp-content\/uploads\/2012\/05\/sima.jpg","datePublished":"2012-05-01T08:48:15+00:00","dateModified":"2012-08-18T09:38:26+00:00","author":{"@id":"https:\/\/klarafardiga.com\/#\/schema\/person\/0f54ba1da7c4c21dd7411ed3a8e9f8c0"},"breadcrumb":{"@id":"https:\/\/klarafardiga.com\/?p=505#breadcrumb"},"inLanguage":"sv-SE","potentialAction":[{"@type":"ReadAction","target":["https:\/\/klarafardiga.com\/?p=505"]}]},{"@type":"ImageObject","inLanguage":"sv-SE","@id":"https:\/\/klarafardiga.com\/?p=505#primaryimage","url":"https:\/\/klarafardiga.com\/wp-content\/uploads\/2012\/05\/sima.jpg","contentUrl":"https:\/\/klarafardiga.com\/wp-content\/uploads\/2012\/05\/sima.jpg","width":"1074","height":"748"},{"@type":"BreadcrumbList","@id":"https:\/\/klarafardiga.com\/?p=505#breadcrumb","itemListElement":[{"@type":"ListItem","position":1,"name":"Hem","item":"https:\/\/klarafardiga.com\/"},{"@type":"ListItem","position":2,"name":"Finsk Sima och munkar"}]},{"@type":"WebSite","@id":"https:\/\/klarafardiga.com\/#website","url":"https:\/\/klarafardiga.com\/","name":"Baka med KlaraForm","description":"Recept, tips och nyheter i butiken","potentialAction":[{"@type":"SearchAction","target":{"@type":"EntryPoint","urlTemplate":"https:\/\/klarafardiga.com\/?s={search_term_string}"},"query-input":{"@type":"PropertyValueSpecification","valueRequired":true,"valueName":"search_term_string"}}],"inLanguage":"sv-SE"},{"@type":"Person","@id":"https:\/\/klarafardiga.com\/#\/schema\/person\/0f54ba1da7c4c21dd7411ed3a8e9f8c0","name":"admin","image":{"@type":"ImageObject","inLanguage":"sv-SE","@id":"https:\/\/klarafardiga.com\/#\/schema\/person\/image\/","url":"https:\/\/secure.gravatar.com\/avatar\/356da59eaae0a6e58215761d8e8dabed?s=96&d=mm&r=g","contentUrl":"https:\/\/secure.gravatar.com\/avatar\/356da59eaae0a6e58215761d8e8dabed?s=96&d=mm&r=g","caption":"admin"},"sameAs":["http:\/\/www.klaraform.se"],"url":"https:\/\/klarafardiga.com\/?author=1"}]}},"_links":{"self":[{"href":"https:\/\/klarafardiga.com\/index.php?rest_route=\/wp\/v2\/posts\/505"}],"collection":[{"href":"https:\/\/klarafardiga.com\/index.php?rest_route=\/wp\/v2\/posts"}],"about":[{"href":"https:\/\/klarafardiga.com\/index.php?rest_route=\/wp\/v2\/types\/post"}],"author":[{"embeddable":true,"href":"https:\/\/klarafardiga.com\/index.php?rest_route=\/wp\/v2\/users\/1"}],"replies":[{"embeddable":true,"href":"https:\/\/klarafardiga.com\/index.php?rest_route=%2Fwp%2Fv2%2Fcomments&post=505"}],"version-history":[{"count":6,"href":"https:\/\/klarafardiga.com\/index.php?rest_route=\/wp\/v2\/posts\/505\/revisions"}],"predecessor-version":[{"id":511,"href":"https:\/\/klarafardiga.com\/index.php?rest_route=\/wp\/v2\/posts\/505\/revisions\/511"}],"wp:attachment":[{"href":"https:\/\/klarafardiga.com\/index.php?rest_route=%2Fwp%2Fv2%2Fmedia&parent=505"}],"wp:term":[{"taxonomy":"category","embeddable":true,"href":"https:\/\/klarafardiga.com\/index.php?rest_route=%2Fwp%2Fv2%2Fcategories&post=505"},{"taxonomy":"post_tag","embeddable":true,"href":"https:\/\/klarafardiga.com\/index.php?rest_route=%2Fwp%2Fv2%2Ftags&post=505"}],"curies":[{"name":"wp","href":"https:\/\/api.w.org\/{rel}","templated":true}]}}