{"id":49,"date":"2008-10-31T23:45:00","date_gmt":"2008-10-31T22:45:00","guid":{"rendered":"http:\/\/klarafardiga.com\/?p=49"},"modified":"2008-10-31T23:45:00","modified_gmt":"2008-10-31T22:45:00","slug":"snon-faller-vit-och-julnyheter-i-butiken","status":"publish","type":"post","link":"https:\/\/klarafardiga.com\/?p=49","title":{"rendered":"Sn\u00f6n faller vit och julnyheter i butiken&#8230;"},"content":{"rendered":"<p>Nu \u00e4r det alldeles vitt h\u00e4r hemma, d\u00e5 menar jag utomhus. Barnen var ute och k\u00e4nde p\u00e5 sn\u00f6n tidigt i morse. De klev upp ur s\u00e4ngen och satte p\u00e5 sig ytterkl\u00e4derna och f\u00f6rsvann direkt ut i sn\u00f6yran medan jag fixade frukosten. S\u00e5 \u00e4r det med f\u00f6rsta sn\u00f6n, eller hur?<\/p>\n<p>I f\u00f6rra veckan d\u00f6k det upp ett paket med julgrejer till <a href=\"http:\/\/www.klarafardiga.com\/\"><strong>butiken<\/strong><\/a>. Jag har haft s\u00e5 mycket att g\u00f6ra under denna vecka s\u00e5 f\u00f6rst ig\u00e5r hade jag tid att fotografera, skriva produktbeskrivningar mm. Ett nyhetsbrev brukar jag ocks\u00e5 g\u00f6ra iordning n\u00e4r det dyker upp n\u00e5got nytt till butiken, men nu f\u00e5r ni, mina bloggv\u00e4nner i st\u00e4llet se det f\u00f6rst \ud83d\ude42 Jag gillade kuddarna v\u00e4ldigt mycket. H\u00e4r p\u00e5 bilden \u00e4r en med en stj\u00e4rna p\u00e5. En snygg <a href=\"http:\/\/www.klarafardiga.com\/\"><strong>paket\/julkalender<\/strong> <\/a>i samma stil finns ocks\u00e5 f\u00f6r alla sm\u00e5 klappar.<\/p>\n<p>Ha en riktigt h\u00e4rlig helg mina v\u00e4nner!<br \/>Kram Helena<\/p>\n<p><a href=\"http:\/\/4.bp.blogspot.com\/_rCm4mArCkLE\/SQt97nlsnCI\/AAAAAAAAA78\/PRRiefmuOic\/s1600-h\/kudde.jpg\"><img decoding=\"async\" id=\"BLOGGER_PHOTO_ID_5263439052705405986\" style=\"DISPLAY: block; MARGIN: 0px auto 10px; WIDTH: 400px; CURSOR: hand; HEIGHT: 321px; TEXT-ALIGN: center\" alt=\"\" src=\"http:\/\/4.bp.blogspot.com\/_rCm4mArCkLE\/SQt97nlsnCI\/AAAAAAAAA78\/PRRiefmuOic\/s400\/kudde.jpg\" border=\"0\" \/><\/a><\/p>\n<div><a href=\"http:\/\/2.bp.blogspot.com\/_rCm4mArCkLE\/SQt8yuUWk2I\/AAAAAAAAA7s\/JZzJJ2QTVy8\/s1600-h\/paketkalender.jpg\"><\/a><\/p>\n<div><\/div>\n<\/div>\n","protected":false},"excerpt":{"rendered":"<p>Nu \u00e4r det alldeles vitt h\u00e4r hemma, d\u00e5 menar jag utomhus. Barnen var ute och k\u00e4nde p\u00e5 sn\u00f6n tidigt i morse. De klev upp ur s\u00e4ngen och satte p\u00e5 sig ytterkl\u00e4derna och f\u00f6rsvann direkt ut i sn\u00f6yran medan jag fixade frukosten. S\u00e5 \u00e4r det med f\u00f6rsta sn\u00f6n, eller hur? I f\u00f6rra veckan d\u00f6k det upp ett paket med julgrejer till butiken. Jag har haft s\u00e5 mycket att g\u00f6ra under denna vecka s\u00e5 f\u00f6rst ig\u00e5r hade jag tid att fotografera, skriva produktbeskrivningar mm. Ett nyhetsbrev brukar jag ocks\u00e5 g\u00f6ra iordning n\u00e4r det dyker upp n\u00e5got nytt till butiken, men nu f\u00e5r ni, mina bloggv\u00e4nner i st\u00e4llet se det f\u00f6rst \ud83d\ude42 Jag gillade kuddarna v\u00e4ldigt mycket. H\u00e4r p\u00e5 bilden \u00e4r en med en stj\u00e4rna p\u00e5. En snygg paket\/julkalender i samma stil finns ocks\u00e5 f\u00f6r alla sm\u00e5 klappar. Ha en riktigt h\u00e4rlig helg mina v\u00e4nner!Kram Helena<\/p>\n","protected":false},"author":1,"featured_media":0,"comment_status":"open","ping_status":"open","sticky":false,"template":"","format":"standard","meta":{"footnotes":""},"categories":[8,4],"tags":[],"yoast_head":"<!-- This site is optimized with the Yoast SEO plugin v23.5 - https:\/\/yoast.com\/wordpress\/plugins\/seo\/ -->\n<title>Sn\u00f6n faller vit och julnyheter i butiken... - Baka med KlaraForm<\/title>\n<meta name=\"robots\" content=\"index, follow, max-snippet:-1, max-image-preview:large, max-video-preview:-1\" \/>\n<link rel=\"canonical\" href=\"https:\/\/klarafardiga.com\/?p=49\" \/>\n<meta property=\"og:locale\" content=\"sv_SE\" \/>\n<meta property=\"og:type\" content=\"article\" \/>\n<meta property=\"og:title\" content=\"Sn\u00f6n faller vit och julnyheter i butiken... - Baka med KlaraForm\" \/>\n<meta property=\"og:description\" content=\"Nu \u00e4r det alldeles vitt h\u00e4r hemma, d\u00e5 menar jag utomhus. Barnen var ute och k\u00e4nde p\u00e5 sn\u00f6n tidigt i morse. De klev upp ur s\u00e4ngen och satte p\u00e5 sig ytterkl\u00e4derna och f\u00f6rsvann direkt ut i sn\u00f6yran medan jag fixade frukosten. S\u00e5 \u00e4r det med f\u00f6rsta sn\u00f6n, eller hur? I f\u00f6rra veckan d\u00f6k det upp ett paket med julgrejer till butiken. Jag har haft s\u00e5 mycket att g\u00f6ra under denna vecka s\u00e5 f\u00f6rst ig\u00e5r hade jag tid att fotografera, skriva produktbeskrivningar mm. Ett nyhetsbrev brukar jag ocks\u00e5 g\u00f6ra iordning n\u00e4r det dyker upp n\u00e5got nytt till butiken, men nu f\u00e5r ni, mina bloggv\u00e4nner i st\u00e4llet se det f\u00f6rst \ud83d\ude42 Jag gillade kuddarna v\u00e4ldigt mycket. H\u00e4r p\u00e5 bilden \u00e4r en med en stj\u00e4rna p\u00e5. En snygg paket\/julkalender i samma stil finns ocks\u00e5 f\u00f6r alla sm\u00e5 klappar. Ha en riktigt h\u00e4rlig helg mina v\u00e4nner!Kram Helena\" \/>\n<meta property=\"og:url\" content=\"https:\/\/klarafardiga.com\/?p=49\" \/>\n<meta property=\"og:site_name\" content=\"Baka med KlaraForm\" \/>\n<meta property=\"article:published_time\" content=\"2008-10-31T22:45:00+00:00\" \/>\n<meta property=\"og:image\" content=\"http:\/\/4.bp.blogspot.com\/_rCm4mArCkLE\/SQt97nlsnCI\/AAAAAAAAA78\/PRRiefmuOic\/s400\/kudde.jpg\" \/>\n<meta name=\"author\" content=\"admin\" \/>\n<meta name=\"twitter:card\" content=\"summary_large_image\" \/>\n<meta name=\"twitter:label1\" content=\"Skriven av\" \/>\n\t<meta name=\"twitter:data1\" content=\"admin\" \/>\n\t<meta name=\"twitter:label2\" content=\"Ber\u00e4knad l\u00e4stid\" \/>\n\t<meta name=\"twitter:data2\" content=\"1 minut\" \/>\n<script type=\"application\/ld+json\" class=\"yoast-schema-graph\">{\"@context\":\"https:\/\/schema.org\",\"@graph\":[{\"@type\":\"WebPage\",\"@id\":\"https:\/\/klarafardiga.com\/?p=49\",\"url\":\"https:\/\/klarafardiga.com\/?p=49\",\"name\":\"Sn\u00f6n faller vit och julnyheter i butiken... - Baka med KlaraForm\",\"isPartOf\":{\"@id\":\"https:\/\/klarafardiga.com\/#website\"},\"primaryImageOfPage\":{\"@id\":\"https:\/\/klarafardiga.com\/?p=49#primaryimage\"},\"image\":{\"@id\":\"https:\/\/klarafardiga.com\/?p=49#primaryimage\"},\"thumbnailUrl\":\"http:\/\/4.bp.blogspot.com\/_rCm4mArCkLE\/SQt97nlsnCI\/AAAAAAAAA78\/PRRiefmuOic\/s400\/kudde.jpg\",\"datePublished\":\"2008-10-31T22:45:00+00:00\",\"dateModified\":\"2008-10-31T22:45:00+00:00\",\"author\":{\"@id\":\"https:\/\/klarafardiga.com\/#\/schema\/person\/0f54ba1da7c4c21dd7411ed3a8e9f8c0\"},\"breadcrumb\":{\"@id\":\"https:\/\/klarafardiga.com\/?p=49#breadcrumb\"},\"inLanguage\":\"sv-SE\",\"potentialAction\":[{\"@type\":\"ReadAction\",\"target\":[\"https:\/\/klarafardiga.com\/?p=49\"]}]},{\"@type\":\"ImageObject\",\"inLanguage\":\"sv-SE\",\"@id\":\"https:\/\/klarafardiga.com\/?p=49#primaryimage\",\"url\":\"http:\/\/4.bp.blogspot.com\/_rCm4mArCkLE\/SQt97nlsnCI\/AAAAAAAAA78\/PRRiefmuOic\/s400\/kudde.jpg\",\"contentUrl\":\"http:\/\/4.bp.blogspot.com\/_rCm4mArCkLE\/SQt97nlsnCI\/AAAAAAAAA78\/PRRiefmuOic\/s400\/kudde.jpg\"},{\"@type\":\"BreadcrumbList\",\"@id\":\"https:\/\/klarafardiga.com\/?p=49#breadcrumb\",\"itemListElement\":[{\"@type\":\"ListItem\",\"position\":1,\"name\":\"Hem\",\"item\":\"https:\/\/klarafardiga.com\/\"},{\"@type\":\"ListItem\",\"position\":2,\"name\":\"Sn\u00f6n faller vit och julnyheter i butiken&#8230;\"}]},{\"@type\":\"WebSite\",\"@id\":\"https:\/\/klarafardiga.com\/#website\",\"url\":\"https:\/\/klarafardiga.com\/\",\"name\":\"Baka med KlaraForm\",\"description\":\"Recept, tips och nyheter i butiken\",\"potentialAction\":[{\"@type\":\"SearchAction\",\"target\":{\"@type\":\"EntryPoint\",\"urlTemplate\":\"https:\/\/klarafardiga.com\/?s={search_term_string}\"},\"query-input\":{\"@type\":\"PropertyValueSpecification\",\"valueRequired\":true,\"valueName\":\"search_term_string\"}}],\"inLanguage\":\"sv-SE\"},{\"@type\":\"Person\",\"@id\":\"https:\/\/klarafardiga.com\/#\/schema\/person\/0f54ba1da7c4c21dd7411ed3a8e9f8c0\",\"name\":\"admin\",\"image\":{\"@type\":\"ImageObject\",\"inLanguage\":\"sv-SE\",\"@id\":\"https:\/\/klarafardiga.com\/#\/schema\/person\/image\/\",\"url\":\"https:\/\/secure.gravatar.com\/avatar\/356da59eaae0a6e58215761d8e8dabed?s=96&d=mm&r=g\",\"contentUrl\":\"https:\/\/secure.gravatar.com\/avatar\/356da59eaae0a6e58215761d8e8dabed?s=96&d=mm&r=g\",\"caption\":\"admin\"},\"sameAs\":[\"http:\/\/www.klaraform.se\"],\"url\":\"https:\/\/klarafardiga.com\/?author=1\"}]}<\/script>\n<!-- \/ Yoast SEO plugin. -->","yoast_head_json":{"title":"Sn\u00f6n faller vit och julnyheter i butiken... - Baka med KlaraForm","robots":{"index":"index","follow":"follow","max-snippet":"max-snippet:-1","max-image-preview":"max-image-preview:large","max-video-preview":"max-video-preview:-1"},"canonical":"https:\/\/klarafardiga.com\/?p=49","og_locale":"sv_SE","og_type":"article","og_title":"Sn\u00f6n faller vit och julnyheter i butiken... - Baka med KlaraForm","og_description":"Nu \u00e4r det alldeles vitt h\u00e4r hemma, d\u00e5 menar jag utomhus. Barnen var ute och k\u00e4nde p\u00e5 sn\u00f6n tidigt i morse. De klev upp ur s\u00e4ngen och satte p\u00e5 sig ytterkl\u00e4derna och f\u00f6rsvann direkt ut i sn\u00f6yran medan jag fixade frukosten. S\u00e5 \u00e4r det med f\u00f6rsta sn\u00f6n, eller hur? I f\u00f6rra veckan d\u00f6k det upp ett paket med julgrejer till butiken. Jag har haft s\u00e5 mycket att g\u00f6ra under denna vecka s\u00e5 f\u00f6rst ig\u00e5r hade jag tid att fotografera, skriva produktbeskrivningar mm. Ett nyhetsbrev brukar jag ocks\u00e5 g\u00f6ra iordning n\u00e4r det dyker upp n\u00e5got nytt till butiken, men nu f\u00e5r ni, mina bloggv\u00e4nner i st\u00e4llet se det f\u00f6rst \ud83d\ude42 Jag gillade kuddarna v\u00e4ldigt mycket. H\u00e4r p\u00e5 bilden \u00e4r en med en stj\u00e4rna p\u00e5. En snygg paket\/julkalender i samma stil finns ocks\u00e5 f\u00f6r alla sm\u00e5 klappar. Ha en riktigt h\u00e4rlig helg mina v\u00e4nner!Kram Helena","og_url":"https:\/\/klarafardiga.com\/?p=49","og_site_name":"Baka med KlaraForm","article_published_time":"2008-10-31T22:45:00+00:00","og_image":[{"url":"http:\/\/4.bp.blogspot.com\/_rCm4mArCkLE\/SQt97nlsnCI\/AAAAAAAAA78\/PRRiefmuOic\/s400\/kudde.jpg"}],"author":"admin","twitter_card":"summary_large_image","twitter_misc":{"Skriven av":"admin","Ber\u00e4knad l\u00e4stid":"1 minut"},"schema":{"@context":"https:\/\/schema.org","@graph":[{"@type":"WebPage","@id":"https:\/\/klarafardiga.com\/?p=49","url":"https:\/\/klarafardiga.com\/?p=49","name":"Sn\u00f6n faller vit och julnyheter i butiken... - Baka med KlaraForm","isPartOf":{"@id":"https:\/\/klarafardiga.com\/#website"},"primaryImageOfPage":{"@id":"https:\/\/klarafardiga.com\/?p=49#primaryimage"},"image":{"@id":"https:\/\/klarafardiga.com\/?p=49#primaryimage"},"thumbnailUrl":"http:\/\/4.bp.blogspot.com\/_rCm4mArCkLE\/SQt97nlsnCI\/AAAAAAAAA78\/PRRiefmuOic\/s400\/kudde.jpg","datePublished":"2008-10-31T22:45:00+00:00","dateModified":"2008-10-31T22:45:00+00:00","author":{"@id":"https:\/\/klarafardiga.com\/#\/schema\/person\/0f54ba1da7c4c21dd7411ed3a8e9f8c0"},"breadcrumb":{"@id":"https:\/\/klarafardiga.com\/?p=49#breadcrumb"},"inLanguage":"sv-SE","potentialAction":[{"@type":"ReadAction","target":["https:\/\/klarafardiga.com\/?p=49"]}]},{"@type":"ImageObject","inLanguage":"sv-SE","@id":"https:\/\/klarafardiga.com\/?p=49#primaryimage","url":"http:\/\/4.bp.blogspot.com\/_rCm4mArCkLE\/SQt97nlsnCI\/AAAAAAAAA78\/PRRiefmuOic\/s400\/kudde.jpg","contentUrl":"http:\/\/4.bp.blogspot.com\/_rCm4mArCkLE\/SQt97nlsnCI\/AAAAAAAAA78\/PRRiefmuOic\/s400\/kudde.jpg"},{"@type":"BreadcrumbList","@id":"https:\/\/klarafardiga.com\/?p=49#breadcrumb","itemListElement":[{"@type":"ListItem","position":1,"name":"Hem","item":"https:\/\/klarafardiga.com\/"},{"@type":"ListItem","position":2,"name":"Sn\u00f6n faller vit och julnyheter i butiken&#8230;"}]},{"@type":"WebSite","@id":"https:\/\/klarafardiga.com\/#website","url":"https:\/\/klarafardiga.com\/","name":"Baka med KlaraForm","description":"Recept, tips och nyheter i butiken","potentialAction":[{"@type":"SearchAction","target":{"@type":"EntryPoint","urlTemplate":"https:\/\/klarafardiga.com\/?s={search_term_string}"},"query-input":{"@type":"PropertyValueSpecification","valueRequired":true,"valueName":"search_term_string"}}],"inLanguage":"sv-SE"},{"@type":"Person","@id":"https:\/\/klarafardiga.com\/#\/schema\/person\/0f54ba1da7c4c21dd7411ed3a8e9f8c0","name":"admin","image":{"@type":"ImageObject","inLanguage":"sv-SE","@id":"https:\/\/klarafardiga.com\/#\/schema\/person\/image\/","url":"https:\/\/secure.gravatar.com\/avatar\/356da59eaae0a6e58215761d8e8dabed?s=96&d=mm&r=g","contentUrl":"https:\/\/secure.gravatar.com\/avatar\/356da59eaae0a6e58215761d8e8dabed?s=96&d=mm&r=g","caption":"admin"},"sameAs":["http:\/\/www.klaraform.se"],"url":"https:\/\/klarafardiga.com\/?author=1"}]}},"_links":{"self":[{"href":"https:\/\/klarafardiga.com\/index.php?rest_route=\/wp\/v2\/posts\/49"}],"collection":[{"href":"https:\/\/klarafardiga.com\/index.php?rest_route=\/wp\/v2\/posts"}],"about":[{"href":"https:\/\/klarafardiga.com\/index.php?rest_route=\/wp\/v2\/types\/post"}],"author":[{"embeddable":true,"href":"https:\/\/klarafardiga.com\/index.php?rest_route=\/wp\/v2\/users\/1"}],"replies":[{"embeddable":true,"href":"https:\/\/klarafardiga.com\/index.php?rest_route=%2Fwp%2Fv2%2Fcomments&post=49"}],"version-history":[{"count":0,"href":"https:\/\/klarafardiga.com\/index.php?rest_route=\/wp\/v2\/posts\/49\/revisions"}],"wp:attachment":[{"href":"https:\/\/klarafardiga.com\/index.php?rest_route=%2Fwp%2Fv2%2Fmedia&parent=49"}],"wp:term":[{"taxonomy":"category","embeddable":true,"href":"https:\/\/klarafardiga.com\/index.php?rest_route=%2Fwp%2Fv2%2Fcategories&post=49"},{"taxonomy":"post_tag","embeddable":true,"href":"https:\/\/klarafardiga.com\/index.php?rest_route=%2Fwp%2Fv2%2Ftags&post=49"}],"curies":[{"name":"wp","href":"https:\/\/api.w.org\/{rel}","templated":true}]}}