{"id":481,"date":"2012-03-25T18:59:25","date_gmt":"2012-03-25T16:59:25","guid":{"rendered":"http:\/\/klarafardiga.com\/?p=481"},"modified":"2012-03-25T18:59:25","modified_gmt":"2012-03-25T16:59:25","slug":"vaffeldagen","status":"publish","type":"post","link":"https:\/\/klarafardiga.com\/?p=481","title":{"rendered":"V\u00e5ffeldagen"},"content":{"rendered":"<p>Idag har vi som m\u00e5nga andra \u00e4tit v\u00e5fflor \ud83d\ude42 Jag saknar dock ett riktigt gott recept p\u00e5 frasiga v\u00e5fflor, n\u00e5gon som har n\u00e5got bra tips??<\/p>\n<p>Syltburken i bakgrunden \u00e4r pimpad med <a href=\"http:\/\/klaraform.se\/category.php?id_category=3153\" target=\"_blank\">dekorativ tejp<\/a>\u00a0fr\u00e5n min butik.<\/p>\n<p><a href=\"https:\/\/klarafardiga.com\/wp-content\/uploads\/2012\/03\/vafflor2012.jpg\"><img fetchpriority=\"high\" decoding=\"async\" class=\"alignleft size-full wp-image-482\" title=\"V\u00e5fflor\" src=\"https:\/\/klarafardiga.com\/wp-content\/uploads\/2012\/03\/vafflor2012.jpg\" alt=\"\" width=\"1074\" height=\"843\" srcset=\"https:\/\/klarafardiga.com\/wp-content\/uploads\/2012\/03\/vafflor2012.jpg 1074w, https:\/\/klarafardiga.com\/wp-content\/uploads\/2012\/03\/vafflor2012-300x235.jpg 300w, https:\/\/klarafardiga.com\/wp-content\/uploads\/2012\/03\/vafflor2012-1024x803.jpg 1024w, https:\/\/klarafardiga.com\/wp-content\/uploads\/2012\/03\/vafflor2012-382x300.jpg 382w\" sizes=\"(max-width: 1074px) 100vw, 1074px\" \/><\/a><\/p>\n<p>Ha en trevlig s\u00f6ndagkv\u00e4ll!<br \/>\nKram Helena<\/p>\n","protected":false},"excerpt":{"rendered":"<p>Idag har vi som m\u00e5nga andra \u00e4tit v\u00e5fflor \ud83d\ude42 Jag saknar dock ett riktigt gott recept p\u00e5 frasiga v\u00e5fflor, n\u00e5gon som har n\u00e5got bra tips?? Syltburken i bakgrunden \u00e4r pimpad med dekorativ tejp\u00a0fr\u00e5n min butik. Ha en trevlig s\u00f6ndagkv\u00e4ll! Kram Helena<\/p>\n","protected":false},"author":1,"featured_media":0,"comment_status":"open","ping_status":"open","sticky":false,"template":"","format":"standard","meta":{"footnotes":""},"categories":[8,4],"tags":[],"yoast_head":"<!-- This site is optimized with the Yoast SEO plugin v23.5 - https:\/\/yoast.com\/wordpress\/plugins\/seo\/ -->\n<title>V\u00e5ffeldagen - Baka med KlaraForm<\/title>\n<meta name=\"robots\" content=\"index, follow, max-snippet:-1, max-image-preview:large, max-video-preview:-1\" \/>\n<link rel=\"canonical\" href=\"https:\/\/klarafardiga.com\/?p=481\" \/>\n<meta property=\"og:locale\" content=\"sv_SE\" \/>\n<meta property=\"og:type\" content=\"article\" \/>\n<meta property=\"og:title\" content=\"V\u00e5ffeldagen - Baka med KlaraForm\" \/>\n<meta property=\"og:description\" content=\"Idag har vi som m\u00e5nga andra \u00e4tit v\u00e5fflor \ud83d\ude42 Jag saknar dock ett riktigt gott recept p\u00e5 frasiga v\u00e5fflor, n\u00e5gon som har n\u00e5got bra tips?? Syltburken i bakgrunden \u00e4r pimpad med dekorativ tejp\u00a0fr\u00e5n min butik. Ha en trevlig s\u00f6ndagkv\u00e4ll! Kram Helena\" \/>\n<meta property=\"og:url\" content=\"https:\/\/klarafardiga.com\/?p=481\" \/>\n<meta property=\"og:site_name\" content=\"Baka med KlaraForm\" \/>\n<meta property=\"article:published_time\" content=\"2012-03-25T16:59:25+00:00\" \/>\n<meta property=\"og:image\" content=\"http:\/\/klarafardiga.com\/wp-content\/uploads\/2012\/03\/vafflor2012.jpg\" \/>\n<meta name=\"author\" content=\"admin\" \/>\n<meta name=\"twitter:card\" content=\"summary_large_image\" \/>\n<meta name=\"twitter:label1\" content=\"Skriven av\" \/>\n\t<meta name=\"twitter:data1\" content=\"admin\" \/>\n<script type=\"application\/ld+json\" class=\"yoast-schema-graph\">{\"@context\":\"https:\/\/schema.org\",\"@graph\":[{\"@type\":\"WebPage\",\"@id\":\"https:\/\/klarafardiga.com\/?p=481\",\"url\":\"https:\/\/klarafardiga.com\/?p=481\",\"name\":\"V\u00e5ffeldagen - Baka med KlaraForm\",\"isPartOf\":{\"@id\":\"https:\/\/klarafardiga.com\/#website\"},\"primaryImageOfPage\":{\"@id\":\"https:\/\/klarafardiga.com\/?p=481#primaryimage\"},\"image\":{\"@id\":\"https:\/\/klarafardiga.com\/?p=481#primaryimage\"},\"thumbnailUrl\":\"http:\/\/klarafardiga.com\/wp-content\/uploads\/2012\/03\/vafflor2012.jpg\",\"datePublished\":\"2012-03-25T16:59:25+00:00\",\"dateModified\":\"2012-03-25T16:59:25+00:00\",\"author\":{\"@id\":\"https:\/\/klarafardiga.com\/#\/schema\/person\/0f54ba1da7c4c21dd7411ed3a8e9f8c0\"},\"breadcrumb\":{\"@id\":\"https:\/\/klarafardiga.com\/?p=481#breadcrumb\"},\"inLanguage\":\"sv-SE\",\"potentialAction\":[{\"@type\":\"ReadAction\",\"target\":[\"https:\/\/klarafardiga.com\/?p=481\"]}]},{\"@type\":\"ImageObject\",\"inLanguage\":\"sv-SE\",\"@id\":\"https:\/\/klarafardiga.com\/?p=481#primaryimage\",\"url\":\"https:\/\/klarafardiga.com\/wp-content\/uploads\/2012\/03\/vafflor2012.jpg\",\"contentUrl\":\"https:\/\/klarafardiga.com\/wp-content\/uploads\/2012\/03\/vafflor2012.jpg\",\"width\":\"1074\",\"height\":\"843\"},{\"@type\":\"BreadcrumbList\",\"@id\":\"https:\/\/klarafardiga.com\/?p=481#breadcrumb\",\"itemListElement\":[{\"@type\":\"ListItem\",\"position\":1,\"name\":\"Hem\",\"item\":\"https:\/\/klarafardiga.com\/\"},{\"@type\":\"ListItem\",\"position\":2,\"name\":\"V\u00e5ffeldagen\"}]},{\"@type\":\"WebSite\",\"@id\":\"https:\/\/klarafardiga.com\/#website\",\"url\":\"https:\/\/klarafardiga.com\/\",\"name\":\"Baka med KlaraForm\",\"description\":\"Recept, tips och nyheter i butiken\",\"potentialAction\":[{\"@type\":\"SearchAction\",\"target\":{\"@type\":\"EntryPoint\",\"urlTemplate\":\"https:\/\/klarafardiga.com\/?s={search_term_string}\"},\"query-input\":{\"@type\":\"PropertyValueSpecification\",\"valueRequired\":true,\"valueName\":\"search_term_string\"}}],\"inLanguage\":\"sv-SE\"},{\"@type\":\"Person\",\"@id\":\"https:\/\/klarafardiga.com\/#\/schema\/person\/0f54ba1da7c4c21dd7411ed3a8e9f8c0\",\"name\":\"admin\",\"image\":{\"@type\":\"ImageObject\",\"inLanguage\":\"sv-SE\",\"@id\":\"https:\/\/klarafardiga.com\/#\/schema\/person\/image\/\",\"url\":\"https:\/\/secure.gravatar.com\/avatar\/356da59eaae0a6e58215761d8e8dabed?s=96&d=mm&r=g\",\"contentUrl\":\"https:\/\/secure.gravatar.com\/avatar\/356da59eaae0a6e58215761d8e8dabed?s=96&d=mm&r=g\",\"caption\":\"admin\"},\"sameAs\":[\"http:\/\/www.klaraform.se\"],\"url\":\"https:\/\/klarafardiga.com\/?author=1\"}]}<\/script>\n<!-- \/ Yoast SEO plugin. -->","yoast_head_json":{"title":"V\u00e5ffeldagen - Baka med KlaraForm","robots":{"index":"index","follow":"follow","max-snippet":"max-snippet:-1","max-image-preview":"max-image-preview:large","max-video-preview":"max-video-preview:-1"},"canonical":"https:\/\/klarafardiga.com\/?p=481","og_locale":"sv_SE","og_type":"article","og_title":"V\u00e5ffeldagen - Baka med KlaraForm","og_description":"Idag har vi som m\u00e5nga andra \u00e4tit v\u00e5fflor \ud83d\ude42 Jag saknar dock ett riktigt gott recept p\u00e5 frasiga v\u00e5fflor, n\u00e5gon som har n\u00e5got bra tips?? Syltburken i bakgrunden \u00e4r pimpad med dekorativ tejp\u00a0fr\u00e5n min butik. Ha en trevlig s\u00f6ndagkv\u00e4ll! Kram Helena","og_url":"https:\/\/klarafardiga.com\/?p=481","og_site_name":"Baka med KlaraForm","article_published_time":"2012-03-25T16:59:25+00:00","og_image":[{"url":"http:\/\/klarafardiga.com\/wp-content\/uploads\/2012\/03\/vafflor2012.jpg"}],"author":"admin","twitter_card":"summary_large_image","twitter_misc":{"Skriven av":"admin"},"schema":{"@context":"https:\/\/schema.org","@graph":[{"@type":"WebPage","@id":"https:\/\/klarafardiga.com\/?p=481","url":"https:\/\/klarafardiga.com\/?p=481","name":"V\u00e5ffeldagen - Baka med KlaraForm","isPartOf":{"@id":"https:\/\/klarafardiga.com\/#website"},"primaryImageOfPage":{"@id":"https:\/\/klarafardiga.com\/?p=481#primaryimage"},"image":{"@id":"https:\/\/klarafardiga.com\/?p=481#primaryimage"},"thumbnailUrl":"http:\/\/klarafardiga.com\/wp-content\/uploads\/2012\/03\/vafflor2012.jpg","datePublished":"2012-03-25T16:59:25+00:00","dateModified":"2012-03-25T16:59:25+00:00","author":{"@id":"https:\/\/klarafardiga.com\/#\/schema\/person\/0f54ba1da7c4c21dd7411ed3a8e9f8c0"},"breadcrumb":{"@id":"https:\/\/klarafardiga.com\/?p=481#breadcrumb"},"inLanguage":"sv-SE","potentialAction":[{"@type":"ReadAction","target":["https:\/\/klarafardiga.com\/?p=481"]}]},{"@type":"ImageObject","inLanguage":"sv-SE","@id":"https:\/\/klarafardiga.com\/?p=481#primaryimage","url":"https:\/\/klarafardiga.com\/wp-content\/uploads\/2012\/03\/vafflor2012.jpg","contentUrl":"https:\/\/klarafardiga.com\/wp-content\/uploads\/2012\/03\/vafflor2012.jpg","width":"1074","height":"843"},{"@type":"BreadcrumbList","@id":"https:\/\/klarafardiga.com\/?p=481#breadcrumb","itemListElement":[{"@type":"ListItem","position":1,"name":"Hem","item":"https:\/\/klarafardiga.com\/"},{"@type":"ListItem","position":2,"name":"V\u00e5ffeldagen"}]},{"@type":"WebSite","@id":"https:\/\/klarafardiga.com\/#website","url":"https:\/\/klarafardiga.com\/","name":"Baka med KlaraForm","description":"Recept, tips och nyheter i butiken","potentialAction":[{"@type":"SearchAction","target":{"@type":"EntryPoint","urlTemplate":"https:\/\/klarafardiga.com\/?s={search_term_string}"},"query-input":{"@type":"PropertyValueSpecification","valueRequired":true,"valueName":"search_term_string"}}],"inLanguage":"sv-SE"},{"@type":"Person","@id":"https:\/\/klarafardiga.com\/#\/schema\/person\/0f54ba1da7c4c21dd7411ed3a8e9f8c0","name":"admin","image":{"@type":"ImageObject","inLanguage":"sv-SE","@id":"https:\/\/klarafardiga.com\/#\/schema\/person\/image\/","url":"https:\/\/secure.gravatar.com\/avatar\/356da59eaae0a6e58215761d8e8dabed?s=96&d=mm&r=g","contentUrl":"https:\/\/secure.gravatar.com\/avatar\/356da59eaae0a6e58215761d8e8dabed?s=96&d=mm&r=g","caption":"admin"},"sameAs":["http:\/\/www.klaraform.se"],"url":"https:\/\/klarafardiga.com\/?author=1"}]}},"_links":{"self":[{"href":"https:\/\/klarafardiga.com\/index.php?rest_route=\/wp\/v2\/posts\/481"}],"collection":[{"href":"https:\/\/klarafardiga.com\/index.php?rest_route=\/wp\/v2\/posts"}],"about":[{"href":"https:\/\/klarafardiga.com\/index.php?rest_route=\/wp\/v2\/types\/post"}],"author":[{"embeddable":true,"href":"https:\/\/klarafardiga.com\/index.php?rest_route=\/wp\/v2\/users\/1"}],"replies":[{"embeddable":true,"href":"https:\/\/klarafardiga.com\/index.php?rest_route=%2Fwp%2Fv2%2Fcomments&post=481"}],"version-history":[{"count":2,"href":"https:\/\/klarafardiga.com\/index.php?rest_route=\/wp\/v2\/posts\/481\/revisions"}],"predecessor-version":[{"id":484,"href":"https:\/\/klarafardiga.com\/index.php?rest_route=\/wp\/v2\/posts\/481\/revisions\/484"}],"wp:attachment":[{"href":"https:\/\/klarafardiga.com\/index.php?rest_route=%2Fwp%2Fv2%2Fmedia&parent=481"}],"wp:term":[{"taxonomy":"category","embeddable":true,"href":"https:\/\/klarafardiga.com\/index.php?rest_route=%2Fwp%2Fv2%2Fcategories&post=481"},{"taxonomy":"post_tag","embeddable":true,"href":"https:\/\/klarafardiga.com\/index.php?rest_route=%2Fwp%2Fv2%2Ftags&post=481"}],"curies":[{"name":"wp","href":"https:\/\/api.w.org\/{rel}","templated":true}]}}