{"id":48,"date":"2008-10-29T22:59:00","date_gmt":"2008-10-29T21:59:00","guid":{"rendered":"http:\/\/klarafardiga.com\/?p=48"},"modified":"2008-10-29T22:59:00","modified_gmt":"2008-10-29T21:59:00","slug":"halloween-och-var-lilla-pumpa","status":"publish","type":"post","link":"https:\/\/klarafardiga.com\/?p=48","title":{"rendered":"Halloween och v\u00e5r lilla pumpa&#8230;"},"content":{"rendered":"<p>F\u00f6rra \u00e5ret k\u00f6pte vi en pumpa i aff\u00e4ren och den inneh\u00f6ll massor av k\u00e4rnor. Vi sparade en del och planterade n\u00e5gra fr\u00f6n i v\u00e5ras. S\u00e5 h\u00e4r blev resultatet! Det blev inte n\u00e5gon rekordpumpa precis, men nu st\u00e5r den d\u00e4r utanf\u00f6r v\u00e5r d\u00f6rr lagomt till Halloween. P\u00e5 l\u00f6rdag ska vi bjuda p\u00e5 Halloweenfika exakt som f\u00f6rra \u00e5ret (oj, det kan ju bli en tradition) d\u00e5 bj\u00f6d vi p\u00e5 &#8221;bajst\u00e5rta med snor&#8221; riktigt l\u00e4skigt &#8211; men gott, chokladpudding med vispgr\u00e4dde (gr\u00f6n karamellf\u00e4rg). Succ\u00e9 bland barnen blev det.<\/p>\n<p><a href=\"http:\/\/3.bp.blogspot.com\/_rCm4mArCkLE\/SQjPt2yFUwI\/AAAAAAAAA7k\/5pNsb4Ji87A\/s1600-h\/pumpa.jpg\"><img decoding=\"async\" id=\"BLOGGER_PHOTO_ID_5262684551289066242\" style=\"DISPLAY: block; MARGIN: 0px auto 10px; WIDTH: 400px; CURSOR: hand; HEIGHT: 299px; TEXT-ALIGN: center\" alt=\"\" src=\"http:\/\/3.bp.blogspot.com\/_rCm4mArCkLE\/SQjPt2yFUwI\/AAAAAAAAA7k\/5pNsb4Ji87A\/s400\/pumpa.jpg\" border=\"0\" \/><\/a> H\u00e4r syns n\u00e5gra nyplanterade pumpafr\u00f6n fr\u00e5n i v\u00e5ras.<\/p>\n<div><a href=\"http:\/\/2.bp.blogspot.com\/_rCm4mArCkLE\/SQjPPynIMnI\/AAAAAAAAA7U\/DcU1jEO7Qv8\/s1600-h\/pumpa_01.jpg\"><img decoding=\"async\" id=\"BLOGGER_PHOTO_ID_5262684034773299826\" style=\"DISPLAY: block; MARGIN: 0px auto 10px; WIDTH: 400px; CURSOR: hand; HEIGHT: 299px; TEXT-ALIGN: center\" alt=\"\" src=\"http:\/\/2.bp.blogspot.com\/_rCm4mArCkLE\/SQjPPynIMnI\/AAAAAAAAA7U\/DcU1jEO7Qv8\/s400\/pumpa_01.jpg\" border=\"0\" \/><\/a><br \/>Passa p\u00e5 att t\u00e4vla om pepparkaksformarna ocks\u00e5! Senast 31\/10 kl 24.00!<\/div>\n<div><\/div>\n<div>Ha en fortsatt bra vecka!<\/div>\n<div>Kram Helena<\/div>\n<div><a href=\"http:\/\/1.bp.blogspot.com\/_rCm4mArCkLE\/SQjPORyFYvI\/AAAAAAAAA7E\/V0g1wNcoXb4\/s1600-h\/fron_01.jpg\"><\/a><\/p>\n<p><\/p>\n<div><\/div>\n<\/div>\n","protected":false},"excerpt":{"rendered":"<p>F\u00f6rra \u00e5ret k\u00f6pte vi en pumpa i aff\u00e4ren och den inneh\u00f6ll massor av k\u00e4rnor. Vi sparade en del och planterade n\u00e5gra fr\u00f6n i v\u00e5ras. S\u00e5 h\u00e4r blev resultatet! Det blev inte n\u00e5gon rekordpumpa precis, men nu st\u00e5r den d\u00e4r utanf\u00f6r v\u00e5r d\u00f6rr lagomt till Halloween. P\u00e5 l\u00f6rdag ska vi bjuda p\u00e5 Halloweenfika exakt som f\u00f6rra \u00e5ret (oj, det kan ju bli en tradition) d\u00e5 bj\u00f6d vi p\u00e5 &#8221;bajst\u00e5rta med snor&#8221; riktigt l\u00e4skigt &#8211; men gott, chokladpudding med vispgr\u00e4dde (gr\u00f6n karamellf\u00e4rg). Succ\u00e9 bland barnen blev det. H\u00e4r syns n\u00e5gra nyplanterade pumpafr\u00f6n fr\u00e5n i v\u00e5ras. Passa p\u00e5 att t\u00e4vla om pepparkaksformarna ocks\u00e5! Senast 31\/10 kl 24.00! Ha en fortsatt bra vecka! Kram Helena<\/p>\n","protected":false},"author":1,"featured_media":0,"comment_status":"open","ping_status":"open","sticky":false,"template":"","format":"standard","meta":{"footnotes":""},"categories":[10,4],"tags":[],"yoast_head":"<!-- This site is optimized with the Yoast SEO plugin v23.5 - https:\/\/yoast.com\/wordpress\/plugins\/seo\/ -->\n<title>Halloween och v\u00e5r lilla pumpa... - Baka med KlaraForm<\/title>\n<meta name=\"robots\" content=\"index, follow, max-snippet:-1, max-image-preview:large, max-video-preview:-1\" \/>\n<link rel=\"canonical\" href=\"https:\/\/klarafardiga.com\/?p=48\" \/>\n<meta property=\"og:locale\" content=\"sv_SE\" \/>\n<meta property=\"og:type\" content=\"article\" \/>\n<meta property=\"og:title\" content=\"Halloween och v\u00e5r lilla pumpa... - Baka med KlaraForm\" \/>\n<meta property=\"og:description\" content=\"F\u00f6rra \u00e5ret k\u00f6pte vi en pumpa i aff\u00e4ren och den inneh\u00f6ll massor av k\u00e4rnor. Vi sparade en del och planterade n\u00e5gra fr\u00f6n i v\u00e5ras. S\u00e5 h\u00e4r blev resultatet! Det blev inte n\u00e5gon rekordpumpa precis, men nu st\u00e5r den d\u00e4r utanf\u00f6r v\u00e5r d\u00f6rr lagomt till Halloween. P\u00e5 l\u00f6rdag ska vi bjuda p\u00e5 Halloweenfika exakt som f\u00f6rra \u00e5ret (oj, det kan ju bli en tradition) d\u00e5 bj\u00f6d vi p\u00e5 &#8221;bajst\u00e5rta med snor&#8221; riktigt l\u00e4skigt &#8211; men gott, chokladpudding med vispgr\u00e4dde (gr\u00f6n karamellf\u00e4rg). Succ\u00e9 bland barnen blev det. H\u00e4r syns n\u00e5gra nyplanterade pumpafr\u00f6n fr\u00e5n i v\u00e5ras. Passa p\u00e5 att t\u00e4vla om pepparkaksformarna ocks\u00e5! Senast 31\/10 kl 24.00! Ha en fortsatt bra vecka! Kram Helena\" \/>\n<meta property=\"og:url\" content=\"https:\/\/klarafardiga.com\/?p=48\" \/>\n<meta property=\"og:site_name\" content=\"Baka med KlaraForm\" \/>\n<meta property=\"article:published_time\" content=\"2008-10-29T21:59:00+00:00\" \/>\n<meta property=\"og:image\" content=\"http:\/\/3.bp.blogspot.com\/_rCm4mArCkLE\/SQjPt2yFUwI\/AAAAAAAAA7k\/5pNsb4Ji87A\/s400\/pumpa.jpg\" \/>\n<meta name=\"author\" content=\"admin\" \/>\n<meta name=\"twitter:card\" content=\"summary_large_image\" \/>\n<meta name=\"twitter:label1\" content=\"Skriven av\" \/>\n\t<meta name=\"twitter:data1\" content=\"admin\" \/>\n\t<meta name=\"twitter:label2\" content=\"Ber\u00e4knad l\u00e4stid\" \/>\n\t<meta name=\"twitter:data2\" content=\"1 minut\" \/>\n<script type=\"application\/ld+json\" class=\"yoast-schema-graph\">{\"@context\":\"https:\/\/schema.org\",\"@graph\":[{\"@type\":\"WebPage\",\"@id\":\"https:\/\/klarafardiga.com\/?p=48\",\"url\":\"https:\/\/klarafardiga.com\/?p=48\",\"name\":\"Halloween och v\u00e5r lilla pumpa... - Baka med KlaraForm\",\"isPartOf\":{\"@id\":\"https:\/\/klarafardiga.com\/#website\"},\"primaryImageOfPage\":{\"@id\":\"https:\/\/klarafardiga.com\/?p=48#primaryimage\"},\"image\":{\"@id\":\"https:\/\/klarafardiga.com\/?p=48#primaryimage\"},\"thumbnailUrl\":\"http:\/\/3.bp.blogspot.com\/_rCm4mArCkLE\/SQjPt2yFUwI\/AAAAAAAAA7k\/5pNsb4Ji87A\/s400\/pumpa.jpg\",\"datePublished\":\"2008-10-29T21:59:00+00:00\",\"dateModified\":\"2008-10-29T21:59:00+00:00\",\"author\":{\"@id\":\"https:\/\/klarafardiga.com\/#\/schema\/person\/0f54ba1da7c4c21dd7411ed3a8e9f8c0\"},\"breadcrumb\":{\"@id\":\"https:\/\/klarafardiga.com\/?p=48#breadcrumb\"},\"inLanguage\":\"sv-SE\",\"potentialAction\":[{\"@type\":\"ReadAction\",\"target\":[\"https:\/\/klarafardiga.com\/?p=48\"]}]},{\"@type\":\"ImageObject\",\"inLanguage\":\"sv-SE\",\"@id\":\"https:\/\/klarafardiga.com\/?p=48#primaryimage\",\"url\":\"http:\/\/3.bp.blogspot.com\/_rCm4mArCkLE\/SQjPt2yFUwI\/AAAAAAAAA7k\/5pNsb4Ji87A\/s400\/pumpa.jpg\",\"contentUrl\":\"http:\/\/3.bp.blogspot.com\/_rCm4mArCkLE\/SQjPt2yFUwI\/AAAAAAAAA7k\/5pNsb4Ji87A\/s400\/pumpa.jpg\"},{\"@type\":\"BreadcrumbList\",\"@id\":\"https:\/\/klarafardiga.com\/?p=48#breadcrumb\",\"itemListElement\":[{\"@type\":\"ListItem\",\"position\":1,\"name\":\"Hem\",\"item\":\"https:\/\/klarafardiga.com\/\"},{\"@type\":\"ListItem\",\"position\":2,\"name\":\"Halloween och v\u00e5r lilla pumpa&#8230;\"}]},{\"@type\":\"WebSite\",\"@id\":\"https:\/\/klarafardiga.com\/#website\",\"url\":\"https:\/\/klarafardiga.com\/\",\"name\":\"Baka med KlaraForm\",\"description\":\"Recept, tips och nyheter i butiken\",\"potentialAction\":[{\"@type\":\"SearchAction\",\"target\":{\"@type\":\"EntryPoint\",\"urlTemplate\":\"https:\/\/klarafardiga.com\/?s={search_term_string}\"},\"query-input\":{\"@type\":\"PropertyValueSpecification\",\"valueRequired\":true,\"valueName\":\"search_term_string\"}}],\"inLanguage\":\"sv-SE\"},{\"@type\":\"Person\",\"@id\":\"https:\/\/klarafardiga.com\/#\/schema\/person\/0f54ba1da7c4c21dd7411ed3a8e9f8c0\",\"name\":\"admin\",\"image\":{\"@type\":\"ImageObject\",\"inLanguage\":\"sv-SE\",\"@id\":\"https:\/\/klarafardiga.com\/#\/schema\/person\/image\/\",\"url\":\"https:\/\/secure.gravatar.com\/avatar\/356da59eaae0a6e58215761d8e8dabed?s=96&d=mm&r=g\",\"contentUrl\":\"https:\/\/secure.gravatar.com\/avatar\/356da59eaae0a6e58215761d8e8dabed?s=96&d=mm&r=g\",\"caption\":\"admin\"},\"sameAs\":[\"http:\/\/www.klaraform.se\"],\"url\":\"https:\/\/klarafardiga.com\/?author=1\"}]}<\/script>\n<!-- \/ Yoast SEO plugin. -->","yoast_head_json":{"title":"Halloween och v\u00e5r lilla pumpa... - Baka med KlaraForm","robots":{"index":"index","follow":"follow","max-snippet":"max-snippet:-1","max-image-preview":"max-image-preview:large","max-video-preview":"max-video-preview:-1"},"canonical":"https:\/\/klarafardiga.com\/?p=48","og_locale":"sv_SE","og_type":"article","og_title":"Halloween och v\u00e5r lilla pumpa... - Baka med KlaraForm","og_description":"F\u00f6rra \u00e5ret k\u00f6pte vi en pumpa i aff\u00e4ren och den inneh\u00f6ll massor av k\u00e4rnor. Vi sparade en del och planterade n\u00e5gra fr\u00f6n i v\u00e5ras. S\u00e5 h\u00e4r blev resultatet! Det blev inte n\u00e5gon rekordpumpa precis, men nu st\u00e5r den d\u00e4r utanf\u00f6r v\u00e5r d\u00f6rr lagomt till Halloween. P\u00e5 l\u00f6rdag ska vi bjuda p\u00e5 Halloweenfika exakt som f\u00f6rra \u00e5ret (oj, det kan ju bli en tradition) d\u00e5 bj\u00f6d vi p\u00e5 &#8221;bajst\u00e5rta med snor&#8221; riktigt l\u00e4skigt &#8211; men gott, chokladpudding med vispgr\u00e4dde (gr\u00f6n karamellf\u00e4rg). Succ\u00e9 bland barnen blev det. H\u00e4r syns n\u00e5gra nyplanterade pumpafr\u00f6n fr\u00e5n i v\u00e5ras. Passa p\u00e5 att t\u00e4vla om pepparkaksformarna ocks\u00e5! Senast 31\/10 kl 24.00! Ha en fortsatt bra vecka! Kram Helena","og_url":"https:\/\/klarafardiga.com\/?p=48","og_site_name":"Baka med KlaraForm","article_published_time":"2008-10-29T21:59:00+00:00","og_image":[{"url":"http:\/\/3.bp.blogspot.com\/_rCm4mArCkLE\/SQjPt2yFUwI\/AAAAAAAAA7k\/5pNsb4Ji87A\/s400\/pumpa.jpg"}],"author":"admin","twitter_card":"summary_large_image","twitter_misc":{"Skriven av":"admin","Ber\u00e4knad l\u00e4stid":"1 minut"},"schema":{"@context":"https:\/\/schema.org","@graph":[{"@type":"WebPage","@id":"https:\/\/klarafardiga.com\/?p=48","url":"https:\/\/klarafardiga.com\/?p=48","name":"Halloween och v\u00e5r lilla pumpa... - Baka med KlaraForm","isPartOf":{"@id":"https:\/\/klarafardiga.com\/#website"},"primaryImageOfPage":{"@id":"https:\/\/klarafardiga.com\/?p=48#primaryimage"},"image":{"@id":"https:\/\/klarafardiga.com\/?p=48#primaryimage"},"thumbnailUrl":"http:\/\/3.bp.blogspot.com\/_rCm4mArCkLE\/SQjPt2yFUwI\/AAAAAAAAA7k\/5pNsb4Ji87A\/s400\/pumpa.jpg","datePublished":"2008-10-29T21:59:00+00:00","dateModified":"2008-10-29T21:59:00+00:00","author":{"@id":"https:\/\/klarafardiga.com\/#\/schema\/person\/0f54ba1da7c4c21dd7411ed3a8e9f8c0"},"breadcrumb":{"@id":"https:\/\/klarafardiga.com\/?p=48#breadcrumb"},"inLanguage":"sv-SE","potentialAction":[{"@type":"ReadAction","target":["https:\/\/klarafardiga.com\/?p=48"]}]},{"@type":"ImageObject","inLanguage":"sv-SE","@id":"https:\/\/klarafardiga.com\/?p=48#primaryimage","url":"http:\/\/3.bp.blogspot.com\/_rCm4mArCkLE\/SQjPt2yFUwI\/AAAAAAAAA7k\/5pNsb4Ji87A\/s400\/pumpa.jpg","contentUrl":"http:\/\/3.bp.blogspot.com\/_rCm4mArCkLE\/SQjPt2yFUwI\/AAAAAAAAA7k\/5pNsb4Ji87A\/s400\/pumpa.jpg"},{"@type":"BreadcrumbList","@id":"https:\/\/klarafardiga.com\/?p=48#breadcrumb","itemListElement":[{"@type":"ListItem","position":1,"name":"Hem","item":"https:\/\/klarafardiga.com\/"},{"@type":"ListItem","position":2,"name":"Halloween och v\u00e5r lilla pumpa&#8230;"}]},{"@type":"WebSite","@id":"https:\/\/klarafardiga.com\/#website","url":"https:\/\/klarafardiga.com\/","name":"Baka med KlaraForm","description":"Recept, tips och nyheter i butiken","potentialAction":[{"@type":"SearchAction","target":{"@type":"EntryPoint","urlTemplate":"https:\/\/klarafardiga.com\/?s={search_term_string}"},"query-input":{"@type":"PropertyValueSpecification","valueRequired":true,"valueName":"search_term_string"}}],"inLanguage":"sv-SE"},{"@type":"Person","@id":"https:\/\/klarafardiga.com\/#\/schema\/person\/0f54ba1da7c4c21dd7411ed3a8e9f8c0","name":"admin","image":{"@type":"ImageObject","inLanguage":"sv-SE","@id":"https:\/\/klarafardiga.com\/#\/schema\/person\/image\/","url":"https:\/\/secure.gravatar.com\/avatar\/356da59eaae0a6e58215761d8e8dabed?s=96&d=mm&r=g","contentUrl":"https:\/\/secure.gravatar.com\/avatar\/356da59eaae0a6e58215761d8e8dabed?s=96&d=mm&r=g","caption":"admin"},"sameAs":["http:\/\/www.klaraform.se"],"url":"https:\/\/klarafardiga.com\/?author=1"}]}},"_links":{"self":[{"href":"https:\/\/klarafardiga.com\/index.php?rest_route=\/wp\/v2\/posts\/48"}],"collection":[{"href":"https:\/\/klarafardiga.com\/index.php?rest_route=\/wp\/v2\/posts"}],"about":[{"href":"https:\/\/klarafardiga.com\/index.php?rest_route=\/wp\/v2\/types\/post"}],"author":[{"embeddable":true,"href":"https:\/\/klarafardiga.com\/index.php?rest_route=\/wp\/v2\/users\/1"}],"replies":[{"embeddable":true,"href":"https:\/\/klarafardiga.com\/index.php?rest_route=%2Fwp%2Fv2%2Fcomments&post=48"}],"version-history":[{"count":0,"href":"https:\/\/klarafardiga.com\/index.php?rest_route=\/wp\/v2\/posts\/48\/revisions"}],"wp:attachment":[{"href":"https:\/\/klarafardiga.com\/index.php?rest_route=%2Fwp%2Fv2%2Fmedia&parent=48"}],"wp:term":[{"taxonomy":"category","embeddable":true,"href":"https:\/\/klarafardiga.com\/index.php?rest_route=%2Fwp%2Fv2%2Fcategories&post=48"},{"taxonomy":"post_tag","embeddable":true,"href":"https:\/\/klarafardiga.com\/index.php?rest_route=%2Fwp%2Fv2%2Ftags&post=48"}],"curies":[{"name":"wp","href":"https:\/\/api.w.org\/{rel}","templated":true}]}}