{"id":475,"date":"2012-03-20T19:48:58","date_gmt":"2012-03-20T18:48:58","guid":{"rendered":"http:\/\/klarafardiga.com\/?p=475"},"modified":"2012-03-20T19:48:58","modified_gmt":"2012-03-20T18:48:58","slug":"vi-firar-sju-ar","status":"publish","type":"post","link":"https:\/\/klarafardiga.com\/?p=475","title":{"rendered":"Vi firar sju \u00e5r&#8230;"},"content":{"rendered":"<p>Oj vad tiden g\u00e5r fort n\u00e4r man har kul \ud83d\ude42 Nu har webbutiken funnits i hela 7 \u00e5r! Jag startade 2005 n\u00e4r min dotter var 11 m\u00e5nader och precis b\u00f6rjat g\u00e5. Butiken fick d\u00e5 arbetsnamnet &#8221;Klara f\u00e4rdiga g\u00e5&#8221; och s\u00e5 fick en heta ett l\u00e5\u00e5\u00e5\u00e5ngt tag tills jag \u00e4ntligen bytte till det mer passande KlaraForm. Till en b\u00f6rjan s\u00e5lde jag unika barnsaker, leksaker och kl\u00e4der, vi var f\u00f6rst med m\u00e5nga nya m\u00e4rken i Sverige. Mitt m\u00e5l var att hitta s\u00e5dant som var nytt, annorlunda saker eller kl\u00e4der som man inte kunde hitta i vanliga butiker h\u00e4r hemma i Sverige. Vi provade i liten skala att s\u00e4lja pepparkaksformar, ocks\u00e5 dom var annorlunda mot de traditionella h\u00e4r hemma. Det blev succ\u00e9! 1999 bakade jag min f\u00f6rsta &#8221;Amerikanska muffins&#8221; hade redan d\u00e5 stora problem att hitta n\u00e5gon bra bakform. Den b\u00e4sta hittade jag p\u00e5 Clas Ohlson minns jag. Det dr\u00f6jde n\u00e5gra \u00e5r till&#8230; i slutet av 2007\u00a0s\u00e5lde\u00a0jag de f\u00f6rsta muffins\/cupcakeformarna med f\u00e4rgerna rosa, svart, gul, limegr\u00f6n, de f\u00f6rsvann i ett nafs.<\/p>\n<p>Tack alla fantastiska kunder, bloggare och gillare p\u00e5 Facebook. Tack f\u00f6r att jag f\u00e5r f\u00f6rgylla er vardag med f\u00e4rggranna formar, sugr\u00f6r och andra underbara baktillbeh\u00f6r. Hoppas p\u00e5 ett fortsatt sp\u00e4nnande 2012 \ud83d\ude42<\/p>\n<p>Kram Helena<\/p>\n<p><a href=\"https:\/\/klarafardiga.com\/wp-content\/uploads\/2012\/03\/tema_rosa.jpg\"><img fetchpriority=\"high\" decoding=\"async\" class=\"alignleft size-full wp-image-477\" title=\"Rosa formar\" src=\"https:\/\/klarafardiga.com\/wp-content\/uploads\/2012\/03\/tema_rosa.jpg\" alt=\"\" width=\"665\" height=\"583\" srcset=\"https:\/\/klarafardiga.com\/wp-content\/uploads\/2012\/03\/tema_rosa.jpg 665w, https:\/\/klarafardiga.com\/wp-content\/uploads\/2012\/03\/tema_rosa-300x263.jpg 300w, https:\/\/klarafardiga.com\/wp-content\/uploads\/2012\/03\/tema_rosa-342x300.jpg 342w\" sizes=\"(max-width: 665px) 100vw, 665px\" \/><\/a><\/p>\n","protected":false},"excerpt":{"rendered":"<p>Oj vad tiden g\u00e5r fort n\u00e4r man har kul \ud83d\ude42 Nu har webbutiken funnits i hela 7 \u00e5r! Jag startade 2005 n\u00e4r min dotter var 11 m\u00e5nader och precis b\u00f6rjat g\u00e5. Butiken fick d\u00e5 arbetsnamnet &#8221;Klara f\u00e4rdiga g\u00e5&#8221; och s\u00e5 fick en heta ett l\u00e5\u00e5\u00e5\u00e5ngt tag tills jag \u00e4ntligen bytte till det mer passande KlaraForm. Till en b\u00f6rjan s\u00e5lde jag unika barnsaker, leksaker och kl\u00e4der, vi var f\u00f6rst med m\u00e5nga nya m\u00e4rken i Sverige. Mitt m\u00e5l var att hitta s\u00e5dant som var nytt, annorlunda saker eller kl\u00e4der som man inte kunde hitta i vanliga butiker h\u00e4r hemma i Sverige. Vi provade i liten skala att s\u00e4lja pepparkaksformar, ocks\u00e5 dom var annorlunda mot de traditionella h\u00e4r hemma. Det blev succ\u00e9! 1999 bakade jag min f\u00f6rsta &#8221;Amerikanska muffins&#8221; hade redan d\u00e5 stora problem att hitta n\u00e5gon bra bakform. Den b\u00e4sta hittade jag p\u00e5 Clas Ohlson minns jag. Det dr\u00f6jde n\u00e5gra \u00e5r till&#8230; i slutet av 2007\u00a0s\u00e5lde\u00a0jag de f\u00f6rsta muffins\/cupcakeformarna med f\u00e4rgerna rosa, svart, gul, limegr\u00f6n, de f\u00f6rsvann i ett nafs. Tack alla fantastiska kunder, bloggare och gillare p\u00e5 Facebook. Tack f\u00f6r att jag f\u00e5r f\u00f6rgylla er vardag med f\u00e4rggranna formar, sugr\u00f6r och andra underbara baktillbeh\u00f6r. Hoppas p\u00e5 ett fortsatt sp\u00e4nnande 2012 \ud83d\ude42 Kram Helena<\/p>\n","protected":false},"author":1,"featured_media":0,"comment_status":"open","ping_status":"open","sticky":false,"template":"","format":"standard","meta":{"footnotes":""},"categories":[1],"tags":[],"yoast_head":"<!-- This site is optimized with the Yoast SEO plugin v23.5 - https:\/\/yoast.com\/wordpress\/plugins\/seo\/ -->\n<title>Vi firar sju \u00e5r... - Baka med KlaraForm<\/title>\n<meta name=\"robots\" content=\"index, follow, max-snippet:-1, max-image-preview:large, max-video-preview:-1\" \/>\n<link rel=\"canonical\" href=\"https:\/\/klarafardiga.com\/?p=475\" \/>\n<meta property=\"og:locale\" content=\"sv_SE\" \/>\n<meta property=\"og:type\" content=\"article\" \/>\n<meta property=\"og:title\" content=\"Vi firar sju \u00e5r... - Baka med KlaraForm\" \/>\n<meta property=\"og:description\" content=\"Oj vad tiden g\u00e5r fort n\u00e4r man har kul \ud83d\ude42 Nu har webbutiken funnits i hela 7 \u00e5r! Jag startade 2005 n\u00e4r min dotter var 11 m\u00e5nader och precis b\u00f6rjat g\u00e5. Butiken fick d\u00e5 arbetsnamnet &#8221;Klara f\u00e4rdiga g\u00e5&#8221; och s\u00e5 fick en heta ett l\u00e5\u00e5\u00e5\u00e5ngt tag tills jag \u00e4ntligen bytte till det mer passande KlaraForm. Till en b\u00f6rjan s\u00e5lde jag unika barnsaker, leksaker och kl\u00e4der, vi var f\u00f6rst med m\u00e5nga nya m\u00e4rken i Sverige. Mitt m\u00e5l var att hitta s\u00e5dant som var nytt, annorlunda saker eller kl\u00e4der som man inte kunde hitta i vanliga butiker h\u00e4r hemma i Sverige. Vi provade i liten skala att s\u00e4lja pepparkaksformar, ocks\u00e5 dom var annorlunda mot de traditionella h\u00e4r hemma. Det blev succ\u00e9! 1999 bakade jag min f\u00f6rsta &#8221;Amerikanska muffins&#8221; hade redan d\u00e5 stora problem att hitta n\u00e5gon bra bakform. Den b\u00e4sta hittade jag p\u00e5 Clas Ohlson minns jag. Det dr\u00f6jde n\u00e5gra \u00e5r till&#8230; i slutet av 2007\u00a0s\u00e5lde\u00a0jag de f\u00f6rsta muffins\/cupcakeformarna med f\u00e4rgerna rosa, svart, gul, limegr\u00f6n, de f\u00f6rsvann i ett nafs. Tack alla fantastiska kunder, bloggare och gillare p\u00e5 Facebook. Tack f\u00f6r att jag f\u00e5r f\u00f6rgylla er vardag med f\u00e4rggranna formar, sugr\u00f6r och andra underbara baktillbeh\u00f6r. Hoppas p\u00e5 ett fortsatt sp\u00e4nnande 2012 \ud83d\ude42 Kram Helena\" \/>\n<meta property=\"og:url\" content=\"https:\/\/klarafardiga.com\/?p=475\" \/>\n<meta property=\"og:site_name\" content=\"Baka med KlaraForm\" \/>\n<meta property=\"article:published_time\" content=\"2012-03-20T18:48:58+00:00\" \/>\n<meta property=\"og:image\" content=\"http:\/\/klarafardiga.com\/wp-content\/uploads\/2012\/03\/tema_rosa.jpg\" \/>\n<meta name=\"author\" content=\"admin\" \/>\n<meta name=\"twitter:card\" content=\"summary_large_image\" \/>\n<meta name=\"twitter:label1\" content=\"Skriven av\" \/>\n\t<meta name=\"twitter:data1\" content=\"admin\" \/>\n\t<meta name=\"twitter:label2\" content=\"Ber\u00e4knad l\u00e4stid\" \/>\n\t<meta name=\"twitter:data2\" content=\"1 minut\" \/>\n<script type=\"application\/ld+json\" class=\"yoast-schema-graph\">{\"@context\":\"https:\/\/schema.org\",\"@graph\":[{\"@type\":\"WebPage\",\"@id\":\"https:\/\/klarafardiga.com\/?p=475\",\"url\":\"https:\/\/klarafardiga.com\/?p=475\",\"name\":\"Vi firar sju \u00e5r... - Baka med KlaraForm\",\"isPartOf\":{\"@id\":\"https:\/\/klarafardiga.com\/#website\"},\"primaryImageOfPage\":{\"@id\":\"https:\/\/klarafardiga.com\/?p=475#primaryimage\"},\"image\":{\"@id\":\"https:\/\/klarafardiga.com\/?p=475#primaryimage\"},\"thumbnailUrl\":\"http:\/\/klarafardiga.com\/wp-content\/uploads\/2012\/03\/tema_rosa.jpg\",\"datePublished\":\"2012-03-20T18:48:58+00:00\",\"dateModified\":\"2012-03-20T18:48:58+00:00\",\"author\":{\"@id\":\"https:\/\/klarafardiga.com\/#\/schema\/person\/0f54ba1da7c4c21dd7411ed3a8e9f8c0\"},\"breadcrumb\":{\"@id\":\"https:\/\/klarafardiga.com\/?p=475#breadcrumb\"},\"inLanguage\":\"sv-SE\",\"potentialAction\":[{\"@type\":\"ReadAction\",\"target\":[\"https:\/\/klarafardiga.com\/?p=475\"]}]},{\"@type\":\"ImageObject\",\"inLanguage\":\"sv-SE\",\"@id\":\"https:\/\/klarafardiga.com\/?p=475#primaryimage\",\"url\":\"https:\/\/klarafardiga.com\/wp-content\/uploads\/2012\/03\/tema_rosa.jpg\",\"contentUrl\":\"https:\/\/klarafardiga.com\/wp-content\/uploads\/2012\/03\/tema_rosa.jpg\",\"width\":\"665\",\"height\":\"583\"},{\"@type\":\"BreadcrumbList\",\"@id\":\"https:\/\/klarafardiga.com\/?p=475#breadcrumb\",\"itemListElement\":[{\"@type\":\"ListItem\",\"position\":1,\"name\":\"Hem\",\"item\":\"https:\/\/klarafardiga.com\/\"},{\"@type\":\"ListItem\",\"position\":2,\"name\":\"Vi firar sju \u00e5r&#8230;\"}]},{\"@type\":\"WebSite\",\"@id\":\"https:\/\/klarafardiga.com\/#website\",\"url\":\"https:\/\/klarafardiga.com\/\",\"name\":\"Baka med KlaraForm\",\"description\":\"Recept, tips och nyheter i butiken\",\"potentialAction\":[{\"@type\":\"SearchAction\",\"target\":{\"@type\":\"EntryPoint\",\"urlTemplate\":\"https:\/\/klarafardiga.com\/?s={search_term_string}\"},\"query-input\":{\"@type\":\"PropertyValueSpecification\",\"valueRequired\":true,\"valueName\":\"search_term_string\"}}],\"inLanguage\":\"sv-SE\"},{\"@type\":\"Person\",\"@id\":\"https:\/\/klarafardiga.com\/#\/schema\/person\/0f54ba1da7c4c21dd7411ed3a8e9f8c0\",\"name\":\"admin\",\"image\":{\"@type\":\"ImageObject\",\"inLanguage\":\"sv-SE\",\"@id\":\"https:\/\/klarafardiga.com\/#\/schema\/person\/image\/\",\"url\":\"https:\/\/secure.gravatar.com\/avatar\/356da59eaae0a6e58215761d8e8dabed?s=96&d=mm&r=g\",\"contentUrl\":\"https:\/\/secure.gravatar.com\/avatar\/356da59eaae0a6e58215761d8e8dabed?s=96&d=mm&r=g\",\"caption\":\"admin\"},\"sameAs\":[\"http:\/\/www.klaraform.se\"],\"url\":\"https:\/\/klarafardiga.com\/?author=1\"}]}<\/script>\n<!-- \/ Yoast SEO plugin. -->","yoast_head_json":{"title":"Vi firar sju \u00e5r... - Baka med KlaraForm","robots":{"index":"index","follow":"follow","max-snippet":"max-snippet:-1","max-image-preview":"max-image-preview:large","max-video-preview":"max-video-preview:-1"},"canonical":"https:\/\/klarafardiga.com\/?p=475","og_locale":"sv_SE","og_type":"article","og_title":"Vi firar sju \u00e5r... - Baka med KlaraForm","og_description":"Oj vad tiden g\u00e5r fort n\u00e4r man har kul \ud83d\ude42 Nu har webbutiken funnits i hela 7 \u00e5r! Jag startade 2005 n\u00e4r min dotter var 11 m\u00e5nader och precis b\u00f6rjat g\u00e5. Butiken fick d\u00e5 arbetsnamnet &#8221;Klara f\u00e4rdiga g\u00e5&#8221; och s\u00e5 fick en heta ett l\u00e5\u00e5\u00e5\u00e5ngt tag tills jag \u00e4ntligen bytte till det mer passande KlaraForm. Till en b\u00f6rjan s\u00e5lde jag unika barnsaker, leksaker och kl\u00e4der, vi var f\u00f6rst med m\u00e5nga nya m\u00e4rken i Sverige. Mitt m\u00e5l var att hitta s\u00e5dant som var nytt, annorlunda saker eller kl\u00e4der som man inte kunde hitta i vanliga butiker h\u00e4r hemma i Sverige. Vi provade i liten skala att s\u00e4lja pepparkaksformar, ocks\u00e5 dom var annorlunda mot de traditionella h\u00e4r hemma. Det blev succ\u00e9! 1999 bakade jag min f\u00f6rsta &#8221;Amerikanska muffins&#8221; hade redan d\u00e5 stora problem att hitta n\u00e5gon bra bakform. Den b\u00e4sta hittade jag p\u00e5 Clas Ohlson minns jag. Det dr\u00f6jde n\u00e5gra \u00e5r till&#8230; i slutet av 2007\u00a0s\u00e5lde\u00a0jag de f\u00f6rsta muffins\/cupcakeformarna med f\u00e4rgerna rosa, svart, gul, limegr\u00f6n, de f\u00f6rsvann i ett nafs. Tack alla fantastiska kunder, bloggare och gillare p\u00e5 Facebook. Tack f\u00f6r att jag f\u00e5r f\u00f6rgylla er vardag med f\u00e4rggranna formar, sugr\u00f6r och andra underbara baktillbeh\u00f6r. Hoppas p\u00e5 ett fortsatt sp\u00e4nnande 2012 \ud83d\ude42 Kram Helena","og_url":"https:\/\/klarafardiga.com\/?p=475","og_site_name":"Baka med KlaraForm","article_published_time":"2012-03-20T18:48:58+00:00","og_image":[{"url":"http:\/\/klarafardiga.com\/wp-content\/uploads\/2012\/03\/tema_rosa.jpg"}],"author":"admin","twitter_card":"summary_large_image","twitter_misc":{"Skriven av":"admin","Ber\u00e4knad l\u00e4stid":"1 minut"},"schema":{"@context":"https:\/\/schema.org","@graph":[{"@type":"WebPage","@id":"https:\/\/klarafardiga.com\/?p=475","url":"https:\/\/klarafardiga.com\/?p=475","name":"Vi firar sju \u00e5r... - Baka med KlaraForm","isPartOf":{"@id":"https:\/\/klarafardiga.com\/#website"},"primaryImageOfPage":{"@id":"https:\/\/klarafardiga.com\/?p=475#primaryimage"},"image":{"@id":"https:\/\/klarafardiga.com\/?p=475#primaryimage"},"thumbnailUrl":"http:\/\/klarafardiga.com\/wp-content\/uploads\/2012\/03\/tema_rosa.jpg","datePublished":"2012-03-20T18:48:58+00:00","dateModified":"2012-03-20T18:48:58+00:00","author":{"@id":"https:\/\/klarafardiga.com\/#\/schema\/person\/0f54ba1da7c4c21dd7411ed3a8e9f8c0"},"breadcrumb":{"@id":"https:\/\/klarafardiga.com\/?p=475#breadcrumb"},"inLanguage":"sv-SE","potentialAction":[{"@type":"ReadAction","target":["https:\/\/klarafardiga.com\/?p=475"]}]},{"@type":"ImageObject","inLanguage":"sv-SE","@id":"https:\/\/klarafardiga.com\/?p=475#primaryimage","url":"https:\/\/klarafardiga.com\/wp-content\/uploads\/2012\/03\/tema_rosa.jpg","contentUrl":"https:\/\/klarafardiga.com\/wp-content\/uploads\/2012\/03\/tema_rosa.jpg","width":"665","height":"583"},{"@type":"BreadcrumbList","@id":"https:\/\/klarafardiga.com\/?p=475#breadcrumb","itemListElement":[{"@type":"ListItem","position":1,"name":"Hem","item":"https:\/\/klarafardiga.com\/"},{"@type":"ListItem","position":2,"name":"Vi firar sju \u00e5r&#8230;"}]},{"@type":"WebSite","@id":"https:\/\/klarafardiga.com\/#website","url":"https:\/\/klarafardiga.com\/","name":"Baka med KlaraForm","description":"Recept, tips och nyheter i butiken","potentialAction":[{"@type":"SearchAction","target":{"@type":"EntryPoint","urlTemplate":"https:\/\/klarafardiga.com\/?s={search_term_string}"},"query-input":{"@type":"PropertyValueSpecification","valueRequired":true,"valueName":"search_term_string"}}],"inLanguage":"sv-SE"},{"@type":"Person","@id":"https:\/\/klarafardiga.com\/#\/schema\/person\/0f54ba1da7c4c21dd7411ed3a8e9f8c0","name":"admin","image":{"@type":"ImageObject","inLanguage":"sv-SE","@id":"https:\/\/klarafardiga.com\/#\/schema\/person\/image\/","url":"https:\/\/secure.gravatar.com\/avatar\/356da59eaae0a6e58215761d8e8dabed?s=96&d=mm&r=g","contentUrl":"https:\/\/secure.gravatar.com\/avatar\/356da59eaae0a6e58215761d8e8dabed?s=96&d=mm&r=g","caption":"admin"},"sameAs":["http:\/\/www.klaraform.se"],"url":"https:\/\/klarafardiga.com\/?author=1"}]}},"_links":{"self":[{"href":"https:\/\/klarafardiga.com\/index.php?rest_route=\/wp\/v2\/posts\/475"}],"collection":[{"href":"https:\/\/klarafardiga.com\/index.php?rest_route=\/wp\/v2\/posts"}],"about":[{"href":"https:\/\/klarafardiga.com\/index.php?rest_route=\/wp\/v2\/types\/post"}],"author":[{"embeddable":true,"href":"https:\/\/klarafardiga.com\/index.php?rest_route=\/wp\/v2\/users\/1"}],"replies":[{"embeddable":true,"href":"https:\/\/klarafardiga.com\/index.php?rest_route=%2Fwp%2Fv2%2Fcomments&post=475"}],"version-history":[{"count":3,"href":"https:\/\/klarafardiga.com\/index.php?rest_route=\/wp\/v2\/posts\/475\/revisions"}],"predecessor-version":[{"id":479,"href":"https:\/\/klarafardiga.com\/index.php?rest_route=\/wp\/v2\/posts\/475\/revisions\/479"}],"wp:attachment":[{"href":"https:\/\/klarafardiga.com\/index.php?rest_route=%2Fwp%2Fv2%2Fmedia&parent=475"}],"wp:term":[{"taxonomy":"category","embeddable":true,"href":"https:\/\/klarafardiga.com\/index.php?rest_route=%2Fwp%2Fv2%2Fcategories&post=475"},{"taxonomy":"post_tag","embeddable":true,"href":"https:\/\/klarafardiga.com\/index.php?rest_route=%2Fwp%2Fv2%2Ftags&post=475"}],"curies":[{"name":"wp","href":"https:\/\/api.w.org\/{rel}","templated":true}]}}