{"id":47,"date":"2008-10-26T11:55:00","date_gmt":"2008-10-26T10:55:00","guid":{"rendered":"http:\/\/klarafardiga.com\/?p=47"},"modified":"2008-10-26T11:55:00","modified_gmt":"2008-10-26T10:55:00","slug":"vintertid-och-schablonmalning","status":"publish","type":"post","link":"https:\/\/klarafardiga.com\/?p=47","title":{"rendered":"Vintertid och schablonm\u00e5lning&#8230;"},"content":{"rendered":"<p>I morse vaknade barnen f\u00f6rst som vanligt, de tittar p\u00e5 TV och jag somnar om. Kollar p\u00e5 klockan, d\u00e5 \u00e4r den 9.30 hj\u00e4lp, halva s\u00f6ndagsf\u00f6rmiddagen \u00e4r borta t\u00e4nkte jag. Stiger upp g\u00f6r frukost s\u00e4tter ig\u00e5ng datorn och d\u00e5 ser jag den lilla klockan l\u00e4ngst ner i h\u00f6gra h\u00f6rnet. Va! det st\u00e4mmer inte&#8230; d\u00e5 kommer jag p\u00e5 att det m\u00e5ste vara idag vi \u00e5terg\u00e5r till vintertid. Typiskt mig att ha noll koll. Jag vet att det alltid st\u00e5r en liten p\u00e5minnelse i morgontidningen men vi har ingen tidning just nu s\u00e5 jag f\u00e5r v\u00e4l skylla p\u00e5 det&#8230;<\/p>\n<p>Vad roligt det \u00e4r med schabloner! H\u00e4r har IKEA l\u00e5dor till barnens rum f\u00e5tt lite text p\u00e5 sig \ud83d\ude42<\/p>\n<p><a href=\"http:\/\/3.bp.blogspot.com\/_rCm4mArCkLE\/SQRNAaSvMLI\/AAAAAAAAA68\/v_VIkXQAx0c\/s1600-h\/ladapiratprincess.jpg\"><img decoding=\"async\" id=\"BLOGGER_PHOTO_ID_5261414934128832690\" style=\"DISPLAY: block; MARGIN: 0px auto 10px; WIDTH: 400px; CURSOR: hand; HEIGHT: 306px; TEXT-ALIGN: center\" alt=\"\" src=\"http:\/\/3.bp.blogspot.com\/_rCm4mArCkLE\/SQRNAaSvMLI\/AAAAAAAAA68\/v_VIkXQAx0c\/s400\/ladapiratprincess.jpg\" border=\"0\" \/><\/a> Ha en sk\u00f6n s\u00f6ndag!<br \/>Kram Helena<\/p>\n<div><\/div>\n","protected":false},"excerpt":{"rendered":"<p>I morse vaknade barnen f\u00f6rst som vanligt, de tittar p\u00e5 TV och jag somnar om. Kollar p\u00e5 klockan, d\u00e5 \u00e4r den 9.30 hj\u00e4lp, halva s\u00f6ndagsf\u00f6rmiddagen \u00e4r borta t\u00e4nkte jag. Stiger upp g\u00f6r frukost s\u00e4tter ig\u00e5ng datorn och d\u00e5 ser jag den lilla klockan l\u00e4ngst ner i h\u00f6gra h\u00f6rnet. Va! det st\u00e4mmer inte&#8230; d\u00e5 kommer jag p\u00e5 att det m\u00e5ste vara idag vi \u00e5terg\u00e5r till vintertid. Typiskt mig att ha noll koll. Jag vet att det alltid st\u00e5r en liten p\u00e5minnelse i morgontidningen men vi har ingen tidning just nu s\u00e5 jag f\u00e5r v\u00e4l skylla p\u00e5 det&#8230; Vad roligt det \u00e4r med schabloner! H\u00e4r har IKEA l\u00e5dor till barnens rum f\u00e5tt lite text p\u00e5 sig \ud83d\ude42 Ha en sk\u00f6n s\u00f6ndag!Kram Helena<\/p>\n","protected":false},"author":1,"featured_media":0,"comment_status":"open","ping_status":"open","sticky":false,"template":"","format":"standard","meta":{"footnotes":""},"categories":[4,12],"tags":[],"yoast_head":"<!-- This site is optimized with the Yoast SEO plugin v23.5 - https:\/\/yoast.com\/wordpress\/plugins\/seo\/ -->\n<title>Vintertid och schablonm\u00e5lning... - Baka med KlaraForm<\/title>\n<meta name=\"robots\" content=\"index, follow, max-snippet:-1, max-image-preview:large, max-video-preview:-1\" \/>\n<link rel=\"canonical\" href=\"https:\/\/klarafardiga.com\/?p=47\" \/>\n<meta property=\"og:locale\" content=\"sv_SE\" \/>\n<meta property=\"og:type\" content=\"article\" \/>\n<meta property=\"og:title\" content=\"Vintertid och schablonm\u00e5lning... - Baka med KlaraForm\" \/>\n<meta property=\"og:description\" content=\"I morse vaknade barnen f\u00f6rst som vanligt, de tittar p\u00e5 TV och jag somnar om. Kollar p\u00e5 klockan, d\u00e5 \u00e4r den 9.30 hj\u00e4lp, halva s\u00f6ndagsf\u00f6rmiddagen \u00e4r borta t\u00e4nkte jag. Stiger upp g\u00f6r frukost s\u00e4tter ig\u00e5ng datorn och d\u00e5 ser jag den lilla klockan l\u00e4ngst ner i h\u00f6gra h\u00f6rnet. Va! det st\u00e4mmer inte&#8230; d\u00e5 kommer jag p\u00e5 att det m\u00e5ste vara idag vi \u00e5terg\u00e5r till vintertid. Typiskt mig att ha noll koll. Jag vet att det alltid st\u00e5r en liten p\u00e5minnelse i morgontidningen men vi har ingen tidning just nu s\u00e5 jag f\u00e5r v\u00e4l skylla p\u00e5 det&#8230; Vad roligt det \u00e4r med schabloner! H\u00e4r har IKEA l\u00e5dor till barnens rum f\u00e5tt lite text p\u00e5 sig \ud83d\ude42 Ha en sk\u00f6n s\u00f6ndag!Kram Helena\" \/>\n<meta property=\"og:url\" content=\"https:\/\/klarafardiga.com\/?p=47\" \/>\n<meta property=\"og:site_name\" content=\"Baka med KlaraForm\" \/>\n<meta property=\"article:published_time\" content=\"2008-10-26T10:55:00+00:00\" \/>\n<meta property=\"og:image\" content=\"http:\/\/3.bp.blogspot.com\/_rCm4mArCkLE\/SQRNAaSvMLI\/AAAAAAAAA68\/v_VIkXQAx0c\/s400\/ladapiratprincess.jpg\" \/>\n<meta name=\"author\" content=\"admin\" \/>\n<meta name=\"twitter:card\" content=\"summary_large_image\" \/>\n<meta name=\"twitter:label1\" content=\"Skriven av\" \/>\n\t<meta name=\"twitter:data1\" content=\"admin\" \/>\n\t<meta name=\"twitter:label2\" content=\"Ber\u00e4knad l\u00e4stid\" \/>\n\t<meta name=\"twitter:data2\" content=\"1 minut\" \/>\n<script type=\"application\/ld+json\" class=\"yoast-schema-graph\">{\"@context\":\"https:\/\/schema.org\",\"@graph\":[{\"@type\":\"WebPage\",\"@id\":\"https:\/\/klarafardiga.com\/?p=47\",\"url\":\"https:\/\/klarafardiga.com\/?p=47\",\"name\":\"Vintertid och schablonm\u00e5lning... - Baka med KlaraForm\",\"isPartOf\":{\"@id\":\"https:\/\/klarafardiga.com\/#website\"},\"primaryImageOfPage\":{\"@id\":\"https:\/\/klarafardiga.com\/?p=47#primaryimage\"},\"image\":{\"@id\":\"https:\/\/klarafardiga.com\/?p=47#primaryimage\"},\"thumbnailUrl\":\"http:\/\/3.bp.blogspot.com\/_rCm4mArCkLE\/SQRNAaSvMLI\/AAAAAAAAA68\/v_VIkXQAx0c\/s400\/ladapiratprincess.jpg\",\"datePublished\":\"2008-10-26T10:55:00+00:00\",\"dateModified\":\"2008-10-26T10:55:00+00:00\",\"author\":{\"@id\":\"https:\/\/klarafardiga.com\/#\/schema\/person\/0f54ba1da7c4c21dd7411ed3a8e9f8c0\"},\"breadcrumb\":{\"@id\":\"https:\/\/klarafardiga.com\/?p=47#breadcrumb\"},\"inLanguage\":\"sv-SE\",\"potentialAction\":[{\"@type\":\"ReadAction\",\"target\":[\"https:\/\/klarafardiga.com\/?p=47\"]}]},{\"@type\":\"ImageObject\",\"inLanguage\":\"sv-SE\",\"@id\":\"https:\/\/klarafardiga.com\/?p=47#primaryimage\",\"url\":\"http:\/\/3.bp.blogspot.com\/_rCm4mArCkLE\/SQRNAaSvMLI\/AAAAAAAAA68\/v_VIkXQAx0c\/s400\/ladapiratprincess.jpg\",\"contentUrl\":\"http:\/\/3.bp.blogspot.com\/_rCm4mArCkLE\/SQRNAaSvMLI\/AAAAAAAAA68\/v_VIkXQAx0c\/s400\/ladapiratprincess.jpg\"},{\"@type\":\"BreadcrumbList\",\"@id\":\"https:\/\/klarafardiga.com\/?p=47#breadcrumb\",\"itemListElement\":[{\"@type\":\"ListItem\",\"position\":1,\"name\":\"Hem\",\"item\":\"https:\/\/klarafardiga.com\/\"},{\"@type\":\"ListItem\",\"position\":2,\"name\":\"Vintertid och schablonm\u00e5lning&#8230;\"}]},{\"@type\":\"WebSite\",\"@id\":\"https:\/\/klarafardiga.com\/#website\",\"url\":\"https:\/\/klarafardiga.com\/\",\"name\":\"Baka med KlaraForm\",\"description\":\"Recept, tips och nyheter i butiken\",\"potentialAction\":[{\"@type\":\"SearchAction\",\"target\":{\"@type\":\"EntryPoint\",\"urlTemplate\":\"https:\/\/klarafardiga.com\/?s={search_term_string}\"},\"query-input\":{\"@type\":\"PropertyValueSpecification\",\"valueRequired\":true,\"valueName\":\"search_term_string\"}}],\"inLanguage\":\"sv-SE\"},{\"@type\":\"Person\",\"@id\":\"https:\/\/klarafardiga.com\/#\/schema\/person\/0f54ba1da7c4c21dd7411ed3a8e9f8c0\",\"name\":\"admin\",\"image\":{\"@type\":\"ImageObject\",\"inLanguage\":\"sv-SE\",\"@id\":\"https:\/\/klarafardiga.com\/#\/schema\/person\/image\/\",\"url\":\"https:\/\/secure.gravatar.com\/avatar\/356da59eaae0a6e58215761d8e8dabed?s=96&d=mm&r=g\",\"contentUrl\":\"https:\/\/secure.gravatar.com\/avatar\/356da59eaae0a6e58215761d8e8dabed?s=96&d=mm&r=g\",\"caption\":\"admin\"},\"sameAs\":[\"http:\/\/www.klaraform.se\"],\"url\":\"https:\/\/klarafardiga.com\/?author=1\"}]}<\/script>\n<!-- \/ Yoast SEO plugin. -->","yoast_head_json":{"title":"Vintertid och schablonm\u00e5lning... - Baka med KlaraForm","robots":{"index":"index","follow":"follow","max-snippet":"max-snippet:-1","max-image-preview":"max-image-preview:large","max-video-preview":"max-video-preview:-1"},"canonical":"https:\/\/klarafardiga.com\/?p=47","og_locale":"sv_SE","og_type":"article","og_title":"Vintertid och schablonm\u00e5lning... - Baka med KlaraForm","og_description":"I morse vaknade barnen f\u00f6rst som vanligt, de tittar p\u00e5 TV och jag somnar om. Kollar p\u00e5 klockan, d\u00e5 \u00e4r den 9.30 hj\u00e4lp, halva s\u00f6ndagsf\u00f6rmiddagen \u00e4r borta t\u00e4nkte jag. Stiger upp g\u00f6r frukost s\u00e4tter ig\u00e5ng datorn och d\u00e5 ser jag den lilla klockan l\u00e4ngst ner i h\u00f6gra h\u00f6rnet. Va! det st\u00e4mmer inte&#8230; d\u00e5 kommer jag p\u00e5 att det m\u00e5ste vara idag vi \u00e5terg\u00e5r till vintertid. Typiskt mig att ha noll koll. Jag vet att det alltid st\u00e5r en liten p\u00e5minnelse i morgontidningen men vi har ingen tidning just nu s\u00e5 jag f\u00e5r v\u00e4l skylla p\u00e5 det&#8230; Vad roligt det \u00e4r med schabloner! H\u00e4r har IKEA l\u00e5dor till barnens rum f\u00e5tt lite text p\u00e5 sig \ud83d\ude42 Ha en sk\u00f6n s\u00f6ndag!Kram Helena","og_url":"https:\/\/klarafardiga.com\/?p=47","og_site_name":"Baka med KlaraForm","article_published_time":"2008-10-26T10:55:00+00:00","og_image":[{"url":"http:\/\/3.bp.blogspot.com\/_rCm4mArCkLE\/SQRNAaSvMLI\/AAAAAAAAA68\/v_VIkXQAx0c\/s400\/ladapiratprincess.jpg"}],"author":"admin","twitter_card":"summary_large_image","twitter_misc":{"Skriven av":"admin","Ber\u00e4knad l\u00e4stid":"1 minut"},"schema":{"@context":"https:\/\/schema.org","@graph":[{"@type":"WebPage","@id":"https:\/\/klarafardiga.com\/?p=47","url":"https:\/\/klarafardiga.com\/?p=47","name":"Vintertid och schablonm\u00e5lning... - Baka med KlaraForm","isPartOf":{"@id":"https:\/\/klarafardiga.com\/#website"},"primaryImageOfPage":{"@id":"https:\/\/klarafardiga.com\/?p=47#primaryimage"},"image":{"@id":"https:\/\/klarafardiga.com\/?p=47#primaryimage"},"thumbnailUrl":"http:\/\/3.bp.blogspot.com\/_rCm4mArCkLE\/SQRNAaSvMLI\/AAAAAAAAA68\/v_VIkXQAx0c\/s400\/ladapiratprincess.jpg","datePublished":"2008-10-26T10:55:00+00:00","dateModified":"2008-10-26T10:55:00+00:00","author":{"@id":"https:\/\/klarafardiga.com\/#\/schema\/person\/0f54ba1da7c4c21dd7411ed3a8e9f8c0"},"breadcrumb":{"@id":"https:\/\/klarafardiga.com\/?p=47#breadcrumb"},"inLanguage":"sv-SE","potentialAction":[{"@type":"ReadAction","target":["https:\/\/klarafardiga.com\/?p=47"]}]},{"@type":"ImageObject","inLanguage":"sv-SE","@id":"https:\/\/klarafardiga.com\/?p=47#primaryimage","url":"http:\/\/3.bp.blogspot.com\/_rCm4mArCkLE\/SQRNAaSvMLI\/AAAAAAAAA68\/v_VIkXQAx0c\/s400\/ladapiratprincess.jpg","contentUrl":"http:\/\/3.bp.blogspot.com\/_rCm4mArCkLE\/SQRNAaSvMLI\/AAAAAAAAA68\/v_VIkXQAx0c\/s400\/ladapiratprincess.jpg"},{"@type":"BreadcrumbList","@id":"https:\/\/klarafardiga.com\/?p=47#breadcrumb","itemListElement":[{"@type":"ListItem","position":1,"name":"Hem","item":"https:\/\/klarafardiga.com\/"},{"@type":"ListItem","position":2,"name":"Vintertid och schablonm\u00e5lning&#8230;"}]},{"@type":"WebSite","@id":"https:\/\/klarafardiga.com\/#website","url":"https:\/\/klarafardiga.com\/","name":"Baka med KlaraForm","description":"Recept, tips och nyheter i butiken","potentialAction":[{"@type":"SearchAction","target":{"@type":"EntryPoint","urlTemplate":"https:\/\/klarafardiga.com\/?s={search_term_string}"},"query-input":{"@type":"PropertyValueSpecification","valueRequired":true,"valueName":"search_term_string"}}],"inLanguage":"sv-SE"},{"@type":"Person","@id":"https:\/\/klarafardiga.com\/#\/schema\/person\/0f54ba1da7c4c21dd7411ed3a8e9f8c0","name":"admin","image":{"@type":"ImageObject","inLanguage":"sv-SE","@id":"https:\/\/klarafardiga.com\/#\/schema\/person\/image\/","url":"https:\/\/secure.gravatar.com\/avatar\/356da59eaae0a6e58215761d8e8dabed?s=96&d=mm&r=g","contentUrl":"https:\/\/secure.gravatar.com\/avatar\/356da59eaae0a6e58215761d8e8dabed?s=96&d=mm&r=g","caption":"admin"},"sameAs":["http:\/\/www.klaraform.se"],"url":"https:\/\/klarafardiga.com\/?author=1"}]}},"_links":{"self":[{"href":"https:\/\/klarafardiga.com\/index.php?rest_route=\/wp\/v2\/posts\/47"}],"collection":[{"href":"https:\/\/klarafardiga.com\/index.php?rest_route=\/wp\/v2\/posts"}],"about":[{"href":"https:\/\/klarafardiga.com\/index.php?rest_route=\/wp\/v2\/types\/post"}],"author":[{"embeddable":true,"href":"https:\/\/klarafardiga.com\/index.php?rest_route=\/wp\/v2\/users\/1"}],"replies":[{"embeddable":true,"href":"https:\/\/klarafardiga.com\/index.php?rest_route=%2Fwp%2Fv2%2Fcomments&post=47"}],"version-history":[{"count":0,"href":"https:\/\/klarafardiga.com\/index.php?rest_route=\/wp\/v2\/posts\/47\/revisions"}],"wp:attachment":[{"href":"https:\/\/klarafardiga.com\/index.php?rest_route=%2Fwp%2Fv2%2Fmedia&parent=47"}],"wp:term":[{"taxonomy":"category","embeddable":true,"href":"https:\/\/klarafardiga.com\/index.php?rest_route=%2Fwp%2Fv2%2Fcategories&post=47"},{"taxonomy":"post_tag","embeddable":true,"href":"https:\/\/klarafardiga.com\/index.php?rest_route=%2Fwp%2Fv2%2Ftags&post=47"}],"curies":[{"name":"wp","href":"https:\/\/api.w.org\/{rel}","templated":true}]}}