{"id":438,"date":"2012-02-17T20:19:15","date_gmt":"2012-02-17T19:19:15","guid":{"rendered":"http:\/\/klarafardiga.com\/?p=438"},"modified":"2012-02-17T20:19:15","modified_gmt":"2012-02-17T19:19:15","slug":"glad-frukost","status":"publish","type":"post","link":"https:\/\/klarafardiga.com\/?p=438","title":{"rendered":"Glad frukost!"},"content":{"rendered":"<p>Har haft tv\u00e5 sjuklingar hemma med v\u00e4rsta f\u00f6rkylningen. Matlusten \u00e4r inte den b\u00e4sta s\u00e5 jag f\u00f6rs\u00f6kte muntra upp dom med lite roliga frukostar.<\/p>\n<p>Br\u00f6d utstansat med hj\u00e4lp av ett kakm\u00e5tt, visst blir man glad!<\/p>\n<p><a href=\"https:\/\/klarafardiga.com\/wp-content\/uploads\/2012\/02\/brod.jpg\"><img fetchpriority=\"high\" decoding=\"async\" class=\"alignleft size-full wp-image-440\" title=\"Roligt br\u00f6d\" src=\"https:\/\/klarafardiga.com\/wp-content\/uploads\/2012\/02\/brod.jpg\" alt=\"\" width=\"1000\" height=\"666\" srcset=\"https:\/\/klarafardiga.com\/wp-content\/uploads\/2012\/02\/brod.jpg 1000w, https:\/\/klarafardiga.com\/wp-content\/uploads\/2012\/02\/brod-300x199.jpg 300w, https:\/\/klarafardiga.com\/wp-content\/uploads\/2012\/02\/brod-450x300.jpg 450w\" sizes=\"(max-width: 1000px) 100vw, 1000px\" \/><\/a><\/p>\n<p>Sockerp\u00e4rlor i yoghurten \u00e4r riktigt lyxigt och ja, de \u00e5t upp allt \ud83d\ude42<\/p>\n<p><a href=\"https:\/\/klarafardiga.com\/wp-content\/uploads\/2012\/02\/yoghurt.jpg\"><img decoding=\"async\" class=\"alignleft size-full wp-image-439\" title=\"Yoghurt\" src=\"https:\/\/klarafardiga.com\/wp-content\/uploads\/2012\/02\/yoghurt.jpg\" alt=\"\" width=\"1000\" height=\"666\" srcset=\"https:\/\/klarafardiga.com\/wp-content\/uploads\/2012\/02\/yoghurt.jpg 1000w, https:\/\/klarafardiga.com\/wp-content\/uploads\/2012\/02\/yoghurt-300x199.jpg 300w, https:\/\/klarafardiga.com\/wp-content\/uploads\/2012\/02\/yoghurt-450x300.jpg 450w\" sizes=\"(max-width: 1000px) 100vw, 1000px\" \/><\/a><\/p>\n<p>&nbsp;<\/p>\n<p>B\u00e5de kakm\u00e5ttet och str\u00f6sslet hittar du p\u00e5 <a href=\"http:\/\/www.klaraform.se\" target=\"_blank\">www.klaraform.se <\/a><\/p>\n<p>Ha en underbar helg!<br \/>\nKram Helena<\/p>\n","protected":false},"excerpt":{"rendered":"<p>Har haft tv\u00e5 sjuklingar hemma med v\u00e4rsta f\u00f6rkylningen. Matlusten \u00e4r inte den b\u00e4sta s\u00e5 jag f\u00f6rs\u00f6kte muntra upp dom med lite roliga frukostar. Br\u00f6d utstansat med hj\u00e4lp av ett kakm\u00e5tt, visst blir man glad! Sockerp\u00e4rlor i yoghurten \u00e4r riktigt lyxigt och ja, de \u00e5t upp allt \ud83d\ude42 &nbsp; B\u00e5de kakm\u00e5ttet och str\u00f6sslet hittar du p\u00e5 www.klaraform.se Ha en underbar helg! Kram Helena<\/p>\n","protected":false},"author":1,"featured_media":0,"comment_status":"open","ping_status":"open","sticky":false,"template":"","format":"standard","meta":{"footnotes":""},"categories":[8,10],"tags":[],"yoast_head":"<!-- This site is optimized with the Yoast SEO plugin v23.5 - https:\/\/yoast.com\/wordpress\/plugins\/seo\/ -->\n<title>Glad frukost! - Baka med KlaraForm<\/title>\n<meta name=\"robots\" content=\"index, follow, max-snippet:-1, max-image-preview:large, max-video-preview:-1\" \/>\n<link rel=\"canonical\" href=\"https:\/\/klarafardiga.com\/?p=438\" \/>\n<meta property=\"og:locale\" content=\"sv_SE\" \/>\n<meta property=\"og:type\" content=\"article\" \/>\n<meta property=\"og:title\" content=\"Glad frukost! - Baka med KlaraForm\" \/>\n<meta property=\"og:description\" content=\"Har haft tv\u00e5 sjuklingar hemma med v\u00e4rsta f\u00f6rkylningen. Matlusten \u00e4r inte den b\u00e4sta s\u00e5 jag f\u00f6rs\u00f6kte muntra upp dom med lite roliga frukostar. Br\u00f6d utstansat med hj\u00e4lp av ett kakm\u00e5tt, visst blir man glad! Sockerp\u00e4rlor i yoghurten \u00e4r riktigt lyxigt och ja, de \u00e5t upp allt \ud83d\ude42 &nbsp; B\u00e5de kakm\u00e5ttet och str\u00f6sslet hittar du p\u00e5 www.klaraform.se Ha en underbar helg! Kram Helena\" \/>\n<meta property=\"og:url\" content=\"https:\/\/klarafardiga.com\/?p=438\" \/>\n<meta property=\"og:site_name\" content=\"Baka med KlaraForm\" \/>\n<meta property=\"article:published_time\" content=\"2012-02-17T19:19:15+00:00\" \/>\n<meta property=\"og:image\" content=\"http:\/\/klarafardiga.com\/wp-content\/uploads\/2012\/02\/brod.jpg\" \/>\n<meta name=\"author\" content=\"admin\" \/>\n<meta name=\"twitter:card\" content=\"summary_large_image\" \/>\n<meta name=\"twitter:label1\" content=\"Skriven av\" \/>\n\t<meta name=\"twitter:data1\" content=\"admin\" \/>\n<script type=\"application\/ld+json\" class=\"yoast-schema-graph\">{\"@context\":\"https:\/\/schema.org\",\"@graph\":[{\"@type\":\"WebPage\",\"@id\":\"https:\/\/klarafardiga.com\/?p=438\",\"url\":\"https:\/\/klarafardiga.com\/?p=438\",\"name\":\"Glad frukost! - Baka med KlaraForm\",\"isPartOf\":{\"@id\":\"https:\/\/klarafardiga.com\/#website\"},\"primaryImageOfPage\":{\"@id\":\"https:\/\/klarafardiga.com\/?p=438#primaryimage\"},\"image\":{\"@id\":\"https:\/\/klarafardiga.com\/?p=438#primaryimage\"},\"thumbnailUrl\":\"http:\/\/klarafardiga.com\/wp-content\/uploads\/2012\/02\/brod.jpg\",\"datePublished\":\"2012-02-17T19:19:15+00:00\",\"dateModified\":\"2012-02-17T19:19:15+00:00\",\"author\":{\"@id\":\"https:\/\/klarafardiga.com\/#\/schema\/person\/0f54ba1da7c4c21dd7411ed3a8e9f8c0\"},\"breadcrumb\":{\"@id\":\"https:\/\/klarafardiga.com\/?p=438#breadcrumb\"},\"inLanguage\":\"sv-SE\",\"potentialAction\":[{\"@type\":\"ReadAction\",\"target\":[\"https:\/\/klarafardiga.com\/?p=438\"]}]},{\"@type\":\"ImageObject\",\"inLanguage\":\"sv-SE\",\"@id\":\"https:\/\/klarafardiga.com\/?p=438#primaryimage\",\"url\":\"https:\/\/klarafardiga.com\/wp-content\/uploads\/2012\/02\/brod.jpg\",\"contentUrl\":\"https:\/\/klarafardiga.com\/wp-content\/uploads\/2012\/02\/brod.jpg\",\"width\":\"1000\",\"height\":\"666\"},{\"@type\":\"BreadcrumbList\",\"@id\":\"https:\/\/klarafardiga.com\/?p=438#breadcrumb\",\"itemListElement\":[{\"@type\":\"ListItem\",\"position\":1,\"name\":\"Hem\",\"item\":\"https:\/\/klarafardiga.com\/\"},{\"@type\":\"ListItem\",\"position\":2,\"name\":\"Glad frukost!\"}]},{\"@type\":\"WebSite\",\"@id\":\"https:\/\/klarafardiga.com\/#website\",\"url\":\"https:\/\/klarafardiga.com\/\",\"name\":\"Baka med KlaraForm\",\"description\":\"Recept, tips och nyheter i butiken\",\"potentialAction\":[{\"@type\":\"SearchAction\",\"target\":{\"@type\":\"EntryPoint\",\"urlTemplate\":\"https:\/\/klarafardiga.com\/?s={search_term_string}\"},\"query-input\":{\"@type\":\"PropertyValueSpecification\",\"valueRequired\":true,\"valueName\":\"search_term_string\"}}],\"inLanguage\":\"sv-SE\"},{\"@type\":\"Person\",\"@id\":\"https:\/\/klarafardiga.com\/#\/schema\/person\/0f54ba1da7c4c21dd7411ed3a8e9f8c0\",\"name\":\"admin\",\"image\":{\"@type\":\"ImageObject\",\"inLanguage\":\"sv-SE\",\"@id\":\"https:\/\/klarafardiga.com\/#\/schema\/person\/image\/\",\"url\":\"https:\/\/secure.gravatar.com\/avatar\/356da59eaae0a6e58215761d8e8dabed?s=96&d=mm&r=g\",\"contentUrl\":\"https:\/\/secure.gravatar.com\/avatar\/356da59eaae0a6e58215761d8e8dabed?s=96&d=mm&r=g\",\"caption\":\"admin\"},\"sameAs\":[\"http:\/\/www.klaraform.se\"],\"url\":\"https:\/\/klarafardiga.com\/?author=1\"}]}<\/script>\n<!-- \/ Yoast SEO plugin. -->","yoast_head_json":{"title":"Glad frukost! - Baka med KlaraForm","robots":{"index":"index","follow":"follow","max-snippet":"max-snippet:-1","max-image-preview":"max-image-preview:large","max-video-preview":"max-video-preview:-1"},"canonical":"https:\/\/klarafardiga.com\/?p=438","og_locale":"sv_SE","og_type":"article","og_title":"Glad frukost! - Baka med KlaraForm","og_description":"Har haft tv\u00e5 sjuklingar hemma med v\u00e4rsta f\u00f6rkylningen. Matlusten \u00e4r inte den b\u00e4sta s\u00e5 jag f\u00f6rs\u00f6kte muntra upp dom med lite roliga frukostar. Br\u00f6d utstansat med hj\u00e4lp av ett kakm\u00e5tt, visst blir man glad! Sockerp\u00e4rlor i yoghurten \u00e4r riktigt lyxigt och ja, de \u00e5t upp allt \ud83d\ude42 &nbsp; B\u00e5de kakm\u00e5ttet och str\u00f6sslet hittar du p\u00e5 www.klaraform.se Ha en underbar helg! Kram Helena","og_url":"https:\/\/klarafardiga.com\/?p=438","og_site_name":"Baka med KlaraForm","article_published_time":"2012-02-17T19:19:15+00:00","og_image":[{"url":"http:\/\/klarafardiga.com\/wp-content\/uploads\/2012\/02\/brod.jpg"}],"author":"admin","twitter_card":"summary_large_image","twitter_misc":{"Skriven av":"admin"},"schema":{"@context":"https:\/\/schema.org","@graph":[{"@type":"WebPage","@id":"https:\/\/klarafardiga.com\/?p=438","url":"https:\/\/klarafardiga.com\/?p=438","name":"Glad frukost! - Baka med KlaraForm","isPartOf":{"@id":"https:\/\/klarafardiga.com\/#website"},"primaryImageOfPage":{"@id":"https:\/\/klarafardiga.com\/?p=438#primaryimage"},"image":{"@id":"https:\/\/klarafardiga.com\/?p=438#primaryimage"},"thumbnailUrl":"http:\/\/klarafardiga.com\/wp-content\/uploads\/2012\/02\/brod.jpg","datePublished":"2012-02-17T19:19:15+00:00","dateModified":"2012-02-17T19:19:15+00:00","author":{"@id":"https:\/\/klarafardiga.com\/#\/schema\/person\/0f54ba1da7c4c21dd7411ed3a8e9f8c0"},"breadcrumb":{"@id":"https:\/\/klarafardiga.com\/?p=438#breadcrumb"},"inLanguage":"sv-SE","potentialAction":[{"@type":"ReadAction","target":["https:\/\/klarafardiga.com\/?p=438"]}]},{"@type":"ImageObject","inLanguage":"sv-SE","@id":"https:\/\/klarafardiga.com\/?p=438#primaryimage","url":"https:\/\/klarafardiga.com\/wp-content\/uploads\/2012\/02\/brod.jpg","contentUrl":"https:\/\/klarafardiga.com\/wp-content\/uploads\/2012\/02\/brod.jpg","width":"1000","height":"666"},{"@type":"BreadcrumbList","@id":"https:\/\/klarafardiga.com\/?p=438#breadcrumb","itemListElement":[{"@type":"ListItem","position":1,"name":"Hem","item":"https:\/\/klarafardiga.com\/"},{"@type":"ListItem","position":2,"name":"Glad frukost!"}]},{"@type":"WebSite","@id":"https:\/\/klarafardiga.com\/#website","url":"https:\/\/klarafardiga.com\/","name":"Baka med KlaraForm","description":"Recept, tips och nyheter i butiken","potentialAction":[{"@type":"SearchAction","target":{"@type":"EntryPoint","urlTemplate":"https:\/\/klarafardiga.com\/?s={search_term_string}"},"query-input":{"@type":"PropertyValueSpecification","valueRequired":true,"valueName":"search_term_string"}}],"inLanguage":"sv-SE"},{"@type":"Person","@id":"https:\/\/klarafardiga.com\/#\/schema\/person\/0f54ba1da7c4c21dd7411ed3a8e9f8c0","name":"admin","image":{"@type":"ImageObject","inLanguage":"sv-SE","@id":"https:\/\/klarafardiga.com\/#\/schema\/person\/image\/","url":"https:\/\/secure.gravatar.com\/avatar\/356da59eaae0a6e58215761d8e8dabed?s=96&d=mm&r=g","contentUrl":"https:\/\/secure.gravatar.com\/avatar\/356da59eaae0a6e58215761d8e8dabed?s=96&d=mm&r=g","caption":"admin"},"sameAs":["http:\/\/www.klaraform.se"],"url":"https:\/\/klarafardiga.com\/?author=1"}]}},"_links":{"self":[{"href":"https:\/\/klarafardiga.com\/index.php?rest_route=\/wp\/v2\/posts\/438"}],"collection":[{"href":"https:\/\/klarafardiga.com\/index.php?rest_route=\/wp\/v2\/posts"}],"about":[{"href":"https:\/\/klarafardiga.com\/index.php?rest_route=\/wp\/v2\/types\/post"}],"author":[{"embeddable":true,"href":"https:\/\/klarafardiga.com\/index.php?rest_route=\/wp\/v2\/users\/1"}],"replies":[{"embeddable":true,"href":"https:\/\/klarafardiga.com\/index.php?rest_route=%2Fwp%2Fv2%2Fcomments&post=438"}],"version-history":[{"count":1,"href":"https:\/\/klarafardiga.com\/index.php?rest_route=\/wp\/v2\/posts\/438\/revisions"}],"predecessor-version":[{"id":441,"href":"https:\/\/klarafardiga.com\/index.php?rest_route=\/wp\/v2\/posts\/438\/revisions\/441"}],"wp:attachment":[{"href":"https:\/\/klarafardiga.com\/index.php?rest_route=%2Fwp%2Fv2%2Fmedia&parent=438"}],"wp:term":[{"taxonomy":"category","embeddable":true,"href":"https:\/\/klarafardiga.com\/index.php?rest_route=%2Fwp%2Fv2%2Fcategories&post=438"},{"taxonomy":"post_tag","embeddable":true,"href":"https:\/\/klarafardiga.com\/index.php?rest_route=%2Fwp%2Fv2%2Ftags&post=438"}],"curies":[{"name":"wp","href":"https:\/\/api.w.org\/{rel}","templated":true}]}}