{"id":41,"date":"2008-10-07T22:13:00","date_gmt":"2008-10-07T20:13:00","guid":{"rendered":"http:\/\/klarafardiga.com\/?p=41"},"modified":"2008-10-07T22:13:00","modified_gmt":"2008-10-07T20:13:00","slug":"mumsig-appelpaj","status":"publish","type":"post","link":"https:\/\/klarafardiga.com\/?p=41","title":{"rendered":"Mumsig \u00e4ppelpaj&#8230;"},"content":{"rendered":"<p>Hoppas ni inte tr\u00f6ttnar p\u00e5 allt mitt bakande. Fick ett recept efter att ha smakat en helt underbar \u00e4ppelpaj. Fick ocks\u00e5 tipset att anv\u00e4nda vanliga <a href=\"http:\/\/www.klarafardiga.com\/\"><strong>muffins\/bullformar<\/strong> <\/a>i st\u00e4llet f\u00f6r en l\u00e5ngpanna.<\/p>\n<div>Snabbt gick det att fixa i ording allt ocks\u00e5. <\/div>\n<p><\/p>\n<div><strong><\/strong><\/div>\n<p><\/p>\n<div><strong><span style=\"font-size:130%;\">\u00c4ppelpaj<br \/><\/span><\/strong><br \/>4 \u00e4pplen<br \/>1 tsk kanel<br \/>100 g margarin<br \/>2 \u00bd dl str\u00f6socker<br \/>2 \u00bd dl vetemj\u00f6l<br \/>1 tsk bakpulver<br \/>2 tsk vanillinsocker<br \/>\u00bd tsk salt<br \/>1 \u00e4gg<\/p>\n<p><strong>G\u00f6r s\u00e5 h\u00e4r:<\/strong><br \/>Sm\u00f6rj formen alternativt anv\u00e4nd pappersformar.<br \/>Skala och klyfta \u00e4pplena och l\u00e4gg i formen. Anv\u00e4nder du sm\u00e5formar s\u00e5 l\u00e4gg i 2-3 st \u00e4pplen i varje.<br \/>Str\u00f6 p\u00e5 1 tsk kanel.<br \/>Sm\u00e4lt margarinet och l\u00e5t svalna.<br \/>Blanda ihop \u00f6vriga ingredienser i en sk\u00e5l.<br \/>H\u00e4ll i det sm\u00e4lta margarinet och ett uppvispat \u00e4gg.<br \/>L\u00e4gg smeten p\u00e5 \u00e4ppelklyftorna och platta till<br \/>Str\u00f6 p\u00e5 kanel.<\/p>\n<p>Gr\u00e4dda i 200 grader i ca 15-20 min f\u00f6r pappersformar, ca 35 min om du g\u00f6r dem i l\u00e5ngpanna.<\/p>\n<p>Servera g\u00e4rna med vaniljglass<\/p><\/div>\n<p><\/p>\n<div><\/div>\n<p><\/p>\n<div>Mumsi mumsi! Lite knaprigt, flottigt, sockrigt gott \ud83d\ude42<\/div>\n<p><\/p>\n<div><\/div>\n<p><img decoding=\"async\" id=\"BLOGGER_PHOTO_ID_5254508726298822642\" style=\"DISPLAY: block; MARGIN: 0px auto 10px; CURSOR: hand; TEXT-ALIGN: center\" alt=\"\" src=\"http:\/\/1.bp.blogspot.com\/_rCm4mArCkLE\/SOvD2NQ7R_I\/AAAAAAAAA30\/WvT02k6U3RU\/s400\/appelpaj.jpg\" border=\"0\" \/><\/p>\n<div><\/div>\n<p><\/p>\n<div>Kram Helena<\/div>\n","protected":false},"excerpt":{"rendered":"<p>Hoppas ni inte tr\u00f6ttnar p\u00e5 allt mitt bakande. Fick ett recept efter att ha smakat en helt underbar \u00e4ppelpaj. Fick ocks\u00e5 tipset att anv\u00e4nda vanliga muffins\/bullformar i st\u00e4llet f\u00f6r en l\u00e5ngpanna. Snabbt gick det att fixa i ording allt ocks\u00e5. \u00c4ppelpaj4 \u00e4pplen1 tsk kanel100 g margarin2 \u00bd dl str\u00f6socker2 \u00bd dl vetemj\u00f6l1 tsk bakpulver2 tsk vanillinsocker\u00bd tsk salt1 \u00e4gg G\u00f6r s\u00e5 h\u00e4r:Sm\u00f6rj formen alternativt anv\u00e4nd pappersformar.Skala och klyfta \u00e4pplena och l\u00e4gg i formen. Anv\u00e4nder du sm\u00e5formar s\u00e5 l\u00e4gg i 2-3 st \u00e4pplen i varje.Str\u00f6 p\u00e5 1 tsk kanel.Sm\u00e4lt margarinet och l\u00e5t svalna.Blanda ihop \u00f6vriga ingredienser i en sk\u00e5l.H\u00e4ll i det sm\u00e4lta margarinet och ett uppvispat \u00e4gg.L\u00e4gg smeten p\u00e5 \u00e4ppelklyftorna och platta tillStr\u00f6 p\u00e5 kanel. Gr\u00e4dda i 200 grader i ca 15-20 min f\u00f6r pappersformar, ca 35 min om du g\u00f6r dem i l\u00e5ngpanna. Servera g\u00e4rna med vaniljglass Mumsi mumsi! Lite knaprigt, flottigt, sockrigt gott \ud83d\ude42 Kram Helena<\/p>\n","protected":false},"author":1,"featured_media":0,"comment_status":"open","ping_status":"open","sticky":false,"template":"","format":"standard","meta":{"footnotes":""},"categories":[9,8,3],"tags":[],"yoast_head":"<!-- This site is optimized with the Yoast SEO plugin v23.5 - https:\/\/yoast.com\/wordpress\/plugins\/seo\/ -->\n<title>Mumsig \u00e4ppelpaj... - Baka med KlaraForm<\/title>\n<meta name=\"robots\" content=\"index, follow, max-snippet:-1, max-image-preview:large, max-video-preview:-1\" \/>\n<link rel=\"canonical\" href=\"https:\/\/klarafardiga.com\/?p=41\" \/>\n<meta property=\"og:locale\" content=\"sv_SE\" \/>\n<meta property=\"og:type\" content=\"article\" \/>\n<meta property=\"og:title\" content=\"Mumsig \u00e4ppelpaj... - Baka med KlaraForm\" \/>\n<meta property=\"og:description\" content=\"Hoppas ni inte tr\u00f6ttnar p\u00e5 allt mitt bakande. Fick ett recept efter att ha smakat en helt underbar \u00e4ppelpaj. Fick ocks\u00e5 tipset att anv\u00e4nda vanliga muffins\/bullformar i st\u00e4llet f\u00f6r en l\u00e5ngpanna. Snabbt gick det att fixa i ording allt ocks\u00e5. \u00c4ppelpaj4 \u00e4pplen1 tsk kanel100 g margarin2 \u00bd dl str\u00f6socker2 \u00bd dl vetemj\u00f6l1 tsk bakpulver2 tsk vanillinsocker\u00bd tsk salt1 \u00e4gg G\u00f6r s\u00e5 h\u00e4r:Sm\u00f6rj formen alternativt anv\u00e4nd pappersformar.Skala och klyfta \u00e4pplena och l\u00e4gg i formen. Anv\u00e4nder du sm\u00e5formar s\u00e5 l\u00e4gg i 2-3 st \u00e4pplen i varje.Str\u00f6 p\u00e5 1 tsk kanel.Sm\u00e4lt margarinet och l\u00e5t svalna.Blanda ihop \u00f6vriga ingredienser i en sk\u00e5l.H\u00e4ll i det sm\u00e4lta margarinet och ett uppvispat \u00e4gg.L\u00e4gg smeten p\u00e5 \u00e4ppelklyftorna och platta tillStr\u00f6 p\u00e5 kanel. Gr\u00e4dda i 200 grader i ca 15-20 min f\u00f6r pappersformar, ca 35 min om du g\u00f6r dem i l\u00e5ngpanna. Servera g\u00e4rna med vaniljglass Mumsi mumsi! Lite knaprigt, flottigt, sockrigt gott \ud83d\ude42 Kram Helena\" \/>\n<meta property=\"og:url\" content=\"https:\/\/klarafardiga.com\/?p=41\" \/>\n<meta property=\"og:site_name\" content=\"Baka med KlaraForm\" \/>\n<meta property=\"article:published_time\" content=\"2008-10-07T20:13:00+00:00\" \/>\n<meta property=\"og:image\" content=\"http:\/\/1.bp.blogspot.com\/_rCm4mArCkLE\/SOvD2NQ7R_I\/AAAAAAAAA30\/WvT02k6U3RU\/s400\/appelpaj.jpg\" \/>\n<meta name=\"author\" content=\"admin\" \/>\n<meta name=\"twitter:card\" content=\"summary_large_image\" \/>\n<meta name=\"twitter:label1\" content=\"Skriven av\" \/>\n\t<meta name=\"twitter:data1\" content=\"admin\" \/>\n\t<meta name=\"twitter:label2\" content=\"Ber\u00e4knad l\u00e4stid\" \/>\n\t<meta name=\"twitter:data2\" content=\"1 minut\" \/>\n<script type=\"application\/ld+json\" class=\"yoast-schema-graph\">{\"@context\":\"https:\/\/schema.org\",\"@graph\":[{\"@type\":\"WebPage\",\"@id\":\"https:\/\/klarafardiga.com\/?p=41\",\"url\":\"https:\/\/klarafardiga.com\/?p=41\",\"name\":\"Mumsig \u00e4ppelpaj... - Baka med KlaraForm\",\"isPartOf\":{\"@id\":\"https:\/\/klarafardiga.com\/#website\"},\"primaryImageOfPage\":{\"@id\":\"https:\/\/klarafardiga.com\/?p=41#primaryimage\"},\"image\":{\"@id\":\"https:\/\/klarafardiga.com\/?p=41#primaryimage\"},\"thumbnailUrl\":\"http:\/\/1.bp.blogspot.com\/_rCm4mArCkLE\/SOvD2NQ7R_I\/AAAAAAAAA30\/WvT02k6U3RU\/s400\/appelpaj.jpg\",\"datePublished\":\"2008-10-07T20:13:00+00:00\",\"dateModified\":\"2008-10-07T20:13:00+00:00\",\"author\":{\"@id\":\"https:\/\/klarafardiga.com\/#\/schema\/person\/0f54ba1da7c4c21dd7411ed3a8e9f8c0\"},\"breadcrumb\":{\"@id\":\"https:\/\/klarafardiga.com\/?p=41#breadcrumb\"},\"inLanguage\":\"sv-SE\",\"potentialAction\":[{\"@type\":\"ReadAction\",\"target\":[\"https:\/\/klarafardiga.com\/?p=41\"]}]},{\"@type\":\"ImageObject\",\"inLanguage\":\"sv-SE\",\"@id\":\"https:\/\/klarafardiga.com\/?p=41#primaryimage\",\"url\":\"http:\/\/1.bp.blogspot.com\/_rCm4mArCkLE\/SOvD2NQ7R_I\/AAAAAAAAA30\/WvT02k6U3RU\/s400\/appelpaj.jpg\",\"contentUrl\":\"http:\/\/1.bp.blogspot.com\/_rCm4mArCkLE\/SOvD2NQ7R_I\/AAAAAAAAA30\/WvT02k6U3RU\/s400\/appelpaj.jpg\"},{\"@type\":\"BreadcrumbList\",\"@id\":\"https:\/\/klarafardiga.com\/?p=41#breadcrumb\",\"itemListElement\":[{\"@type\":\"ListItem\",\"position\":1,\"name\":\"Hem\",\"item\":\"https:\/\/klarafardiga.com\/\"},{\"@type\":\"ListItem\",\"position\":2,\"name\":\"Mumsig \u00e4ppelpaj&#8230;\"}]},{\"@type\":\"WebSite\",\"@id\":\"https:\/\/klarafardiga.com\/#website\",\"url\":\"https:\/\/klarafardiga.com\/\",\"name\":\"Baka med KlaraForm\",\"description\":\"Recept, tips och nyheter i butiken\",\"potentialAction\":[{\"@type\":\"SearchAction\",\"target\":{\"@type\":\"EntryPoint\",\"urlTemplate\":\"https:\/\/klarafardiga.com\/?s={search_term_string}\"},\"query-input\":{\"@type\":\"PropertyValueSpecification\",\"valueRequired\":true,\"valueName\":\"search_term_string\"}}],\"inLanguage\":\"sv-SE\"},{\"@type\":\"Person\",\"@id\":\"https:\/\/klarafardiga.com\/#\/schema\/person\/0f54ba1da7c4c21dd7411ed3a8e9f8c0\",\"name\":\"admin\",\"image\":{\"@type\":\"ImageObject\",\"inLanguage\":\"sv-SE\",\"@id\":\"https:\/\/klarafardiga.com\/#\/schema\/person\/image\/\",\"url\":\"https:\/\/secure.gravatar.com\/avatar\/356da59eaae0a6e58215761d8e8dabed?s=96&d=mm&r=g\",\"contentUrl\":\"https:\/\/secure.gravatar.com\/avatar\/356da59eaae0a6e58215761d8e8dabed?s=96&d=mm&r=g\",\"caption\":\"admin\"},\"sameAs\":[\"http:\/\/www.klaraform.se\"],\"url\":\"https:\/\/klarafardiga.com\/?author=1\"}]}<\/script>\n<!-- \/ Yoast SEO plugin. -->","yoast_head_json":{"title":"Mumsig \u00e4ppelpaj... - Baka med KlaraForm","robots":{"index":"index","follow":"follow","max-snippet":"max-snippet:-1","max-image-preview":"max-image-preview:large","max-video-preview":"max-video-preview:-1"},"canonical":"https:\/\/klarafardiga.com\/?p=41","og_locale":"sv_SE","og_type":"article","og_title":"Mumsig \u00e4ppelpaj... - Baka med KlaraForm","og_description":"Hoppas ni inte tr\u00f6ttnar p\u00e5 allt mitt bakande. Fick ett recept efter att ha smakat en helt underbar \u00e4ppelpaj. Fick ocks\u00e5 tipset att anv\u00e4nda vanliga muffins\/bullformar i st\u00e4llet f\u00f6r en l\u00e5ngpanna. Snabbt gick det att fixa i ording allt ocks\u00e5. \u00c4ppelpaj4 \u00e4pplen1 tsk kanel100 g margarin2 \u00bd dl str\u00f6socker2 \u00bd dl vetemj\u00f6l1 tsk bakpulver2 tsk vanillinsocker\u00bd tsk salt1 \u00e4gg G\u00f6r s\u00e5 h\u00e4r:Sm\u00f6rj formen alternativt anv\u00e4nd pappersformar.Skala och klyfta \u00e4pplena och l\u00e4gg i formen. Anv\u00e4nder du sm\u00e5formar s\u00e5 l\u00e4gg i 2-3 st \u00e4pplen i varje.Str\u00f6 p\u00e5 1 tsk kanel.Sm\u00e4lt margarinet och l\u00e5t svalna.Blanda ihop \u00f6vriga ingredienser i en sk\u00e5l.H\u00e4ll i det sm\u00e4lta margarinet och ett uppvispat \u00e4gg.L\u00e4gg smeten p\u00e5 \u00e4ppelklyftorna och platta tillStr\u00f6 p\u00e5 kanel. Gr\u00e4dda i 200 grader i ca 15-20 min f\u00f6r pappersformar, ca 35 min om du g\u00f6r dem i l\u00e5ngpanna. Servera g\u00e4rna med vaniljglass Mumsi mumsi! Lite knaprigt, flottigt, sockrigt gott \ud83d\ude42 Kram Helena","og_url":"https:\/\/klarafardiga.com\/?p=41","og_site_name":"Baka med KlaraForm","article_published_time":"2008-10-07T20:13:00+00:00","og_image":[{"url":"http:\/\/1.bp.blogspot.com\/_rCm4mArCkLE\/SOvD2NQ7R_I\/AAAAAAAAA30\/WvT02k6U3RU\/s400\/appelpaj.jpg"}],"author":"admin","twitter_card":"summary_large_image","twitter_misc":{"Skriven av":"admin","Ber\u00e4knad l\u00e4stid":"1 minut"},"schema":{"@context":"https:\/\/schema.org","@graph":[{"@type":"WebPage","@id":"https:\/\/klarafardiga.com\/?p=41","url":"https:\/\/klarafardiga.com\/?p=41","name":"Mumsig \u00e4ppelpaj... - Baka med KlaraForm","isPartOf":{"@id":"https:\/\/klarafardiga.com\/#website"},"primaryImageOfPage":{"@id":"https:\/\/klarafardiga.com\/?p=41#primaryimage"},"image":{"@id":"https:\/\/klarafardiga.com\/?p=41#primaryimage"},"thumbnailUrl":"http:\/\/1.bp.blogspot.com\/_rCm4mArCkLE\/SOvD2NQ7R_I\/AAAAAAAAA30\/WvT02k6U3RU\/s400\/appelpaj.jpg","datePublished":"2008-10-07T20:13:00+00:00","dateModified":"2008-10-07T20:13:00+00:00","author":{"@id":"https:\/\/klarafardiga.com\/#\/schema\/person\/0f54ba1da7c4c21dd7411ed3a8e9f8c0"},"breadcrumb":{"@id":"https:\/\/klarafardiga.com\/?p=41#breadcrumb"},"inLanguage":"sv-SE","potentialAction":[{"@type":"ReadAction","target":["https:\/\/klarafardiga.com\/?p=41"]}]},{"@type":"ImageObject","inLanguage":"sv-SE","@id":"https:\/\/klarafardiga.com\/?p=41#primaryimage","url":"http:\/\/1.bp.blogspot.com\/_rCm4mArCkLE\/SOvD2NQ7R_I\/AAAAAAAAA30\/WvT02k6U3RU\/s400\/appelpaj.jpg","contentUrl":"http:\/\/1.bp.blogspot.com\/_rCm4mArCkLE\/SOvD2NQ7R_I\/AAAAAAAAA30\/WvT02k6U3RU\/s400\/appelpaj.jpg"},{"@type":"BreadcrumbList","@id":"https:\/\/klarafardiga.com\/?p=41#breadcrumb","itemListElement":[{"@type":"ListItem","position":1,"name":"Hem","item":"https:\/\/klarafardiga.com\/"},{"@type":"ListItem","position":2,"name":"Mumsig \u00e4ppelpaj&#8230;"}]},{"@type":"WebSite","@id":"https:\/\/klarafardiga.com\/#website","url":"https:\/\/klarafardiga.com\/","name":"Baka med KlaraForm","description":"Recept, tips och nyheter i butiken","potentialAction":[{"@type":"SearchAction","target":{"@type":"EntryPoint","urlTemplate":"https:\/\/klarafardiga.com\/?s={search_term_string}"},"query-input":{"@type":"PropertyValueSpecification","valueRequired":true,"valueName":"search_term_string"}}],"inLanguage":"sv-SE"},{"@type":"Person","@id":"https:\/\/klarafardiga.com\/#\/schema\/person\/0f54ba1da7c4c21dd7411ed3a8e9f8c0","name":"admin","image":{"@type":"ImageObject","inLanguage":"sv-SE","@id":"https:\/\/klarafardiga.com\/#\/schema\/person\/image\/","url":"https:\/\/secure.gravatar.com\/avatar\/356da59eaae0a6e58215761d8e8dabed?s=96&d=mm&r=g","contentUrl":"https:\/\/secure.gravatar.com\/avatar\/356da59eaae0a6e58215761d8e8dabed?s=96&d=mm&r=g","caption":"admin"},"sameAs":["http:\/\/www.klaraform.se"],"url":"https:\/\/klarafardiga.com\/?author=1"}]}},"_links":{"self":[{"href":"https:\/\/klarafardiga.com\/index.php?rest_route=\/wp\/v2\/posts\/41"}],"collection":[{"href":"https:\/\/klarafardiga.com\/index.php?rest_route=\/wp\/v2\/posts"}],"about":[{"href":"https:\/\/klarafardiga.com\/index.php?rest_route=\/wp\/v2\/types\/post"}],"author":[{"embeddable":true,"href":"https:\/\/klarafardiga.com\/index.php?rest_route=\/wp\/v2\/users\/1"}],"replies":[{"embeddable":true,"href":"https:\/\/klarafardiga.com\/index.php?rest_route=%2Fwp%2Fv2%2Fcomments&post=41"}],"version-history":[{"count":0,"href":"https:\/\/klarafardiga.com\/index.php?rest_route=\/wp\/v2\/posts\/41\/revisions"}],"wp:attachment":[{"href":"https:\/\/klarafardiga.com\/index.php?rest_route=%2Fwp%2Fv2%2Fmedia&parent=41"}],"wp:term":[{"taxonomy":"category","embeddable":true,"href":"https:\/\/klarafardiga.com\/index.php?rest_route=%2Fwp%2Fv2%2Fcategories&post=41"},{"taxonomy":"post_tag","embeddable":true,"href":"https:\/\/klarafardiga.com\/index.php?rest_route=%2Fwp%2Fv2%2Ftags&post=41"}],"curies":[{"name":"wp","href":"https:\/\/api.w.org\/{rel}","templated":true}]}}