{"id":40,"date":"2008-10-05T09:52:00","date_gmt":"2008-10-05T07:52:00","guid":{"rendered":"http:\/\/klarafardiga.com\/?p=40"},"modified":"2008-10-05T09:52:00","modified_gmt":"2008-10-05T07:52:00","slug":"bye-bye-blaa-vaggar","status":"publish","type":"post","link":"https:\/\/klarafardiga.com\/?p=40","title":{"rendered":"Bye bye bl\u00e5a v\u00e4ggar&#8230;"},"content":{"rendered":"<p>I fredags n\u00e4r jag \u00e5kte hem fr\u00e5n jobbet funderade jag p\u00e5 om jag skulle ta och m\u00e5la om k\u00f6ket. Typiskt mig n\u00e4r jag \u00e4r p\u00e5 h\u00f6gvarv s\u00e5 kommer jag p\u00e5 just detta!!! Sagt och gjort n\u00e4r jag kom hem satte jag ig\u00e5ng, ut med alla grejer, tejpa, tejpa \u00f6verallt. F\u00e4rgen heter Cappuccino s\u00e5 bye bye bl\u00e5a v\u00e4ggar&#8230; Hann m\u00e5la allt en g\u00e5ng innan jag stupade i s\u00e4ng. Fortsatte sedan p\u00e5 l\u00f6rdagen med en omg\u00e5ng till, sen var det dags att st\u00e4lla iordning allt igen. B\u00f6rjar man med en grej s\u00e5 forts\u00e4tter det g\u00e4rna med annat, typ jag m\u00e5ste tv\u00e4tta gardinerna och torka f\u00f6nstren ocks\u00e5&#8230; skurade golvet ordentligt. Oj vad rent det blev *fniss* Oj, vad ont i f\u00f6tterna och benen jag fick av en heldagsrenovering&#8230; Idag ska jag \u00e4ntligen packa upp tv\u00e5 kartonger med glas och porslin och s\u00e4tta in i mitt vita sk\u00e5p. Ja, glasrutan saknas fortfarande i sk\u00e5pet&#8230; f\u00e5r se n\u00e4r jag hinner med det ; )<\/p>\n<p><img decoding=\"async\" id=\"BLOGGER_PHOTO_ID_5253576537108912114\" style=\"DISPLAY: block; MARGIN: 0px auto 10px; CURSOR: hand; TEXT-ALIGN: center\" alt=\"\" src=\"http:\/\/1.bp.blogspot.com\/_rCm4mArCkLE\/SOh0Bp60F_I\/AAAAAAAAA3s\/dgoOo9F0l2k\/s400\/vitaskapet2.jpg\" border=\"0\" \/><br \/>Ha en sk\u00f6n s\u00f6ndag!<\/p>\n<p>Kram Helena<\/p>\n","protected":false},"excerpt":{"rendered":"<p>I fredags n\u00e4r jag \u00e5kte hem fr\u00e5n jobbet funderade jag p\u00e5 om jag skulle ta och m\u00e5la om k\u00f6ket. Typiskt mig n\u00e4r jag \u00e4r p\u00e5 h\u00f6gvarv s\u00e5 kommer jag p\u00e5 just detta!!! Sagt och gjort n\u00e4r jag kom hem satte jag ig\u00e5ng, ut med alla grejer, tejpa, tejpa \u00f6verallt. F\u00e4rgen heter Cappuccino s\u00e5 bye bye bl\u00e5a v\u00e4ggar&#8230; Hann m\u00e5la allt en g\u00e5ng innan jag stupade i s\u00e4ng. Fortsatte sedan p\u00e5 l\u00f6rdagen med en omg\u00e5ng till, sen var det dags att st\u00e4lla iordning allt igen. B\u00f6rjar man med en grej s\u00e5 forts\u00e4tter det g\u00e4rna med annat, typ jag m\u00e5ste tv\u00e4tta gardinerna och torka f\u00f6nstren ocks\u00e5&#8230; skurade golvet ordentligt. Oj vad rent det blev *fniss* Oj, vad ont i f\u00f6tterna och benen jag fick av en heldagsrenovering&#8230; Idag ska jag \u00e4ntligen packa upp tv\u00e5 kartonger med glas och porslin och s\u00e4tta in i mitt vita sk\u00e5p. Ja, glasrutan saknas fortfarande i sk\u00e5pet&#8230; f\u00e5r se n\u00e4r jag hinner med det ; ) Ha en sk\u00f6n s\u00f6ndag! Kram Helena<\/p>\n","protected":false},"author":1,"featured_media":0,"comment_status":"open","ping_status":"open","sticky":false,"template":"","format":"standard","meta":{"footnotes":""},"categories":[5],"tags":[],"yoast_head":"<!-- This site is optimized with the Yoast SEO plugin v23.5 - https:\/\/yoast.com\/wordpress\/plugins\/seo\/ -->\n<title>Bye bye bl\u00e5a v\u00e4ggar... - Baka med KlaraForm<\/title>\n<meta name=\"robots\" content=\"index, follow, max-snippet:-1, max-image-preview:large, max-video-preview:-1\" \/>\n<link rel=\"canonical\" href=\"https:\/\/klarafardiga.com\/?p=40\" \/>\n<meta property=\"og:locale\" content=\"sv_SE\" \/>\n<meta property=\"og:type\" content=\"article\" \/>\n<meta property=\"og:title\" content=\"Bye bye bl\u00e5a v\u00e4ggar... - Baka med KlaraForm\" \/>\n<meta property=\"og:description\" content=\"I fredags n\u00e4r jag \u00e5kte hem fr\u00e5n jobbet funderade jag p\u00e5 om jag skulle ta och m\u00e5la om k\u00f6ket. Typiskt mig n\u00e4r jag \u00e4r p\u00e5 h\u00f6gvarv s\u00e5 kommer jag p\u00e5 just detta!!! Sagt och gjort n\u00e4r jag kom hem satte jag ig\u00e5ng, ut med alla grejer, tejpa, tejpa \u00f6verallt. F\u00e4rgen heter Cappuccino s\u00e5 bye bye bl\u00e5a v\u00e4ggar&#8230; Hann m\u00e5la allt en g\u00e5ng innan jag stupade i s\u00e4ng. Fortsatte sedan p\u00e5 l\u00f6rdagen med en omg\u00e5ng till, sen var det dags att st\u00e4lla iordning allt igen. B\u00f6rjar man med en grej s\u00e5 forts\u00e4tter det g\u00e4rna med annat, typ jag m\u00e5ste tv\u00e4tta gardinerna och torka f\u00f6nstren ocks\u00e5&#8230; skurade golvet ordentligt. Oj vad rent det blev *fniss* Oj, vad ont i f\u00f6tterna och benen jag fick av en heldagsrenovering&#8230; Idag ska jag \u00e4ntligen packa upp tv\u00e5 kartonger med glas och porslin och s\u00e4tta in i mitt vita sk\u00e5p. Ja, glasrutan saknas fortfarande i sk\u00e5pet&#8230; f\u00e5r se n\u00e4r jag hinner med det ; ) Ha en sk\u00f6n s\u00f6ndag! Kram Helena\" \/>\n<meta property=\"og:url\" content=\"https:\/\/klarafardiga.com\/?p=40\" \/>\n<meta property=\"og:site_name\" content=\"Baka med KlaraForm\" \/>\n<meta property=\"article:published_time\" content=\"2008-10-05T07:52:00+00:00\" \/>\n<meta property=\"og:image\" content=\"http:\/\/1.bp.blogspot.com\/_rCm4mArCkLE\/SOh0Bp60F_I\/AAAAAAAAA3s\/dgoOo9F0l2k\/s400\/vitaskapet2.jpg\" \/>\n<meta name=\"author\" content=\"admin\" \/>\n<meta name=\"twitter:card\" content=\"summary_large_image\" \/>\n<meta name=\"twitter:label1\" content=\"Skriven av\" \/>\n\t<meta name=\"twitter:data1\" content=\"admin\" \/>\n\t<meta name=\"twitter:label2\" content=\"Ber\u00e4knad l\u00e4stid\" \/>\n\t<meta name=\"twitter:data2\" content=\"1 minut\" \/>\n<script type=\"application\/ld+json\" class=\"yoast-schema-graph\">{\"@context\":\"https:\/\/schema.org\",\"@graph\":[{\"@type\":\"WebPage\",\"@id\":\"https:\/\/klarafardiga.com\/?p=40\",\"url\":\"https:\/\/klarafardiga.com\/?p=40\",\"name\":\"Bye bye bl\u00e5a v\u00e4ggar... - Baka med KlaraForm\",\"isPartOf\":{\"@id\":\"https:\/\/klarafardiga.com\/#website\"},\"primaryImageOfPage\":{\"@id\":\"https:\/\/klarafardiga.com\/?p=40#primaryimage\"},\"image\":{\"@id\":\"https:\/\/klarafardiga.com\/?p=40#primaryimage\"},\"thumbnailUrl\":\"http:\/\/1.bp.blogspot.com\/_rCm4mArCkLE\/SOh0Bp60F_I\/AAAAAAAAA3s\/dgoOo9F0l2k\/s400\/vitaskapet2.jpg\",\"datePublished\":\"2008-10-05T07:52:00+00:00\",\"dateModified\":\"2008-10-05T07:52:00+00:00\",\"author\":{\"@id\":\"https:\/\/klarafardiga.com\/#\/schema\/person\/0f54ba1da7c4c21dd7411ed3a8e9f8c0\"},\"breadcrumb\":{\"@id\":\"https:\/\/klarafardiga.com\/?p=40#breadcrumb\"},\"inLanguage\":\"sv-SE\",\"potentialAction\":[{\"@type\":\"ReadAction\",\"target\":[\"https:\/\/klarafardiga.com\/?p=40\"]}]},{\"@type\":\"ImageObject\",\"inLanguage\":\"sv-SE\",\"@id\":\"https:\/\/klarafardiga.com\/?p=40#primaryimage\",\"url\":\"http:\/\/1.bp.blogspot.com\/_rCm4mArCkLE\/SOh0Bp60F_I\/AAAAAAAAA3s\/dgoOo9F0l2k\/s400\/vitaskapet2.jpg\",\"contentUrl\":\"http:\/\/1.bp.blogspot.com\/_rCm4mArCkLE\/SOh0Bp60F_I\/AAAAAAAAA3s\/dgoOo9F0l2k\/s400\/vitaskapet2.jpg\"},{\"@type\":\"BreadcrumbList\",\"@id\":\"https:\/\/klarafardiga.com\/?p=40#breadcrumb\",\"itemListElement\":[{\"@type\":\"ListItem\",\"position\":1,\"name\":\"Hem\",\"item\":\"https:\/\/klarafardiga.com\/\"},{\"@type\":\"ListItem\",\"position\":2,\"name\":\"Bye bye bl\u00e5a v\u00e4ggar&#8230;\"}]},{\"@type\":\"WebSite\",\"@id\":\"https:\/\/klarafardiga.com\/#website\",\"url\":\"https:\/\/klarafardiga.com\/\",\"name\":\"Baka med KlaraForm\",\"description\":\"Recept, tips och nyheter i butiken\",\"potentialAction\":[{\"@type\":\"SearchAction\",\"target\":{\"@type\":\"EntryPoint\",\"urlTemplate\":\"https:\/\/klarafardiga.com\/?s={search_term_string}\"},\"query-input\":{\"@type\":\"PropertyValueSpecification\",\"valueRequired\":true,\"valueName\":\"search_term_string\"}}],\"inLanguage\":\"sv-SE\"},{\"@type\":\"Person\",\"@id\":\"https:\/\/klarafardiga.com\/#\/schema\/person\/0f54ba1da7c4c21dd7411ed3a8e9f8c0\",\"name\":\"admin\",\"image\":{\"@type\":\"ImageObject\",\"inLanguage\":\"sv-SE\",\"@id\":\"https:\/\/klarafardiga.com\/#\/schema\/person\/image\/\",\"url\":\"https:\/\/secure.gravatar.com\/avatar\/356da59eaae0a6e58215761d8e8dabed?s=96&d=mm&r=g\",\"contentUrl\":\"https:\/\/secure.gravatar.com\/avatar\/356da59eaae0a6e58215761d8e8dabed?s=96&d=mm&r=g\",\"caption\":\"admin\"},\"sameAs\":[\"http:\/\/www.klaraform.se\"],\"url\":\"https:\/\/klarafardiga.com\/?author=1\"}]}<\/script>\n<!-- \/ Yoast SEO plugin. -->","yoast_head_json":{"title":"Bye bye bl\u00e5a v\u00e4ggar... - Baka med KlaraForm","robots":{"index":"index","follow":"follow","max-snippet":"max-snippet:-1","max-image-preview":"max-image-preview:large","max-video-preview":"max-video-preview:-1"},"canonical":"https:\/\/klarafardiga.com\/?p=40","og_locale":"sv_SE","og_type":"article","og_title":"Bye bye bl\u00e5a v\u00e4ggar... - Baka med KlaraForm","og_description":"I fredags n\u00e4r jag \u00e5kte hem fr\u00e5n jobbet funderade jag p\u00e5 om jag skulle ta och m\u00e5la om k\u00f6ket. Typiskt mig n\u00e4r jag \u00e4r p\u00e5 h\u00f6gvarv s\u00e5 kommer jag p\u00e5 just detta!!! Sagt och gjort n\u00e4r jag kom hem satte jag ig\u00e5ng, ut med alla grejer, tejpa, tejpa \u00f6verallt. F\u00e4rgen heter Cappuccino s\u00e5 bye bye bl\u00e5a v\u00e4ggar&#8230; Hann m\u00e5la allt en g\u00e5ng innan jag stupade i s\u00e4ng. Fortsatte sedan p\u00e5 l\u00f6rdagen med en omg\u00e5ng till, sen var det dags att st\u00e4lla iordning allt igen. B\u00f6rjar man med en grej s\u00e5 forts\u00e4tter det g\u00e4rna med annat, typ jag m\u00e5ste tv\u00e4tta gardinerna och torka f\u00f6nstren ocks\u00e5&#8230; skurade golvet ordentligt. Oj vad rent det blev *fniss* Oj, vad ont i f\u00f6tterna och benen jag fick av en heldagsrenovering&#8230; Idag ska jag \u00e4ntligen packa upp tv\u00e5 kartonger med glas och porslin och s\u00e4tta in i mitt vita sk\u00e5p. Ja, glasrutan saknas fortfarande i sk\u00e5pet&#8230; f\u00e5r se n\u00e4r jag hinner med det ; ) Ha en sk\u00f6n s\u00f6ndag! Kram Helena","og_url":"https:\/\/klarafardiga.com\/?p=40","og_site_name":"Baka med KlaraForm","article_published_time":"2008-10-05T07:52:00+00:00","og_image":[{"url":"http:\/\/1.bp.blogspot.com\/_rCm4mArCkLE\/SOh0Bp60F_I\/AAAAAAAAA3s\/dgoOo9F0l2k\/s400\/vitaskapet2.jpg"}],"author":"admin","twitter_card":"summary_large_image","twitter_misc":{"Skriven av":"admin","Ber\u00e4knad l\u00e4stid":"1 minut"},"schema":{"@context":"https:\/\/schema.org","@graph":[{"@type":"WebPage","@id":"https:\/\/klarafardiga.com\/?p=40","url":"https:\/\/klarafardiga.com\/?p=40","name":"Bye bye bl\u00e5a v\u00e4ggar... - Baka med KlaraForm","isPartOf":{"@id":"https:\/\/klarafardiga.com\/#website"},"primaryImageOfPage":{"@id":"https:\/\/klarafardiga.com\/?p=40#primaryimage"},"image":{"@id":"https:\/\/klarafardiga.com\/?p=40#primaryimage"},"thumbnailUrl":"http:\/\/1.bp.blogspot.com\/_rCm4mArCkLE\/SOh0Bp60F_I\/AAAAAAAAA3s\/dgoOo9F0l2k\/s400\/vitaskapet2.jpg","datePublished":"2008-10-05T07:52:00+00:00","dateModified":"2008-10-05T07:52:00+00:00","author":{"@id":"https:\/\/klarafardiga.com\/#\/schema\/person\/0f54ba1da7c4c21dd7411ed3a8e9f8c0"},"breadcrumb":{"@id":"https:\/\/klarafardiga.com\/?p=40#breadcrumb"},"inLanguage":"sv-SE","potentialAction":[{"@type":"ReadAction","target":["https:\/\/klarafardiga.com\/?p=40"]}]},{"@type":"ImageObject","inLanguage":"sv-SE","@id":"https:\/\/klarafardiga.com\/?p=40#primaryimage","url":"http:\/\/1.bp.blogspot.com\/_rCm4mArCkLE\/SOh0Bp60F_I\/AAAAAAAAA3s\/dgoOo9F0l2k\/s400\/vitaskapet2.jpg","contentUrl":"http:\/\/1.bp.blogspot.com\/_rCm4mArCkLE\/SOh0Bp60F_I\/AAAAAAAAA3s\/dgoOo9F0l2k\/s400\/vitaskapet2.jpg"},{"@type":"BreadcrumbList","@id":"https:\/\/klarafardiga.com\/?p=40#breadcrumb","itemListElement":[{"@type":"ListItem","position":1,"name":"Hem","item":"https:\/\/klarafardiga.com\/"},{"@type":"ListItem","position":2,"name":"Bye bye bl\u00e5a v\u00e4ggar&#8230;"}]},{"@type":"WebSite","@id":"https:\/\/klarafardiga.com\/#website","url":"https:\/\/klarafardiga.com\/","name":"Baka med KlaraForm","description":"Recept, tips och nyheter i butiken","potentialAction":[{"@type":"SearchAction","target":{"@type":"EntryPoint","urlTemplate":"https:\/\/klarafardiga.com\/?s={search_term_string}"},"query-input":{"@type":"PropertyValueSpecification","valueRequired":true,"valueName":"search_term_string"}}],"inLanguage":"sv-SE"},{"@type":"Person","@id":"https:\/\/klarafardiga.com\/#\/schema\/person\/0f54ba1da7c4c21dd7411ed3a8e9f8c0","name":"admin","image":{"@type":"ImageObject","inLanguage":"sv-SE","@id":"https:\/\/klarafardiga.com\/#\/schema\/person\/image\/","url":"https:\/\/secure.gravatar.com\/avatar\/356da59eaae0a6e58215761d8e8dabed?s=96&d=mm&r=g","contentUrl":"https:\/\/secure.gravatar.com\/avatar\/356da59eaae0a6e58215761d8e8dabed?s=96&d=mm&r=g","caption":"admin"},"sameAs":["http:\/\/www.klaraform.se"],"url":"https:\/\/klarafardiga.com\/?author=1"}]}},"_links":{"self":[{"href":"https:\/\/klarafardiga.com\/index.php?rest_route=\/wp\/v2\/posts\/40"}],"collection":[{"href":"https:\/\/klarafardiga.com\/index.php?rest_route=\/wp\/v2\/posts"}],"about":[{"href":"https:\/\/klarafardiga.com\/index.php?rest_route=\/wp\/v2\/types\/post"}],"author":[{"embeddable":true,"href":"https:\/\/klarafardiga.com\/index.php?rest_route=\/wp\/v2\/users\/1"}],"replies":[{"embeddable":true,"href":"https:\/\/klarafardiga.com\/index.php?rest_route=%2Fwp%2Fv2%2Fcomments&post=40"}],"version-history":[{"count":0,"href":"https:\/\/klarafardiga.com\/index.php?rest_route=\/wp\/v2\/posts\/40\/revisions"}],"wp:attachment":[{"href":"https:\/\/klarafardiga.com\/index.php?rest_route=%2Fwp%2Fv2%2Fmedia&parent=40"}],"wp:term":[{"taxonomy":"category","embeddable":true,"href":"https:\/\/klarafardiga.com\/index.php?rest_route=%2Fwp%2Fv2%2Fcategories&post=40"},{"taxonomy":"post_tag","embeddable":true,"href":"https:\/\/klarafardiga.com\/index.php?rest_route=%2Fwp%2Fv2%2Ftags&post=40"}],"curies":[{"name":"wp","href":"https:\/\/api.w.org\/{rel}","templated":true}]}}