{"id":38,"date":"2008-09-30T22:40:00","date_gmt":"2008-09-30T20:40:00","guid":{"rendered":"http:\/\/klarafardiga.com\/?p=38"},"modified":"2008-09-30T22:40:00","modified_gmt":"2008-09-30T20:40:00","slug":"recept-pa-langpannebullar","status":"publish","type":"post","link":"https:\/\/klarafardiga.com\/?p=38","title":{"rendered":"Recept p\u00e5 l\u00e5ngpannebullar&#8230;"},"content":{"rendered":"<p>Jag m\u00e5ste ju l\u00e4gga ut receptet p\u00e5 l\u00e5ngpannebullarna ocks\u00e5. Det \u00e4r en helt vanlig bulldeg s\u00e4ger min karl. Men <strong>vilket<\/strong> recept anv\u00e4nder du d\u00e5? undrar jag. Precis NU fick jag det i handen s\u00e5 jag passar p\u00e5 att skriva ner det h\u00e4r p\u00e5 bloggen.<\/p>\n<p>120-150 g margarin eller sm\u00f6r<br \/>5 dl mj\u00f6lk<br \/>50 g j\u00e4st<br \/>1\/2 tsk salt<br \/>1 dl socker eller vit sirap<br \/>14-15 dl (ca 875 g) vetemj\u00f6l<\/p>\n<p>Receptet hittar du i den klassiska boken &#8221;V\u00e5r kokbok&#8221;<\/p>\n<p>Kram Helena<\/p>\n","protected":false},"excerpt":{"rendered":"<p>Jag m\u00e5ste ju l\u00e4gga ut receptet p\u00e5 l\u00e5ngpannebullarna ocks\u00e5. Det \u00e4r en helt vanlig bulldeg s\u00e4ger min karl. Men vilket recept anv\u00e4nder du d\u00e5? undrar jag. Precis NU fick jag det i handen s\u00e5 jag passar p\u00e5 att skriva ner det h\u00e4r p\u00e5 bloggen. 120-150 g margarin eller sm\u00f6r5 dl mj\u00f6lk50 g j\u00e4st1\/2 tsk salt1 dl socker eller vit sirap14-15 dl (ca 875 g) vetemj\u00f6l Receptet hittar du i den klassiska boken &#8221;V\u00e5r kokbok&#8221; Kram Helena<\/p>\n","protected":false},"author":1,"featured_media":0,"comment_status":"open","ping_status":"open","sticky":false,"template":"","format":"standard","meta":{"footnotes":""},"categories":[9,3],"tags":[],"yoast_head":"<!-- This site is optimized with the Yoast SEO plugin v23.5 - https:\/\/yoast.com\/wordpress\/plugins\/seo\/ -->\n<title>Recept p\u00e5 l\u00e5ngpannebullar... - Baka med KlaraForm<\/title>\n<meta name=\"robots\" content=\"index, follow, max-snippet:-1, max-image-preview:large, max-video-preview:-1\" \/>\n<link rel=\"canonical\" href=\"https:\/\/klarafardiga.com\/?p=38\" \/>\n<meta property=\"og:locale\" content=\"sv_SE\" \/>\n<meta property=\"og:type\" content=\"article\" \/>\n<meta property=\"og:title\" content=\"Recept p\u00e5 l\u00e5ngpannebullar... - Baka med KlaraForm\" \/>\n<meta property=\"og:description\" content=\"Jag m\u00e5ste ju l\u00e4gga ut receptet p\u00e5 l\u00e5ngpannebullarna ocks\u00e5. Det \u00e4r en helt vanlig bulldeg s\u00e4ger min karl. Men vilket recept anv\u00e4nder du d\u00e5? undrar jag. Precis NU fick jag det i handen s\u00e5 jag passar p\u00e5 att skriva ner det h\u00e4r p\u00e5 bloggen. 120-150 g margarin eller sm\u00f6r5 dl mj\u00f6lk50 g j\u00e4st1\/2 tsk salt1 dl socker eller vit sirap14-15 dl (ca 875 g) vetemj\u00f6l Receptet hittar du i den klassiska boken &#8221;V\u00e5r kokbok&#8221; Kram Helena\" \/>\n<meta property=\"og:url\" content=\"https:\/\/klarafardiga.com\/?p=38\" \/>\n<meta property=\"og:site_name\" content=\"Baka med KlaraForm\" \/>\n<meta property=\"article:published_time\" content=\"2008-09-30T20:40:00+00:00\" \/>\n<meta name=\"author\" content=\"admin\" \/>\n<meta name=\"twitter:card\" content=\"summary_large_image\" \/>\n<meta name=\"twitter:label1\" content=\"Skriven av\" \/>\n\t<meta name=\"twitter:data1\" content=\"admin\" \/>\n<script type=\"application\/ld+json\" class=\"yoast-schema-graph\">{\"@context\":\"https:\/\/schema.org\",\"@graph\":[{\"@type\":\"WebPage\",\"@id\":\"https:\/\/klarafardiga.com\/?p=38\",\"url\":\"https:\/\/klarafardiga.com\/?p=38\",\"name\":\"Recept p\u00e5 l\u00e5ngpannebullar... - Baka med KlaraForm\",\"isPartOf\":{\"@id\":\"https:\/\/klarafardiga.com\/#website\"},\"datePublished\":\"2008-09-30T20:40:00+00:00\",\"dateModified\":\"2008-09-30T20:40:00+00:00\",\"author\":{\"@id\":\"https:\/\/klarafardiga.com\/#\/schema\/person\/0f54ba1da7c4c21dd7411ed3a8e9f8c0\"},\"breadcrumb\":{\"@id\":\"https:\/\/klarafardiga.com\/?p=38#breadcrumb\"},\"inLanguage\":\"sv-SE\",\"potentialAction\":[{\"@type\":\"ReadAction\",\"target\":[\"https:\/\/klarafardiga.com\/?p=38\"]}]},{\"@type\":\"BreadcrumbList\",\"@id\":\"https:\/\/klarafardiga.com\/?p=38#breadcrumb\",\"itemListElement\":[{\"@type\":\"ListItem\",\"position\":1,\"name\":\"Hem\",\"item\":\"https:\/\/klarafardiga.com\/\"},{\"@type\":\"ListItem\",\"position\":2,\"name\":\"Recept p\u00e5 l\u00e5ngpannebullar&#8230;\"}]},{\"@type\":\"WebSite\",\"@id\":\"https:\/\/klarafardiga.com\/#website\",\"url\":\"https:\/\/klarafardiga.com\/\",\"name\":\"Baka med KlaraForm\",\"description\":\"Recept, tips och nyheter i butiken\",\"potentialAction\":[{\"@type\":\"SearchAction\",\"target\":{\"@type\":\"EntryPoint\",\"urlTemplate\":\"https:\/\/klarafardiga.com\/?s={search_term_string}\"},\"query-input\":{\"@type\":\"PropertyValueSpecification\",\"valueRequired\":true,\"valueName\":\"search_term_string\"}}],\"inLanguage\":\"sv-SE\"},{\"@type\":\"Person\",\"@id\":\"https:\/\/klarafardiga.com\/#\/schema\/person\/0f54ba1da7c4c21dd7411ed3a8e9f8c0\",\"name\":\"admin\",\"image\":{\"@type\":\"ImageObject\",\"inLanguage\":\"sv-SE\",\"@id\":\"https:\/\/klarafardiga.com\/#\/schema\/person\/image\/\",\"url\":\"https:\/\/secure.gravatar.com\/avatar\/356da59eaae0a6e58215761d8e8dabed?s=96&d=mm&r=g\",\"contentUrl\":\"https:\/\/secure.gravatar.com\/avatar\/356da59eaae0a6e58215761d8e8dabed?s=96&d=mm&r=g\",\"caption\":\"admin\"},\"sameAs\":[\"http:\/\/www.klaraform.se\"],\"url\":\"https:\/\/klarafardiga.com\/?author=1\"}]}<\/script>\n<!-- \/ Yoast SEO plugin. -->","yoast_head_json":{"title":"Recept p\u00e5 l\u00e5ngpannebullar... - Baka med KlaraForm","robots":{"index":"index","follow":"follow","max-snippet":"max-snippet:-1","max-image-preview":"max-image-preview:large","max-video-preview":"max-video-preview:-1"},"canonical":"https:\/\/klarafardiga.com\/?p=38","og_locale":"sv_SE","og_type":"article","og_title":"Recept p\u00e5 l\u00e5ngpannebullar... - Baka med KlaraForm","og_description":"Jag m\u00e5ste ju l\u00e4gga ut receptet p\u00e5 l\u00e5ngpannebullarna ocks\u00e5. Det \u00e4r en helt vanlig bulldeg s\u00e4ger min karl. Men vilket recept anv\u00e4nder du d\u00e5? undrar jag. Precis NU fick jag det i handen s\u00e5 jag passar p\u00e5 att skriva ner det h\u00e4r p\u00e5 bloggen. 120-150 g margarin eller sm\u00f6r5 dl mj\u00f6lk50 g j\u00e4st1\/2 tsk salt1 dl socker eller vit sirap14-15 dl (ca 875 g) vetemj\u00f6l Receptet hittar du i den klassiska boken &#8221;V\u00e5r kokbok&#8221; Kram Helena","og_url":"https:\/\/klarafardiga.com\/?p=38","og_site_name":"Baka med KlaraForm","article_published_time":"2008-09-30T20:40:00+00:00","author":"admin","twitter_card":"summary_large_image","twitter_misc":{"Skriven av":"admin"},"schema":{"@context":"https:\/\/schema.org","@graph":[{"@type":"WebPage","@id":"https:\/\/klarafardiga.com\/?p=38","url":"https:\/\/klarafardiga.com\/?p=38","name":"Recept p\u00e5 l\u00e5ngpannebullar... - Baka med KlaraForm","isPartOf":{"@id":"https:\/\/klarafardiga.com\/#website"},"datePublished":"2008-09-30T20:40:00+00:00","dateModified":"2008-09-30T20:40:00+00:00","author":{"@id":"https:\/\/klarafardiga.com\/#\/schema\/person\/0f54ba1da7c4c21dd7411ed3a8e9f8c0"},"breadcrumb":{"@id":"https:\/\/klarafardiga.com\/?p=38#breadcrumb"},"inLanguage":"sv-SE","potentialAction":[{"@type":"ReadAction","target":["https:\/\/klarafardiga.com\/?p=38"]}]},{"@type":"BreadcrumbList","@id":"https:\/\/klarafardiga.com\/?p=38#breadcrumb","itemListElement":[{"@type":"ListItem","position":1,"name":"Hem","item":"https:\/\/klarafardiga.com\/"},{"@type":"ListItem","position":2,"name":"Recept p\u00e5 l\u00e5ngpannebullar&#8230;"}]},{"@type":"WebSite","@id":"https:\/\/klarafardiga.com\/#website","url":"https:\/\/klarafardiga.com\/","name":"Baka med KlaraForm","description":"Recept, tips och nyheter i butiken","potentialAction":[{"@type":"SearchAction","target":{"@type":"EntryPoint","urlTemplate":"https:\/\/klarafardiga.com\/?s={search_term_string}"},"query-input":{"@type":"PropertyValueSpecification","valueRequired":true,"valueName":"search_term_string"}}],"inLanguage":"sv-SE"},{"@type":"Person","@id":"https:\/\/klarafardiga.com\/#\/schema\/person\/0f54ba1da7c4c21dd7411ed3a8e9f8c0","name":"admin","image":{"@type":"ImageObject","inLanguage":"sv-SE","@id":"https:\/\/klarafardiga.com\/#\/schema\/person\/image\/","url":"https:\/\/secure.gravatar.com\/avatar\/356da59eaae0a6e58215761d8e8dabed?s=96&d=mm&r=g","contentUrl":"https:\/\/secure.gravatar.com\/avatar\/356da59eaae0a6e58215761d8e8dabed?s=96&d=mm&r=g","caption":"admin"},"sameAs":["http:\/\/www.klaraform.se"],"url":"https:\/\/klarafardiga.com\/?author=1"}]}},"_links":{"self":[{"href":"https:\/\/klarafardiga.com\/index.php?rest_route=\/wp\/v2\/posts\/38"}],"collection":[{"href":"https:\/\/klarafardiga.com\/index.php?rest_route=\/wp\/v2\/posts"}],"about":[{"href":"https:\/\/klarafardiga.com\/index.php?rest_route=\/wp\/v2\/types\/post"}],"author":[{"embeddable":true,"href":"https:\/\/klarafardiga.com\/index.php?rest_route=\/wp\/v2\/users\/1"}],"replies":[{"embeddable":true,"href":"https:\/\/klarafardiga.com\/index.php?rest_route=%2Fwp%2Fv2%2Fcomments&post=38"}],"version-history":[{"count":0,"href":"https:\/\/klarafardiga.com\/index.php?rest_route=\/wp\/v2\/posts\/38\/revisions"}],"wp:attachment":[{"href":"https:\/\/klarafardiga.com\/index.php?rest_route=%2Fwp%2Fv2%2Fmedia&parent=38"}],"wp:term":[{"taxonomy":"category","embeddable":true,"href":"https:\/\/klarafardiga.com\/index.php?rest_route=%2Fwp%2Fv2%2Fcategories&post=38"},{"taxonomy":"post_tag","embeddable":true,"href":"https:\/\/klarafardiga.com\/index.php?rest_route=%2Fwp%2Fv2%2Ftags&post=38"}],"curies":[{"name":"wp","href":"https:\/\/api.w.org\/{rel}","templated":true}]}}