{"id":37,"date":"2008-09-29T21:49:00","date_gmt":"2008-09-29T19:49:00","guid":{"rendered":"http:\/\/klarafardiga.com\/?p=37"},"modified":"2008-09-29T21:49:00","modified_gmt":"2008-09-29T19:49:00","slug":"bullar-i-langpanna","status":"publish","type":"post","link":"https:\/\/klarafardiga.com\/?p=37","title":{"rendered":"Bullar i l\u00e5ngpanna&#8230;"},"content":{"rendered":"<p>Vi bakar j\u00e4mt ser det ut som *fniss* Nu har J bakat sina &#8221;l\u00e5ngpannebullar&#8221; igen. M\u00e5nga har undrat hur han gjorde. Det \u00e4r en helt vanlig bulldeg med samma ingredienser och temperatur p\u00e5 ugn. I st\u00e4llet f\u00f6r att kr\u00e5ngla till det s\u00e5 kavlar man ut degen, l\u00e4gger den i l\u00e5ngpannan p\u00e5 med socker och kanel och till sist l\u00e4gger p\u00e5 ett lager deg till. Penslar med \u00e4gg och p\u00e5 med p\u00e4rlsocker. J\u00e4sa ska det naturligtvis g\u00f6ra som vanligt. Han testade ocks\u00e5 att l\u00e4gga i vanliga ihoprullade bullar i en och samma form, blev en avl\u00e5ng butterkaka av det hela.<\/p>\n<p>Jag t\u00e4nkte att jag skulle f\u00e5 tid att surfa runt p\u00e5 mina favoritbloggar och l\u00e4mna lite kommentarer nu i kv\u00e4ll men tiden bara springer f\u00f6rbi. M\u00e5ste g\u00f6ra iordning allt inf\u00f6r morgondagen, ex. ta fram ungarnas kl\u00e4der, packa v\u00e4skan inf\u00f6r dagis\/lekis. Jag tycker det \u00e4r sk\u00f6nt att ha det gjort p\u00e5 kv\u00e4llen s\u00e5 stressar jag mindre p\u00e5 morgonen. Hur brukar du g\u00f6ra? F\u00f6rbereder kv\u00e4llen innan eller fixar allt p\u00e5 morgonen?<\/p>\n<p><img decoding=\"async\" id=\"BLOGGER_PHOTO_ID_5251535211197580018\" style=\"DISPLAY: block; MARGIN: 0px auto 10px; CURSOR: hand; TEXT-ALIGN: center\" alt=\"\" src=\"http:\/\/2.bp.blogspot.com\/_rCm4mArCkLE\/SOEzc2TjQvI\/AAAAAAAAA3M\/5oZCWwYFstQ\/s400\/bulle_02.jpg\" border=\"0\" \/><img decoding=\"async\" id=\"BLOGGER_PHOTO_ID_5251535210006969986\" style=\"DISPLAY: block; MARGIN: 0px auto 10px; CURSOR: hand; TEXT-ALIGN: center\" alt=\"\" src=\"http:\/\/2.bp.blogspot.com\/_rCm4mArCkLE\/SOEzcx3r_oI\/AAAAAAAAA3U\/oUlFLxNp1XA\/s400\/bulle_03.jpg\" border=\"0\" \/><br \/><img decoding=\"async\" id=\"BLOGGER_PHOTO_ID_5251535205634418882\" style=\"DISPLAY: block; MARGIN: 0px auto 10px; CURSOR: hand; TEXT-ALIGN: center\" alt=\"\" src=\"http:\/\/2.bp.blogspot.com\/_rCm4mArCkLE\/SOEzchlMKMI\/AAAAAAAAA3E\/-HPlWCpuzTE\/s400\/bulle_01.jpg\" border=\"0\" \/><\/p>\n<p>Innan jag s\u00e4ger godnatt s\u00e5 ska jag hinna l\u00e4sa g\u00e5rdagens kv\u00e4llstidning ocks\u00e5, f\u00f6r det hann jag inte med i g\u00e5r \ud83d\ude09<\/p>\n<p>Kram Helena <\/p>\n","protected":false},"excerpt":{"rendered":"<p>Vi bakar j\u00e4mt ser det ut som *fniss* Nu har J bakat sina &#8221;l\u00e5ngpannebullar&#8221; igen. M\u00e5nga har undrat hur han gjorde. Det \u00e4r en helt vanlig bulldeg med samma ingredienser och temperatur p\u00e5 ugn. I st\u00e4llet f\u00f6r att kr\u00e5ngla till det s\u00e5 kavlar man ut degen, l\u00e4gger den i l\u00e5ngpannan p\u00e5 med socker och kanel och till sist l\u00e4gger p\u00e5 ett lager deg till. Penslar med \u00e4gg och p\u00e5 med p\u00e4rlsocker. J\u00e4sa ska det naturligtvis g\u00f6ra som vanligt. Han testade ocks\u00e5 att l\u00e4gga i vanliga ihoprullade bullar i en och samma form, blev en avl\u00e5ng butterkaka av det hela. Jag t\u00e4nkte att jag skulle f\u00e5 tid att surfa runt p\u00e5 mina favoritbloggar och l\u00e4mna lite kommentarer nu i kv\u00e4ll men tiden bara springer f\u00f6rbi. M\u00e5ste g\u00f6ra iordning allt inf\u00f6r morgondagen, ex. ta fram ungarnas kl\u00e4der, packa v\u00e4skan inf\u00f6r dagis\/lekis. Jag tycker det \u00e4r sk\u00f6nt att ha det gjort p\u00e5 kv\u00e4llen s\u00e5 stressar jag mindre p\u00e5 morgonen. Hur brukar du g\u00f6ra? F\u00f6rbereder kv\u00e4llen innan eller fixar allt p\u00e5 morgonen? Innan jag s\u00e4ger godnatt s\u00e5 ska jag hinna l\u00e4sa g\u00e5rdagens kv\u00e4llstidning ocks\u00e5, f\u00f6r det hann jag inte med i g\u00e5r \ud83d\ude09 Kram Helena<\/p>\n","protected":false},"author":1,"featured_media":0,"comment_status":"open","ping_status":"open","sticky":false,"template":"","format":"standard","meta":{"footnotes":""},"categories":[9,3],"tags":[],"yoast_head":"<!-- This site is optimized with the Yoast SEO plugin v23.5 - https:\/\/yoast.com\/wordpress\/plugins\/seo\/ -->\n<title>Bullar i l\u00e5ngpanna... - Baka med KlaraForm<\/title>\n<meta name=\"robots\" content=\"index, follow, max-snippet:-1, max-image-preview:large, max-video-preview:-1\" \/>\n<link rel=\"canonical\" href=\"https:\/\/klarafardiga.com\/?p=37\" \/>\n<meta property=\"og:locale\" content=\"sv_SE\" \/>\n<meta property=\"og:type\" content=\"article\" \/>\n<meta property=\"og:title\" content=\"Bullar i l\u00e5ngpanna... - Baka med KlaraForm\" \/>\n<meta property=\"og:description\" content=\"Vi bakar j\u00e4mt ser det ut som *fniss* Nu har J bakat sina &#8221;l\u00e5ngpannebullar&#8221; igen. M\u00e5nga har undrat hur han gjorde. Det \u00e4r en helt vanlig bulldeg med samma ingredienser och temperatur p\u00e5 ugn. I st\u00e4llet f\u00f6r att kr\u00e5ngla till det s\u00e5 kavlar man ut degen, l\u00e4gger den i l\u00e5ngpannan p\u00e5 med socker och kanel och till sist l\u00e4gger p\u00e5 ett lager deg till. Penslar med \u00e4gg och p\u00e5 med p\u00e4rlsocker. J\u00e4sa ska det naturligtvis g\u00f6ra som vanligt. Han testade ocks\u00e5 att l\u00e4gga i vanliga ihoprullade bullar i en och samma form, blev en avl\u00e5ng butterkaka av det hela. Jag t\u00e4nkte att jag skulle f\u00e5 tid att surfa runt p\u00e5 mina favoritbloggar och l\u00e4mna lite kommentarer nu i kv\u00e4ll men tiden bara springer f\u00f6rbi. M\u00e5ste g\u00f6ra iordning allt inf\u00f6r morgondagen, ex. ta fram ungarnas kl\u00e4der, packa v\u00e4skan inf\u00f6r dagis\/lekis. Jag tycker det \u00e4r sk\u00f6nt att ha det gjort p\u00e5 kv\u00e4llen s\u00e5 stressar jag mindre p\u00e5 morgonen. Hur brukar du g\u00f6ra? F\u00f6rbereder kv\u00e4llen innan eller fixar allt p\u00e5 morgonen? Innan jag s\u00e4ger godnatt s\u00e5 ska jag hinna l\u00e4sa g\u00e5rdagens kv\u00e4llstidning ocks\u00e5, f\u00f6r det hann jag inte med i g\u00e5r \ud83d\ude09 Kram Helena\" \/>\n<meta property=\"og:url\" content=\"https:\/\/klarafardiga.com\/?p=37\" \/>\n<meta property=\"og:site_name\" content=\"Baka med KlaraForm\" \/>\n<meta property=\"article:published_time\" content=\"2008-09-29T19:49:00+00:00\" \/>\n<meta property=\"og:image\" content=\"http:\/\/2.bp.blogspot.com\/_rCm4mArCkLE\/SOEzc2TjQvI\/AAAAAAAAA3M\/5oZCWwYFstQ\/s400\/bulle_02.jpg\" \/>\n<meta name=\"author\" content=\"admin\" \/>\n<meta name=\"twitter:card\" content=\"summary_large_image\" \/>\n<meta name=\"twitter:label1\" content=\"Skriven av\" \/>\n\t<meta name=\"twitter:data1\" content=\"admin\" \/>\n\t<meta name=\"twitter:label2\" content=\"Ber\u00e4knad l\u00e4stid\" \/>\n\t<meta name=\"twitter:data2\" content=\"1 minut\" \/>\n<script type=\"application\/ld+json\" class=\"yoast-schema-graph\">{\"@context\":\"https:\/\/schema.org\",\"@graph\":[{\"@type\":\"WebPage\",\"@id\":\"https:\/\/klarafardiga.com\/?p=37\",\"url\":\"https:\/\/klarafardiga.com\/?p=37\",\"name\":\"Bullar i l\u00e5ngpanna... - Baka med KlaraForm\",\"isPartOf\":{\"@id\":\"https:\/\/klarafardiga.com\/#website\"},\"primaryImageOfPage\":{\"@id\":\"https:\/\/klarafardiga.com\/?p=37#primaryimage\"},\"image\":{\"@id\":\"https:\/\/klarafardiga.com\/?p=37#primaryimage\"},\"thumbnailUrl\":\"http:\/\/2.bp.blogspot.com\/_rCm4mArCkLE\/SOEzc2TjQvI\/AAAAAAAAA3M\/5oZCWwYFstQ\/s400\/bulle_02.jpg\",\"datePublished\":\"2008-09-29T19:49:00+00:00\",\"dateModified\":\"2008-09-29T19:49:00+00:00\",\"author\":{\"@id\":\"https:\/\/klarafardiga.com\/#\/schema\/person\/0f54ba1da7c4c21dd7411ed3a8e9f8c0\"},\"breadcrumb\":{\"@id\":\"https:\/\/klarafardiga.com\/?p=37#breadcrumb\"},\"inLanguage\":\"sv-SE\",\"potentialAction\":[{\"@type\":\"ReadAction\",\"target\":[\"https:\/\/klarafardiga.com\/?p=37\"]}]},{\"@type\":\"ImageObject\",\"inLanguage\":\"sv-SE\",\"@id\":\"https:\/\/klarafardiga.com\/?p=37#primaryimage\",\"url\":\"http:\/\/2.bp.blogspot.com\/_rCm4mArCkLE\/SOEzc2TjQvI\/AAAAAAAAA3M\/5oZCWwYFstQ\/s400\/bulle_02.jpg\",\"contentUrl\":\"http:\/\/2.bp.blogspot.com\/_rCm4mArCkLE\/SOEzc2TjQvI\/AAAAAAAAA3M\/5oZCWwYFstQ\/s400\/bulle_02.jpg\"},{\"@type\":\"BreadcrumbList\",\"@id\":\"https:\/\/klarafardiga.com\/?p=37#breadcrumb\",\"itemListElement\":[{\"@type\":\"ListItem\",\"position\":1,\"name\":\"Hem\",\"item\":\"https:\/\/klarafardiga.com\/\"},{\"@type\":\"ListItem\",\"position\":2,\"name\":\"Bullar i l\u00e5ngpanna&#8230;\"}]},{\"@type\":\"WebSite\",\"@id\":\"https:\/\/klarafardiga.com\/#website\",\"url\":\"https:\/\/klarafardiga.com\/\",\"name\":\"Baka med KlaraForm\",\"description\":\"Recept, tips och nyheter i butiken\",\"potentialAction\":[{\"@type\":\"SearchAction\",\"target\":{\"@type\":\"EntryPoint\",\"urlTemplate\":\"https:\/\/klarafardiga.com\/?s={search_term_string}\"},\"query-input\":{\"@type\":\"PropertyValueSpecification\",\"valueRequired\":true,\"valueName\":\"search_term_string\"}}],\"inLanguage\":\"sv-SE\"},{\"@type\":\"Person\",\"@id\":\"https:\/\/klarafardiga.com\/#\/schema\/person\/0f54ba1da7c4c21dd7411ed3a8e9f8c0\",\"name\":\"admin\",\"image\":{\"@type\":\"ImageObject\",\"inLanguage\":\"sv-SE\",\"@id\":\"https:\/\/klarafardiga.com\/#\/schema\/person\/image\/\",\"url\":\"https:\/\/secure.gravatar.com\/avatar\/356da59eaae0a6e58215761d8e8dabed?s=96&d=mm&r=g\",\"contentUrl\":\"https:\/\/secure.gravatar.com\/avatar\/356da59eaae0a6e58215761d8e8dabed?s=96&d=mm&r=g\",\"caption\":\"admin\"},\"sameAs\":[\"http:\/\/www.klaraform.se\"],\"url\":\"https:\/\/klarafardiga.com\/?author=1\"}]}<\/script>\n<!-- \/ Yoast SEO plugin. -->","yoast_head_json":{"title":"Bullar i l\u00e5ngpanna... - Baka med KlaraForm","robots":{"index":"index","follow":"follow","max-snippet":"max-snippet:-1","max-image-preview":"max-image-preview:large","max-video-preview":"max-video-preview:-1"},"canonical":"https:\/\/klarafardiga.com\/?p=37","og_locale":"sv_SE","og_type":"article","og_title":"Bullar i l\u00e5ngpanna... - Baka med KlaraForm","og_description":"Vi bakar j\u00e4mt ser det ut som *fniss* Nu har J bakat sina &#8221;l\u00e5ngpannebullar&#8221; igen. M\u00e5nga har undrat hur han gjorde. Det \u00e4r en helt vanlig bulldeg med samma ingredienser och temperatur p\u00e5 ugn. I st\u00e4llet f\u00f6r att kr\u00e5ngla till det s\u00e5 kavlar man ut degen, l\u00e4gger den i l\u00e5ngpannan p\u00e5 med socker och kanel och till sist l\u00e4gger p\u00e5 ett lager deg till. Penslar med \u00e4gg och p\u00e5 med p\u00e4rlsocker. J\u00e4sa ska det naturligtvis g\u00f6ra som vanligt. Han testade ocks\u00e5 att l\u00e4gga i vanliga ihoprullade bullar i en och samma form, blev en avl\u00e5ng butterkaka av det hela. Jag t\u00e4nkte att jag skulle f\u00e5 tid att surfa runt p\u00e5 mina favoritbloggar och l\u00e4mna lite kommentarer nu i kv\u00e4ll men tiden bara springer f\u00f6rbi. M\u00e5ste g\u00f6ra iordning allt inf\u00f6r morgondagen, ex. ta fram ungarnas kl\u00e4der, packa v\u00e4skan inf\u00f6r dagis\/lekis. Jag tycker det \u00e4r sk\u00f6nt att ha det gjort p\u00e5 kv\u00e4llen s\u00e5 stressar jag mindre p\u00e5 morgonen. Hur brukar du g\u00f6ra? F\u00f6rbereder kv\u00e4llen innan eller fixar allt p\u00e5 morgonen? Innan jag s\u00e4ger godnatt s\u00e5 ska jag hinna l\u00e4sa g\u00e5rdagens kv\u00e4llstidning ocks\u00e5, f\u00f6r det hann jag inte med i g\u00e5r \ud83d\ude09 Kram Helena","og_url":"https:\/\/klarafardiga.com\/?p=37","og_site_name":"Baka med KlaraForm","article_published_time":"2008-09-29T19:49:00+00:00","og_image":[{"url":"http:\/\/2.bp.blogspot.com\/_rCm4mArCkLE\/SOEzc2TjQvI\/AAAAAAAAA3M\/5oZCWwYFstQ\/s400\/bulle_02.jpg"}],"author":"admin","twitter_card":"summary_large_image","twitter_misc":{"Skriven av":"admin","Ber\u00e4knad l\u00e4stid":"1 minut"},"schema":{"@context":"https:\/\/schema.org","@graph":[{"@type":"WebPage","@id":"https:\/\/klarafardiga.com\/?p=37","url":"https:\/\/klarafardiga.com\/?p=37","name":"Bullar i l\u00e5ngpanna... - Baka med KlaraForm","isPartOf":{"@id":"https:\/\/klarafardiga.com\/#website"},"primaryImageOfPage":{"@id":"https:\/\/klarafardiga.com\/?p=37#primaryimage"},"image":{"@id":"https:\/\/klarafardiga.com\/?p=37#primaryimage"},"thumbnailUrl":"http:\/\/2.bp.blogspot.com\/_rCm4mArCkLE\/SOEzc2TjQvI\/AAAAAAAAA3M\/5oZCWwYFstQ\/s400\/bulle_02.jpg","datePublished":"2008-09-29T19:49:00+00:00","dateModified":"2008-09-29T19:49:00+00:00","author":{"@id":"https:\/\/klarafardiga.com\/#\/schema\/person\/0f54ba1da7c4c21dd7411ed3a8e9f8c0"},"breadcrumb":{"@id":"https:\/\/klarafardiga.com\/?p=37#breadcrumb"},"inLanguage":"sv-SE","potentialAction":[{"@type":"ReadAction","target":["https:\/\/klarafardiga.com\/?p=37"]}]},{"@type":"ImageObject","inLanguage":"sv-SE","@id":"https:\/\/klarafardiga.com\/?p=37#primaryimage","url":"http:\/\/2.bp.blogspot.com\/_rCm4mArCkLE\/SOEzc2TjQvI\/AAAAAAAAA3M\/5oZCWwYFstQ\/s400\/bulle_02.jpg","contentUrl":"http:\/\/2.bp.blogspot.com\/_rCm4mArCkLE\/SOEzc2TjQvI\/AAAAAAAAA3M\/5oZCWwYFstQ\/s400\/bulle_02.jpg"},{"@type":"BreadcrumbList","@id":"https:\/\/klarafardiga.com\/?p=37#breadcrumb","itemListElement":[{"@type":"ListItem","position":1,"name":"Hem","item":"https:\/\/klarafardiga.com\/"},{"@type":"ListItem","position":2,"name":"Bullar i l\u00e5ngpanna&#8230;"}]},{"@type":"WebSite","@id":"https:\/\/klarafardiga.com\/#website","url":"https:\/\/klarafardiga.com\/","name":"Baka med KlaraForm","description":"Recept, tips och nyheter i butiken","potentialAction":[{"@type":"SearchAction","target":{"@type":"EntryPoint","urlTemplate":"https:\/\/klarafardiga.com\/?s={search_term_string}"},"query-input":{"@type":"PropertyValueSpecification","valueRequired":true,"valueName":"search_term_string"}}],"inLanguage":"sv-SE"},{"@type":"Person","@id":"https:\/\/klarafardiga.com\/#\/schema\/person\/0f54ba1da7c4c21dd7411ed3a8e9f8c0","name":"admin","image":{"@type":"ImageObject","inLanguage":"sv-SE","@id":"https:\/\/klarafardiga.com\/#\/schema\/person\/image\/","url":"https:\/\/secure.gravatar.com\/avatar\/356da59eaae0a6e58215761d8e8dabed?s=96&d=mm&r=g","contentUrl":"https:\/\/secure.gravatar.com\/avatar\/356da59eaae0a6e58215761d8e8dabed?s=96&d=mm&r=g","caption":"admin"},"sameAs":["http:\/\/www.klaraform.se"],"url":"https:\/\/klarafardiga.com\/?author=1"}]}},"_links":{"self":[{"href":"https:\/\/klarafardiga.com\/index.php?rest_route=\/wp\/v2\/posts\/37"}],"collection":[{"href":"https:\/\/klarafardiga.com\/index.php?rest_route=\/wp\/v2\/posts"}],"about":[{"href":"https:\/\/klarafardiga.com\/index.php?rest_route=\/wp\/v2\/types\/post"}],"author":[{"embeddable":true,"href":"https:\/\/klarafardiga.com\/index.php?rest_route=\/wp\/v2\/users\/1"}],"replies":[{"embeddable":true,"href":"https:\/\/klarafardiga.com\/index.php?rest_route=%2Fwp%2Fv2%2Fcomments&post=37"}],"version-history":[{"count":0,"href":"https:\/\/klarafardiga.com\/index.php?rest_route=\/wp\/v2\/posts\/37\/revisions"}],"wp:attachment":[{"href":"https:\/\/klarafardiga.com\/index.php?rest_route=%2Fwp%2Fv2%2Fmedia&parent=37"}],"wp:term":[{"taxonomy":"category","embeddable":true,"href":"https:\/\/klarafardiga.com\/index.php?rest_route=%2Fwp%2Fv2%2Fcategories&post=37"},{"taxonomy":"post_tag","embeddable":true,"href":"https:\/\/klarafardiga.com\/index.php?rest_route=%2Fwp%2Fv2%2Ftags&post=37"}],"curies":[{"name":"wp","href":"https:\/\/api.w.org\/{rel}","templated":true}]}}