{"id":32,"date":"2008-09-01T20:55:00","date_gmt":"2008-09-01T18:55:00","guid":{"rendered":"http:\/\/klarafardiga.com\/?p=32"},"modified":"2008-09-01T20:55:00","modified_gmt":"2008-09-01T18:55:00","slug":"ett-skap-i-vitt","status":"publish","type":"post","link":"https:\/\/klarafardiga.com\/?p=32","title":{"rendered":"Ett sk\u00e5p i vitt&#8230;"},"content":{"rendered":"<p>Ja nu \u00e4r det n\u00e4stan klart, sk\u00e5pet jag har kn\u00e5pat p\u00e5 hela sommaren under regniga dagar. Sk\u00e5pet har f\u00e5tt &#8221;tassar&#8221; och fick \u00e4nnu mera h\u00f6jd. En glasruta skall s\u00e4ttas dit. Vore snyggt med ett som \u00e4r lite &#8221;bubbligt&#8221; och ser gammalt ut, vi f\u00e5r se vad jag hittar hos glasm\u00e4staren. Nu ska k\u00f6ksv\u00e4ggarna m\u00e5las i en mild kul\u00f6r, undrar bara n\u00e4r det ska hinnas med *fniss* En helbild p\u00e5 sk\u00e5pet ska jag visa n\u00e4r allt \u00e4r klart \ud83d\ude09<\/p>\n<p><a href=\"http:\/\/3.bp.blogspot.com\/_rCm4mArCkLE\/SLw667KpC_I\/AAAAAAAAA0c\/zc5B_BXBBZc\/s1600-h\/vitaskapet1.jpg\"><img decoding=\"async\" id=\"BLOGGER_PHOTO_ID_5241128850341563378\" style=\"DISPLAY: block; MARGIN: 0px auto 10px; CURSOR: hand; TEXT-ALIGN: center\" alt=\"\" src=\"http:\/\/3.bp.blogspot.com\/_rCm4mArCkLE\/SLw667KpC_I\/AAAAAAAAA0c\/zc5B_BXBBZc\/s400\/vitaskapet1.jpg\" border=\"0\" \/><\/a> Ha en bra vecka tjejer!<br \/>Kram Helena<\/p>\n<div><\/div>\n<p><a href=\"http:\/\/www.bloggkoll.com\/blogg\/5354\/klara-fardiga-blogg?claim=0b3lua8zks2\">F\u00f6lj min blogg med bloggkoll<\/a><\/p>\n","protected":false},"excerpt":{"rendered":"<p>Ja nu \u00e4r det n\u00e4stan klart, sk\u00e5pet jag har kn\u00e5pat p\u00e5 hela sommaren under regniga dagar. Sk\u00e5pet har f\u00e5tt &#8221;tassar&#8221; och fick \u00e4nnu mera h\u00f6jd. En glasruta skall s\u00e4ttas dit. Vore snyggt med ett som \u00e4r lite &#8221;bubbligt&#8221; och ser gammalt ut, vi f\u00e5r se vad jag hittar hos glasm\u00e4staren. Nu ska k\u00f6ksv\u00e4ggarna m\u00e5las i en mild kul\u00f6r, undrar bara n\u00e4r det ska hinnas med *fniss* En helbild p\u00e5 sk\u00e5pet ska jag visa n\u00e4r allt \u00e4r klart \ud83d\ude09 Ha en bra vecka tjejer!Kram Helena F\u00f6lj min blogg med bloggkoll<\/p>\n","protected":false},"author":1,"featured_media":0,"comment_status":"open","ping_status":"open","sticky":false,"template":"","format":"standard","meta":{"footnotes":""},"categories":[5,4],"tags":[],"yoast_head":"<!-- This site is optimized with the Yoast SEO plugin v23.5 - https:\/\/yoast.com\/wordpress\/plugins\/seo\/ -->\n<title>Ett sk\u00e5p i vitt... - Baka med KlaraForm<\/title>\n<meta name=\"robots\" content=\"index, follow, max-snippet:-1, max-image-preview:large, max-video-preview:-1\" \/>\n<link rel=\"canonical\" href=\"https:\/\/klarafardiga.com\/?p=32\" \/>\n<meta property=\"og:locale\" content=\"sv_SE\" \/>\n<meta property=\"og:type\" content=\"article\" \/>\n<meta property=\"og:title\" content=\"Ett sk\u00e5p i vitt... - Baka med KlaraForm\" \/>\n<meta property=\"og:description\" content=\"Ja nu \u00e4r det n\u00e4stan klart, sk\u00e5pet jag har kn\u00e5pat p\u00e5 hela sommaren under regniga dagar. Sk\u00e5pet har f\u00e5tt &#8221;tassar&#8221; och fick \u00e4nnu mera h\u00f6jd. En glasruta skall s\u00e4ttas dit. Vore snyggt med ett som \u00e4r lite &#8221;bubbligt&#8221; och ser gammalt ut, vi f\u00e5r se vad jag hittar hos glasm\u00e4staren. Nu ska k\u00f6ksv\u00e4ggarna m\u00e5las i en mild kul\u00f6r, undrar bara n\u00e4r det ska hinnas med *fniss* En helbild p\u00e5 sk\u00e5pet ska jag visa n\u00e4r allt \u00e4r klart \ud83d\ude09 Ha en bra vecka tjejer!Kram Helena F\u00f6lj min blogg med bloggkoll\" \/>\n<meta property=\"og:url\" content=\"https:\/\/klarafardiga.com\/?p=32\" \/>\n<meta property=\"og:site_name\" content=\"Baka med KlaraForm\" \/>\n<meta property=\"article:published_time\" content=\"2008-09-01T18:55:00+00:00\" \/>\n<meta property=\"og:image\" content=\"http:\/\/3.bp.blogspot.com\/_rCm4mArCkLE\/SLw667KpC_I\/AAAAAAAAA0c\/zc5B_BXBBZc\/s400\/vitaskapet1.jpg\" \/>\n<meta name=\"author\" content=\"admin\" \/>\n<meta name=\"twitter:card\" content=\"summary_large_image\" \/>\n<meta name=\"twitter:label1\" content=\"Skriven av\" \/>\n\t<meta name=\"twitter:data1\" content=\"admin\" \/>\n\t<meta name=\"twitter:label2\" content=\"Ber\u00e4knad l\u00e4stid\" \/>\n\t<meta name=\"twitter:data2\" content=\"1 minut\" \/>\n<script type=\"application\/ld+json\" class=\"yoast-schema-graph\">{\"@context\":\"https:\/\/schema.org\",\"@graph\":[{\"@type\":\"WebPage\",\"@id\":\"https:\/\/klarafardiga.com\/?p=32\",\"url\":\"https:\/\/klarafardiga.com\/?p=32\",\"name\":\"Ett sk\u00e5p i vitt... - Baka med KlaraForm\",\"isPartOf\":{\"@id\":\"https:\/\/klarafardiga.com\/#website\"},\"primaryImageOfPage\":{\"@id\":\"https:\/\/klarafardiga.com\/?p=32#primaryimage\"},\"image\":{\"@id\":\"https:\/\/klarafardiga.com\/?p=32#primaryimage\"},\"thumbnailUrl\":\"http:\/\/3.bp.blogspot.com\/_rCm4mArCkLE\/SLw667KpC_I\/AAAAAAAAA0c\/zc5B_BXBBZc\/s400\/vitaskapet1.jpg\",\"datePublished\":\"2008-09-01T18:55:00+00:00\",\"dateModified\":\"2008-09-01T18:55:00+00:00\",\"author\":{\"@id\":\"https:\/\/klarafardiga.com\/#\/schema\/person\/0f54ba1da7c4c21dd7411ed3a8e9f8c0\"},\"breadcrumb\":{\"@id\":\"https:\/\/klarafardiga.com\/?p=32#breadcrumb\"},\"inLanguage\":\"sv-SE\",\"potentialAction\":[{\"@type\":\"ReadAction\",\"target\":[\"https:\/\/klarafardiga.com\/?p=32\"]}]},{\"@type\":\"ImageObject\",\"inLanguage\":\"sv-SE\",\"@id\":\"https:\/\/klarafardiga.com\/?p=32#primaryimage\",\"url\":\"http:\/\/3.bp.blogspot.com\/_rCm4mArCkLE\/SLw667KpC_I\/AAAAAAAAA0c\/zc5B_BXBBZc\/s400\/vitaskapet1.jpg\",\"contentUrl\":\"http:\/\/3.bp.blogspot.com\/_rCm4mArCkLE\/SLw667KpC_I\/AAAAAAAAA0c\/zc5B_BXBBZc\/s400\/vitaskapet1.jpg\"},{\"@type\":\"BreadcrumbList\",\"@id\":\"https:\/\/klarafardiga.com\/?p=32#breadcrumb\",\"itemListElement\":[{\"@type\":\"ListItem\",\"position\":1,\"name\":\"Hem\",\"item\":\"https:\/\/klarafardiga.com\/\"},{\"@type\":\"ListItem\",\"position\":2,\"name\":\"Ett sk\u00e5p i vitt&#8230;\"}]},{\"@type\":\"WebSite\",\"@id\":\"https:\/\/klarafardiga.com\/#website\",\"url\":\"https:\/\/klarafardiga.com\/\",\"name\":\"Baka med KlaraForm\",\"description\":\"Recept, tips och nyheter i butiken\",\"potentialAction\":[{\"@type\":\"SearchAction\",\"target\":{\"@type\":\"EntryPoint\",\"urlTemplate\":\"https:\/\/klarafardiga.com\/?s={search_term_string}\"},\"query-input\":{\"@type\":\"PropertyValueSpecification\",\"valueRequired\":true,\"valueName\":\"search_term_string\"}}],\"inLanguage\":\"sv-SE\"},{\"@type\":\"Person\",\"@id\":\"https:\/\/klarafardiga.com\/#\/schema\/person\/0f54ba1da7c4c21dd7411ed3a8e9f8c0\",\"name\":\"admin\",\"image\":{\"@type\":\"ImageObject\",\"inLanguage\":\"sv-SE\",\"@id\":\"https:\/\/klarafardiga.com\/#\/schema\/person\/image\/\",\"url\":\"https:\/\/secure.gravatar.com\/avatar\/356da59eaae0a6e58215761d8e8dabed?s=96&d=mm&r=g\",\"contentUrl\":\"https:\/\/secure.gravatar.com\/avatar\/356da59eaae0a6e58215761d8e8dabed?s=96&d=mm&r=g\",\"caption\":\"admin\"},\"sameAs\":[\"http:\/\/www.klaraform.se\"],\"url\":\"https:\/\/klarafardiga.com\/?author=1\"}]}<\/script>\n<!-- \/ Yoast SEO plugin. -->","yoast_head_json":{"title":"Ett sk\u00e5p i vitt... - Baka med KlaraForm","robots":{"index":"index","follow":"follow","max-snippet":"max-snippet:-1","max-image-preview":"max-image-preview:large","max-video-preview":"max-video-preview:-1"},"canonical":"https:\/\/klarafardiga.com\/?p=32","og_locale":"sv_SE","og_type":"article","og_title":"Ett sk\u00e5p i vitt... - Baka med KlaraForm","og_description":"Ja nu \u00e4r det n\u00e4stan klart, sk\u00e5pet jag har kn\u00e5pat p\u00e5 hela sommaren under regniga dagar. Sk\u00e5pet har f\u00e5tt &#8221;tassar&#8221; och fick \u00e4nnu mera h\u00f6jd. En glasruta skall s\u00e4ttas dit. Vore snyggt med ett som \u00e4r lite &#8221;bubbligt&#8221; och ser gammalt ut, vi f\u00e5r se vad jag hittar hos glasm\u00e4staren. Nu ska k\u00f6ksv\u00e4ggarna m\u00e5las i en mild kul\u00f6r, undrar bara n\u00e4r det ska hinnas med *fniss* En helbild p\u00e5 sk\u00e5pet ska jag visa n\u00e4r allt \u00e4r klart \ud83d\ude09 Ha en bra vecka tjejer!Kram Helena F\u00f6lj min blogg med bloggkoll","og_url":"https:\/\/klarafardiga.com\/?p=32","og_site_name":"Baka med KlaraForm","article_published_time":"2008-09-01T18:55:00+00:00","og_image":[{"url":"http:\/\/3.bp.blogspot.com\/_rCm4mArCkLE\/SLw667KpC_I\/AAAAAAAAA0c\/zc5B_BXBBZc\/s400\/vitaskapet1.jpg"}],"author":"admin","twitter_card":"summary_large_image","twitter_misc":{"Skriven av":"admin","Ber\u00e4knad l\u00e4stid":"1 minut"},"schema":{"@context":"https:\/\/schema.org","@graph":[{"@type":"WebPage","@id":"https:\/\/klarafardiga.com\/?p=32","url":"https:\/\/klarafardiga.com\/?p=32","name":"Ett sk\u00e5p i vitt... - Baka med KlaraForm","isPartOf":{"@id":"https:\/\/klarafardiga.com\/#website"},"primaryImageOfPage":{"@id":"https:\/\/klarafardiga.com\/?p=32#primaryimage"},"image":{"@id":"https:\/\/klarafardiga.com\/?p=32#primaryimage"},"thumbnailUrl":"http:\/\/3.bp.blogspot.com\/_rCm4mArCkLE\/SLw667KpC_I\/AAAAAAAAA0c\/zc5B_BXBBZc\/s400\/vitaskapet1.jpg","datePublished":"2008-09-01T18:55:00+00:00","dateModified":"2008-09-01T18:55:00+00:00","author":{"@id":"https:\/\/klarafardiga.com\/#\/schema\/person\/0f54ba1da7c4c21dd7411ed3a8e9f8c0"},"breadcrumb":{"@id":"https:\/\/klarafardiga.com\/?p=32#breadcrumb"},"inLanguage":"sv-SE","potentialAction":[{"@type":"ReadAction","target":["https:\/\/klarafardiga.com\/?p=32"]}]},{"@type":"ImageObject","inLanguage":"sv-SE","@id":"https:\/\/klarafardiga.com\/?p=32#primaryimage","url":"http:\/\/3.bp.blogspot.com\/_rCm4mArCkLE\/SLw667KpC_I\/AAAAAAAAA0c\/zc5B_BXBBZc\/s400\/vitaskapet1.jpg","contentUrl":"http:\/\/3.bp.blogspot.com\/_rCm4mArCkLE\/SLw667KpC_I\/AAAAAAAAA0c\/zc5B_BXBBZc\/s400\/vitaskapet1.jpg"},{"@type":"BreadcrumbList","@id":"https:\/\/klarafardiga.com\/?p=32#breadcrumb","itemListElement":[{"@type":"ListItem","position":1,"name":"Hem","item":"https:\/\/klarafardiga.com\/"},{"@type":"ListItem","position":2,"name":"Ett sk\u00e5p i vitt&#8230;"}]},{"@type":"WebSite","@id":"https:\/\/klarafardiga.com\/#website","url":"https:\/\/klarafardiga.com\/","name":"Baka med KlaraForm","description":"Recept, tips och nyheter i butiken","potentialAction":[{"@type":"SearchAction","target":{"@type":"EntryPoint","urlTemplate":"https:\/\/klarafardiga.com\/?s={search_term_string}"},"query-input":{"@type":"PropertyValueSpecification","valueRequired":true,"valueName":"search_term_string"}}],"inLanguage":"sv-SE"},{"@type":"Person","@id":"https:\/\/klarafardiga.com\/#\/schema\/person\/0f54ba1da7c4c21dd7411ed3a8e9f8c0","name":"admin","image":{"@type":"ImageObject","inLanguage":"sv-SE","@id":"https:\/\/klarafardiga.com\/#\/schema\/person\/image\/","url":"https:\/\/secure.gravatar.com\/avatar\/356da59eaae0a6e58215761d8e8dabed?s=96&d=mm&r=g","contentUrl":"https:\/\/secure.gravatar.com\/avatar\/356da59eaae0a6e58215761d8e8dabed?s=96&d=mm&r=g","caption":"admin"},"sameAs":["http:\/\/www.klaraform.se"],"url":"https:\/\/klarafardiga.com\/?author=1"}]}},"_links":{"self":[{"href":"https:\/\/klarafardiga.com\/index.php?rest_route=\/wp\/v2\/posts\/32"}],"collection":[{"href":"https:\/\/klarafardiga.com\/index.php?rest_route=\/wp\/v2\/posts"}],"about":[{"href":"https:\/\/klarafardiga.com\/index.php?rest_route=\/wp\/v2\/types\/post"}],"author":[{"embeddable":true,"href":"https:\/\/klarafardiga.com\/index.php?rest_route=\/wp\/v2\/users\/1"}],"replies":[{"embeddable":true,"href":"https:\/\/klarafardiga.com\/index.php?rest_route=%2Fwp%2Fv2%2Fcomments&post=32"}],"version-history":[{"count":0,"href":"https:\/\/klarafardiga.com\/index.php?rest_route=\/wp\/v2\/posts\/32\/revisions"}],"wp:attachment":[{"href":"https:\/\/klarafardiga.com\/index.php?rest_route=%2Fwp%2Fv2%2Fmedia&parent=32"}],"wp:term":[{"taxonomy":"category","embeddable":true,"href":"https:\/\/klarafardiga.com\/index.php?rest_route=%2Fwp%2Fv2%2Fcategories&post=32"},{"taxonomy":"post_tag","embeddable":true,"href":"https:\/\/klarafardiga.com\/index.php?rest_route=%2Fwp%2Fv2%2Ftags&post=32"}],"curies":[{"name":"wp","href":"https:\/\/api.w.org\/{rel}","templated":true}]}}