{"id":31,"date":"2008-08-30T22:16:00","date_gmt":"2008-08-30T20:16:00","guid":{"rendered":"http:\/\/klarafardiga.com\/?p=31"},"modified":"2008-08-30T22:16:00","modified_gmt":"2008-08-30T20:16:00","slug":"appelkaka-i-langpanna","status":"publish","type":"post","link":"https:\/\/klarafardiga.com\/?p=31","title":{"rendered":"\u00c4ppelkaka i l\u00e5ngpanna&#8230;"},"content":{"rendered":"<p>Nu har jag smaskat i mig en av de <span style=\"font-size:130%;color:#cc33cc;\"><strong>godaste<\/strong><\/span> \u00e4ppelkakorna jag n\u00e5gonsin har smakat. Det var faktiskt J som bakade denna g\u00e5ng. Du \u00e4r ju j\u00e4tteduktig p\u00e5 att baka&#8230; (hoppas han l\u00e4ser detta *fniss*) Jag hade satt upp receptet p\u00e5 en av k\u00f6ksluckorna och \u00f6nskade att <em>jag<\/em> skulle hinna baka&#8230; Jag delar g\u00e4rna med mig av receptet f\u00f6r det smakade mums!<\/p>\n<div><strong>\u00c4ppelkaka i l\u00e5ngpanna<\/strong><\/div>\n<div><strong>Ingredienser<\/strong><\/div>\n<p><\/p>\n<div>4 \u00e4gg<\/div>\n<div>5 dl socker<\/div>\n<div>200 gr sm\u00f6r<\/div>\n<div>2 dl mj\u00f6lk<\/div>\n<div>6 dl vetemj\u00f6l<\/div>\n<div>4 tsk bakpulver<\/div>\n<div>8 \u00e4pplen<\/div>\n<div>4 msk socker<\/div>\n<div>4 tsk kanel<\/div>\n<p><\/p>\n<div><strong>S\u00e5 h\u00e4r g\u00f6r du<\/strong><\/div>\n<p><\/p>\n<div>1. Sm\u00e4lt sm\u00f6ret. (under tiden kan du skala, k\u00e4rna ur och klyfta \u00e4pplena)<\/div>\n<div>2. Vispa \u00e4gg och socker por\u00f6st. Blanda i mj\u00f6l och bakpulver.<\/div>\n<div>3. Tills\u00e4tt mj\u00f6lk och det avsvalnade sm\u00f6ret.<\/div>\n<div>4. H\u00e4ll smeten p\u00e5 bakpl\u00e5tspapper i en stor l\u00e5ngpanna.<\/div>\n<div>5. V\u00e4nd \u00e4ppelklyftorna i socker och kanelblandningen och f\u00f6rdela dem i smeten.<\/div>\n<div>6. Gr\u00e4dda i ca 25 minuter (200 grader). Sk\u00e4r upp kakan i fyrkanter n\u00e4r den svalnat.<\/div>\n<p><\/p>\n<div><\/div>\n<p><img decoding=\"async\" id=\"BLOGGER_PHOTO_ID_5240411560291438738\" style=\"DISPLAY: block; MARGIN: 0px auto 10px; CURSOR: hand; TEXT-ALIGN: center\" alt=\"\" src=\"http:\/\/1.bp.blogspot.com\/_rCm4mArCkLE\/SLmujJgFkJI\/AAAAAAAAA0U\/hS0BUeZU3go\/s400\/appelkaka2.jpg\" border=\"0\" \/><img decoding=\"async\" id=\"BLOGGER_PHOTO_ID_5240411556466098786\" style=\"DISPLAY: block; MARGIN: 0px auto 10px; CURSOR: hand; TEXT-ALIGN: center\" alt=\"\" src=\"http:\/\/2.bp.blogspot.com\/_rCm4mArCkLE\/SLmui7QDgmI\/AAAAAAAAA0M\/JzyAatXAoos\/s400\/appelkaka1.jpg\" border=\"0\" \/><\/p>\n<div>Ha en fortsatt h\u00e4rlig helg!<\/div>\n<p><\/p>\n<div>Kram Helena<\/div>\n","protected":false},"excerpt":{"rendered":"<p>Nu har jag smaskat i mig en av de godaste \u00e4ppelkakorna jag n\u00e5gonsin har smakat. Det var faktiskt J som bakade denna g\u00e5ng. Du \u00e4r ju j\u00e4tteduktig p\u00e5 att baka&#8230; (hoppas han l\u00e4ser detta *fniss*) Jag hade satt upp receptet p\u00e5 en av k\u00f6ksluckorna och \u00f6nskade att jag skulle hinna baka&#8230; Jag delar g\u00e4rna med mig av receptet f\u00f6r det smakade mums! \u00c4ppelkaka i l\u00e5ngpanna Ingredienser 4 \u00e4gg 5 dl socker 200 gr sm\u00f6r 2 dl mj\u00f6lk 6 dl vetemj\u00f6l 4 tsk bakpulver 8 \u00e4pplen 4 msk socker 4 tsk kanel S\u00e5 h\u00e4r g\u00f6r du 1. Sm\u00e4lt sm\u00f6ret. (under tiden kan du skala, k\u00e4rna ur och klyfta \u00e4pplena) 2. Vispa \u00e4gg och socker por\u00f6st. Blanda i mj\u00f6l och bakpulver. 3. Tills\u00e4tt mj\u00f6lk och det avsvalnade sm\u00f6ret. 4. H\u00e4ll smeten p\u00e5 bakpl\u00e5tspapper i en stor l\u00e5ngpanna. 5. V\u00e4nd \u00e4ppelklyftorna i socker och kanelblandningen och f\u00f6rdela dem i smeten. 6. Gr\u00e4dda i ca 25 minuter (200 grader). Sk\u00e4r upp kakan i fyrkanter n\u00e4r den svalnat. Ha en fortsatt h\u00e4rlig helg! Kram Helena<\/p>\n","protected":false},"author":1,"featured_media":0,"comment_status":"open","ping_status":"open","sticky":false,"template":"","format":"standard","meta":{"footnotes":""},"categories":[9,4,3],"tags":[],"yoast_head":"<!-- This site is optimized with the Yoast SEO plugin v23.5 - https:\/\/yoast.com\/wordpress\/plugins\/seo\/ -->\n<title>\u00c4ppelkaka i l\u00e5ngpanna... - Baka med KlaraForm<\/title>\n<meta name=\"robots\" content=\"index, follow, max-snippet:-1, max-image-preview:large, max-video-preview:-1\" \/>\n<link rel=\"canonical\" href=\"https:\/\/klarafardiga.com\/?p=31\" \/>\n<meta property=\"og:locale\" content=\"sv_SE\" \/>\n<meta property=\"og:type\" content=\"article\" \/>\n<meta property=\"og:title\" content=\"\u00c4ppelkaka i l\u00e5ngpanna... - Baka med KlaraForm\" \/>\n<meta property=\"og:description\" content=\"Nu har jag smaskat i mig en av de godaste \u00e4ppelkakorna jag n\u00e5gonsin har smakat. Det var faktiskt J som bakade denna g\u00e5ng. Du \u00e4r ju j\u00e4tteduktig p\u00e5 att baka&#8230; (hoppas han l\u00e4ser detta *fniss*) Jag hade satt upp receptet p\u00e5 en av k\u00f6ksluckorna och \u00f6nskade att jag skulle hinna baka&#8230; Jag delar g\u00e4rna med mig av receptet f\u00f6r det smakade mums! \u00c4ppelkaka i l\u00e5ngpanna Ingredienser 4 \u00e4gg 5 dl socker 200 gr sm\u00f6r 2 dl mj\u00f6lk 6 dl vetemj\u00f6l 4 tsk bakpulver 8 \u00e4pplen 4 msk socker 4 tsk kanel S\u00e5 h\u00e4r g\u00f6r du 1. Sm\u00e4lt sm\u00f6ret. (under tiden kan du skala, k\u00e4rna ur och klyfta \u00e4pplena) 2. Vispa \u00e4gg och socker por\u00f6st. Blanda i mj\u00f6l och bakpulver. 3. Tills\u00e4tt mj\u00f6lk och det avsvalnade sm\u00f6ret. 4. H\u00e4ll smeten p\u00e5 bakpl\u00e5tspapper i en stor l\u00e5ngpanna. 5. V\u00e4nd \u00e4ppelklyftorna i socker och kanelblandningen och f\u00f6rdela dem i smeten. 6. Gr\u00e4dda i ca 25 minuter (200 grader). Sk\u00e4r upp kakan i fyrkanter n\u00e4r den svalnat. Ha en fortsatt h\u00e4rlig helg! Kram Helena\" \/>\n<meta property=\"og:url\" content=\"https:\/\/klarafardiga.com\/?p=31\" \/>\n<meta property=\"og:site_name\" content=\"Baka med KlaraForm\" \/>\n<meta property=\"article:published_time\" content=\"2008-08-30T20:16:00+00:00\" \/>\n<meta property=\"og:image\" content=\"http:\/\/1.bp.blogspot.com\/_rCm4mArCkLE\/SLmujJgFkJI\/AAAAAAAAA0U\/hS0BUeZU3go\/s400\/appelkaka2.jpg\" \/>\n<meta name=\"author\" content=\"admin\" \/>\n<meta name=\"twitter:card\" content=\"summary_large_image\" \/>\n<meta name=\"twitter:label1\" content=\"Skriven av\" \/>\n\t<meta name=\"twitter:data1\" content=\"admin\" \/>\n\t<meta name=\"twitter:label2\" content=\"Ber\u00e4knad l\u00e4stid\" \/>\n\t<meta name=\"twitter:data2\" content=\"1 minut\" \/>\n<script type=\"application\/ld+json\" class=\"yoast-schema-graph\">{\"@context\":\"https:\/\/schema.org\",\"@graph\":[{\"@type\":\"WebPage\",\"@id\":\"https:\/\/klarafardiga.com\/?p=31\",\"url\":\"https:\/\/klarafardiga.com\/?p=31\",\"name\":\"\u00c4ppelkaka i l\u00e5ngpanna... - Baka med KlaraForm\",\"isPartOf\":{\"@id\":\"https:\/\/klarafardiga.com\/#website\"},\"primaryImageOfPage\":{\"@id\":\"https:\/\/klarafardiga.com\/?p=31#primaryimage\"},\"image\":{\"@id\":\"https:\/\/klarafardiga.com\/?p=31#primaryimage\"},\"thumbnailUrl\":\"http:\/\/1.bp.blogspot.com\/_rCm4mArCkLE\/SLmujJgFkJI\/AAAAAAAAA0U\/hS0BUeZU3go\/s400\/appelkaka2.jpg\",\"datePublished\":\"2008-08-30T20:16:00+00:00\",\"dateModified\":\"2008-08-30T20:16:00+00:00\",\"author\":{\"@id\":\"https:\/\/klarafardiga.com\/#\/schema\/person\/0f54ba1da7c4c21dd7411ed3a8e9f8c0\"},\"breadcrumb\":{\"@id\":\"https:\/\/klarafardiga.com\/?p=31#breadcrumb\"},\"inLanguage\":\"sv-SE\",\"potentialAction\":[{\"@type\":\"ReadAction\",\"target\":[\"https:\/\/klarafardiga.com\/?p=31\"]}]},{\"@type\":\"ImageObject\",\"inLanguage\":\"sv-SE\",\"@id\":\"https:\/\/klarafardiga.com\/?p=31#primaryimage\",\"url\":\"http:\/\/1.bp.blogspot.com\/_rCm4mArCkLE\/SLmujJgFkJI\/AAAAAAAAA0U\/hS0BUeZU3go\/s400\/appelkaka2.jpg\",\"contentUrl\":\"http:\/\/1.bp.blogspot.com\/_rCm4mArCkLE\/SLmujJgFkJI\/AAAAAAAAA0U\/hS0BUeZU3go\/s400\/appelkaka2.jpg\"},{\"@type\":\"BreadcrumbList\",\"@id\":\"https:\/\/klarafardiga.com\/?p=31#breadcrumb\",\"itemListElement\":[{\"@type\":\"ListItem\",\"position\":1,\"name\":\"Hem\",\"item\":\"https:\/\/klarafardiga.com\/\"},{\"@type\":\"ListItem\",\"position\":2,\"name\":\"\u00c4ppelkaka i l\u00e5ngpanna&#8230;\"}]},{\"@type\":\"WebSite\",\"@id\":\"https:\/\/klarafardiga.com\/#website\",\"url\":\"https:\/\/klarafardiga.com\/\",\"name\":\"Baka med KlaraForm\",\"description\":\"Recept, tips och nyheter i butiken\",\"potentialAction\":[{\"@type\":\"SearchAction\",\"target\":{\"@type\":\"EntryPoint\",\"urlTemplate\":\"https:\/\/klarafardiga.com\/?s={search_term_string}\"},\"query-input\":{\"@type\":\"PropertyValueSpecification\",\"valueRequired\":true,\"valueName\":\"search_term_string\"}}],\"inLanguage\":\"sv-SE\"},{\"@type\":\"Person\",\"@id\":\"https:\/\/klarafardiga.com\/#\/schema\/person\/0f54ba1da7c4c21dd7411ed3a8e9f8c0\",\"name\":\"admin\",\"image\":{\"@type\":\"ImageObject\",\"inLanguage\":\"sv-SE\",\"@id\":\"https:\/\/klarafardiga.com\/#\/schema\/person\/image\/\",\"url\":\"https:\/\/secure.gravatar.com\/avatar\/356da59eaae0a6e58215761d8e8dabed?s=96&d=mm&r=g\",\"contentUrl\":\"https:\/\/secure.gravatar.com\/avatar\/356da59eaae0a6e58215761d8e8dabed?s=96&d=mm&r=g\",\"caption\":\"admin\"},\"sameAs\":[\"http:\/\/www.klaraform.se\"],\"url\":\"https:\/\/klarafardiga.com\/?author=1\"}]}<\/script>\n<!-- \/ Yoast SEO plugin. -->","yoast_head_json":{"title":"\u00c4ppelkaka i l\u00e5ngpanna... - Baka med KlaraForm","robots":{"index":"index","follow":"follow","max-snippet":"max-snippet:-1","max-image-preview":"max-image-preview:large","max-video-preview":"max-video-preview:-1"},"canonical":"https:\/\/klarafardiga.com\/?p=31","og_locale":"sv_SE","og_type":"article","og_title":"\u00c4ppelkaka i l\u00e5ngpanna... - Baka med KlaraForm","og_description":"Nu har jag smaskat i mig en av de godaste \u00e4ppelkakorna jag n\u00e5gonsin har smakat. Det var faktiskt J som bakade denna g\u00e5ng. Du \u00e4r ju j\u00e4tteduktig p\u00e5 att baka&#8230; (hoppas han l\u00e4ser detta *fniss*) Jag hade satt upp receptet p\u00e5 en av k\u00f6ksluckorna och \u00f6nskade att jag skulle hinna baka&#8230; Jag delar g\u00e4rna med mig av receptet f\u00f6r det smakade mums! \u00c4ppelkaka i l\u00e5ngpanna Ingredienser 4 \u00e4gg 5 dl socker 200 gr sm\u00f6r 2 dl mj\u00f6lk 6 dl vetemj\u00f6l 4 tsk bakpulver 8 \u00e4pplen 4 msk socker 4 tsk kanel S\u00e5 h\u00e4r g\u00f6r du 1. Sm\u00e4lt sm\u00f6ret. (under tiden kan du skala, k\u00e4rna ur och klyfta \u00e4pplena) 2. Vispa \u00e4gg och socker por\u00f6st. Blanda i mj\u00f6l och bakpulver. 3. Tills\u00e4tt mj\u00f6lk och det avsvalnade sm\u00f6ret. 4. H\u00e4ll smeten p\u00e5 bakpl\u00e5tspapper i en stor l\u00e5ngpanna. 5. V\u00e4nd \u00e4ppelklyftorna i socker och kanelblandningen och f\u00f6rdela dem i smeten. 6. Gr\u00e4dda i ca 25 minuter (200 grader). Sk\u00e4r upp kakan i fyrkanter n\u00e4r den svalnat. Ha en fortsatt h\u00e4rlig helg! Kram Helena","og_url":"https:\/\/klarafardiga.com\/?p=31","og_site_name":"Baka med KlaraForm","article_published_time":"2008-08-30T20:16:00+00:00","og_image":[{"url":"http:\/\/1.bp.blogspot.com\/_rCm4mArCkLE\/SLmujJgFkJI\/AAAAAAAAA0U\/hS0BUeZU3go\/s400\/appelkaka2.jpg"}],"author":"admin","twitter_card":"summary_large_image","twitter_misc":{"Skriven av":"admin","Ber\u00e4knad l\u00e4stid":"1 minut"},"schema":{"@context":"https:\/\/schema.org","@graph":[{"@type":"WebPage","@id":"https:\/\/klarafardiga.com\/?p=31","url":"https:\/\/klarafardiga.com\/?p=31","name":"\u00c4ppelkaka i l\u00e5ngpanna... - Baka med KlaraForm","isPartOf":{"@id":"https:\/\/klarafardiga.com\/#website"},"primaryImageOfPage":{"@id":"https:\/\/klarafardiga.com\/?p=31#primaryimage"},"image":{"@id":"https:\/\/klarafardiga.com\/?p=31#primaryimage"},"thumbnailUrl":"http:\/\/1.bp.blogspot.com\/_rCm4mArCkLE\/SLmujJgFkJI\/AAAAAAAAA0U\/hS0BUeZU3go\/s400\/appelkaka2.jpg","datePublished":"2008-08-30T20:16:00+00:00","dateModified":"2008-08-30T20:16:00+00:00","author":{"@id":"https:\/\/klarafardiga.com\/#\/schema\/person\/0f54ba1da7c4c21dd7411ed3a8e9f8c0"},"breadcrumb":{"@id":"https:\/\/klarafardiga.com\/?p=31#breadcrumb"},"inLanguage":"sv-SE","potentialAction":[{"@type":"ReadAction","target":["https:\/\/klarafardiga.com\/?p=31"]}]},{"@type":"ImageObject","inLanguage":"sv-SE","@id":"https:\/\/klarafardiga.com\/?p=31#primaryimage","url":"http:\/\/1.bp.blogspot.com\/_rCm4mArCkLE\/SLmujJgFkJI\/AAAAAAAAA0U\/hS0BUeZU3go\/s400\/appelkaka2.jpg","contentUrl":"http:\/\/1.bp.blogspot.com\/_rCm4mArCkLE\/SLmujJgFkJI\/AAAAAAAAA0U\/hS0BUeZU3go\/s400\/appelkaka2.jpg"},{"@type":"BreadcrumbList","@id":"https:\/\/klarafardiga.com\/?p=31#breadcrumb","itemListElement":[{"@type":"ListItem","position":1,"name":"Hem","item":"https:\/\/klarafardiga.com\/"},{"@type":"ListItem","position":2,"name":"\u00c4ppelkaka i l\u00e5ngpanna&#8230;"}]},{"@type":"WebSite","@id":"https:\/\/klarafardiga.com\/#website","url":"https:\/\/klarafardiga.com\/","name":"Baka med KlaraForm","description":"Recept, tips och nyheter i butiken","potentialAction":[{"@type":"SearchAction","target":{"@type":"EntryPoint","urlTemplate":"https:\/\/klarafardiga.com\/?s={search_term_string}"},"query-input":{"@type":"PropertyValueSpecification","valueRequired":true,"valueName":"search_term_string"}}],"inLanguage":"sv-SE"},{"@type":"Person","@id":"https:\/\/klarafardiga.com\/#\/schema\/person\/0f54ba1da7c4c21dd7411ed3a8e9f8c0","name":"admin","image":{"@type":"ImageObject","inLanguage":"sv-SE","@id":"https:\/\/klarafardiga.com\/#\/schema\/person\/image\/","url":"https:\/\/secure.gravatar.com\/avatar\/356da59eaae0a6e58215761d8e8dabed?s=96&d=mm&r=g","contentUrl":"https:\/\/secure.gravatar.com\/avatar\/356da59eaae0a6e58215761d8e8dabed?s=96&d=mm&r=g","caption":"admin"},"sameAs":["http:\/\/www.klaraform.se"],"url":"https:\/\/klarafardiga.com\/?author=1"}]}},"_links":{"self":[{"href":"https:\/\/klarafardiga.com\/index.php?rest_route=\/wp\/v2\/posts\/31"}],"collection":[{"href":"https:\/\/klarafardiga.com\/index.php?rest_route=\/wp\/v2\/posts"}],"about":[{"href":"https:\/\/klarafardiga.com\/index.php?rest_route=\/wp\/v2\/types\/post"}],"author":[{"embeddable":true,"href":"https:\/\/klarafardiga.com\/index.php?rest_route=\/wp\/v2\/users\/1"}],"replies":[{"embeddable":true,"href":"https:\/\/klarafardiga.com\/index.php?rest_route=%2Fwp%2Fv2%2Fcomments&post=31"}],"version-history":[{"count":0,"href":"https:\/\/klarafardiga.com\/index.php?rest_route=\/wp\/v2\/posts\/31\/revisions"}],"wp:attachment":[{"href":"https:\/\/klarafardiga.com\/index.php?rest_route=%2Fwp%2Fv2%2Fmedia&parent=31"}],"wp:term":[{"taxonomy":"category","embeddable":true,"href":"https:\/\/klarafardiga.com\/index.php?rest_route=%2Fwp%2Fv2%2Fcategories&post=31"},{"taxonomy":"post_tag","embeddable":true,"href":"https:\/\/klarafardiga.com\/index.php?rest_route=%2Fwp%2Fv2%2Ftags&post=31"}],"curies":[{"name":"wp","href":"https:\/\/api.w.org\/{rel}","templated":true}]}}