{"id":304,"date":"2011-11-19T18:44:11","date_gmt":"2011-11-19T17:44:11","guid":{"rendered":"http:\/\/klarafardiga.com\/?p=304"},"modified":"2011-12-02T13:03:34","modified_gmt":"2011-12-02T12:03:34","slug":"304","status":"publish","type":"post","link":"https:\/\/klarafardiga.com\/?p=304","title":{"rendered":"\u00c5rets f\u00f6rsta pepparkaksbak&#8230;"},"content":{"rendered":"<p>Barnen har bakat pepparkakor, mmm vad gott det \u00e4r med nybakade pepparkakor och julmust till&#8230; H\u00e5ller p\u00e5 f\u00f6r fullt att packa upp nya varor till butiken, det dyker upp n\u00e5gra nyheter varje dag nu ett tag \ud83d\ude42<\/p>\n<p><a href=\"https:\/\/klarafardiga.com\/wp-content\/uploads\/2011\/11\/pepparkakor.jpg\"><img fetchpriority=\"high\" decoding=\"async\" class=\"alignleft size-full wp-image-305\" title=\"Pepparkakor\" src=\"https:\/\/klarafardiga.com\/wp-content\/uploads\/2011\/11\/pepparkakor.jpg\" alt=\"\" width=\"1000\" height=\"666\" srcset=\"https:\/\/klarafardiga.com\/wp-content\/uploads\/2011\/11\/pepparkakor.jpg 1000w, https:\/\/klarafardiga.com\/wp-content\/uploads\/2011\/11\/pepparkakor-300x199.jpg 300w, https:\/\/klarafardiga.com\/wp-content\/uploads\/2011\/11\/pepparkakor-450x300.jpg 450w\" sizes=\"(max-width: 1000px) 100vw, 1000px\" \/><\/a><\/p>\n<p>&nbsp;<\/p>\n<p>&nbsp;<\/p>\n","protected":false},"excerpt":{"rendered":"<p>Barnen har bakat pepparkakor, mmm vad gott det \u00e4r med nybakade pepparkakor och julmust till&#8230; H\u00e5ller p\u00e5 f\u00f6r fullt att packa upp nya varor till butiken, det dyker upp n\u00e5gra nyheter varje dag nu ett tag \ud83d\ude42 &nbsp; &nbsp;<\/p>\n","protected":false},"author":1,"featured_media":0,"comment_status":"open","ping_status":"open","sticky":false,"template":"","format":"standard","meta":{"footnotes":""},"categories":[9],"tags":[],"yoast_head":"<!-- This site is optimized with the Yoast SEO plugin v23.5 - https:\/\/yoast.com\/wordpress\/plugins\/seo\/ -->\n<title>\u00c5rets f\u00f6rsta pepparkaksbak... - Baka med KlaraForm<\/title>\n<meta name=\"robots\" content=\"index, follow, max-snippet:-1, max-image-preview:large, max-video-preview:-1\" \/>\n<link rel=\"canonical\" href=\"https:\/\/klarafardiga.com\/?p=304\" \/>\n<meta property=\"og:locale\" content=\"sv_SE\" \/>\n<meta property=\"og:type\" content=\"article\" \/>\n<meta property=\"og:title\" content=\"\u00c5rets f\u00f6rsta pepparkaksbak... - Baka med KlaraForm\" \/>\n<meta property=\"og:description\" content=\"Barnen har bakat pepparkakor, mmm vad gott det \u00e4r med nybakade pepparkakor och julmust till&#8230; H\u00e5ller p\u00e5 f\u00f6r fullt att packa upp nya varor till butiken, det dyker upp n\u00e5gra nyheter varje dag nu ett tag \ud83d\ude42 &nbsp; &nbsp;\" \/>\n<meta property=\"og:url\" content=\"https:\/\/klarafardiga.com\/?p=304\" \/>\n<meta property=\"og:site_name\" content=\"Baka med KlaraForm\" \/>\n<meta property=\"article:published_time\" content=\"2011-11-19T17:44:11+00:00\" \/>\n<meta property=\"article:modified_time\" content=\"2011-12-02T12:03:34+00:00\" \/>\n<meta property=\"og:image\" content=\"http:\/\/klarafardiga.com\/wp-content\/uploads\/2011\/11\/pepparkakor.jpg\" \/>\n<meta name=\"author\" content=\"admin\" \/>\n<meta name=\"twitter:card\" content=\"summary_large_image\" \/>\n<meta name=\"twitter:label1\" content=\"Skriven av\" \/>\n\t<meta name=\"twitter:data1\" content=\"admin\" \/>\n<script type=\"application\/ld+json\" class=\"yoast-schema-graph\">{\"@context\":\"https:\/\/schema.org\",\"@graph\":[{\"@type\":\"WebPage\",\"@id\":\"https:\/\/klarafardiga.com\/?p=304\",\"url\":\"https:\/\/klarafardiga.com\/?p=304\",\"name\":\"\u00c5rets f\u00f6rsta pepparkaksbak... - Baka med KlaraForm\",\"isPartOf\":{\"@id\":\"https:\/\/klarafardiga.com\/#website\"},\"primaryImageOfPage\":{\"@id\":\"https:\/\/klarafardiga.com\/?p=304#primaryimage\"},\"image\":{\"@id\":\"https:\/\/klarafardiga.com\/?p=304#primaryimage\"},\"thumbnailUrl\":\"http:\/\/klarafardiga.com\/wp-content\/uploads\/2011\/11\/pepparkakor.jpg\",\"datePublished\":\"2011-11-19T17:44:11+00:00\",\"dateModified\":\"2011-12-02T12:03:34+00:00\",\"author\":{\"@id\":\"https:\/\/klarafardiga.com\/#\/schema\/person\/0f54ba1da7c4c21dd7411ed3a8e9f8c0\"},\"breadcrumb\":{\"@id\":\"https:\/\/klarafardiga.com\/?p=304#breadcrumb\"},\"inLanguage\":\"sv-SE\",\"potentialAction\":[{\"@type\":\"ReadAction\",\"target\":[\"https:\/\/klarafardiga.com\/?p=304\"]}]},{\"@type\":\"ImageObject\",\"inLanguage\":\"sv-SE\",\"@id\":\"https:\/\/klarafardiga.com\/?p=304#primaryimage\",\"url\":\"https:\/\/klarafardiga.com\/wp-content\/uploads\/2011\/11\/pepparkakor.jpg\",\"contentUrl\":\"https:\/\/klarafardiga.com\/wp-content\/uploads\/2011\/11\/pepparkakor.jpg\",\"width\":\"1000\",\"height\":\"666\"},{\"@type\":\"BreadcrumbList\",\"@id\":\"https:\/\/klarafardiga.com\/?p=304#breadcrumb\",\"itemListElement\":[{\"@type\":\"ListItem\",\"position\":1,\"name\":\"Hem\",\"item\":\"https:\/\/klarafardiga.com\/\"},{\"@type\":\"ListItem\",\"position\":2,\"name\":\"\u00c5rets f\u00f6rsta pepparkaksbak&#8230;\"}]},{\"@type\":\"WebSite\",\"@id\":\"https:\/\/klarafardiga.com\/#website\",\"url\":\"https:\/\/klarafardiga.com\/\",\"name\":\"Baka med KlaraForm\",\"description\":\"Recept, tips och nyheter i butiken\",\"potentialAction\":[{\"@type\":\"SearchAction\",\"target\":{\"@type\":\"EntryPoint\",\"urlTemplate\":\"https:\/\/klarafardiga.com\/?s={search_term_string}\"},\"query-input\":{\"@type\":\"PropertyValueSpecification\",\"valueRequired\":true,\"valueName\":\"search_term_string\"}}],\"inLanguage\":\"sv-SE\"},{\"@type\":\"Person\",\"@id\":\"https:\/\/klarafardiga.com\/#\/schema\/person\/0f54ba1da7c4c21dd7411ed3a8e9f8c0\",\"name\":\"admin\",\"image\":{\"@type\":\"ImageObject\",\"inLanguage\":\"sv-SE\",\"@id\":\"https:\/\/klarafardiga.com\/#\/schema\/person\/image\/\",\"url\":\"https:\/\/secure.gravatar.com\/avatar\/356da59eaae0a6e58215761d8e8dabed?s=96&d=mm&r=g\",\"contentUrl\":\"https:\/\/secure.gravatar.com\/avatar\/356da59eaae0a6e58215761d8e8dabed?s=96&d=mm&r=g\",\"caption\":\"admin\"},\"sameAs\":[\"http:\/\/www.klaraform.se\"],\"url\":\"https:\/\/klarafardiga.com\/?author=1\"}]}<\/script>\n<!-- \/ Yoast SEO plugin. -->","yoast_head_json":{"title":"\u00c5rets f\u00f6rsta pepparkaksbak... - Baka med KlaraForm","robots":{"index":"index","follow":"follow","max-snippet":"max-snippet:-1","max-image-preview":"max-image-preview:large","max-video-preview":"max-video-preview:-1"},"canonical":"https:\/\/klarafardiga.com\/?p=304","og_locale":"sv_SE","og_type":"article","og_title":"\u00c5rets f\u00f6rsta pepparkaksbak... - Baka med KlaraForm","og_description":"Barnen har bakat pepparkakor, mmm vad gott det \u00e4r med nybakade pepparkakor och julmust till&#8230; H\u00e5ller p\u00e5 f\u00f6r fullt att packa upp nya varor till butiken, det dyker upp n\u00e5gra nyheter varje dag nu ett tag \ud83d\ude42 &nbsp; &nbsp;","og_url":"https:\/\/klarafardiga.com\/?p=304","og_site_name":"Baka med KlaraForm","article_published_time":"2011-11-19T17:44:11+00:00","article_modified_time":"2011-12-02T12:03:34+00:00","og_image":[{"url":"http:\/\/klarafardiga.com\/wp-content\/uploads\/2011\/11\/pepparkakor.jpg"}],"author":"admin","twitter_card":"summary_large_image","twitter_misc":{"Skriven av":"admin"},"schema":{"@context":"https:\/\/schema.org","@graph":[{"@type":"WebPage","@id":"https:\/\/klarafardiga.com\/?p=304","url":"https:\/\/klarafardiga.com\/?p=304","name":"\u00c5rets f\u00f6rsta pepparkaksbak... - Baka med KlaraForm","isPartOf":{"@id":"https:\/\/klarafardiga.com\/#website"},"primaryImageOfPage":{"@id":"https:\/\/klarafardiga.com\/?p=304#primaryimage"},"image":{"@id":"https:\/\/klarafardiga.com\/?p=304#primaryimage"},"thumbnailUrl":"http:\/\/klarafardiga.com\/wp-content\/uploads\/2011\/11\/pepparkakor.jpg","datePublished":"2011-11-19T17:44:11+00:00","dateModified":"2011-12-02T12:03:34+00:00","author":{"@id":"https:\/\/klarafardiga.com\/#\/schema\/person\/0f54ba1da7c4c21dd7411ed3a8e9f8c0"},"breadcrumb":{"@id":"https:\/\/klarafardiga.com\/?p=304#breadcrumb"},"inLanguage":"sv-SE","potentialAction":[{"@type":"ReadAction","target":["https:\/\/klarafardiga.com\/?p=304"]}]},{"@type":"ImageObject","inLanguage":"sv-SE","@id":"https:\/\/klarafardiga.com\/?p=304#primaryimage","url":"https:\/\/klarafardiga.com\/wp-content\/uploads\/2011\/11\/pepparkakor.jpg","contentUrl":"https:\/\/klarafardiga.com\/wp-content\/uploads\/2011\/11\/pepparkakor.jpg","width":"1000","height":"666"},{"@type":"BreadcrumbList","@id":"https:\/\/klarafardiga.com\/?p=304#breadcrumb","itemListElement":[{"@type":"ListItem","position":1,"name":"Hem","item":"https:\/\/klarafardiga.com\/"},{"@type":"ListItem","position":2,"name":"\u00c5rets f\u00f6rsta pepparkaksbak&#8230;"}]},{"@type":"WebSite","@id":"https:\/\/klarafardiga.com\/#website","url":"https:\/\/klarafardiga.com\/","name":"Baka med KlaraForm","description":"Recept, tips och nyheter i butiken","potentialAction":[{"@type":"SearchAction","target":{"@type":"EntryPoint","urlTemplate":"https:\/\/klarafardiga.com\/?s={search_term_string}"},"query-input":{"@type":"PropertyValueSpecification","valueRequired":true,"valueName":"search_term_string"}}],"inLanguage":"sv-SE"},{"@type":"Person","@id":"https:\/\/klarafardiga.com\/#\/schema\/person\/0f54ba1da7c4c21dd7411ed3a8e9f8c0","name":"admin","image":{"@type":"ImageObject","inLanguage":"sv-SE","@id":"https:\/\/klarafardiga.com\/#\/schema\/person\/image\/","url":"https:\/\/secure.gravatar.com\/avatar\/356da59eaae0a6e58215761d8e8dabed?s=96&d=mm&r=g","contentUrl":"https:\/\/secure.gravatar.com\/avatar\/356da59eaae0a6e58215761d8e8dabed?s=96&d=mm&r=g","caption":"admin"},"sameAs":["http:\/\/www.klaraform.se"],"url":"https:\/\/klarafardiga.com\/?author=1"}]}},"_links":{"self":[{"href":"https:\/\/klarafardiga.com\/index.php?rest_route=\/wp\/v2\/posts\/304"}],"collection":[{"href":"https:\/\/klarafardiga.com\/index.php?rest_route=\/wp\/v2\/posts"}],"about":[{"href":"https:\/\/klarafardiga.com\/index.php?rest_route=\/wp\/v2\/types\/post"}],"author":[{"embeddable":true,"href":"https:\/\/klarafardiga.com\/index.php?rest_route=\/wp\/v2\/users\/1"}],"replies":[{"embeddable":true,"href":"https:\/\/klarafardiga.com\/index.php?rest_route=%2Fwp%2Fv2%2Fcomments&post=304"}],"version-history":[{"count":3,"href":"https:\/\/klarafardiga.com\/index.php?rest_route=\/wp\/v2\/posts\/304\/revisions"}],"predecessor-version":[{"id":336,"href":"https:\/\/klarafardiga.com\/index.php?rest_route=\/wp\/v2\/posts\/304\/revisions\/336"}],"wp:attachment":[{"href":"https:\/\/klarafardiga.com\/index.php?rest_route=%2Fwp%2Fv2%2Fmedia&parent=304"}],"wp:term":[{"taxonomy":"category","embeddable":true,"href":"https:\/\/klarafardiga.com\/index.php?rest_route=%2Fwp%2Fv2%2Fcategories&post=304"},{"taxonomy":"post_tag","embeddable":true,"href":"https:\/\/klarafardiga.com\/index.php?rest_route=%2Fwp%2Fv2%2Ftags&post=304"}],"curies":[{"name":"wp","href":"https:\/\/api.w.org\/{rel}","templated":true}]}}