{"id":288,"date":"2011-11-10T18:18:33","date_gmt":"2011-11-10T17:18:33","guid":{"rendered":"http:\/\/klarafardiga.com\/?p=288"},"modified":"2011-12-02T13:03:46","modified_gmt":"2011-12-02T12:03:46","slug":"tavling-vinn-paketkalender-2","status":"publish","type":"post","link":"https:\/\/klarafardiga.com\/?p=288","title":{"rendered":"T\u00e4vling &#8211; vinn paketkalender"},"content":{"rendered":"<p><del datetime=\"2011-11-29T20:33:12+00:00\">Nu har du chansen att vinna<\/del> en paketkalender fr\u00e5n <strong><a href=\"http:\/\/www.klaraform.se\" target=\"_blank\">KlaraForm<\/a><\/strong>. <del datetime=\"2011-11-29T20:33:12+00:00\">Du t\u00e4vlar p\u00e5 v\u00e5r\u00a0<strong><a href=\"http:\/\/www.facebook.com\/klaraform\" target=\"_blank\">Facebooksida<\/a><\/strong>\u00a0har du inte Facebook s\u00e5 g\u00e5r det bra att<strong> t\u00e4vla h\u00e4r p\u00e5 bloggen<\/strong>, skriv en kommentar och du \u00e4r med \ud83d\ude42<\/del><\/p>\n<p><a href=\"https:\/\/klarafardiga.com\/wp-content\/uploads\/2011\/11\/vinnkalender.jpg\"><img fetchpriority=\"high\" decoding=\"async\" class=\"alignnone size-full wp-image-289\" title=\"Paketkalender\" src=\"https:\/\/klarafardiga.com\/wp-content\/uploads\/2011\/11\/vinnkalender.jpg\" alt=\"\" width=\"269\" height=\"522\" srcset=\"https:\/\/klarafardiga.com\/wp-content\/uploads\/2011\/11\/vinnkalender.jpg 269w, https:\/\/klarafardiga.com\/wp-content\/uploads\/2011\/11\/vinnkalender-154x300.jpg 154w\" sizes=\"(max-width: 269px) 100vw, 269px\" \/><\/a><\/p>\n<p><del datetime=\"2011-11-29T20:33:12+00:00\">&#8221;Dela&#8221; med dig av denna sida s\u00e5 mycket det bara g\u00e5r \u2665 och skriv en kommentar h\u00e4r s\u00e5 har du chansen. Tipsa g\u00e4rna vad man kan stoppa i dom sm\u00e5 paketen s\u00e5 vi kan inspirera varandra \ud83d\ude42 Jag avslutar denna t\u00e4vling p\u00e5 onsdag den 16 november kl 21.00.<\/del><\/p>\n<p>Lycka till!<\/p>\n<p>Kram\/Helena<\/p>\n<p>Till\u00e4gg: 28\/11 Har helt gl\u00f6mt bort att presentera vinnaren, hon \u00e4r i alla fall underr\u00e4ttad via Facebook. Mia Carlsson heter hon. Tack alla som varit med och t\u00e4vlat.<\/p>\n","protected":false},"excerpt":{"rendered":"<p>Nu har du chansen att vinna en paketkalender fr\u00e5n KlaraForm. Du t\u00e4vlar p\u00e5 v\u00e5r\u00a0Facebooksida\u00a0har du inte Facebook s\u00e5 g\u00e5r det bra att t\u00e4vla h\u00e4r p\u00e5 bloggen, skriv en kommentar och du \u00e4r med \ud83d\ude42 &#8221;Dela&#8221; med dig av denna sida s\u00e5 mycket det bara g\u00e5r \u2665 och skriv en kommentar h\u00e4r s\u00e5 har du chansen. Tipsa g\u00e4rna vad man kan stoppa i dom sm\u00e5 paketen s\u00e5 vi kan inspirera varandra \ud83d\ude42 Jag avslutar denna t\u00e4vling p\u00e5 onsdag den 16 november kl 21.00. Lycka till! Kram\/Helena Till\u00e4gg: 28\/11 Har helt gl\u00f6mt bort att presentera vinnaren, hon \u00e4r i alla fall underr\u00e4ttad via Facebook. Mia Carlsson heter hon. Tack alla som varit med och t\u00e4vlat.<\/p>\n","protected":false},"author":1,"featured_media":0,"comment_status":"open","ping_status":"open","sticky":false,"template":"","format":"standard","meta":{"footnotes":""},"categories":[11],"tags":[],"yoast_head":"<!-- This site is optimized with the Yoast SEO plugin v23.5 - https:\/\/yoast.com\/wordpress\/plugins\/seo\/ -->\n<title>T\u00e4vling - vinn paketkalender - Baka med KlaraForm<\/title>\n<meta name=\"robots\" content=\"index, follow, max-snippet:-1, max-image-preview:large, max-video-preview:-1\" \/>\n<link rel=\"canonical\" href=\"https:\/\/klarafardiga.com\/?p=288\" \/>\n<meta property=\"og:locale\" content=\"sv_SE\" \/>\n<meta property=\"og:type\" content=\"article\" \/>\n<meta property=\"og:title\" content=\"T\u00e4vling - vinn paketkalender - Baka med KlaraForm\" \/>\n<meta property=\"og:description\" content=\"Nu har du chansen att vinna en paketkalender fr\u00e5n KlaraForm. Du t\u00e4vlar p\u00e5 v\u00e5r\u00a0Facebooksida\u00a0har du inte Facebook s\u00e5 g\u00e5r det bra att t\u00e4vla h\u00e4r p\u00e5 bloggen, skriv en kommentar och du \u00e4r med \ud83d\ude42 &#8221;Dela&#8221; med dig av denna sida s\u00e5 mycket det bara g\u00e5r \u2665 och skriv en kommentar h\u00e4r s\u00e5 har du chansen. Tipsa g\u00e4rna vad man kan stoppa i dom sm\u00e5 paketen s\u00e5 vi kan inspirera varandra \ud83d\ude42 Jag avslutar denna t\u00e4vling p\u00e5 onsdag den 16 november kl 21.00. Lycka till! Kram\/Helena Till\u00e4gg: 28\/11 Har helt gl\u00f6mt bort att presentera vinnaren, hon \u00e4r i alla fall underr\u00e4ttad via Facebook. Mia Carlsson heter hon. Tack alla som varit med och t\u00e4vlat.\" \/>\n<meta property=\"og:url\" content=\"https:\/\/klarafardiga.com\/?p=288\" \/>\n<meta property=\"og:site_name\" content=\"Baka med KlaraForm\" \/>\n<meta property=\"article:published_time\" content=\"2011-11-10T17:18:33+00:00\" \/>\n<meta property=\"article:modified_time\" content=\"2011-12-02T12:03:46+00:00\" \/>\n<meta property=\"og:image\" content=\"http:\/\/klarafardiga.com\/wp-content\/uploads\/2011\/11\/vinnkalender.jpg\" \/>\n<meta name=\"author\" content=\"admin\" \/>\n<meta name=\"twitter:card\" content=\"summary_large_image\" \/>\n<meta name=\"twitter:label1\" content=\"Skriven av\" \/>\n\t<meta name=\"twitter:data1\" content=\"admin\" \/>\n\t<meta name=\"twitter:label2\" content=\"Ber\u00e4knad l\u00e4stid\" \/>\n\t<meta name=\"twitter:data2\" content=\"1 minut\" \/>\n<script type=\"application\/ld+json\" class=\"yoast-schema-graph\">{\"@context\":\"https:\/\/schema.org\",\"@graph\":[{\"@type\":\"WebPage\",\"@id\":\"https:\/\/klarafardiga.com\/?p=288\",\"url\":\"https:\/\/klarafardiga.com\/?p=288\",\"name\":\"T\u00e4vling - vinn paketkalender - Baka med KlaraForm\",\"isPartOf\":{\"@id\":\"https:\/\/klarafardiga.com\/#website\"},\"primaryImageOfPage\":{\"@id\":\"https:\/\/klarafardiga.com\/?p=288#primaryimage\"},\"image\":{\"@id\":\"https:\/\/klarafardiga.com\/?p=288#primaryimage\"},\"thumbnailUrl\":\"http:\/\/klarafardiga.com\/wp-content\/uploads\/2011\/11\/vinnkalender.jpg\",\"datePublished\":\"2011-11-10T17:18:33+00:00\",\"dateModified\":\"2011-12-02T12:03:46+00:00\",\"author\":{\"@id\":\"https:\/\/klarafardiga.com\/#\/schema\/person\/0f54ba1da7c4c21dd7411ed3a8e9f8c0\"},\"breadcrumb\":{\"@id\":\"https:\/\/klarafardiga.com\/?p=288#breadcrumb\"},\"inLanguage\":\"sv-SE\",\"potentialAction\":[{\"@type\":\"ReadAction\",\"target\":[\"https:\/\/klarafardiga.com\/?p=288\"]}]},{\"@type\":\"ImageObject\",\"inLanguage\":\"sv-SE\",\"@id\":\"https:\/\/klarafardiga.com\/?p=288#primaryimage\",\"url\":\"https:\/\/klarafardiga.com\/wp-content\/uploads\/2011\/11\/vinnkalender.jpg\",\"contentUrl\":\"https:\/\/klarafardiga.com\/wp-content\/uploads\/2011\/11\/vinnkalender.jpg\",\"width\":\"269\",\"height\":\"522\"},{\"@type\":\"BreadcrumbList\",\"@id\":\"https:\/\/klarafardiga.com\/?p=288#breadcrumb\",\"itemListElement\":[{\"@type\":\"ListItem\",\"position\":1,\"name\":\"Hem\",\"item\":\"https:\/\/klarafardiga.com\/\"},{\"@type\":\"ListItem\",\"position\":2,\"name\":\"T\u00e4vling &#8211; vinn paketkalender\"}]},{\"@type\":\"WebSite\",\"@id\":\"https:\/\/klarafardiga.com\/#website\",\"url\":\"https:\/\/klarafardiga.com\/\",\"name\":\"Baka med KlaraForm\",\"description\":\"Recept, tips och nyheter i butiken\",\"potentialAction\":[{\"@type\":\"SearchAction\",\"target\":{\"@type\":\"EntryPoint\",\"urlTemplate\":\"https:\/\/klarafardiga.com\/?s={search_term_string}\"},\"query-input\":{\"@type\":\"PropertyValueSpecification\",\"valueRequired\":true,\"valueName\":\"search_term_string\"}}],\"inLanguage\":\"sv-SE\"},{\"@type\":\"Person\",\"@id\":\"https:\/\/klarafardiga.com\/#\/schema\/person\/0f54ba1da7c4c21dd7411ed3a8e9f8c0\",\"name\":\"admin\",\"image\":{\"@type\":\"ImageObject\",\"inLanguage\":\"sv-SE\",\"@id\":\"https:\/\/klarafardiga.com\/#\/schema\/person\/image\/\",\"url\":\"https:\/\/secure.gravatar.com\/avatar\/356da59eaae0a6e58215761d8e8dabed?s=96&d=mm&r=g\",\"contentUrl\":\"https:\/\/secure.gravatar.com\/avatar\/356da59eaae0a6e58215761d8e8dabed?s=96&d=mm&r=g\",\"caption\":\"admin\"},\"sameAs\":[\"http:\/\/www.klaraform.se\"],\"url\":\"https:\/\/klarafardiga.com\/?author=1\"}]}<\/script>\n<!-- \/ Yoast SEO plugin. -->","yoast_head_json":{"title":"T\u00e4vling - vinn paketkalender - Baka med KlaraForm","robots":{"index":"index","follow":"follow","max-snippet":"max-snippet:-1","max-image-preview":"max-image-preview:large","max-video-preview":"max-video-preview:-1"},"canonical":"https:\/\/klarafardiga.com\/?p=288","og_locale":"sv_SE","og_type":"article","og_title":"T\u00e4vling - vinn paketkalender - Baka med KlaraForm","og_description":"Nu har du chansen att vinna en paketkalender fr\u00e5n KlaraForm. Du t\u00e4vlar p\u00e5 v\u00e5r\u00a0Facebooksida\u00a0har du inte Facebook s\u00e5 g\u00e5r det bra att t\u00e4vla h\u00e4r p\u00e5 bloggen, skriv en kommentar och du \u00e4r med \ud83d\ude42 &#8221;Dela&#8221; med dig av denna sida s\u00e5 mycket det bara g\u00e5r \u2665 och skriv en kommentar h\u00e4r s\u00e5 har du chansen. Tipsa g\u00e4rna vad man kan stoppa i dom sm\u00e5 paketen s\u00e5 vi kan inspirera varandra \ud83d\ude42 Jag avslutar denna t\u00e4vling p\u00e5 onsdag den 16 november kl 21.00. Lycka till! Kram\/Helena Till\u00e4gg: 28\/11 Har helt gl\u00f6mt bort att presentera vinnaren, hon \u00e4r i alla fall underr\u00e4ttad via Facebook. Mia Carlsson heter hon. Tack alla som varit med och t\u00e4vlat.","og_url":"https:\/\/klarafardiga.com\/?p=288","og_site_name":"Baka med KlaraForm","article_published_time":"2011-11-10T17:18:33+00:00","article_modified_time":"2011-12-02T12:03:46+00:00","og_image":[{"url":"http:\/\/klarafardiga.com\/wp-content\/uploads\/2011\/11\/vinnkalender.jpg"}],"author":"admin","twitter_card":"summary_large_image","twitter_misc":{"Skriven av":"admin","Ber\u00e4knad l\u00e4stid":"1 minut"},"schema":{"@context":"https:\/\/schema.org","@graph":[{"@type":"WebPage","@id":"https:\/\/klarafardiga.com\/?p=288","url":"https:\/\/klarafardiga.com\/?p=288","name":"T\u00e4vling - vinn paketkalender - Baka med KlaraForm","isPartOf":{"@id":"https:\/\/klarafardiga.com\/#website"},"primaryImageOfPage":{"@id":"https:\/\/klarafardiga.com\/?p=288#primaryimage"},"image":{"@id":"https:\/\/klarafardiga.com\/?p=288#primaryimage"},"thumbnailUrl":"http:\/\/klarafardiga.com\/wp-content\/uploads\/2011\/11\/vinnkalender.jpg","datePublished":"2011-11-10T17:18:33+00:00","dateModified":"2011-12-02T12:03:46+00:00","author":{"@id":"https:\/\/klarafardiga.com\/#\/schema\/person\/0f54ba1da7c4c21dd7411ed3a8e9f8c0"},"breadcrumb":{"@id":"https:\/\/klarafardiga.com\/?p=288#breadcrumb"},"inLanguage":"sv-SE","potentialAction":[{"@type":"ReadAction","target":["https:\/\/klarafardiga.com\/?p=288"]}]},{"@type":"ImageObject","inLanguage":"sv-SE","@id":"https:\/\/klarafardiga.com\/?p=288#primaryimage","url":"https:\/\/klarafardiga.com\/wp-content\/uploads\/2011\/11\/vinnkalender.jpg","contentUrl":"https:\/\/klarafardiga.com\/wp-content\/uploads\/2011\/11\/vinnkalender.jpg","width":"269","height":"522"},{"@type":"BreadcrumbList","@id":"https:\/\/klarafardiga.com\/?p=288#breadcrumb","itemListElement":[{"@type":"ListItem","position":1,"name":"Hem","item":"https:\/\/klarafardiga.com\/"},{"@type":"ListItem","position":2,"name":"T\u00e4vling &#8211; vinn paketkalender"}]},{"@type":"WebSite","@id":"https:\/\/klarafardiga.com\/#website","url":"https:\/\/klarafardiga.com\/","name":"Baka med KlaraForm","description":"Recept, tips och nyheter i butiken","potentialAction":[{"@type":"SearchAction","target":{"@type":"EntryPoint","urlTemplate":"https:\/\/klarafardiga.com\/?s={search_term_string}"},"query-input":{"@type":"PropertyValueSpecification","valueRequired":true,"valueName":"search_term_string"}}],"inLanguage":"sv-SE"},{"@type":"Person","@id":"https:\/\/klarafardiga.com\/#\/schema\/person\/0f54ba1da7c4c21dd7411ed3a8e9f8c0","name":"admin","image":{"@type":"ImageObject","inLanguage":"sv-SE","@id":"https:\/\/klarafardiga.com\/#\/schema\/person\/image\/","url":"https:\/\/secure.gravatar.com\/avatar\/356da59eaae0a6e58215761d8e8dabed?s=96&d=mm&r=g","contentUrl":"https:\/\/secure.gravatar.com\/avatar\/356da59eaae0a6e58215761d8e8dabed?s=96&d=mm&r=g","caption":"admin"},"sameAs":["http:\/\/www.klaraform.se"],"url":"https:\/\/klarafardiga.com\/?author=1"}]}},"_links":{"self":[{"href":"https:\/\/klarafardiga.com\/index.php?rest_route=\/wp\/v2\/posts\/288"}],"collection":[{"href":"https:\/\/klarafardiga.com\/index.php?rest_route=\/wp\/v2\/posts"}],"about":[{"href":"https:\/\/klarafardiga.com\/index.php?rest_route=\/wp\/v2\/types\/post"}],"author":[{"embeddable":true,"href":"https:\/\/klarafardiga.com\/index.php?rest_route=\/wp\/v2\/users\/1"}],"replies":[{"embeddable":true,"href":"https:\/\/klarafardiga.com\/index.php?rest_route=%2Fwp%2Fv2%2Fcomments&post=288"}],"version-history":[{"count":7,"href":"https:\/\/klarafardiga.com\/index.php?rest_route=\/wp\/v2\/posts\/288\/revisions"}],"predecessor-version":[{"id":337,"href":"https:\/\/klarafardiga.com\/index.php?rest_route=\/wp\/v2\/posts\/288\/revisions\/337"}],"wp:attachment":[{"href":"https:\/\/klarafardiga.com\/index.php?rest_route=%2Fwp%2Fv2%2Fmedia&parent=288"}],"wp:term":[{"taxonomy":"category","embeddable":true,"href":"https:\/\/klarafardiga.com\/index.php?rest_route=%2Fwp%2Fv2%2Fcategories&post=288"},{"taxonomy":"post_tag","embeddable":true,"href":"https:\/\/klarafardiga.com\/index.php?rest_route=%2Fwp%2Fv2%2Ftags&post=288"}],"curies":[{"name":"wp","href":"https:\/\/api.w.org\/{rel}","templated":true}]}}