{"id":278,"date":"2011-10-31T21:40:08","date_gmt":"2011-10-31T20:40:08","guid":{"rendered":"http:\/\/klarafardiga.com\/?p=278"},"modified":"2011-10-31T21:41:18","modified_gmt":"2011-10-31T20:41:18","slug":"fargglada-formar","status":"publish","type":"post","link":"https:\/\/klarafardiga.com\/?p=278","title":{"rendered":"F\u00e4rgglada formar"},"content":{"rendered":"<p>F\u00e4rgglada formar hittar du h\u00e4r i <strong><a href=\"http:\/\/www.klaraform.se\/category.php?id_category=3117\" target=\"_blank\">butiken<\/a>, <\/strong>de<a href=\"http:\/\/www.klaraform.se\/category.php?id_category=3117\" target=\"_blank\">\u00a0<\/a>finns i m\u00e5nga olika f\u00e4rger&#8230; Sm\u00f6rs\u00e4kra \u00e4r de ocks\u00e5 s\u00e5 de h\u00e5ller formen bra!<\/p>\n<p><a href=\"https:\/\/klarafardiga.com\/wp-content\/uploads\/2011\/10\/naturell_muffins.jpg\"><img fetchpriority=\"high\" decoding=\"async\" class=\"alignnone size-full wp-image-279\" title=\"Enf\u00e4rgad form\" src=\"https:\/\/klarafardiga.com\/wp-content\/uploads\/2011\/10\/naturell_muffins.jpg\" alt=\"\" width=\"600\" height=\"399\" srcset=\"https:\/\/klarafardiga.com\/wp-content\/uploads\/2011\/10\/naturell_muffins.jpg 600w, https:\/\/klarafardiga.com\/wp-content\/uploads\/2011\/10\/naturell_muffins-300x199.jpg 300w, https:\/\/klarafardiga.com\/wp-content\/uploads\/2011\/10\/naturell_muffins-451x300.jpg 451w\" sizes=\"(max-width: 600px) 100vw, 600px\" \/><\/a><\/p>\n<p>Ha en fortsatt bra vecka!<\/p>\n<p>Kram Helena<\/p>\n","protected":false},"excerpt":{"rendered":"<p>F\u00e4rgglada formar hittar du h\u00e4r i butiken, de\u00a0finns i m\u00e5nga olika f\u00e4rger&#8230; Sm\u00f6rs\u00e4kra \u00e4r de ocks\u00e5 s\u00e5 de h\u00e5ller formen bra! Ha en fortsatt bra vecka! Kram Helena<\/p>\n","protected":false},"author":1,"featured_media":0,"comment_status":"open","ping_status":"open","sticky":false,"template":"","format":"standard","meta":{"footnotes":""},"categories":[8],"tags":[],"yoast_head":"<!-- This site is optimized with the Yoast SEO plugin v23.5 - https:\/\/yoast.com\/wordpress\/plugins\/seo\/ -->\n<title>F\u00e4rgglada formar - Baka med KlaraForm<\/title>\n<meta name=\"robots\" content=\"index, follow, max-snippet:-1, max-image-preview:large, max-video-preview:-1\" \/>\n<link rel=\"canonical\" href=\"https:\/\/klarafardiga.com\/?p=278\" \/>\n<meta property=\"og:locale\" content=\"sv_SE\" \/>\n<meta property=\"og:type\" content=\"article\" \/>\n<meta property=\"og:title\" content=\"F\u00e4rgglada formar - Baka med KlaraForm\" \/>\n<meta property=\"og:description\" content=\"F\u00e4rgglada formar hittar du h\u00e4r i butiken, de\u00a0finns i m\u00e5nga olika f\u00e4rger&#8230; Sm\u00f6rs\u00e4kra \u00e4r de ocks\u00e5 s\u00e5 de h\u00e5ller formen bra! Ha en fortsatt bra vecka! Kram Helena\" \/>\n<meta property=\"og:url\" content=\"https:\/\/klarafardiga.com\/?p=278\" \/>\n<meta property=\"og:site_name\" content=\"Baka med KlaraForm\" \/>\n<meta property=\"article:published_time\" content=\"2011-10-31T20:40:08+00:00\" \/>\n<meta property=\"article:modified_time\" content=\"2011-10-31T20:41:18+00:00\" \/>\n<meta property=\"og:image\" content=\"http:\/\/klarafardiga.com\/wp-content\/uploads\/2011\/10\/naturell_muffins.jpg\" \/>\n<meta name=\"author\" content=\"admin\" \/>\n<meta name=\"twitter:card\" content=\"summary_large_image\" \/>\n<meta name=\"twitter:label1\" content=\"Skriven av\" \/>\n\t<meta name=\"twitter:data1\" content=\"admin\" \/>\n<script type=\"application\/ld+json\" class=\"yoast-schema-graph\">{\"@context\":\"https:\/\/schema.org\",\"@graph\":[{\"@type\":\"WebPage\",\"@id\":\"https:\/\/klarafardiga.com\/?p=278\",\"url\":\"https:\/\/klarafardiga.com\/?p=278\",\"name\":\"F\u00e4rgglada formar - Baka med KlaraForm\",\"isPartOf\":{\"@id\":\"https:\/\/klarafardiga.com\/#website\"},\"primaryImageOfPage\":{\"@id\":\"https:\/\/klarafardiga.com\/?p=278#primaryimage\"},\"image\":{\"@id\":\"https:\/\/klarafardiga.com\/?p=278#primaryimage\"},\"thumbnailUrl\":\"http:\/\/klarafardiga.com\/wp-content\/uploads\/2011\/10\/naturell_muffins.jpg\",\"datePublished\":\"2011-10-31T20:40:08+00:00\",\"dateModified\":\"2011-10-31T20:41:18+00:00\",\"author\":{\"@id\":\"https:\/\/klarafardiga.com\/#\/schema\/person\/0f54ba1da7c4c21dd7411ed3a8e9f8c0\"},\"breadcrumb\":{\"@id\":\"https:\/\/klarafardiga.com\/?p=278#breadcrumb\"},\"inLanguage\":\"sv-SE\",\"potentialAction\":[{\"@type\":\"ReadAction\",\"target\":[\"https:\/\/klarafardiga.com\/?p=278\"]}]},{\"@type\":\"ImageObject\",\"inLanguage\":\"sv-SE\",\"@id\":\"https:\/\/klarafardiga.com\/?p=278#primaryimage\",\"url\":\"https:\/\/klarafardiga.com\/wp-content\/uploads\/2011\/10\/naturell_muffins.jpg\",\"contentUrl\":\"https:\/\/klarafardiga.com\/wp-content\/uploads\/2011\/10\/naturell_muffins.jpg\",\"width\":\"600\",\"height\":\"399\"},{\"@type\":\"BreadcrumbList\",\"@id\":\"https:\/\/klarafardiga.com\/?p=278#breadcrumb\",\"itemListElement\":[{\"@type\":\"ListItem\",\"position\":1,\"name\":\"Hem\",\"item\":\"https:\/\/klarafardiga.com\/\"},{\"@type\":\"ListItem\",\"position\":2,\"name\":\"F\u00e4rgglada formar\"}]},{\"@type\":\"WebSite\",\"@id\":\"https:\/\/klarafardiga.com\/#website\",\"url\":\"https:\/\/klarafardiga.com\/\",\"name\":\"Baka med KlaraForm\",\"description\":\"Recept, tips och nyheter i butiken\",\"potentialAction\":[{\"@type\":\"SearchAction\",\"target\":{\"@type\":\"EntryPoint\",\"urlTemplate\":\"https:\/\/klarafardiga.com\/?s={search_term_string}\"},\"query-input\":{\"@type\":\"PropertyValueSpecification\",\"valueRequired\":true,\"valueName\":\"search_term_string\"}}],\"inLanguage\":\"sv-SE\"},{\"@type\":\"Person\",\"@id\":\"https:\/\/klarafardiga.com\/#\/schema\/person\/0f54ba1da7c4c21dd7411ed3a8e9f8c0\",\"name\":\"admin\",\"image\":{\"@type\":\"ImageObject\",\"inLanguage\":\"sv-SE\",\"@id\":\"https:\/\/klarafardiga.com\/#\/schema\/person\/image\/\",\"url\":\"https:\/\/secure.gravatar.com\/avatar\/356da59eaae0a6e58215761d8e8dabed?s=96&d=mm&r=g\",\"contentUrl\":\"https:\/\/secure.gravatar.com\/avatar\/356da59eaae0a6e58215761d8e8dabed?s=96&d=mm&r=g\",\"caption\":\"admin\"},\"sameAs\":[\"http:\/\/www.klaraform.se\"],\"url\":\"https:\/\/klarafardiga.com\/?author=1\"}]}<\/script>\n<!-- \/ Yoast SEO plugin. -->","yoast_head_json":{"title":"F\u00e4rgglada formar - Baka med KlaraForm","robots":{"index":"index","follow":"follow","max-snippet":"max-snippet:-1","max-image-preview":"max-image-preview:large","max-video-preview":"max-video-preview:-1"},"canonical":"https:\/\/klarafardiga.com\/?p=278","og_locale":"sv_SE","og_type":"article","og_title":"F\u00e4rgglada formar - Baka med KlaraForm","og_description":"F\u00e4rgglada formar hittar du h\u00e4r i butiken, de\u00a0finns i m\u00e5nga olika f\u00e4rger&#8230; Sm\u00f6rs\u00e4kra \u00e4r de ocks\u00e5 s\u00e5 de h\u00e5ller formen bra! Ha en fortsatt bra vecka! Kram Helena","og_url":"https:\/\/klarafardiga.com\/?p=278","og_site_name":"Baka med KlaraForm","article_published_time":"2011-10-31T20:40:08+00:00","article_modified_time":"2011-10-31T20:41:18+00:00","og_image":[{"url":"http:\/\/klarafardiga.com\/wp-content\/uploads\/2011\/10\/naturell_muffins.jpg"}],"author":"admin","twitter_card":"summary_large_image","twitter_misc":{"Skriven av":"admin"},"schema":{"@context":"https:\/\/schema.org","@graph":[{"@type":"WebPage","@id":"https:\/\/klarafardiga.com\/?p=278","url":"https:\/\/klarafardiga.com\/?p=278","name":"F\u00e4rgglada formar - Baka med KlaraForm","isPartOf":{"@id":"https:\/\/klarafardiga.com\/#website"},"primaryImageOfPage":{"@id":"https:\/\/klarafardiga.com\/?p=278#primaryimage"},"image":{"@id":"https:\/\/klarafardiga.com\/?p=278#primaryimage"},"thumbnailUrl":"http:\/\/klarafardiga.com\/wp-content\/uploads\/2011\/10\/naturell_muffins.jpg","datePublished":"2011-10-31T20:40:08+00:00","dateModified":"2011-10-31T20:41:18+00:00","author":{"@id":"https:\/\/klarafardiga.com\/#\/schema\/person\/0f54ba1da7c4c21dd7411ed3a8e9f8c0"},"breadcrumb":{"@id":"https:\/\/klarafardiga.com\/?p=278#breadcrumb"},"inLanguage":"sv-SE","potentialAction":[{"@type":"ReadAction","target":["https:\/\/klarafardiga.com\/?p=278"]}]},{"@type":"ImageObject","inLanguage":"sv-SE","@id":"https:\/\/klarafardiga.com\/?p=278#primaryimage","url":"https:\/\/klarafardiga.com\/wp-content\/uploads\/2011\/10\/naturell_muffins.jpg","contentUrl":"https:\/\/klarafardiga.com\/wp-content\/uploads\/2011\/10\/naturell_muffins.jpg","width":"600","height":"399"},{"@type":"BreadcrumbList","@id":"https:\/\/klarafardiga.com\/?p=278#breadcrumb","itemListElement":[{"@type":"ListItem","position":1,"name":"Hem","item":"https:\/\/klarafardiga.com\/"},{"@type":"ListItem","position":2,"name":"F\u00e4rgglada formar"}]},{"@type":"WebSite","@id":"https:\/\/klarafardiga.com\/#website","url":"https:\/\/klarafardiga.com\/","name":"Baka med KlaraForm","description":"Recept, tips och nyheter i butiken","potentialAction":[{"@type":"SearchAction","target":{"@type":"EntryPoint","urlTemplate":"https:\/\/klarafardiga.com\/?s={search_term_string}"},"query-input":{"@type":"PropertyValueSpecification","valueRequired":true,"valueName":"search_term_string"}}],"inLanguage":"sv-SE"},{"@type":"Person","@id":"https:\/\/klarafardiga.com\/#\/schema\/person\/0f54ba1da7c4c21dd7411ed3a8e9f8c0","name":"admin","image":{"@type":"ImageObject","inLanguage":"sv-SE","@id":"https:\/\/klarafardiga.com\/#\/schema\/person\/image\/","url":"https:\/\/secure.gravatar.com\/avatar\/356da59eaae0a6e58215761d8e8dabed?s=96&d=mm&r=g","contentUrl":"https:\/\/secure.gravatar.com\/avatar\/356da59eaae0a6e58215761d8e8dabed?s=96&d=mm&r=g","caption":"admin"},"sameAs":["http:\/\/www.klaraform.se"],"url":"https:\/\/klarafardiga.com\/?author=1"}]}},"_links":{"self":[{"href":"https:\/\/klarafardiga.com\/index.php?rest_route=\/wp\/v2\/posts\/278"}],"collection":[{"href":"https:\/\/klarafardiga.com\/index.php?rest_route=\/wp\/v2\/posts"}],"about":[{"href":"https:\/\/klarafardiga.com\/index.php?rest_route=\/wp\/v2\/types\/post"}],"author":[{"embeddable":true,"href":"https:\/\/klarafardiga.com\/index.php?rest_route=\/wp\/v2\/users\/1"}],"replies":[{"embeddable":true,"href":"https:\/\/klarafardiga.com\/index.php?rest_route=%2Fwp%2Fv2%2Fcomments&post=278"}],"version-history":[{"count":3,"href":"https:\/\/klarafardiga.com\/index.php?rest_route=\/wp\/v2\/posts\/278\/revisions"}],"predecessor-version":[{"id":281,"href":"https:\/\/klarafardiga.com\/index.php?rest_route=\/wp\/v2\/posts\/278\/revisions\/281"}],"wp:attachment":[{"href":"https:\/\/klarafardiga.com\/index.php?rest_route=%2Fwp%2Fv2%2Fmedia&parent=278"}],"wp:term":[{"taxonomy":"category","embeddable":true,"href":"https:\/\/klarafardiga.com\/index.php?rest_route=%2Fwp%2Fv2%2Fcategories&post=278"},{"taxonomy":"post_tag","embeddable":true,"href":"https:\/\/klarafardiga.com\/index.php?rest_route=%2Fwp%2Fv2%2Ftags&post=278"}],"curies":[{"name":"wp","href":"https:\/\/api.w.org\/{rel}","templated":true}]}}