{"id":27,"date":"2008-07-27T17:02:00","date_gmt":"2008-07-27T15:02:00","guid":{"rendered":"http:\/\/klarafardiga.com\/?p=27"},"modified":"2008-07-27T17:02:00","modified_gmt":"2008-07-27T15:02:00","slug":"utflykt-i-sommarvarmen","status":"publish","type":"post","link":"https:\/\/klarafardiga.com\/?p=27","title":{"rendered":"Utflykt i sommarv\u00e4rmen&#8230;"},"content":{"rendered":"<p>Just nu \u00e4r det alldeles svart p\u00e5 himlen&#8230; undrar hur l\u00e4nge jag t\u00f6rs ha datorn p\u00e5???<\/p>\n<p>Ig\u00e5r hade vi sl\u00e4kttr\u00e4ff med f\u00f6delsedagsfirande. Vi, 12 tjejer i \u00e5ldern 16-66 \u00e5r gjorde en rundtur i v\u00e5rt sommarfagra Dalarna f\u00f6r att gratta v\u00e5ra tv\u00e5 jubilarer som fyllde 90 \u00e5r tillsammans. Vi samlades tidigt p\u00e5 morgonen f\u00f6r att \u00e5ka p\u00e5 &#8221;hemlig resa med PRO&#8221; som vi kallade det f\u00f6r. F\u00f6rst till R\u00e4llsj\u00f6bo och g\u00e5 p\u00e5 loppis. Mitt ute i ingenstans mellan Bjurs\u00e5s och R\u00e4ttvik finns denna lilla oas. Du som gillar glas blir inte besviken &#8211; det finns massor! Fika kan man g\u00f6ra ocks\u00e5, hur mysigt som helst.<\/p>\n<p><img decoding=\"async\" id=\"BLOGGER_PHOTO_ID_5227712133266239442\" style=\"DISPLAY: block; MARGIN: 0px auto 10px; CURSOR: hand; TEXT-ALIGN: center\" alt=\"\" src=\"http:\/\/bp3.blogger.com\/_rCm4mArCkLE\/SIyQfNNVb9I\/AAAAAAAAAsQ\/GneNna0TQw0\/s400\/resa_rallsjobo.jpg\" border=\"0\" \/><img decoding=\"async\" id=\"BLOGGER_PHOTO_ID_5227712132557616018\" style=\"DISPLAY: block; MARGIN: 0px auto 10px; CURSOR: hand; TEXT-ALIGN: center\" alt=\"\" src=\"http:\/\/bp2.blogger.com\/_rCm4mArCkLE\/SIyQfKkYs5I\/AAAAAAAAAsY\/u3k0wG1KWfA\/s400\/resa_rallsjobo_01.jpg\" border=\"0\" \/><br \/>N\u00e4sta stopp blev i R\u00e4ttvik och p\u00e5 Vidablick, finns det n\u00e5gon vackrare utsikt \u00e4n Siljan en s\u00e5n h\u00e4r solig sommardag?? I Dalarna har vi bl\u00e5a berg \ud83d\ude42<\/p>\n<p><img decoding=\"async\" id=\"BLOGGER_PHOTO_ID_5227712135907828578\" style=\"DISPLAY: block; MARGIN: 0px auto 10px; CURSOR: hand; TEXT-ALIGN: center\" alt=\"\" src=\"http:\/\/bp3.blogger.com\/_rCm4mArCkLE\/SIyQfXDI42I\/AAAAAAAAAsg\/_p7uO_r80XY\/s400\/resa_rattvik.jpg\" border=\"0\" \/><br \/>Vi spelade minigolf eller &#8221;naturgolf&#8221; banorna var lite ovanliga&#8230; tre tokiga lag hade vi och mycket skratt och flams blev det&#8230;<\/p>\n<p><img decoding=\"async\" id=\"BLOGGER_PHOTO_ID_5227712132737459298\" style=\"DISPLAY: block; MARGIN: 0px auto 10px; CURSOR: hand; TEXT-ALIGN: center\" alt=\"\" src=\"http:\/\/bp2.blogger.com\/_rCm4mArCkLE\/SIyQfLPQ5GI\/AAAAAAAAAsI\/dLBKv7zKTFo\/s400\/resa_minigolf.jpg\" border=\"0\" \/><br \/>Lunchen intogs p\u00e5 stranden i ljuva T\u00e4llberg d\u00e4r vi \u00e4ven tog ett dopp. Vi simmade eller r\u00e4ttare sagt <em>gick<\/em> i det grunda Siljan \u00f6ver till en \u00f6 mitt emot, varmt och sk\u00f6nt var det.<\/p>\n<p><img decoding=\"async\" id=\"BLOGGER_PHOTO_ID_5227771766791082290\" style=\"DISPLAY: block; MARGIN: 0px auto 10px; CURSOR: hand; TEXT-ALIGN: center\" alt=\"\" src=\"http:\/\/bp1.blogger.com\/_rCm4mArCkLE\/SIzGuVZmETI\/AAAAAAAAAsw\/jXsgm9o3JoQ\/s400\/resa_tallberg.jpg\" border=\"0\" \/><br \/>F\u00e4rden gick sedan vidare till T\u00e4llbergs kreamik&#8230;<\/p>\n<p><img decoding=\"async\" id=\"BLOGGER_PHOTO_ID_5227712138066363234\" style=\"DISPLAY: block; MARGIN: 0px auto 10px; CURSOR: hand; TEXT-ALIGN: center\" alt=\"\" src=\"http:\/\/bp0.blogger.com\/_rCm4mArCkLE\/SIyQffFxg2I\/AAAAAAAAAso\/Gajxl-0lZRw\/s400\/resa_tallbergkeramik.jpg\" border=\"0\" \/>Slutligen hade vi fikapaus i S\u00e5gmyra som var v\u00e5rt sista stopp. I Bjurs v\u00e4ntade alla barnen och alla gubbar p\u00e5 oss. Vi spelade vi kubb, och \u00e5t god mat &#8221;Bjursbricku&#8221; en h\u00e4rlig buff\u00e9 med nyttiga exotiska frukter, skinka, rostbiff, r\u00f6kt fl\u00e4skfil\u00e9 mm.<\/p>\n<p>I morgon ska vi ut p\u00e5 nya \u00e4ventyr<\/p>\n<p>Kramar p\u00e5 er alla i sommarv\u00e4rmen!<\/p>\n<p>Helena<\/p>\n","protected":false},"excerpt":{"rendered":"<p>Just nu \u00e4r det alldeles svart p\u00e5 himlen&#8230; undrar hur l\u00e4nge jag t\u00f6rs ha datorn p\u00e5??? Ig\u00e5r hade vi sl\u00e4kttr\u00e4ff med f\u00f6delsedagsfirande. Vi, 12 tjejer i \u00e5ldern 16-66 \u00e5r gjorde en rundtur i v\u00e5rt sommarfagra Dalarna f\u00f6r att gratta v\u00e5ra tv\u00e5 jubilarer som fyllde 90 \u00e5r tillsammans. Vi samlades tidigt p\u00e5 morgonen f\u00f6r att \u00e5ka p\u00e5 &#8221;hemlig resa med PRO&#8221; som vi kallade det f\u00f6r. F\u00f6rst till R\u00e4llsj\u00f6bo och g\u00e5 p\u00e5 loppis. Mitt ute i ingenstans mellan Bjurs\u00e5s och R\u00e4ttvik finns denna lilla oas. Du som gillar glas blir inte besviken &#8211; det finns massor! Fika kan man g\u00f6ra ocks\u00e5, hur mysigt som helst. N\u00e4sta stopp blev i R\u00e4ttvik och p\u00e5 Vidablick, finns det n\u00e5gon vackrare utsikt \u00e4n Siljan en s\u00e5n h\u00e4r solig sommardag?? I Dalarna har vi bl\u00e5a berg \ud83d\ude42 Vi spelade minigolf eller &#8221;naturgolf&#8221; banorna var lite ovanliga&#8230; tre tokiga lag hade vi och mycket skratt och flams blev det&#8230; Lunchen intogs p\u00e5 stranden i ljuva T\u00e4llberg d\u00e4r vi \u00e4ven tog ett dopp. Vi simmade eller r\u00e4ttare sagt gick i det grunda Siljan \u00f6ver till en \u00f6 mitt emot, varmt och sk\u00f6nt var det. F\u00e4rden gick sedan vidare till T\u00e4llbergs kreamik&#8230; Slutligen hade vi fikapaus i S\u00e5gmyra som var v\u00e5rt sista stopp. I Bjurs v\u00e4ntade alla barnen och alla gubbar p\u00e5 oss. Vi spelade vi kubb, och \u00e5t god mat &#8221;Bjursbricku&#8221; en h\u00e4rlig buff\u00e9 med nyttiga exotiska frukter, skinka, rostbiff, r\u00f6kt fl\u00e4skfil\u00e9 mm. I morgon ska vi ut p\u00e5 nya \u00e4ventyr Kramar p\u00e5 er alla i sommarv\u00e4rmen! Helena<\/p>\n","protected":false},"author":1,"featured_media":0,"comment_status":"open","ping_status":"open","sticky":false,"template":"","format":"standard","meta":{"footnotes":""},"categories":[4,7],"tags":[],"yoast_head":"<!-- This site is optimized with the Yoast SEO plugin v23.5 - https:\/\/yoast.com\/wordpress\/plugins\/seo\/ -->\n<title>Utflykt i sommarv\u00e4rmen... - Baka med KlaraForm<\/title>\n<meta name=\"robots\" content=\"index, follow, max-snippet:-1, max-image-preview:large, max-video-preview:-1\" \/>\n<link rel=\"canonical\" href=\"https:\/\/klarafardiga.com\/?p=27\" \/>\n<meta property=\"og:locale\" content=\"sv_SE\" \/>\n<meta property=\"og:type\" content=\"article\" \/>\n<meta property=\"og:title\" content=\"Utflykt i sommarv\u00e4rmen... - Baka med KlaraForm\" \/>\n<meta property=\"og:description\" content=\"Just nu \u00e4r det alldeles svart p\u00e5 himlen&#8230; undrar hur l\u00e4nge jag t\u00f6rs ha datorn p\u00e5??? Ig\u00e5r hade vi sl\u00e4kttr\u00e4ff med f\u00f6delsedagsfirande. Vi, 12 tjejer i \u00e5ldern 16-66 \u00e5r gjorde en rundtur i v\u00e5rt sommarfagra Dalarna f\u00f6r att gratta v\u00e5ra tv\u00e5 jubilarer som fyllde 90 \u00e5r tillsammans. Vi samlades tidigt p\u00e5 morgonen f\u00f6r att \u00e5ka p\u00e5 &#8221;hemlig resa med PRO&#8221; som vi kallade det f\u00f6r. F\u00f6rst till R\u00e4llsj\u00f6bo och g\u00e5 p\u00e5 loppis. Mitt ute i ingenstans mellan Bjurs\u00e5s och R\u00e4ttvik finns denna lilla oas. Du som gillar glas blir inte besviken &#8211; det finns massor! Fika kan man g\u00f6ra ocks\u00e5, hur mysigt som helst. N\u00e4sta stopp blev i R\u00e4ttvik och p\u00e5 Vidablick, finns det n\u00e5gon vackrare utsikt \u00e4n Siljan en s\u00e5n h\u00e4r solig sommardag?? I Dalarna har vi bl\u00e5a berg \ud83d\ude42 Vi spelade minigolf eller &#8221;naturgolf&#8221; banorna var lite ovanliga&#8230; tre tokiga lag hade vi och mycket skratt och flams blev det&#8230; Lunchen intogs p\u00e5 stranden i ljuva T\u00e4llberg d\u00e4r vi \u00e4ven tog ett dopp. Vi simmade eller r\u00e4ttare sagt gick i det grunda Siljan \u00f6ver till en \u00f6 mitt emot, varmt och sk\u00f6nt var det. F\u00e4rden gick sedan vidare till T\u00e4llbergs kreamik&#8230; Slutligen hade vi fikapaus i S\u00e5gmyra som var v\u00e5rt sista stopp. I Bjurs v\u00e4ntade alla barnen och alla gubbar p\u00e5 oss. Vi spelade vi kubb, och \u00e5t god mat &#8221;Bjursbricku&#8221; en h\u00e4rlig buff\u00e9 med nyttiga exotiska frukter, skinka, rostbiff, r\u00f6kt fl\u00e4skfil\u00e9 mm. I morgon ska vi ut p\u00e5 nya \u00e4ventyr Kramar p\u00e5 er alla i sommarv\u00e4rmen! Helena\" \/>\n<meta property=\"og:url\" content=\"https:\/\/klarafardiga.com\/?p=27\" \/>\n<meta property=\"og:site_name\" content=\"Baka med KlaraForm\" \/>\n<meta property=\"article:published_time\" content=\"2008-07-27T15:02:00+00:00\" \/>\n<meta property=\"og:image\" content=\"http:\/\/bp3.blogger.com\/_rCm4mArCkLE\/SIyQfNNVb9I\/AAAAAAAAAsQ\/GneNna0TQw0\/s400\/resa_rallsjobo.jpg\" \/>\n<meta name=\"author\" content=\"admin\" \/>\n<meta name=\"twitter:card\" content=\"summary_large_image\" \/>\n<meta name=\"twitter:label1\" content=\"Skriven av\" \/>\n\t<meta name=\"twitter:data1\" content=\"admin\" \/>\n\t<meta name=\"twitter:label2\" content=\"Ber\u00e4knad l\u00e4stid\" \/>\n\t<meta name=\"twitter:data2\" content=\"1 minut\" \/>\n<script type=\"application\/ld+json\" class=\"yoast-schema-graph\">{\"@context\":\"https:\/\/schema.org\",\"@graph\":[{\"@type\":\"WebPage\",\"@id\":\"https:\/\/klarafardiga.com\/?p=27\",\"url\":\"https:\/\/klarafardiga.com\/?p=27\",\"name\":\"Utflykt i sommarv\u00e4rmen... - Baka med KlaraForm\",\"isPartOf\":{\"@id\":\"https:\/\/klarafardiga.com\/#website\"},\"primaryImageOfPage\":{\"@id\":\"https:\/\/klarafardiga.com\/?p=27#primaryimage\"},\"image\":{\"@id\":\"https:\/\/klarafardiga.com\/?p=27#primaryimage\"},\"thumbnailUrl\":\"http:\/\/bp3.blogger.com\/_rCm4mArCkLE\/SIyQfNNVb9I\/AAAAAAAAAsQ\/GneNna0TQw0\/s400\/resa_rallsjobo.jpg\",\"datePublished\":\"2008-07-27T15:02:00+00:00\",\"dateModified\":\"2008-07-27T15:02:00+00:00\",\"author\":{\"@id\":\"https:\/\/klarafardiga.com\/#\/schema\/person\/0f54ba1da7c4c21dd7411ed3a8e9f8c0\"},\"breadcrumb\":{\"@id\":\"https:\/\/klarafardiga.com\/?p=27#breadcrumb\"},\"inLanguage\":\"sv-SE\",\"potentialAction\":[{\"@type\":\"ReadAction\",\"target\":[\"https:\/\/klarafardiga.com\/?p=27\"]}]},{\"@type\":\"ImageObject\",\"inLanguage\":\"sv-SE\",\"@id\":\"https:\/\/klarafardiga.com\/?p=27#primaryimage\",\"url\":\"http:\/\/bp3.blogger.com\/_rCm4mArCkLE\/SIyQfNNVb9I\/AAAAAAAAAsQ\/GneNna0TQw0\/s400\/resa_rallsjobo.jpg\",\"contentUrl\":\"http:\/\/bp3.blogger.com\/_rCm4mArCkLE\/SIyQfNNVb9I\/AAAAAAAAAsQ\/GneNna0TQw0\/s400\/resa_rallsjobo.jpg\"},{\"@type\":\"BreadcrumbList\",\"@id\":\"https:\/\/klarafardiga.com\/?p=27#breadcrumb\",\"itemListElement\":[{\"@type\":\"ListItem\",\"position\":1,\"name\":\"Hem\",\"item\":\"https:\/\/klarafardiga.com\/\"},{\"@type\":\"ListItem\",\"position\":2,\"name\":\"Utflykt i sommarv\u00e4rmen&#8230;\"}]},{\"@type\":\"WebSite\",\"@id\":\"https:\/\/klarafardiga.com\/#website\",\"url\":\"https:\/\/klarafardiga.com\/\",\"name\":\"Baka med KlaraForm\",\"description\":\"Recept, tips och nyheter i butiken\",\"potentialAction\":[{\"@type\":\"SearchAction\",\"target\":{\"@type\":\"EntryPoint\",\"urlTemplate\":\"https:\/\/klarafardiga.com\/?s={search_term_string}\"},\"query-input\":{\"@type\":\"PropertyValueSpecification\",\"valueRequired\":true,\"valueName\":\"search_term_string\"}}],\"inLanguage\":\"sv-SE\"},{\"@type\":\"Person\",\"@id\":\"https:\/\/klarafardiga.com\/#\/schema\/person\/0f54ba1da7c4c21dd7411ed3a8e9f8c0\",\"name\":\"admin\",\"image\":{\"@type\":\"ImageObject\",\"inLanguage\":\"sv-SE\",\"@id\":\"https:\/\/klarafardiga.com\/#\/schema\/person\/image\/\",\"url\":\"https:\/\/secure.gravatar.com\/avatar\/356da59eaae0a6e58215761d8e8dabed?s=96&d=mm&r=g\",\"contentUrl\":\"https:\/\/secure.gravatar.com\/avatar\/356da59eaae0a6e58215761d8e8dabed?s=96&d=mm&r=g\",\"caption\":\"admin\"},\"sameAs\":[\"http:\/\/www.klaraform.se\"],\"url\":\"https:\/\/klarafardiga.com\/?author=1\"}]}<\/script>\n<!-- \/ Yoast SEO plugin. -->","yoast_head_json":{"title":"Utflykt i sommarv\u00e4rmen... - Baka med KlaraForm","robots":{"index":"index","follow":"follow","max-snippet":"max-snippet:-1","max-image-preview":"max-image-preview:large","max-video-preview":"max-video-preview:-1"},"canonical":"https:\/\/klarafardiga.com\/?p=27","og_locale":"sv_SE","og_type":"article","og_title":"Utflykt i sommarv\u00e4rmen... - Baka med KlaraForm","og_description":"Just nu \u00e4r det alldeles svart p\u00e5 himlen&#8230; undrar hur l\u00e4nge jag t\u00f6rs ha datorn p\u00e5??? Ig\u00e5r hade vi sl\u00e4kttr\u00e4ff med f\u00f6delsedagsfirande. Vi, 12 tjejer i \u00e5ldern 16-66 \u00e5r gjorde en rundtur i v\u00e5rt sommarfagra Dalarna f\u00f6r att gratta v\u00e5ra tv\u00e5 jubilarer som fyllde 90 \u00e5r tillsammans. Vi samlades tidigt p\u00e5 morgonen f\u00f6r att \u00e5ka p\u00e5 &#8221;hemlig resa med PRO&#8221; som vi kallade det f\u00f6r. F\u00f6rst till R\u00e4llsj\u00f6bo och g\u00e5 p\u00e5 loppis. Mitt ute i ingenstans mellan Bjurs\u00e5s och R\u00e4ttvik finns denna lilla oas. Du som gillar glas blir inte besviken &#8211; det finns massor! Fika kan man g\u00f6ra ocks\u00e5, hur mysigt som helst. N\u00e4sta stopp blev i R\u00e4ttvik och p\u00e5 Vidablick, finns det n\u00e5gon vackrare utsikt \u00e4n Siljan en s\u00e5n h\u00e4r solig sommardag?? I Dalarna har vi bl\u00e5a berg \ud83d\ude42 Vi spelade minigolf eller &#8221;naturgolf&#8221; banorna var lite ovanliga&#8230; tre tokiga lag hade vi och mycket skratt och flams blev det&#8230; Lunchen intogs p\u00e5 stranden i ljuva T\u00e4llberg d\u00e4r vi \u00e4ven tog ett dopp. Vi simmade eller r\u00e4ttare sagt gick i det grunda Siljan \u00f6ver till en \u00f6 mitt emot, varmt och sk\u00f6nt var det. F\u00e4rden gick sedan vidare till T\u00e4llbergs kreamik&#8230; Slutligen hade vi fikapaus i S\u00e5gmyra som var v\u00e5rt sista stopp. I Bjurs v\u00e4ntade alla barnen och alla gubbar p\u00e5 oss. Vi spelade vi kubb, och \u00e5t god mat &#8221;Bjursbricku&#8221; en h\u00e4rlig buff\u00e9 med nyttiga exotiska frukter, skinka, rostbiff, r\u00f6kt fl\u00e4skfil\u00e9 mm. I morgon ska vi ut p\u00e5 nya \u00e4ventyr Kramar p\u00e5 er alla i sommarv\u00e4rmen! Helena","og_url":"https:\/\/klarafardiga.com\/?p=27","og_site_name":"Baka med KlaraForm","article_published_time":"2008-07-27T15:02:00+00:00","og_image":[{"url":"http:\/\/bp3.blogger.com\/_rCm4mArCkLE\/SIyQfNNVb9I\/AAAAAAAAAsQ\/GneNna0TQw0\/s400\/resa_rallsjobo.jpg"}],"author":"admin","twitter_card":"summary_large_image","twitter_misc":{"Skriven av":"admin","Ber\u00e4knad l\u00e4stid":"1 minut"},"schema":{"@context":"https:\/\/schema.org","@graph":[{"@type":"WebPage","@id":"https:\/\/klarafardiga.com\/?p=27","url":"https:\/\/klarafardiga.com\/?p=27","name":"Utflykt i sommarv\u00e4rmen... - Baka med KlaraForm","isPartOf":{"@id":"https:\/\/klarafardiga.com\/#website"},"primaryImageOfPage":{"@id":"https:\/\/klarafardiga.com\/?p=27#primaryimage"},"image":{"@id":"https:\/\/klarafardiga.com\/?p=27#primaryimage"},"thumbnailUrl":"http:\/\/bp3.blogger.com\/_rCm4mArCkLE\/SIyQfNNVb9I\/AAAAAAAAAsQ\/GneNna0TQw0\/s400\/resa_rallsjobo.jpg","datePublished":"2008-07-27T15:02:00+00:00","dateModified":"2008-07-27T15:02:00+00:00","author":{"@id":"https:\/\/klarafardiga.com\/#\/schema\/person\/0f54ba1da7c4c21dd7411ed3a8e9f8c0"},"breadcrumb":{"@id":"https:\/\/klarafardiga.com\/?p=27#breadcrumb"},"inLanguage":"sv-SE","potentialAction":[{"@type":"ReadAction","target":["https:\/\/klarafardiga.com\/?p=27"]}]},{"@type":"ImageObject","inLanguage":"sv-SE","@id":"https:\/\/klarafardiga.com\/?p=27#primaryimage","url":"http:\/\/bp3.blogger.com\/_rCm4mArCkLE\/SIyQfNNVb9I\/AAAAAAAAAsQ\/GneNna0TQw0\/s400\/resa_rallsjobo.jpg","contentUrl":"http:\/\/bp3.blogger.com\/_rCm4mArCkLE\/SIyQfNNVb9I\/AAAAAAAAAsQ\/GneNna0TQw0\/s400\/resa_rallsjobo.jpg"},{"@type":"BreadcrumbList","@id":"https:\/\/klarafardiga.com\/?p=27#breadcrumb","itemListElement":[{"@type":"ListItem","position":1,"name":"Hem","item":"https:\/\/klarafardiga.com\/"},{"@type":"ListItem","position":2,"name":"Utflykt i sommarv\u00e4rmen&#8230;"}]},{"@type":"WebSite","@id":"https:\/\/klarafardiga.com\/#website","url":"https:\/\/klarafardiga.com\/","name":"Baka med KlaraForm","description":"Recept, tips och nyheter i butiken","potentialAction":[{"@type":"SearchAction","target":{"@type":"EntryPoint","urlTemplate":"https:\/\/klarafardiga.com\/?s={search_term_string}"},"query-input":{"@type":"PropertyValueSpecification","valueRequired":true,"valueName":"search_term_string"}}],"inLanguage":"sv-SE"},{"@type":"Person","@id":"https:\/\/klarafardiga.com\/#\/schema\/person\/0f54ba1da7c4c21dd7411ed3a8e9f8c0","name":"admin","image":{"@type":"ImageObject","inLanguage":"sv-SE","@id":"https:\/\/klarafardiga.com\/#\/schema\/person\/image\/","url":"https:\/\/secure.gravatar.com\/avatar\/356da59eaae0a6e58215761d8e8dabed?s=96&d=mm&r=g","contentUrl":"https:\/\/secure.gravatar.com\/avatar\/356da59eaae0a6e58215761d8e8dabed?s=96&d=mm&r=g","caption":"admin"},"sameAs":["http:\/\/www.klaraform.se"],"url":"https:\/\/klarafardiga.com\/?author=1"}]}},"_links":{"self":[{"href":"https:\/\/klarafardiga.com\/index.php?rest_route=\/wp\/v2\/posts\/27"}],"collection":[{"href":"https:\/\/klarafardiga.com\/index.php?rest_route=\/wp\/v2\/posts"}],"about":[{"href":"https:\/\/klarafardiga.com\/index.php?rest_route=\/wp\/v2\/types\/post"}],"author":[{"embeddable":true,"href":"https:\/\/klarafardiga.com\/index.php?rest_route=\/wp\/v2\/users\/1"}],"replies":[{"embeddable":true,"href":"https:\/\/klarafardiga.com\/index.php?rest_route=%2Fwp%2Fv2%2Fcomments&post=27"}],"version-history":[{"count":0,"href":"https:\/\/klarafardiga.com\/index.php?rest_route=\/wp\/v2\/posts\/27\/revisions"}],"wp:attachment":[{"href":"https:\/\/klarafardiga.com\/index.php?rest_route=%2Fwp%2Fv2%2Fmedia&parent=27"}],"wp:term":[{"taxonomy":"category","embeddable":true,"href":"https:\/\/klarafardiga.com\/index.php?rest_route=%2Fwp%2Fv2%2Fcategories&post=27"},{"taxonomy":"post_tag","embeddable":true,"href":"https:\/\/klarafardiga.com\/index.php?rest_route=%2Fwp%2Fv2%2Ftags&post=27"}],"curies":[{"name":"wp","href":"https:\/\/api.w.org\/{rel}","templated":true}]}}