{"id":26,"date":"2008-07-24T23:55:00","date_gmt":"2008-07-24T21:55:00","guid":{"rendered":"http:\/\/klarafardiga.com\/?p=26"},"modified":"2008-07-24T23:55:00","modified_gmt":"2008-07-24T21:55:00","slug":"grona-skapet-blir-vitt-del-iii","status":"publish","type":"post","link":"https:\/\/klarafardiga.com\/?p=26","title":{"rendered":"Gr\u00f6na sk\u00e5pet blir vitt&#8230; del III"},"content":{"rendered":"<p>Tack sn\u00e4lla f\u00f6r alla gulliga kommentarer, man blir s\u00e5\u00e5\u00e5 glad och det \u00e4r s\u00e5 roligt att l\u00e4sa! Hoppas jag inte tr\u00e5kar ut er med mitt l\u00e5\u00e5\u00e5\u00e5ngsamma m\u00e5leriprojekt. Det finns ett slut hoppas jag, har satt ihop alla delar p\u00e5 sk\u00e5pet och d\u00e5 m\u00e4rker jag vart jag har missat att m\u00e5la. P\u00e5 en del st\u00e4llen \u00e4r det m\u00e5lat tre g\u00e5nger och andra fyra&#8230; s\u00e5 det \u00e4r bara att forts\u00e4tta lite till innan det blir klart. Sk\u00e5pet har jag nu flyttat in i k\u00f6ket, huuu jag m\u00e5ste m\u00e5la eller tapetsera om d\u00e4r nu&#8230; det blir nog mitt n\u00e4sta stora projekt.<\/p>\n<p>I morgon blir det sol och bad f\u00f6r jag tror v\u00e4dret ska vara i topp n\u00e4r vi vaknar&#8230; m\u00e5la ja, det f\u00e5r bli en annan dag.<\/p>\n<p><img decoding=\"async\" id=\"BLOGGER_PHOTO_ID_5226702871674189762\" style=\"DISPLAY: block; MARGIN: 0px auto 10px; CURSOR: hand; TEXT-ALIGN: center\" alt=\"\" src=\"http:\/\/bp2.blogger.com\/_rCm4mArCkLE\/SIj6kcynd8I\/AAAAAAAAAsA\/CjXhotCmh68\/s400\/skap_07.jpg\" border=\"0\" \/><\/p>\n<p>H\u00e4r skall sedan vaxas och skrapas, beslagen ska se lite slitna ut och inte s\u00e5 h\u00e4r vita eller hur??<\/p>\n<p><img decoding=\"async\" id=\"BLOGGER_PHOTO_ID_5226702866074922658\" style=\"DISPLAY: block; MARGIN: 0px auto 10px; CURSOR: hand; TEXT-ALIGN: center\" alt=\"\" src=\"http:\/\/bp3.blogger.com\/_rCm4mArCkLE\/SIj6kH7pbqI\/AAAAAAAAAr4\/Jxak8i8q7Bg\/s400\/skap_06.jpg\" border=\"0\" \/> <\/p>\n<p>Ha det riktigt sk\u00f6nt i sommarsolen!!<\/p>\n<p>Kram Helena<\/p>\n","protected":false},"excerpt":{"rendered":"<p>Tack sn\u00e4lla f\u00f6r alla gulliga kommentarer, man blir s\u00e5\u00e5\u00e5 glad och det \u00e4r s\u00e5 roligt att l\u00e4sa! Hoppas jag inte tr\u00e5kar ut er med mitt l\u00e5\u00e5\u00e5\u00e5ngsamma m\u00e5leriprojekt. Det finns ett slut hoppas jag, har satt ihop alla delar p\u00e5 sk\u00e5pet och d\u00e5 m\u00e4rker jag vart jag har missat att m\u00e5la. P\u00e5 en del st\u00e4llen \u00e4r det m\u00e5lat tre g\u00e5nger och andra fyra&#8230; s\u00e5 det \u00e4r bara att forts\u00e4tta lite till innan det blir klart. Sk\u00e5pet har jag nu flyttat in i k\u00f6ket, huuu jag m\u00e5ste m\u00e5la eller tapetsera om d\u00e4r nu&#8230; det blir nog mitt n\u00e4sta stora projekt. I morgon blir det sol och bad f\u00f6r jag tror v\u00e4dret ska vara i topp n\u00e4r vi vaknar&#8230; m\u00e5la ja, det f\u00e5r bli en annan dag. H\u00e4r skall sedan vaxas och skrapas, beslagen ska se lite slitna ut och inte s\u00e5 h\u00e4r vita eller hur?? Ha det riktigt sk\u00f6nt i sommarsolen!! Kram Helena<\/p>\n","protected":false},"author":1,"featured_media":0,"comment_status":"open","ping_status":"open","sticky":false,"template":"","format":"standard","meta":{"footnotes":""},"categories":[6,5,4],"tags":[],"yoast_head":"<!-- This site is optimized with the Yoast SEO plugin v23.5 - https:\/\/yoast.com\/wordpress\/plugins\/seo\/ -->\n<title>Gr\u00f6na sk\u00e5pet blir vitt... del III - Baka med KlaraForm<\/title>\n<meta name=\"robots\" content=\"index, follow, max-snippet:-1, max-image-preview:large, max-video-preview:-1\" \/>\n<link rel=\"canonical\" href=\"https:\/\/klarafardiga.com\/?p=26\" \/>\n<meta property=\"og:locale\" content=\"sv_SE\" \/>\n<meta property=\"og:type\" content=\"article\" \/>\n<meta property=\"og:title\" content=\"Gr\u00f6na sk\u00e5pet blir vitt... del III - Baka med KlaraForm\" \/>\n<meta property=\"og:description\" content=\"Tack sn\u00e4lla f\u00f6r alla gulliga kommentarer, man blir s\u00e5\u00e5\u00e5 glad och det \u00e4r s\u00e5 roligt att l\u00e4sa! Hoppas jag inte tr\u00e5kar ut er med mitt l\u00e5\u00e5\u00e5\u00e5ngsamma m\u00e5leriprojekt. Det finns ett slut hoppas jag, har satt ihop alla delar p\u00e5 sk\u00e5pet och d\u00e5 m\u00e4rker jag vart jag har missat att m\u00e5la. P\u00e5 en del st\u00e4llen \u00e4r det m\u00e5lat tre g\u00e5nger och andra fyra&#8230; s\u00e5 det \u00e4r bara att forts\u00e4tta lite till innan det blir klart. Sk\u00e5pet har jag nu flyttat in i k\u00f6ket, huuu jag m\u00e5ste m\u00e5la eller tapetsera om d\u00e4r nu&#8230; det blir nog mitt n\u00e4sta stora projekt. I morgon blir det sol och bad f\u00f6r jag tror v\u00e4dret ska vara i topp n\u00e4r vi vaknar&#8230; m\u00e5la ja, det f\u00e5r bli en annan dag. H\u00e4r skall sedan vaxas och skrapas, beslagen ska se lite slitna ut och inte s\u00e5 h\u00e4r vita eller hur?? Ha det riktigt sk\u00f6nt i sommarsolen!! Kram Helena\" \/>\n<meta property=\"og:url\" content=\"https:\/\/klarafardiga.com\/?p=26\" \/>\n<meta property=\"og:site_name\" content=\"Baka med KlaraForm\" \/>\n<meta property=\"article:published_time\" content=\"2008-07-24T21:55:00+00:00\" \/>\n<meta property=\"og:image\" content=\"http:\/\/bp2.blogger.com\/_rCm4mArCkLE\/SIj6kcynd8I\/AAAAAAAAAsA\/CjXhotCmh68\/s400\/skap_07.jpg\" \/>\n<meta name=\"author\" content=\"admin\" \/>\n<meta name=\"twitter:card\" content=\"summary_large_image\" \/>\n<meta name=\"twitter:label1\" content=\"Skriven av\" \/>\n\t<meta name=\"twitter:data1\" content=\"admin\" \/>\n\t<meta name=\"twitter:label2\" content=\"Ber\u00e4knad l\u00e4stid\" \/>\n\t<meta name=\"twitter:data2\" content=\"1 minut\" \/>\n<script type=\"application\/ld+json\" class=\"yoast-schema-graph\">{\"@context\":\"https:\/\/schema.org\",\"@graph\":[{\"@type\":\"WebPage\",\"@id\":\"https:\/\/klarafardiga.com\/?p=26\",\"url\":\"https:\/\/klarafardiga.com\/?p=26\",\"name\":\"Gr\u00f6na sk\u00e5pet blir vitt... del III - Baka med KlaraForm\",\"isPartOf\":{\"@id\":\"https:\/\/klarafardiga.com\/#website\"},\"primaryImageOfPage\":{\"@id\":\"https:\/\/klarafardiga.com\/?p=26#primaryimage\"},\"image\":{\"@id\":\"https:\/\/klarafardiga.com\/?p=26#primaryimage\"},\"thumbnailUrl\":\"http:\/\/bp2.blogger.com\/_rCm4mArCkLE\/SIj6kcynd8I\/AAAAAAAAAsA\/CjXhotCmh68\/s400\/skap_07.jpg\",\"datePublished\":\"2008-07-24T21:55:00+00:00\",\"dateModified\":\"2008-07-24T21:55:00+00:00\",\"author\":{\"@id\":\"https:\/\/klarafardiga.com\/#\/schema\/person\/0f54ba1da7c4c21dd7411ed3a8e9f8c0\"},\"breadcrumb\":{\"@id\":\"https:\/\/klarafardiga.com\/?p=26#breadcrumb\"},\"inLanguage\":\"sv-SE\",\"potentialAction\":[{\"@type\":\"ReadAction\",\"target\":[\"https:\/\/klarafardiga.com\/?p=26\"]}]},{\"@type\":\"ImageObject\",\"inLanguage\":\"sv-SE\",\"@id\":\"https:\/\/klarafardiga.com\/?p=26#primaryimage\",\"url\":\"http:\/\/bp2.blogger.com\/_rCm4mArCkLE\/SIj6kcynd8I\/AAAAAAAAAsA\/CjXhotCmh68\/s400\/skap_07.jpg\",\"contentUrl\":\"http:\/\/bp2.blogger.com\/_rCm4mArCkLE\/SIj6kcynd8I\/AAAAAAAAAsA\/CjXhotCmh68\/s400\/skap_07.jpg\"},{\"@type\":\"BreadcrumbList\",\"@id\":\"https:\/\/klarafardiga.com\/?p=26#breadcrumb\",\"itemListElement\":[{\"@type\":\"ListItem\",\"position\":1,\"name\":\"Hem\",\"item\":\"https:\/\/klarafardiga.com\/\"},{\"@type\":\"ListItem\",\"position\":2,\"name\":\"Gr\u00f6na sk\u00e5pet blir vitt&#8230; del III\"}]},{\"@type\":\"WebSite\",\"@id\":\"https:\/\/klarafardiga.com\/#website\",\"url\":\"https:\/\/klarafardiga.com\/\",\"name\":\"Baka med KlaraForm\",\"description\":\"Recept, tips och nyheter i butiken\",\"potentialAction\":[{\"@type\":\"SearchAction\",\"target\":{\"@type\":\"EntryPoint\",\"urlTemplate\":\"https:\/\/klarafardiga.com\/?s={search_term_string}\"},\"query-input\":{\"@type\":\"PropertyValueSpecification\",\"valueRequired\":true,\"valueName\":\"search_term_string\"}}],\"inLanguage\":\"sv-SE\"},{\"@type\":\"Person\",\"@id\":\"https:\/\/klarafardiga.com\/#\/schema\/person\/0f54ba1da7c4c21dd7411ed3a8e9f8c0\",\"name\":\"admin\",\"image\":{\"@type\":\"ImageObject\",\"inLanguage\":\"sv-SE\",\"@id\":\"https:\/\/klarafardiga.com\/#\/schema\/person\/image\/\",\"url\":\"https:\/\/secure.gravatar.com\/avatar\/356da59eaae0a6e58215761d8e8dabed?s=96&d=mm&r=g\",\"contentUrl\":\"https:\/\/secure.gravatar.com\/avatar\/356da59eaae0a6e58215761d8e8dabed?s=96&d=mm&r=g\",\"caption\":\"admin\"},\"sameAs\":[\"http:\/\/www.klaraform.se\"],\"url\":\"https:\/\/klarafardiga.com\/?author=1\"}]}<\/script>\n<!-- \/ Yoast SEO plugin. -->","yoast_head_json":{"title":"Gr\u00f6na sk\u00e5pet blir vitt... del III - Baka med KlaraForm","robots":{"index":"index","follow":"follow","max-snippet":"max-snippet:-1","max-image-preview":"max-image-preview:large","max-video-preview":"max-video-preview:-1"},"canonical":"https:\/\/klarafardiga.com\/?p=26","og_locale":"sv_SE","og_type":"article","og_title":"Gr\u00f6na sk\u00e5pet blir vitt... del III - Baka med KlaraForm","og_description":"Tack sn\u00e4lla f\u00f6r alla gulliga kommentarer, man blir s\u00e5\u00e5\u00e5 glad och det \u00e4r s\u00e5 roligt att l\u00e4sa! Hoppas jag inte tr\u00e5kar ut er med mitt l\u00e5\u00e5\u00e5\u00e5ngsamma m\u00e5leriprojekt. Det finns ett slut hoppas jag, har satt ihop alla delar p\u00e5 sk\u00e5pet och d\u00e5 m\u00e4rker jag vart jag har missat att m\u00e5la. P\u00e5 en del st\u00e4llen \u00e4r det m\u00e5lat tre g\u00e5nger och andra fyra&#8230; s\u00e5 det \u00e4r bara att forts\u00e4tta lite till innan det blir klart. Sk\u00e5pet har jag nu flyttat in i k\u00f6ket, huuu jag m\u00e5ste m\u00e5la eller tapetsera om d\u00e4r nu&#8230; det blir nog mitt n\u00e4sta stora projekt. I morgon blir det sol och bad f\u00f6r jag tror v\u00e4dret ska vara i topp n\u00e4r vi vaknar&#8230; m\u00e5la ja, det f\u00e5r bli en annan dag. H\u00e4r skall sedan vaxas och skrapas, beslagen ska se lite slitna ut och inte s\u00e5 h\u00e4r vita eller hur?? Ha det riktigt sk\u00f6nt i sommarsolen!! Kram Helena","og_url":"https:\/\/klarafardiga.com\/?p=26","og_site_name":"Baka med KlaraForm","article_published_time":"2008-07-24T21:55:00+00:00","og_image":[{"url":"http:\/\/bp2.blogger.com\/_rCm4mArCkLE\/SIj6kcynd8I\/AAAAAAAAAsA\/CjXhotCmh68\/s400\/skap_07.jpg"}],"author":"admin","twitter_card":"summary_large_image","twitter_misc":{"Skriven av":"admin","Ber\u00e4knad l\u00e4stid":"1 minut"},"schema":{"@context":"https:\/\/schema.org","@graph":[{"@type":"WebPage","@id":"https:\/\/klarafardiga.com\/?p=26","url":"https:\/\/klarafardiga.com\/?p=26","name":"Gr\u00f6na sk\u00e5pet blir vitt... del III - Baka med KlaraForm","isPartOf":{"@id":"https:\/\/klarafardiga.com\/#website"},"primaryImageOfPage":{"@id":"https:\/\/klarafardiga.com\/?p=26#primaryimage"},"image":{"@id":"https:\/\/klarafardiga.com\/?p=26#primaryimage"},"thumbnailUrl":"http:\/\/bp2.blogger.com\/_rCm4mArCkLE\/SIj6kcynd8I\/AAAAAAAAAsA\/CjXhotCmh68\/s400\/skap_07.jpg","datePublished":"2008-07-24T21:55:00+00:00","dateModified":"2008-07-24T21:55:00+00:00","author":{"@id":"https:\/\/klarafardiga.com\/#\/schema\/person\/0f54ba1da7c4c21dd7411ed3a8e9f8c0"},"breadcrumb":{"@id":"https:\/\/klarafardiga.com\/?p=26#breadcrumb"},"inLanguage":"sv-SE","potentialAction":[{"@type":"ReadAction","target":["https:\/\/klarafardiga.com\/?p=26"]}]},{"@type":"ImageObject","inLanguage":"sv-SE","@id":"https:\/\/klarafardiga.com\/?p=26#primaryimage","url":"http:\/\/bp2.blogger.com\/_rCm4mArCkLE\/SIj6kcynd8I\/AAAAAAAAAsA\/CjXhotCmh68\/s400\/skap_07.jpg","contentUrl":"http:\/\/bp2.blogger.com\/_rCm4mArCkLE\/SIj6kcynd8I\/AAAAAAAAAsA\/CjXhotCmh68\/s400\/skap_07.jpg"},{"@type":"BreadcrumbList","@id":"https:\/\/klarafardiga.com\/?p=26#breadcrumb","itemListElement":[{"@type":"ListItem","position":1,"name":"Hem","item":"https:\/\/klarafardiga.com\/"},{"@type":"ListItem","position":2,"name":"Gr\u00f6na sk\u00e5pet blir vitt&#8230; del III"}]},{"@type":"WebSite","@id":"https:\/\/klarafardiga.com\/#website","url":"https:\/\/klarafardiga.com\/","name":"Baka med KlaraForm","description":"Recept, tips och nyheter i butiken","potentialAction":[{"@type":"SearchAction","target":{"@type":"EntryPoint","urlTemplate":"https:\/\/klarafardiga.com\/?s={search_term_string}"},"query-input":{"@type":"PropertyValueSpecification","valueRequired":true,"valueName":"search_term_string"}}],"inLanguage":"sv-SE"},{"@type":"Person","@id":"https:\/\/klarafardiga.com\/#\/schema\/person\/0f54ba1da7c4c21dd7411ed3a8e9f8c0","name":"admin","image":{"@type":"ImageObject","inLanguage":"sv-SE","@id":"https:\/\/klarafardiga.com\/#\/schema\/person\/image\/","url":"https:\/\/secure.gravatar.com\/avatar\/356da59eaae0a6e58215761d8e8dabed?s=96&d=mm&r=g","contentUrl":"https:\/\/secure.gravatar.com\/avatar\/356da59eaae0a6e58215761d8e8dabed?s=96&d=mm&r=g","caption":"admin"},"sameAs":["http:\/\/www.klaraform.se"],"url":"https:\/\/klarafardiga.com\/?author=1"}]}},"_links":{"self":[{"href":"https:\/\/klarafardiga.com\/index.php?rest_route=\/wp\/v2\/posts\/26"}],"collection":[{"href":"https:\/\/klarafardiga.com\/index.php?rest_route=\/wp\/v2\/posts"}],"about":[{"href":"https:\/\/klarafardiga.com\/index.php?rest_route=\/wp\/v2\/types\/post"}],"author":[{"embeddable":true,"href":"https:\/\/klarafardiga.com\/index.php?rest_route=\/wp\/v2\/users\/1"}],"replies":[{"embeddable":true,"href":"https:\/\/klarafardiga.com\/index.php?rest_route=%2Fwp%2Fv2%2Fcomments&post=26"}],"version-history":[{"count":0,"href":"https:\/\/klarafardiga.com\/index.php?rest_route=\/wp\/v2\/posts\/26\/revisions"}],"wp:attachment":[{"href":"https:\/\/klarafardiga.com\/index.php?rest_route=%2Fwp%2Fv2%2Fmedia&parent=26"}],"wp:term":[{"taxonomy":"category","embeddable":true,"href":"https:\/\/klarafardiga.com\/index.php?rest_route=%2Fwp%2Fv2%2Fcategories&post=26"},{"taxonomy":"post_tag","embeddable":true,"href":"https:\/\/klarafardiga.com\/index.php?rest_route=%2Fwp%2Fv2%2Ftags&post=26"}],"curies":[{"name":"wp","href":"https:\/\/api.w.org\/{rel}","templated":true}]}}