{"id":233,"date":"2011-09-10T18:22:00","date_gmt":"2011-09-10T16:22:00","guid":{"rendered":"http:\/\/klarafardiga.com\/?p=233"},"modified":"2011-09-10T18:22:00","modified_gmt":"2011-09-10T16:22:00","slug":"appelkaka-i-langpanna-3","status":"publish","type":"post","link":"https:\/\/klarafardiga.com\/?p=233","title":{"rendered":"\u00c4ppelkaka i l\u00e5ngpanna"},"content":{"rendered":"<div>\n<div>Favorit i repris! Den godaste \u00e4ppelkakan jag n\u00e5gonsin smakat tror jag&#8230;<\/p>\n<p><strong>\u00c4ppelkaka i l\u00e5ngpanna<\/strong><br \/>4 \u00e4gg<br \/>5 dl socker<br \/>200 gr sm\u00f6r<br \/>2 dl mj\u00f6lk<br \/>6 dl vetemj\u00f6l<br \/>4 tsk bakpulver<br \/>8 \u00e4pplen<br \/>4 msk socker<br \/>4 tsk kanel<\/p>\n<p><b>S\u00e5 h\u00e4r g\u00f6r du<\/b><\/p>\n<p>1. Sm\u00e4lt sm\u00f6ret. (under tiden kan du skala, k\u00e4rna ur och klyfta \u00e4pplena)<br \/>2. Vispa \u00e4gg och socker por\u00f6st. Blanda i mj\u00f6l och bakpulver.<br \/>3. Tills\u00e4tt mj\u00f6lk och det avsvalnade sm\u00f6ret.<br \/>4. H\u00e4ll smeten p\u00e5 bakpl\u00e5tspapper i en stor l\u00e5ngpanna.<br \/>5. V\u00e4nd \u00e4ppelklyftorna i socker och kanelblandningen och f\u00f6rdela dem i smeten.<br \/>6. Gr\u00e4dda i ca 25 minuter (200 grader). Sk\u00e4r upp kakan i fyrkanter n\u00e4r den svalnat.<\/div>\n<div><\/div>\n<div> <\/div>\n<div> <img decoding=\"async\" style=\"margin: 0px auto 10px; width: 400px; height: 300px; text-align: center; display: block; cursor: pointer;\" id=\"BLOGGER_PHOTO_ID_5650766119614317730\" border=\"0\" alt=\"\" src=\"http:\/\/2.bp.blogspot.com\/-U2mwahLd3BY\/TmuN2MRshKI\/AAAAAAAACKM\/0WruI4KdDwI\/s400\/appelkaka_01.jpg\" \/><\/div>\n<\/div>\n","protected":false},"excerpt":{"rendered":"<p>Favorit i repris! Den godaste \u00e4ppelkakan jag n\u00e5gonsin smakat tror jag&#8230; \u00c4ppelkaka i l\u00e5ngpanna4 \u00e4gg5 dl socker200 gr sm\u00f6r2 dl mj\u00f6lk6 dl vetemj\u00f6l4 tsk bakpulver8 \u00e4pplen4 msk socker4 tsk kanel S\u00e5 h\u00e4r g\u00f6r du 1. Sm\u00e4lt sm\u00f6ret. (under tiden kan du skala, k\u00e4rna ur och klyfta \u00e4pplena)2. Vispa \u00e4gg och socker por\u00f6st. Blanda i mj\u00f6l och bakpulver.3. Tills\u00e4tt mj\u00f6lk och det avsvalnade sm\u00f6ret.4. H\u00e4ll smeten p\u00e5 bakpl\u00e5tspapper i en stor l\u00e5ngpanna.5. V\u00e4nd \u00e4ppelklyftorna i socker och kanelblandningen och f\u00f6rdela dem i smeten.6. Gr\u00e4dda i ca 25 minuter (200 grader). Sk\u00e4r upp kakan i fyrkanter n\u00e4r den svalnat.<\/p>\n","protected":false},"author":1,"featured_media":0,"comment_status":"open","ping_status":"open","sticky":false,"template":"","format":"standard","meta":{"footnotes":""},"categories":[9,3],"tags":[],"yoast_head":"<!-- This site is optimized with the Yoast SEO plugin v23.5 - https:\/\/yoast.com\/wordpress\/plugins\/seo\/ -->\n<title>\u00c4ppelkaka i l\u00e5ngpanna - Baka med KlaraForm<\/title>\n<meta name=\"robots\" content=\"index, follow, max-snippet:-1, max-image-preview:large, max-video-preview:-1\" \/>\n<link rel=\"canonical\" href=\"https:\/\/klarafardiga.com\/?p=233\" \/>\n<meta property=\"og:locale\" content=\"sv_SE\" \/>\n<meta property=\"og:type\" content=\"article\" \/>\n<meta property=\"og:title\" content=\"\u00c4ppelkaka i l\u00e5ngpanna - Baka med KlaraForm\" \/>\n<meta property=\"og:description\" content=\"Favorit i repris! Den godaste \u00e4ppelkakan jag n\u00e5gonsin smakat tror jag&#8230; \u00c4ppelkaka i l\u00e5ngpanna4 \u00e4gg5 dl socker200 gr sm\u00f6r2 dl mj\u00f6lk6 dl vetemj\u00f6l4 tsk bakpulver8 \u00e4pplen4 msk socker4 tsk kanel S\u00e5 h\u00e4r g\u00f6r du 1. Sm\u00e4lt sm\u00f6ret. (under tiden kan du skala, k\u00e4rna ur och klyfta \u00e4pplena)2. Vispa \u00e4gg och socker por\u00f6st. Blanda i mj\u00f6l och bakpulver.3. Tills\u00e4tt mj\u00f6lk och det avsvalnade sm\u00f6ret.4. H\u00e4ll smeten p\u00e5 bakpl\u00e5tspapper i en stor l\u00e5ngpanna.5. V\u00e4nd \u00e4ppelklyftorna i socker och kanelblandningen och f\u00f6rdela dem i smeten.6. Gr\u00e4dda i ca 25 minuter (200 grader). Sk\u00e4r upp kakan i fyrkanter n\u00e4r den svalnat.\" \/>\n<meta property=\"og:url\" content=\"https:\/\/klarafardiga.com\/?p=233\" \/>\n<meta property=\"og:site_name\" content=\"Baka med KlaraForm\" \/>\n<meta property=\"article:published_time\" content=\"2011-09-10T16:22:00+00:00\" \/>\n<meta property=\"og:image\" content=\"http:\/\/2.bp.blogspot.com\/-U2mwahLd3BY\/TmuN2MRshKI\/AAAAAAAACKM\/0WruI4KdDwI\/s400\/appelkaka_01.jpg\" \/>\n<meta name=\"author\" content=\"admin\" \/>\n<meta name=\"twitter:card\" content=\"summary_large_image\" \/>\n<meta name=\"twitter:label1\" content=\"Skriven av\" \/>\n\t<meta name=\"twitter:data1\" content=\"admin\" \/>\n\t<meta name=\"twitter:label2\" content=\"Ber\u00e4knad l\u00e4stid\" \/>\n\t<meta name=\"twitter:data2\" content=\"1 minut\" \/>\n<script type=\"application\/ld+json\" class=\"yoast-schema-graph\">{\"@context\":\"https:\/\/schema.org\",\"@graph\":[{\"@type\":\"WebPage\",\"@id\":\"https:\/\/klarafardiga.com\/?p=233\",\"url\":\"https:\/\/klarafardiga.com\/?p=233\",\"name\":\"\u00c4ppelkaka i l\u00e5ngpanna - Baka med KlaraForm\",\"isPartOf\":{\"@id\":\"https:\/\/klarafardiga.com\/#website\"},\"primaryImageOfPage\":{\"@id\":\"https:\/\/klarafardiga.com\/?p=233#primaryimage\"},\"image\":{\"@id\":\"https:\/\/klarafardiga.com\/?p=233#primaryimage\"},\"thumbnailUrl\":\"http:\/\/2.bp.blogspot.com\/-U2mwahLd3BY\/TmuN2MRshKI\/AAAAAAAACKM\/0WruI4KdDwI\/s400\/appelkaka_01.jpg\",\"datePublished\":\"2011-09-10T16:22:00+00:00\",\"dateModified\":\"2011-09-10T16:22:00+00:00\",\"author\":{\"@id\":\"https:\/\/klarafardiga.com\/#\/schema\/person\/0f54ba1da7c4c21dd7411ed3a8e9f8c0\"},\"breadcrumb\":{\"@id\":\"https:\/\/klarafardiga.com\/?p=233#breadcrumb\"},\"inLanguage\":\"sv-SE\",\"potentialAction\":[{\"@type\":\"ReadAction\",\"target\":[\"https:\/\/klarafardiga.com\/?p=233\"]}]},{\"@type\":\"ImageObject\",\"inLanguage\":\"sv-SE\",\"@id\":\"https:\/\/klarafardiga.com\/?p=233#primaryimage\",\"url\":\"http:\/\/2.bp.blogspot.com\/-U2mwahLd3BY\/TmuN2MRshKI\/AAAAAAAACKM\/0WruI4KdDwI\/s400\/appelkaka_01.jpg\",\"contentUrl\":\"http:\/\/2.bp.blogspot.com\/-U2mwahLd3BY\/TmuN2MRshKI\/AAAAAAAACKM\/0WruI4KdDwI\/s400\/appelkaka_01.jpg\"},{\"@type\":\"BreadcrumbList\",\"@id\":\"https:\/\/klarafardiga.com\/?p=233#breadcrumb\",\"itemListElement\":[{\"@type\":\"ListItem\",\"position\":1,\"name\":\"Hem\",\"item\":\"https:\/\/klarafardiga.com\/\"},{\"@type\":\"ListItem\",\"position\":2,\"name\":\"\u00c4ppelkaka i l\u00e5ngpanna\"}]},{\"@type\":\"WebSite\",\"@id\":\"https:\/\/klarafardiga.com\/#website\",\"url\":\"https:\/\/klarafardiga.com\/\",\"name\":\"Baka med KlaraForm\",\"description\":\"Recept, tips och nyheter i butiken\",\"potentialAction\":[{\"@type\":\"SearchAction\",\"target\":{\"@type\":\"EntryPoint\",\"urlTemplate\":\"https:\/\/klarafardiga.com\/?s={search_term_string}\"},\"query-input\":{\"@type\":\"PropertyValueSpecification\",\"valueRequired\":true,\"valueName\":\"search_term_string\"}}],\"inLanguage\":\"sv-SE\"},{\"@type\":\"Person\",\"@id\":\"https:\/\/klarafardiga.com\/#\/schema\/person\/0f54ba1da7c4c21dd7411ed3a8e9f8c0\",\"name\":\"admin\",\"image\":{\"@type\":\"ImageObject\",\"inLanguage\":\"sv-SE\",\"@id\":\"https:\/\/klarafardiga.com\/#\/schema\/person\/image\/\",\"url\":\"https:\/\/secure.gravatar.com\/avatar\/356da59eaae0a6e58215761d8e8dabed?s=96&d=mm&r=g\",\"contentUrl\":\"https:\/\/secure.gravatar.com\/avatar\/356da59eaae0a6e58215761d8e8dabed?s=96&d=mm&r=g\",\"caption\":\"admin\"},\"sameAs\":[\"http:\/\/www.klaraform.se\"],\"url\":\"https:\/\/klarafardiga.com\/?author=1\"}]}<\/script>\n<!-- \/ Yoast SEO plugin. -->","yoast_head_json":{"title":"\u00c4ppelkaka i l\u00e5ngpanna - Baka med KlaraForm","robots":{"index":"index","follow":"follow","max-snippet":"max-snippet:-1","max-image-preview":"max-image-preview:large","max-video-preview":"max-video-preview:-1"},"canonical":"https:\/\/klarafardiga.com\/?p=233","og_locale":"sv_SE","og_type":"article","og_title":"\u00c4ppelkaka i l\u00e5ngpanna - Baka med KlaraForm","og_description":"Favorit i repris! Den godaste \u00e4ppelkakan jag n\u00e5gonsin smakat tror jag&#8230; \u00c4ppelkaka i l\u00e5ngpanna4 \u00e4gg5 dl socker200 gr sm\u00f6r2 dl mj\u00f6lk6 dl vetemj\u00f6l4 tsk bakpulver8 \u00e4pplen4 msk socker4 tsk kanel S\u00e5 h\u00e4r g\u00f6r du 1. Sm\u00e4lt sm\u00f6ret. (under tiden kan du skala, k\u00e4rna ur och klyfta \u00e4pplena)2. Vispa \u00e4gg och socker por\u00f6st. Blanda i mj\u00f6l och bakpulver.3. Tills\u00e4tt mj\u00f6lk och det avsvalnade sm\u00f6ret.4. H\u00e4ll smeten p\u00e5 bakpl\u00e5tspapper i en stor l\u00e5ngpanna.5. V\u00e4nd \u00e4ppelklyftorna i socker och kanelblandningen och f\u00f6rdela dem i smeten.6. Gr\u00e4dda i ca 25 minuter (200 grader). Sk\u00e4r upp kakan i fyrkanter n\u00e4r den svalnat.","og_url":"https:\/\/klarafardiga.com\/?p=233","og_site_name":"Baka med KlaraForm","article_published_time":"2011-09-10T16:22:00+00:00","og_image":[{"url":"http:\/\/2.bp.blogspot.com\/-U2mwahLd3BY\/TmuN2MRshKI\/AAAAAAAACKM\/0WruI4KdDwI\/s400\/appelkaka_01.jpg"}],"author":"admin","twitter_card":"summary_large_image","twitter_misc":{"Skriven av":"admin","Ber\u00e4knad l\u00e4stid":"1 minut"},"schema":{"@context":"https:\/\/schema.org","@graph":[{"@type":"WebPage","@id":"https:\/\/klarafardiga.com\/?p=233","url":"https:\/\/klarafardiga.com\/?p=233","name":"\u00c4ppelkaka i l\u00e5ngpanna - Baka med KlaraForm","isPartOf":{"@id":"https:\/\/klarafardiga.com\/#website"},"primaryImageOfPage":{"@id":"https:\/\/klarafardiga.com\/?p=233#primaryimage"},"image":{"@id":"https:\/\/klarafardiga.com\/?p=233#primaryimage"},"thumbnailUrl":"http:\/\/2.bp.blogspot.com\/-U2mwahLd3BY\/TmuN2MRshKI\/AAAAAAAACKM\/0WruI4KdDwI\/s400\/appelkaka_01.jpg","datePublished":"2011-09-10T16:22:00+00:00","dateModified":"2011-09-10T16:22:00+00:00","author":{"@id":"https:\/\/klarafardiga.com\/#\/schema\/person\/0f54ba1da7c4c21dd7411ed3a8e9f8c0"},"breadcrumb":{"@id":"https:\/\/klarafardiga.com\/?p=233#breadcrumb"},"inLanguage":"sv-SE","potentialAction":[{"@type":"ReadAction","target":["https:\/\/klarafardiga.com\/?p=233"]}]},{"@type":"ImageObject","inLanguage":"sv-SE","@id":"https:\/\/klarafardiga.com\/?p=233#primaryimage","url":"http:\/\/2.bp.blogspot.com\/-U2mwahLd3BY\/TmuN2MRshKI\/AAAAAAAACKM\/0WruI4KdDwI\/s400\/appelkaka_01.jpg","contentUrl":"http:\/\/2.bp.blogspot.com\/-U2mwahLd3BY\/TmuN2MRshKI\/AAAAAAAACKM\/0WruI4KdDwI\/s400\/appelkaka_01.jpg"},{"@type":"BreadcrumbList","@id":"https:\/\/klarafardiga.com\/?p=233#breadcrumb","itemListElement":[{"@type":"ListItem","position":1,"name":"Hem","item":"https:\/\/klarafardiga.com\/"},{"@type":"ListItem","position":2,"name":"\u00c4ppelkaka i l\u00e5ngpanna"}]},{"@type":"WebSite","@id":"https:\/\/klarafardiga.com\/#website","url":"https:\/\/klarafardiga.com\/","name":"Baka med KlaraForm","description":"Recept, tips och nyheter i butiken","potentialAction":[{"@type":"SearchAction","target":{"@type":"EntryPoint","urlTemplate":"https:\/\/klarafardiga.com\/?s={search_term_string}"},"query-input":{"@type":"PropertyValueSpecification","valueRequired":true,"valueName":"search_term_string"}}],"inLanguage":"sv-SE"},{"@type":"Person","@id":"https:\/\/klarafardiga.com\/#\/schema\/person\/0f54ba1da7c4c21dd7411ed3a8e9f8c0","name":"admin","image":{"@type":"ImageObject","inLanguage":"sv-SE","@id":"https:\/\/klarafardiga.com\/#\/schema\/person\/image\/","url":"https:\/\/secure.gravatar.com\/avatar\/356da59eaae0a6e58215761d8e8dabed?s=96&d=mm&r=g","contentUrl":"https:\/\/secure.gravatar.com\/avatar\/356da59eaae0a6e58215761d8e8dabed?s=96&d=mm&r=g","caption":"admin"},"sameAs":["http:\/\/www.klaraform.se"],"url":"https:\/\/klarafardiga.com\/?author=1"}]}},"_links":{"self":[{"href":"https:\/\/klarafardiga.com\/index.php?rest_route=\/wp\/v2\/posts\/233"}],"collection":[{"href":"https:\/\/klarafardiga.com\/index.php?rest_route=\/wp\/v2\/posts"}],"about":[{"href":"https:\/\/klarafardiga.com\/index.php?rest_route=\/wp\/v2\/types\/post"}],"author":[{"embeddable":true,"href":"https:\/\/klarafardiga.com\/index.php?rest_route=\/wp\/v2\/users\/1"}],"replies":[{"embeddable":true,"href":"https:\/\/klarafardiga.com\/index.php?rest_route=%2Fwp%2Fv2%2Fcomments&post=233"}],"version-history":[{"count":0,"href":"https:\/\/klarafardiga.com\/index.php?rest_route=\/wp\/v2\/posts\/233\/revisions"}],"wp:attachment":[{"href":"https:\/\/klarafardiga.com\/index.php?rest_route=%2Fwp%2Fv2%2Fmedia&parent=233"}],"wp:term":[{"taxonomy":"category","embeddable":true,"href":"https:\/\/klarafardiga.com\/index.php?rest_route=%2Fwp%2Fv2%2Fcategories&post=233"},{"taxonomy":"post_tag","embeddable":true,"href":"https:\/\/klarafardiga.com\/index.php?rest_route=%2Fwp%2Fv2%2Ftags&post=233"}],"curies":[{"name":"wp","href":"https:\/\/api.w.org\/{rel}","templated":true}]}}