{"id":224,"date":"2011-07-17T20:47:00","date_gmt":"2011-07-17T18:47:00","guid":{"rendered":"http:\/\/klarafardiga.com\/?p=224"},"modified":"2011-07-17T20:47:00","modified_gmt":"2011-07-17T18:47:00","slug":"macarons-pa-digestivekex","status":"publish","type":"post","link":"https:\/\/klarafardiga.com\/?p=224","title":{"rendered":"Macarons p\u00e5 Digestivekex&#8230;"},"content":{"rendered":"<div style=\"text-align: left;\">Tredje g\u00e5ngen gillt. Nu b\u00f6rjar jag f\u00e5 fason p\u00e5 dessa sm\u00e5 kakor. N\u00e4sta g\u00e5ng t\u00e4nker jag lyckas helt \ud83d\ude42 Dessa \u00e4r inga &#8221;riktiga&#8221; Macarons, i st\u00e4llet f\u00f6r mandel s\u00e5 \u00e4r det Digestivekex. F\u00e4rgen blev lite tristare s\u00e5 n\u00e5got vidare snygga blev de inte. N\u00e5gon som provat att ers\u00e4tta mandeln med n\u00e5got annat?? Har h\u00f6rt att n\u00e5gon anv\u00e4nt kn\u00e4ckebr\u00f6d! M\u00e5ste hitta n\u00e5got som passar en n\u00f6tallergiker&#8230;<\/div>\n<div><\/div>\n<div><img decoding=\"async\" src=\"http:\/\/4.bp.blogspot.com\/-IFWXrSRjI1I\/TiMvgKbWbgI\/AAAAAAAACIM\/rx9XMyoWu2s\/s400\/macarons_01.jpg\" style=\"display:block; margin:0px auto 10px; text-align:center;cursor:pointer; cursor:hand;width: 400px; height: 266px;\" border=\"0\" alt=\"\" id=\"BLOGGER_PHOTO_ID_5630396188744642050\" \/><\/div>\n<div>\n<div style=\"text-align: center;\"><\/div>\n<p><img decoding=\"async\" src=\"http:\/\/1.bp.blogspot.com\/-jnE1uHLo_gc\/TiMvgE6zArI\/AAAAAAAACIU\/TS_LgiEQAdw\/s400\/macarons_02.jpg\" style=\"display:block; margin:0px auto 10px; text-align:center;cursor:pointer; cursor:hand;width: 400px; height: 266px;\" border=\"0\" alt=\"\" id=\"BLOGGER_PHOTO_ID_5630396187265925810\" \/><\/p>\n<div style=\"text-align: center;\">Burk fr\u00e5n <a href=\"http:\/\/www.klaraform.se\"><b>www.klaraform.se <\/b><\/a><\/div>\n<\/div>\n","protected":false},"excerpt":{"rendered":"<p>Tredje g\u00e5ngen gillt. Nu b\u00f6rjar jag f\u00e5 fason p\u00e5 dessa sm\u00e5 kakor. N\u00e4sta g\u00e5ng t\u00e4nker jag lyckas helt \ud83d\ude42 Dessa \u00e4r inga &#8221;riktiga&#8221; Macarons, i st\u00e4llet f\u00f6r mandel s\u00e5 \u00e4r det Digestivekex. F\u00e4rgen blev lite tristare s\u00e5 n\u00e5got vidare snygga blev de inte. N\u00e5gon som provat att ers\u00e4tta mandeln med n\u00e5got annat?? Har h\u00f6rt att n\u00e5gon anv\u00e4nt kn\u00e4ckebr\u00f6d! M\u00e5ste hitta n\u00e5got som passar en n\u00f6tallergiker&#8230; Burk fr\u00e5n www.klaraform.se<\/p>\n","protected":false},"author":1,"featured_media":0,"comment_status":"open","ping_status":"open","sticky":false,"template":"","format":"standard","meta":{"footnotes":""},"categories":[9,8],"tags":[],"yoast_head":"<!-- This site is optimized with the Yoast SEO plugin v23.5 - https:\/\/yoast.com\/wordpress\/plugins\/seo\/ -->\n<title>Macarons p\u00e5 Digestivekex... - Baka med KlaraForm<\/title>\n<meta name=\"robots\" content=\"index, follow, max-snippet:-1, max-image-preview:large, max-video-preview:-1\" \/>\n<link rel=\"canonical\" href=\"https:\/\/klarafardiga.com\/?p=224\" \/>\n<meta property=\"og:locale\" content=\"sv_SE\" \/>\n<meta property=\"og:type\" content=\"article\" \/>\n<meta property=\"og:title\" content=\"Macarons p\u00e5 Digestivekex... - Baka med KlaraForm\" \/>\n<meta property=\"og:description\" content=\"Tredje g\u00e5ngen gillt. Nu b\u00f6rjar jag f\u00e5 fason p\u00e5 dessa sm\u00e5 kakor. N\u00e4sta g\u00e5ng t\u00e4nker jag lyckas helt \ud83d\ude42 Dessa \u00e4r inga &#8221;riktiga&#8221; Macarons, i st\u00e4llet f\u00f6r mandel s\u00e5 \u00e4r det Digestivekex. F\u00e4rgen blev lite tristare s\u00e5 n\u00e5got vidare snygga blev de inte. N\u00e5gon som provat att ers\u00e4tta mandeln med n\u00e5got annat?? Har h\u00f6rt att n\u00e5gon anv\u00e4nt kn\u00e4ckebr\u00f6d! M\u00e5ste hitta n\u00e5got som passar en n\u00f6tallergiker&#8230; Burk fr\u00e5n www.klaraform.se\" \/>\n<meta property=\"og:url\" content=\"https:\/\/klarafardiga.com\/?p=224\" \/>\n<meta property=\"og:site_name\" content=\"Baka med KlaraForm\" \/>\n<meta property=\"article:published_time\" content=\"2011-07-17T18:47:00+00:00\" \/>\n<meta property=\"og:image\" content=\"http:\/\/4.bp.blogspot.com\/-IFWXrSRjI1I\/TiMvgKbWbgI\/AAAAAAAACIM\/rx9XMyoWu2s\/s400\/macarons_01.jpg\" \/>\n<meta name=\"author\" content=\"admin\" \/>\n<meta name=\"twitter:card\" content=\"summary_large_image\" \/>\n<meta name=\"twitter:label1\" content=\"Skriven av\" \/>\n\t<meta name=\"twitter:data1\" content=\"admin\" \/>\n<script type=\"application\/ld+json\" class=\"yoast-schema-graph\">{\"@context\":\"https:\/\/schema.org\",\"@graph\":[{\"@type\":\"WebPage\",\"@id\":\"https:\/\/klarafardiga.com\/?p=224\",\"url\":\"https:\/\/klarafardiga.com\/?p=224\",\"name\":\"Macarons p\u00e5 Digestivekex... - Baka med KlaraForm\",\"isPartOf\":{\"@id\":\"https:\/\/klarafardiga.com\/#website\"},\"primaryImageOfPage\":{\"@id\":\"https:\/\/klarafardiga.com\/?p=224#primaryimage\"},\"image\":{\"@id\":\"https:\/\/klarafardiga.com\/?p=224#primaryimage\"},\"thumbnailUrl\":\"http:\/\/4.bp.blogspot.com\/-IFWXrSRjI1I\/TiMvgKbWbgI\/AAAAAAAACIM\/rx9XMyoWu2s\/s400\/macarons_01.jpg\",\"datePublished\":\"2011-07-17T18:47:00+00:00\",\"dateModified\":\"2011-07-17T18:47:00+00:00\",\"author\":{\"@id\":\"https:\/\/klarafardiga.com\/#\/schema\/person\/0f54ba1da7c4c21dd7411ed3a8e9f8c0\"},\"breadcrumb\":{\"@id\":\"https:\/\/klarafardiga.com\/?p=224#breadcrumb\"},\"inLanguage\":\"sv-SE\",\"potentialAction\":[{\"@type\":\"ReadAction\",\"target\":[\"https:\/\/klarafardiga.com\/?p=224\"]}]},{\"@type\":\"ImageObject\",\"inLanguage\":\"sv-SE\",\"@id\":\"https:\/\/klarafardiga.com\/?p=224#primaryimage\",\"url\":\"http:\/\/4.bp.blogspot.com\/-IFWXrSRjI1I\/TiMvgKbWbgI\/AAAAAAAACIM\/rx9XMyoWu2s\/s400\/macarons_01.jpg\",\"contentUrl\":\"http:\/\/4.bp.blogspot.com\/-IFWXrSRjI1I\/TiMvgKbWbgI\/AAAAAAAACIM\/rx9XMyoWu2s\/s400\/macarons_01.jpg\"},{\"@type\":\"BreadcrumbList\",\"@id\":\"https:\/\/klarafardiga.com\/?p=224#breadcrumb\",\"itemListElement\":[{\"@type\":\"ListItem\",\"position\":1,\"name\":\"Hem\",\"item\":\"https:\/\/klarafardiga.com\/\"},{\"@type\":\"ListItem\",\"position\":2,\"name\":\"Macarons p\u00e5 Digestivekex&#8230;\"}]},{\"@type\":\"WebSite\",\"@id\":\"https:\/\/klarafardiga.com\/#website\",\"url\":\"https:\/\/klarafardiga.com\/\",\"name\":\"Baka med KlaraForm\",\"description\":\"Recept, tips och nyheter i butiken\",\"potentialAction\":[{\"@type\":\"SearchAction\",\"target\":{\"@type\":\"EntryPoint\",\"urlTemplate\":\"https:\/\/klarafardiga.com\/?s={search_term_string}\"},\"query-input\":{\"@type\":\"PropertyValueSpecification\",\"valueRequired\":true,\"valueName\":\"search_term_string\"}}],\"inLanguage\":\"sv-SE\"},{\"@type\":\"Person\",\"@id\":\"https:\/\/klarafardiga.com\/#\/schema\/person\/0f54ba1da7c4c21dd7411ed3a8e9f8c0\",\"name\":\"admin\",\"image\":{\"@type\":\"ImageObject\",\"inLanguage\":\"sv-SE\",\"@id\":\"https:\/\/klarafardiga.com\/#\/schema\/person\/image\/\",\"url\":\"https:\/\/secure.gravatar.com\/avatar\/356da59eaae0a6e58215761d8e8dabed?s=96&d=mm&r=g\",\"contentUrl\":\"https:\/\/secure.gravatar.com\/avatar\/356da59eaae0a6e58215761d8e8dabed?s=96&d=mm&r=g\",\"caption\":\"admin\"},\"sameAs\":[\"http:\/\/www.klaraform.se\"],\"url\":\"https:\/\/klarafardiga.com\/?author=1\"}]}<\/script>\n<!-- \/ Yoast SEO plugin. -->","yoast_head_json":{"title":"Macarons p\u00e5 Digestivekex... - Baka med KlaraForm","robots":{"index":"index","follow":"follow","max-snippet":"max-snippet:-1","max-image-preview":"max-image-preview:large","max-video-preview":"max-video-preview:-1"},"canonical":"https:\/\/klarafardiga.com\/?p=224","og_locale":"sv_SE","og_type":"article","og_title":"Macarons p\u00e5 Digestivekex... - Baka med KlaraForm","og_description":"Tredje g\u00e5ngen gillt. Nu b\u00f6rjar jag f\u00e5 fason p\u00e5 dessa sm\u00e5 kakor. N\u00e4sta g\u00e5ng t\u00e4nker jag lyckas helt \ud83d\ude42 Dessa \u00e4r inga &#8221;riktiga&#8221; Macarons, i st\u00e4llet f\u00f6r mandel s\u00e5 \u00e4r det Digestivekex. F\u00e4rgen blev lite tristare s\u00e5 n\u00e5got vidare snygga blev de inte. N\u00e5gon som provat att ers\u00e4tta mandeln med n\u00e5got annat?? Har h\u00f6rt att n\u00e5gon anv\u00e4nt kn\u00e4ckebr\u00f6d! M\u00e5ste hitta n\u00e5got som passar en n\u00f6tallergiker&#8230; Burk fr\u00e5n www.klaraform.se","og_url":"https:\/\/klarafardiga.com\/?p=224","og_site_name":"Baka med KlaraForm","article_published_time":"2011-07-17T18:47:00+00:00","og_image":[{"url":"http:\/\/4.bp.blogspot.com\/-IFWXrSRjI1I\/TiMvgKbWbgI\/AAAAAAAACIM\/rx9XMyoWu2s\/s400\/macarons_01.jpg"}],"author":"admin","twitter_card":"summary_large_image","twitter_misc":{"Skriven av":"admin"},"schema":{"@context":"https:\/\/schema.org","@graph":[{"@type":"WebPage","@id":"https:\/\/klarafardiga.com\/?p=224","url":"https:\/\/klarafardiga.com\/?p=224","name":"Macarons p\u00e5 Digestivekex... - Baka med KlaraForm","isPartOf":{"@id":"https:\/\/klarafardiga.com\/#website"},"primaryImageOfPage":{"@id":"https:\/\/klarafardiga.com\/?p=224#primaryimage"},"image":{"@id":"https:\/\/klarafardiga.com\/?p=224#primaryimage"},"thumbnailUrl":"http:\/\/4.bp.blogspot.com\/-IFWXrSRjI1I\/TiMvgKbWbgI\/AAAAAAAACIM\/rx9XMyoWu2s\/s400\/macarons_01.jpg","datePublished":"2011-07-17T18:47:00+00:00","dateModified":"2011-07-17T18:47:00+00:00","author":{"@id":"https:\/\/klarafardiga.com\/#\/schema\/person\/0f54ba1da7c4c21dd7411ed3a8e9f8c0"},"breadcrumb":{"@id":"https:\/\/klarafardiga.com\/?p=224#breadcrumb"},"inLanguage":"sv-SE","potentialAction":[{"@type":"ReadAction","target":["https:\/\/klarafardiga.com\/?p=224"]}]},{"@type":"ImageObject","inLanguage":"sv-SE","@id":"https:\/\/klarafardiga.com\/?p=224#primaryimage","url":"http:\/\/4.bp.blogspot.com\/-IFWXrSRjI1I\/TiMvgKbWbgI\/AAAAAAAACIM\/rx9XMyoWu2s\/s400\/macarons_01.jpg","contentUrl":"http:\/\/4.bp.blogspot.com\/-IFWXrSRjI1I\/TiMvgKbWbgI\/AAAAAAAACIM\/rx9XMyoWu2s\/s400\/macarons_01.jpg"},{"@type":"BreadcrumbList","@id":"https:\/\/klarafardiga.com\/?p=224#breadcrumb","itemListElement":[{"@type":"ListItem","position":1,"name":"Hem","item":"https:\/\/klarafardiga.com\/"},{"@type":"ListItem","position":2,"name":"Macarons p\u00e5 Digestivekex&#8230;"}]},{"@type":"WebSite","@id":"https:\/\/klarafardiga.com\/#website","url":"https:\/\/klarafardiga.com\/","name":"Baka med KlaraForm","description":"Recept, tips och nyheter i butiken","potentialAction":[{"@type":"SearchAction","target":{"@type":"EntryPoint","urlTemplate":"https:\/\/klarafardiga.com\/?s={search_term_string}"},"query-input":{"@type":"PropertyValueSpecification","valueRequired":true,"valueName":"search_term_string"}}],"inLanguage":"sv-SE"},{"@type":"Person","@id":"https:\/\/klarafardiga.com\/#\/schema\/person\/0f54ba1da7c4c21dd7411ed3a8e9f8c0","name":"admin","image":{"@type":"ImageObject","inLanguage":"sv-SE","@id":"https:\/\/klarafardiga.com\/#\/schema\/person\/image\/","url":"https:\/\/secure.gravatar.com\/avatar\/356da59eaae0a6e58215761d8e8dabed?s=96&d=mm&r=g","contentUrl":"https:\/\/secure.gravatar.com\/avatar\/356da59eaae0a6e58215761d8e8dabed?s=96&d=mm&r=g","caption":"admin"},"sameAs":["http:\/\/www.klaraform.se"],"url":"https:\/\/klarafardiga.com\/?author=1"}]}},"_links":{"self":[{"href":"https:\/\/klarafardiga.com\/index.php?rest_route=\/wp\/v2\/posts\/224"}],"collection":[{"href":"https:\/\/klarafardiga.com\/index.php?rest_route=\/wp\/v2\/posts"}],"about":[{"href":"https:\/\/klarafardiga.com\/index.php?rest_route=\/wp\/v2\/types\/post"}],"author":[{"embeddable":true,"href":"https:\/\/klarafardiga.com\/index.php?rest_route=\/wp\/v2\/users\/1"}],"replies":[{"embeddable":true,"href":"https:\/\/klarafardiga.com\/index.php?rest_route=%2Fwp%2Fv2%2Fcomments&post=224"}],"version-history":[{"count":0,"href":"https:\/\/klarafardiga.com\/index.php?rest_route=\/wp\/v2\/posts\/224\/revisions"}],"wp:attachment":[{"href":"https:\/\/klarafardiga.com\/index.php?rest_route=%2Fwp%2Fv2%2Fmedia&parent=224"}],"wp:term":[{"taxonomy":"category","embeddable":true,"href":"https:\/\/klarafardiga.com\/index.php?rest_route=%2Fwp%2Fv2%2Fcategories&post=224"},{"taxonomy":"post_tag","embeddable":true,"href":"https:\/\/klarafardiga.com\/index.php?rest_route=%2Fwp%2Fv2%2Ftags&post=224"}],"curies":[{"name":"wp","href":"https:\/\/api.w.org\/{rel}","templated":true}]}}