{"id":222,"date":"2011-07-06T21:41:00","date_gmt":"2011-07-06T19:41:00","guid":{"rendered":"http:\/\/klarafardiga.com\/?p=222"},"modified":"2011-07-06T21:41:00","modified_gmt":"2011-07-06T19:41:00","slug":"nyoppning-av-butiken-vi-byter-namn","status":"publish","type":"post","link":"https:\/\/klarafardiga.com\/?p=222","title":{"rendered":"Ny\u00f6ppning av butiken &#8211; vi byter namn"},"content":{"rendered":"<div style=\"text-align: left;\">till KlaraForm. Adressen \u00e4r <b><span class=\"Apple-style-span\" >www.klaraform.se<\/span><\/b><\/div>\n<div style=\"text-align: left;\">V\u00e4lkommen att kika in i nya butiken.<\/div>\n<div style=\"text-align: left;\"><\/div>\n<div><img decoding=\"async\" src=\"http:\/\/4.bp.blogspot.com\/-Ej8lGT4XgYE\/ThS6-ofn1EI\/AAAAAAAACHs\/ZAMOaCGB3R0\/s400\/klaraform_logga.gif\" style=\"display:block; margin:0px auto 10px; text-align:center;cursor:pointer; cursor:hand;width: 331px; height: 124px;\" border=\"0\" alt=\"\" id=\"BLOGGER_PHOTO_ID_5626327419677299778\" \/><\/div>\n<div>Nu kommer det stora jobbet att f\u00e5 alla l\u00e4nkar \u00e4ndrade vilket kommer att ta tid. Hoppas jag f\u00e5r hj\u00e4lp av er alla s\u00e5 g\u00e5r jobbet fortare \ud83d\ude42<\/div>\n<div style=\"text-align: center;\"><\/div>\n<div>Lite nya roliga saker har vi ocks\u00e5 f\u00e5tt in, l\u00e4gger in lite nytt d\u00e5 och d\u00e5 under kommande veckan.<\/div>\n<div><img decoding=\"async\" src=\"http:\/\/1.bp.blogspot.com\/-2_NKm85ne0c\/ThS7YuKAPVI\/AAAAAAAACH0\/NFal7lAtvMc\/s400\/jellymolds.jpg\" style=\"display:block; margin:0px auto 10px; text-align:center;cursor:pointer; cursor:hand;width: 360px; height: 360px;\" border=\"0\" alt=\"\" id=\"BLOGGER_PHOTO_ID_5626327867873836370\" \/><\/div>\n<div><\/div>\n<div>Ha det s\u00e5 bra i sommarv\u00e4rmen!<\/div>\n<div>Kram Helena<\/div>\n","protected":false},"excerpt":{"rendered":"<p>till KlaraForm. Adressen \u00e4r www.klaraform.se V\u00e4lkommen att kika in i nya butiken. Nu kommer det stora jobbet att f\u00e5 alla l\u00e4nkar \u00e4ndrade vilket kommer att ta tid. Hoppas jag f\u00e5r hj\u00e4lp av er alla s\u00e5 g\u00e5r jobbet fortare \ud83d\ude42 Lite nya roliga saker har vi ocks\u00e5 f\u00e5tt in, l\u00e4gger in lite nytt d\u00e5 och d\u00e5 under kommande veckan. Ha det s\u00e5 bra i sommarv\u00e4rmen! Kram Helena<\/p>\n","protected":false},"author":1,"featured_media":0,"comment_status":"open","ping_status":"open","sticky":false,"template":"","format":"standard","meta":{"footnotes":""},"categories":[8],"tags":[],"yoast_head":"<!-- This site is optimized with the Yoast SEO plugin v23.5 - https:\/\/yoast.com\/wordpress\/plugins\/seo\/ -->\n<title>Ny\u00f6ppning av butiken - vi byter namn - Baka med KlaraForm<\/title>\n<meta name=\"robots\" content=\"index, follow, max-snippet:-1, max-image-preview:large, max-video-preview:-1\" \/>\n<link rel=\"canonical\" href=\"https:\/\/klarafardiga.com\/?p=222\" \/>\n<meta property=\"og:locale\" content=\"sv_SE\" \/>\n<meta property=\"og:type\" content=\"article\" \/>\n<meta property=\"og:title\" content=\"Ny\u00f6ppning av butiken - vi byter namn - Baka med KlaraForm\" \/>\n<meta property=\"og:description\" content=\"till KlaraForm. Adressen \u00e4r www.klaraform.se V\u00e4lkommen att kika in i nya butiken. Nu kommer det stora jobbet att f\u00e5 alla l\u00e4nkar \u00e4ndrade vilket kommer att ta tid. Hoppas jag f\u00e5r hj\u00e4lp av er alla s\u00e5 g\u00e5r jobbet fortare \ud83d\ude42 Lite nya roliga saker har vi ocks\u00e5 f\u00e5tt in, l\u00e4gger in lite nytt d\u00e5 och d\u00e5 under kommande veckan. Ha det s\u00e5 bra i sommarv\u00e4rmen! Kram Helena\" \/>\n<meta property=\"og:url\" content=\"https:\/\/klarafardiga.com\/?p=222\" \/>\n<meta property=\"og:site_name\" content=\"Baka med KlaraForm\" \/>\n<meta property=\"article:published_time\" content=\"2011-07-06T19:41:00+00:00\" \/>\n<meta property=\"og:image\" content=\"http:\/\/4.bp.blogspot.com\/-Ej8lGT4XgYE\/ThS6-ofn1EI\/AAAAAAAACHs\/ZAMOaCGB3R0\/s400\/klaraform_logga.gif\" \/>\n<meta name=\"author\" content=\"admin\" \/>\n<meta name=\"twitter:card\" content=\"summary_large_image\" \/>\n<meta name=\"twitter:label1\" content=\"Skriven av\" \/>\n\t<meta name=\"twitter:data1\" content=\"admin\" \/>\n<script type=\"application\/ld+json\" class=\"yoast-schema-graph\">{\"@context\":\"https:\/\/schema.org\",\"@graph\":[{\"@type\":\"WebPage\",\"@id\":\"https:\/\/klarafardiga.com\/?p=222\",\"url\":\"https:\/\/klarafardiga.com\/?p=222\",\"name\":\"Ny\u00f6ppning av butiken - vi byter namn - Baka med KlaraForm\",\"isPartOf\":{\"@id\":\"https:\/\/klarafardiga.com\/#website\"},\"primaryImageOfPage\":{\"@id\":\"https:\/\/klarafardiga.com\/?p=222#primaryimage\"},\"image\":{\"@id\":\"https:\/\/klarafardiga.com\/?p=222#primaryimage\"},\"thumbnailUrl\":\"http:\/\/4.bp.blogspot.com\/-Ej8lGT4XgYE\/ThS6-ofn1EI\/AAAAAAAACHs\/ZAMOaCGB3R0\/s400\/klaraform_logga.gif\",\"datePublished\":\"2011-07-06T19:41:00+00:00\",\"dateModified\":\"2011-07-06T19:41:00+00:00\",\"author\":{\"@id\":\"https:\/\/klarafardiga.com\/#\/schema\/person\/0f54ba1da7c4c21dd7411ed3a8e9f8c0\"},\"breadcrumb\":{\"@id\":\"https:\/\/klarafardiga.com\/?p=222#breadcrumb\"},\"inLanguage\":\"sv-SE\",\"potentialAction\":[{\"@type\":\"ReadAction\",\"target\":[\"https:\/\/klarafardiga.com\/?p=222\"]}]},{\"@type\":\"ImageObject\",\"inLanguage\":\"sv-SE\",\"@id\":\"https:\/\/klarafardiga.com\/?p=222#primaryimage\",\"url\":\"http:\/\/4.bp.blogspot.com\/-Ej8lGT4XgYE\/ThS6-ofn1EI\/AAAAAAAACHs\/ZAMOaCGB3R0\/s400\/klaraform_logga.gif\",\"contentUrl\":\"http:\/\/4.bp.blogspot.com\/-Ej8lGT4XgYE\/ThS6-ofn1EI\/AAAAAAAACHs\/ZAMOaCGB3R0\/s400\/klaraform_logga.gif\"},{\"@type\":\"BreadcrumbList\",\"@id\":\"https:\/\/klarafardiga.com\/?p=222#breadcrumb\",\"itemListElement\":[{\"@type\":\"ListItem\",\"position\":1,\"name\":\"Hem\",\"item\":\"https:\/\/klarafardiga.com\/\"},{\"@type\":\"ListItem\",\"position\":2,\"name\":\"Ny\u00f6ppning av butiken &#8211; vi byter namn\"}]},{\"@type\":\"WebSite\",\"@id\":\"https:\/\/klarafardiga.com\/#website\",\"url\":\"https:\/\/klarafardiga.com\/\",\"name\":\"Baka med KlaraForm\",\"description\":\"Recept, tips och nyheter i butiken\",\"potentialAction\":[{\"@type\":\"SearchAction\",\"target\":{\"@type\":\"EntryPoint\",\"urlTemplate\":\"https:\/\/klarafardiga.com\/?s={search_term_string}\"},\"query-input\":{\"@type\":\"PropertyValueSpecification\",\"valueRequired\":true,\"valueName\":\"search_term_string\"}}],\"inLanguage\":\"sv-SE\"},{\"@type\":\"Person\",\"@id\":\"https:\/\/klarafardiga.com\/#\/schema\/person\/0f54ba1da7c4c21dd7411ed3a8e9f8c0\",\"name\":\"admin\",\"image\":{\"@type\":\"ImageObject\",\"inLanguage\":\"sv-SE\",\"@id\":\"https:\/\/klarafardiga.com\/#\/schema\/person\/image\/\",\"url\":\"https:\/\/secure.gravatar.com\/avatar\/356da59eaae0a6e58215761d8e8dabed?s=96&d=mm&r=g\",\"contentUrl\":\"https:\/\/secure.gravatar.com\/avatar\/356da59eaae0a6e58215761d8e8dabed?s=96&d=mm&r=g\",\"caption\":\"admin\"},\"sameAs\":[\"http:\/\/www.klaraform.se\"],\"url\":\"https:\/\/klarafardiga.com\/?author=1\"}]}<\/script>\n<!-- \/ Yoast SEO plugin. -->","yoast_head_json":{"title":"Ny\u00f6ppning av butiken - vi byter namn - Baka med KlaraForm","robots":{"index":"index","follow":"follow","max-snippet":"max-snippet:-1","max-image-preview":"max-image-preview:large","max-video-preview":"max-video-preview:-1"},"canonical":"https:\/\/klarafardiga.com\/?p=222","og_locale":"sv_SE","og_type":"article","og_title":"Ny\u00f6ppning av butiken - vi byter namn - Baka med KlaraForm","og_description":"till KlaraForm. Adressen \u00e4r www.klaraform.se V\u00e4lkommen att kika in i nya butiken. Nu kommer det stora jobbet att f\u00e5 alla l\u00e4nkar \u00e4ndrade vilket kommer att ta tid. Hoppas jag f\u00e5r hj\u00e4lp av er alla s\u00e5 g\u00e5r jobbet fortare \ud83d\ude42 Lite nya roliga saker har vi ocks\u00e5 f\u00e5tt in, l\u00e4gger in lite nytt d\u00e5 och d\u00e5 under kommande veckan. Ha det s\u00e5 bra i sommarv\u00e4rmen! Kram Helena","og_url":"https:\/\/klarafardiga.com\/?p=222","og_site_name":"Baka med KlaraForm","article_published_time":"2011-07-06T19:41:00+00:00","og_image":[{"url":"http:\/\/4.bp.blogspot.com\/-Ej8lGT4XgYE\/ThS6-ofn1EI\/AAAAAAAACHs\/ZAMOaCGB3R0\/s400\/klaraform_logga.gif"}],"author":"admin","twitter_card":"summary_large_image","twitter_misc":{"Skriven av":"admin"},"schema":{"@context":"https:\/\/schema.org","@graph":[{"@type":"WebPage","@id":"https:\/\/klarafardiga.com\/?p=222","url":"https:\/\/klarafardiga.com\/?p=222","name":"Ny\u00f6ppning av butiken - vi byter namn - Baka med KlaraForm","isPartOf":{"@id":"https:\/\/klarafardiga.com\/#website"},"primaryImageOfPage":{"@id":"https:\/\/klarafardiga.com\/?p=222#primaryimage"},"image":{"@id":"https:\/\/klarafardiga.com\/?p=222#primaryimage"},"thumbnailUrl":"http:\/\/4.bp.blogspot.com\/-Ej8lGT4XgYE\/ThS6-ofn1EI\/AAAAAAAACHs\/ZAMOaCGB3R0\/s400\/klaraform_logga.gif","datePublished":"2011-07-06T19:41:00+00:00","dateModified":"2011-07-06T19:41:00+00:00","author":{"@id":"https:\/\/klarafardiga.com\/#\/schema\/person\/0f54ba1da7c4c21dd7411ed3a8e9f8c0"},"breadcrumb":{"@id":"https:\/\/klarafardiga.com\/?p=222#breadcrumb"},"inLanguage":"sv-SE","potentialAction":[{"@type":"ReadAction","target":["https:\/\/klarafardiga.com\/?p=222"]}]},{"@type":"ImageObject","inLanguage":"sv-SE","@id":"https:\/\/klarafardiga.com\/?p=222#primaryimage","url":"http:\/\/4.bp.blogspot.com\/-Ej8lGT4XgYE\/ThS6-ofn1EI\/AAAAAAAACHs\/ZAMOaCGB3R0\/s400\/klaraform_logga.gif","contentUrl":"http:\/\/4.bp.blogspot.com\/-Ej8lGT4XgYE\/ThS6-ofn1EI\/AAAAAAAACHs\/ZAMOaCGB3R0\/s400\/klaraform_logga.gif"},{"@type":"BreadcrumbList","@id":"https:\/\/klarafardiga.com\/?p=222#breadcrumb","itemListElement":[{"@type":"ListItem","position":1,"name":"Hem","item":"https:\/\/klarafardiga.com\/"},{"@type":"ListItem","position":2,"name":"Ny\u00f6ppning av butiken &#8211; vi byter namn"}]},{"@type":"WebSite","@id":"https:\/\/klarafardiga.com\/#website","url":"https:\/\/klarafardiga.com\/","name":"Baka med KlaraForm","description":"Recept, tips och nyheter i butiken","potentialAction":[{"@type":"SearchAction","target":{"@type":"EntryPoint","urlTemplate":"https:\/\/klarafardiga.com\/?s={search_term_string}"},"query-input":{"@type":"PropertyValueSpecification","valueRequired":true,"valueName":"search_term_string"}}],"inLanguage":"sv-SE"},{"@type":"Person","@id":"https:\/\/klarafardiga.com\/#\/schema\/person\/0f54ba1da7c4c21dd7411ed3a8e9f8c0","name":"admin","image":{"@type":"ImageObject","inLanguage":"sv-SE","@id":"https:\/\/klarafardiga.com\/#\/schema\/person\/image\/","url":"https:\/\/secure.gravatar.com\/avatar\/356da59eaae0a6e58215761d8e8dabed?s=96&d=mm&r=g","contentUrl":"https:\/\/secure.gravatar.com\/avatar\/356da59eaae0a6e58215761d8e8dabed?s=96&d=mm&r=g","caption":"admin"},"sameAs":["http:\/\/www.klaraform.se"],"url":"https:\/\/klarafardiga.com\/?author=1"}]}},"_links":{"self":[{"href":"https:\/\/klarafardiga.com\/index.php?rest_route=\/wp\/v2\/posts\/222"}],"collection":[{"href":"https:\/\/klarafardiga.com\/index.php?rest_route=\/wp\/v2\/posts"}],"about":[{"href":"https:\/\/klarafardiga.com\/index.php?rest_route=\/wp\/v2\/types\/post"}],"author":[{"embeddable":true,"href":"https:\/\/klarafardiga.com\/index.php?rest_route=\/wp\/v2\/users\/1"}],"replies":[{"embeddable":true,"href":"https:\/\/klarafardiga.com\/index.php?rest_route=%2Fwp%2Fv2%2Fcomments&post=222"}],"version-history":[{"count":0,"href":"https:\/\/klarafardiga.com\/index.php?rest_route=\/wp\/v2\/posts\/222\/revisions"}],"wp:attachment":[{"href":"https:\/\/klarafardiga.com\/index.php?rest_route=%2Fwp%2Fv2%2Fmedia&parent=222"}],"wp:term":[{"taxonomy":"category","embeddable":true,"href":"https:\/\/klarafardiga.com\/index.php?rest_route=%2Fwp%2Fv2%2Fcategories&post=222"},{"taxonomy":"post_tag","embeddable":true,"href":"https:\/\/klarafardiga.com\/index.php?rest_route=%2Fwp%2Fv2%2Ftags&post=222"}],"curies":[{"name":"wp","href":"https:\/\/api.w.org\/{rel}","templated":true}]}}