{"id":217,"date":"2011-05-19T23:21:00","date_gmt":"2011-05-19T21:21:00","guid":{"rendered":"http:\/\/klarafardiga.com\/?p=217"},"modified":"2011-05-19T23:21:00","modified_gmt":"2011-05-19T21:21:00","slug":"hemmagjord-glass","status":"publish","type":"post","link":"https:\/\/klarafardiga.com\/?p=217","title":{"rendered":"Hemmagjord glass"},"content":{"rendered":"<div style=\"text-align: left;\">T\u00e4nk att det kunde vara s\u00e5 enkelt att g\u00f6ra egen glass! H\u00e4r kommer ett recept som jag provade h\u00e4romdagen. Det var Lisa med fina bloggen <a href=\"http:\/\/sockerrus.se\/\"><b>Sockerrus <\/b><\/a>som inspirerade mig till detta fr\u00e5n b\u00f6rjan, se tidigare inl\u00e4gg&#8230;<\/div>\n<div><\/div>\n<div><b>Glass &#8211; r\u00e4cker till 6 st <\/b><\/div>\n<div>2 dl gr\u00e4dde<\/div>\n<div>2 \u00e4ggulor<\/div>\n<div>1 msk kakao<\/div>\n<div>1 tsk vaniljsocker<\/div>\n<div>4 msk florsocker<\/div>\n<div>2 rutor m\u00f6rk choklad<\/div>\n<div><\/div>\n<div>B\u00f6rja med att vispa gr\u00e4dden.<\/div>\n<div>Vispa \u00e4ggula och florsocker h\u00e5rt. Blanda i kakao, vaniljsocker, florsocker samt krossa den m\u00f6rka chokladen i sm\u00e5bitar, v\u00e4nd ner smeten i gr\u00e4dden och r\u00f6r om.<\/div>\n<div>H\u00e4ll i glassformarna stick ner pinnar eller <b><span class=\"Apple-style-span\"><a href=\"http:\/\/www.klarafardiga.com\/\">papperssugr\u00f6r<\/a><\/span><\/b> och l\u00e5t stelna i frys i n\u00e5gra timmar. <\/div>\n<div><img decoding=\"async\" src=\"http:\/\/2.bp.blogspot.com\/-rAotdIXiewg\/TdWKBC0WGBI\/AAAAAAAACGQ\/b9CpLcPU6gk\/s400\/glass03.jpg\" style=\"display:block; margin:0px auto 10px; text-align:center;cursor:pointer; cursor:hand;width: 400px; height: 266px;\" border=\"0\" alt=\"\" id=\"BLOGGER_PHOTO_ID_5608540661500745746\" \/><a href=\"http:\/\/2.bp.blogspot.com\/-PK-jdUC5E00\/TdWKAzPPCTI\/AAAAAAAACGI\/cEhTjdE0Ax0\/s1600\/glass02.jpg\" onblur=\"try {parent.deselectBloggerImageGracefully();} catch(e) {}\"><img decoding=\"async\" style=\"display:block; margin:0px auto 10px; text-align:center;cursor:pointer; cursor:hand;width: 400px; height: 266px;\" src=\"http:\/\/2.bp.blogspot.com\/-PK-jdUC5E00\/TdWKAzPPCTI\/AAAAAAAACGI\/cEhTjdE0Ax0\/s400\/glass02.jpg\" border=\"0\" alt=\"\" id=\"BLOGGER_PHOTO_ID_5608540657318562098\" \/><\/a>Ha en h\u00e4rlig fredag!<\/div>\n<div>Kram Helena<\/div>\n","protected":false},"excerpt":{"rendered":"<p>T\u00e4nk att det kunde vara s\u00e5 enkelt att g\u00f6ra egen glass! H\u00e4r kommer ett recept som jag provade h\u00e4romdagen. Det var Lisa med fina bloggen Sockerrus som inspirerade mig till detta fr\u00e5n b\u00f6rjan, se tidigare inl\u00e4gg&#8230; Glass &#8211; r\u00e4cker till 6 st 2 dl gr\u00e4dde 2 \u00e4ggulor 1 msk kakao 1 tsk vaniljsocker 4 msk florsocker 2 rutor m\u00f6rk choklad B\u00f6rja med att vispa gr\u00e4dden. Vispa \u00e4ggula och florsocker h\u00e5rt. Blanda i kakao, vaniljsocker, florsocker samt krossa den m\u00f6rka chokladen i sm\u00e5bitar, v\u00e4nd ner smeten i gr\u00e4dden och r\u00f6r om. H\u00e4ll i glassformarna stick ner pinnar eller papperssugr\u00f6r och l\u00e5t stelna i frys i n\u00e5gra timmar. Ha en h\u00e4rlig fredag! Kram Helena<\/p>\n","protected":false},"author":1,"featured_media":0,"comment_status":"open","ping_status":"open","sticky":false,"template":"","format":"standard","meta":{"footnotes":""},"categories":[9,8],"tags":[],"yoast_head":"<!-- This site is optimized with the Yoast SEO plugin v23.5 - https:\/\/yoast.com\/wordpress\/plugins\/seo\/ -->\n<title>Hemmagjord glass - Baka med KlaraForm<\/title>\n<meta name=\"robots\" content=\"index, follow, max-snippet:-1, max-image-preview:large, max-video-preview:-1\" \/>\n<link rel=\"canonical\" href=\"https:\/\/klarafardiga.com\/?p=217\" \/>\n<meta property=\"og:locale\" content=\"sv_SE\" \/>\n<meta property=\"og:type\" content=\"article\" \/>\n<meta property=\"og:title\" content=\"Hemmagjord glass - Baka med KlaraForm\" \/>\n<meta property=\"og:description\" content=\"T\u00e4nk att det kunde vara s\u00e5 enkelt att g\u00f6ra egen glass! H\u00e4r kommer ett recept som jag provade h\u00e4romdagen. Det var Lisa med fina bloggen Sockerrus som inspirerade mig till detta fr\u00e5n b\u00f6rjan, se tidigare inl\u00e4gg&#8230; Glass &#8211; r\u00e4cker till 6 st 2 dl gr\u00e4dde 2 \u00e4ggulor 1 msk kakao 1 tsk vaniljsocker 4 msk florsocker 2 rutor m\u00f6rk choklad B\u00f6rja med att vispa gr\u00e4dden. Vispa \u00e4ggula och florsocker h\u00e5rt. Blanda i kakao, vaniljsocker, florsocker samt krossa den m\u00f6rka chokladen i sm\u00e5bitar, v\u00e4nd ner smeten i gr\u00e4dden och r\u00f6r om. H\u00e4ll i glassformarna stick ner pinnar eller papperssugr\u00f6r och l\u00e5t stelna i frys i n\u00e5gra timmar. Ha en h\u00e4rlig fredag! Kram Helena\" \/>\n<meta property=\"og:url\" content=\"https:\/\/klarafardiga.com\/?p=217\" \/>\n<meta property=\"og:site_name\" content=\"Baka med KlaraForm\" \/>\n<meta property=\"article:published_time\" content=\"2011-05-19T21:21:00+00:00\" \/>\n<meta property=\"og:image\" content=\"http:\/\/2.bp.blogspot.com\/-rAotdIXiewg\/TdWKBC0WGBI\/AAAAAAAACGQ\/b9CpLcPU6gk\/s400\/glass03.jpg\" \/>\n<meta name=\"author\" content=\"admin\" \/>\n<meta name=\"twitter:card\" content=\"summary_large_image\" \/>\n<meta name=\"twitter:label1\" content=\"Skriven av\" \/>\n\t<meta name=\"twitter:data1\" content=\"admin\" \/>\n\t<meta name=\"twitter:label2\" content=\"Ber\u00e4knad l\u00e4stid\" \/>\n\t<meta name=\"twitter:data2\" content=\"1 minut\" \/>\n<script type=\"application\/ld+json\" class=\"yoast-schema-graph\">{\"@context\":\"https:\/\/schema.org\",\"@graph\":[{\"@type\":\"WebPage\",\"@id\":\"https:\/\/klarafardiga.com\/?p=217\",\"url\":\"https:\/\/klarafardiga.com\/?p=217\",\"name\":\"Hemmagjord glass - Baka med KlaraForm\",\"isPartOf\":{\"@id\":\"https:\/\/klarafardiga.com\/#website\"},\"primaryImageOfPage\":{\"@id\":\"https:\/\/klarafardiga.com\/?p=217#primaryimage\"},\"image\":{\"@id\":\"https:\/\/klarafardiga.com\/?p=217#primaryimage\"},\"thumbnailUrl\":\"http:\/\/2.bp.blogspot.com\/-rAotdIXiewg\/TdWKBC0WGBI\/AAAAAAAACGQ\/b9CpLcPU6gk\/s400\/glass03.jpg\",\"datePublished\":\"2011-05-19T21:21:00+00:00\",\"dateModified\":\"2011-05-19T21:21:00+00:00\",\"author\":{\"@id\":\"https:\/\/klarafardiga.com\/#\/schema\/person\/0f54ba1da7c4c21dd7411ed3a8e9f8c0\"},\"breadcrumb\":{\"@id\":\"https:\/\/klarafardiga.com\/?p=217#breadcrumb\"},\"inLanguage\":\"sv-SE\",\"potentialAction\":[{\"@type\":\"ReadAction\",\"target\":[\"https:\/\/klarafardiga.com\/?p=217\"]}]},{\"@type\":\"ImageObject\",\"inLanguage\":\"sv-SE\",\"@id\":\"https:\/\/klarafardiga.com\/?p=217#primaryimage\",\"url\":\"http:\/\/2.bp.blogspot.com\/-rAotdIXiewg\/TdWKBC0WGBI\/AAAAAAAACGQ\/b9CpLcPU6gk\/s400\/glass03.jpg\",\"contentUrl\":\"http:\/\/2.bp.blogspot.com\/-rAotdIXiewg\/TdWKBC0WGBI\/AAAAAAAACGQ\/b9CpLcPU6gk\/s400\/glass03.jpg\"},{\"@type\":\"BreadcrumbList\",\"@id\":\"https:\/\/klarafardiga.com\/?p=217#breadcrumb\",\"itemListElement\":[{\"@type\":\"ListItem\",\"position\":1,\"name\":\"Hem\",\"item\":\"https:\/\/klarafardiga.com\/\"},{\"@type\":\"ListItem\",\"position\":2,\"name\":\"Hemmagjord glass\"}]},{\"@type\":\"WebSite\",\"@id\":\"https:\/\/klarafardiga.com\/#website\",\"url\":\"https:\/\/klarafardiga.com\/\",\"name\":\"Baka med KlaraForm\",\"description\":\"Recept, tips och nyheter i butiken\",\"potentialAction\":[{\"@type\":\"SearchAction\",\"target\":{\"@type\":\"EntryPoint\",\"urlTemplate\":\"https:\/\/klarafardiga.com\/?s={search_term_string}\"},\"query-input\":{\"@type\":\"PropertyValueSpecification\",\"valueRequired\":true,\"valueName\":\"search_term_string\"}}],\"inLanguage\":\"sv-SE\"},{\"@type\":\"Person\",\"@id\":\"https:\/\/klarafardiga.com\/#\/schema\/person\/0f54ba1da7c4c21dd7411ed3a8e9f8c0\",\"name\":\"admin\",\"image\":{\"@type\":\"ImageObject\",\"inLanguage\":\"sv-SE\",\"@id\":\"https:\/\/klarafardiga.com\/#\/schema\/person\/image\/\",\"url\":\"https:\/\/secure.gravatar.com\/avatar\/356da59eaae0a6e58215761d8e8dabed?s=96&d=mm&r=g\",\"contentUrl\":\"https:\/\/secure.gravatar.com\/avatar\/356da59eaae0a6e58215761d8e8dabed?s=96&d=mm&r=g\",\"caption\":\"admin\"},\"sameAs\":[\"http:\/\/www.klaraform.se\"],\"url\":\"https:\/\/klarafardiga.com\/?author=1\"}]}<\/script>\n<!-- \/ Yoast SEO plugin. -->","yoast_head_json":{"title":"Hemmagjord glass - Baka med KlaraForm","robots":{"index":"index","follow":"follow","max-snippet":"max-snippet:-1","max-image-preview":"max-image-preview:large","max-video-preview":"max-video-preview:-1"},"canonical":"https:\/\/klarafardiga.com\/?p=217","og_locale":"sv_SE","og_type":"article","og_title":"Hemmagjord glass - Baka med KlaraForm","og_description":"T\u00e4nk att det kunde vara s\u00e5 enkelt att g\u00f6ra egen glass! H\u00e4r kommer ett recept som jag provade h\u00e4romdagen. Det var Lisa med fina bloggen Sockerrus som inspirerade mig till detta fr\u00e5n b\u00f6rjan, se tidigare inl\u00e4gg&#8230; Glass &#8211; r\u00e4cker till 6 st 2 dl gr\u00e4dde 2 \u00e4ggulor 1 msk kakao 1 tsk vaniljsocker 4 msk florsocker 2 rutor m\u00f6rk choklad B\u00f6rja med att vispa gr\u00e4dden. Vispa \u00e4ggula och florsocker h\u00e5rt. Blanda i kakao, vaniljsocker, florsocker samt krossa den m\u00f6rka chokladen i sm\u00e5bitar, v\u00e4nd ner smeten i gr\u00e4dden och r\u00f6r om. H\u00e4ll i glassformarna stick ner pinnar eller papperssugr\u00f6r och l\u00e5t stelna i frys i n\u00e5gra timmar. Ha en h\u00e4rlig fredag! Kram Helena","og_url":"https:\/\/klarafardiga.com\/?p=217","og_site_name":"Baka med KlaraForm","article_published_time":"2011-05-19T21:21:00+00:00","og_image":[{"url":"http:\/\/2.bp.blogspot.com\/-rAotdIXiewg\/TdWKBC0WGBI\/AAAAAAAACGQ\/b9CpLcPU6gk\/s400\/glass03.jpg"}],"author":"admin","twitter_card":"summary_large_image","twitter_misc":{"Skriven av":"admin","Ber\u00e4knad l\u00e4stid":"1 minut"},"schema":{"@context":"https:\/\/schema.org","@graph":[{"@type":"WebPage","@id":"https:\/\/klarafardiga.com\/?p=217","url":"https:\/\/klarafardiga.com\/?p=217","name":"Hemmagjord glass - Baka med KlaraForm","isPartOf":{"@id":"https:\/\/klarafardiga.com\/#website"},"primaryImageOfPage":{"@id":"https:\/\/klarafardiga.com\/?p=217#primaryimage"},"image":{"@id":"https:\/\/klarafardiga.com\/?p=217#primaryimage"},"thumbnailUrl":"http:\/\/2.bp.blogspot.com\/-rAotdIXiewg\/TdWKBC0WGBI\/AAAAAAAACGQ\/b9CpLcPU6gk\/s400\/glass03.jpg","datePublished":"2011-05-19T21:21:00+00:00","dateModified":"2011-05-19T21:21:00+00:00","author":{"@id":"https:\/\/klarafardiga.com\/#\/schema\/person\/0f54ba1da7c4c21dd7411ed3a8e9f8c0"},"breadcrumb":{"@id":"https:\/\/klarafardiga.com\/?p=217#breadcrumb"},"inLanguage":"sv-SE","potentialAction":[{"@type":"ReadAction","target":["https:\/\/klarafardiga.com\/?p=217"]}]},{"@type":"ImageObject","inLanguage":"sv-SE","@id":"https:\/\/klarafardiga.com\/?p=217#primaryimage","url":"http:\/\/2.bp.blogspot.com\/-rAotdIXiewg\/TdWKBC0WGBI\/AAAAAAAACGQ\/b9CpLcPU6gk\/s400\/glass03.jpg","contentUrl":"http:\/\/2.bp.blogspot.com\/-rAotdIXiewg\/TdWKBC0WGBI\/AAAAAAAACGQ\/b9CpLcPU6gk\/s400\/glass03.jpg"},{"@type":"BreadcrumbList","@id":"https:\/\/klarafardiga.com\/?p=217#breadcrumb","itemListElement":[{"@type":"ListItem","position":1,"name":"Hem","item":"https:\/\/klarafardiga.com\/"},{"@type":"ListItem","position":2,"name":"Hemmagjord glass"}]},{"@type":"WebSite","@id":"https:\/\/klarafardiga.com\/#website","url":"https:\/\/klarafardiga.com\/","name":"Baka med KlaraForm","description":"Recept, tips och nyheter i butiken","potentialAction":[{"@type":"SearchAction","target":{"@type":"EntryPoint","urlTemplate":"https:\/\/klarafardiga.com\/?s={search_term_string}"},"query-input":{"@type":"PropertyValueSpecification","valueRequired":true,"valueName":"search_term_string"}}],"inLanguage":"sv-SE"},{"@type":"Person","@id":"https:\/\/klarafardiga.com\/#\/schema\/person\/0f54ba1da7c4c21dd7411ed3a8e9f8c0","name":"admin","image":{"@type":"ImageObject","inLanguage":"sv-SE","@id":"https:\/\/klarafardiga.com\/#\/schema\/person\/image\/","url":"https:\/\/secure.gravatar.com\/avatar\/356da59eaae0a6e58215761d8e8dabed?s=96&d=mm&r=g","contentUrl":"https:\/\/secure.gravatar.com\/avatar\/356da59eaae0a6e58215761d8e8dabed?s=96&d=mm&r=g","caption":"admin"},"sameAs":["http:\/\/www.klaraform.se"],"url":"https:\/\/klarafardiga.com\/?author=1"}]}},"_links":{"self":[{"href":"https:\/\/klarafardiga.com\/index.php?rest_route=\/wp\/v2\/posts\/217"}],"collection":[{"href":"https:\/\/klarafardiga.com\/index.php?rest_route=\/wp\/v2\/posts"}],"about":[{"href":"https:\/\/klarafardiga.com\/index.php?rest_route=\/wp\/v2\/types\/post"}],"author":[{"embeddable":true,"href":"https:\/\/klarafardiga.com\/index.php?rest_route=\/wp\/v2\/users\/1"}],"replies":[{"embeddable":true,"href":"https:\/\/klarafardiga.com\/index.php?rest_route=%2Fwp%2Fv2%2Fcomments&post=217"}],"version-history":[{"count":0,"href":"https:\/\/klarafardiga.com\/index.php?rest_route=\/wp\/v2\/posts\/217\/revisions"}],"wp:attachment":[{"href":"https:\/\/klarafardiga.com\/index.php?rest_route=%2Fwp%2Fv2%2Fmedia&parent=217"}],"wp:term":[{"taxonomy":"category","embeddable":true,"href":"https:\/\/klarafardiga.com\/index.php?rest_route=%2Fwp%2Fv2%2Fcategories&post=217"},{"taxonomy":"post_tag","embeddable":true,"href":"https:\/\/klarafardiga.com\/index.php?rest_route=%2Fwp%2Fv2%2Ftags&post=217"}],"curies":[{"name":"wp","href":"https:\/\/api.w.org\/{rel}","templated":true}]}}