{"id":201,"date":"2011-01-05T19:24:00","date_gmt":"2011-01-05T18:24:00","guid":{"rendered":"http:\/\/klarafardiga.com\/?p=201"},"modified":"2011-01-05T19:24:00","modified_gmt":"2011-01-05T18:24:00","slug":"vita-cupcakeformar","status":"publish","type":"post","link":"https:\/\/klarafardiga.com\/?p=201","title":{"rendered":"Vita cupcakeformar"},"content":{"rendered":"<p>God forts\u00e4ttning p\u00e5 er alla! H\u00e4r har det sn\u00f6at i massor och mer \u00e4r p\u00e5g\u00e5ng &#8211; perfekt bakv\u00e4der allts\u00e5 \ud83d\ude42 Nu \u00e4ntligen har vi f\u00e5tt hem fler av dessa eftertraktade <a href=\"http:\/\/www.klarafardiga.com\/product.php?id_product=7112\"><strong>cupcakeformar<\/strong><\/a>&#8230; f\u00e5r se hur l\u00e4nge de r\u00e4cker denna g\u00e5ng f\u00f6r nu har vi i alla fall k\u00f6pt hem ett rej\u00e4lt lager&#8230;<\/p>\n<p><a href=\"http:\/\/4.bp.blogspot.com\/_rCm4mArCkLE\/TSSpTslzMwI\/AAAAAAAACBU\/07VyEiwOy-s\/s1600\/vit_cup_mellan.jpg\"><img decoding=\"async\" style=\"TEXT-ALIGN: center; MARGIN: 0px auto 10px; WIDTH: 400px; DISPLAY: block; HEIGHT: 358px; CURSOR: hand\" id=\"BLOGGER_PHOTO_ID_5558753995934348034\" border=\"0\" alt=\"\" src=\"http:\/\/4.bp.blogspot.com\/_rCm4mArCkLE\/TSSpTslzMwI\/AAAAAAAACBU\/07VyEiwOy-s\/s400\/vit_cup_mellan.jpg\" \/><\/a> Kram p\u00e5 er alla!<br \/>Helena<\/p>\n<div><\/div>\n","protected":false},"excerpt":{"rendered":"<p>God forts\u00e4ttning p\u00e5 er alla! H\u00e4r har det sn\u00f6at i massor och mer \u00e4r p\u00e5g\u00e5ng &#8211; perfekt bakv\u00e4der allts\u00e5 \ud83d\ude42 Nu \u00e4ntligen har vi f\u00e5tt hem fler av dessa eftertraktade cupcakeformar&#8230; f\u00e5r se hur l\u00e4nge de r\u00e4cker denna g\u00e5ng f\u00f6r nu har vi i alla fall k\u00f6pt hem ett rej\u00e4lt lager&#8230; Kram p\u00e5 er alla!Helena<\/p>\n","protected":false},"author":1,"featured_media":0,"comment_status":"open","ping_status":"open","sticky":false,"template":"","format":"standard","meta":{"footnotes":""},"categories":[8],"tags":[],"yoast_head":"<!-- This site is optimized with the Yoast SEO plugin v23.5 - https:\/\/yoast.com\/wordpress\/plugins\/seo\/ -->\n<title>Vita cupcakeformar - Baka med KlaraForm<\/title>\n<meta name=\"robots\" content=\"index, follow, max-snippet:-1, max-image-preview:large, max-video-preview:-1\" \/>\n<link rel=\"canonical\" href=\"https:\/\/klarafardiga.com\/?p=201\" \/>\n<meta property=\"og:locale\" content=\"sv_SE\" \/>\n<meta property=\"og:type\" content=\"article\" \/>\n<meta property=\"og:title\" content=\"Vita cupcakeformar - Baka med KlaraForm\" \/>\n<meta property=\"og:description\" content=\"God forts\u00e4ttning p\u00e5 er alla! H\u00e4r har det sn\u00f6at i massor och mer \u00e4r p\u00e5g\u00e5ng &#8211; perfekt bakv\u00e4der allts\u00e5 \ud83d\ude42 Nu \u00e4ntligen har vi f\u00e5tt hem fler av dessa eftertraktade cupcakeformar&#8230; f\u00e5r se hur l\u00e4nge de r\u00e4cker denna g\u00e5ng f\u00f6r nu har vi i alla fall k\u00f6pt hem ett rej\u00e4lt lager&#8230; Kram p\u00e5 er alla!Helena\" \/>\n<meta property=\"og:url\" content=\"https:\/\/klarafardiga.com\/?p=201\" \/>\n<meta property=\"og:site_name\" content=\"Baka med KlaraForm\" \/>\n<meta property=\"article:published_time\" content=\"2011-01-05T18:24:00+00:00\" \/>\n<meta property=\"og:image\" content=\"http:\/\/4.bp.blogspot.com\/_rCm4mArCkLE\/TSSpTslzMwI\/AAAAAAAACBU\/07VyEiwOy-s\/s400\/vit_cup_mellan.jpg\" \/>\n<meta name=\"author\" content=\"admin\" \/>\n<meta name=\"twitter:card\" content=\"summary_large_image\" \/>\n<meta name=\"twitter:label1\" content=\"Skriven av\" \/>\n\t<meta name=\"twitter:data1\" content=\"admin\" \/>\n<script type=\"application\/ld+json\" class=\"yoast-schema-graph\">{\"@context\":\"https:\/\/schema.org\",\"@graph\":[{\"@type\":\"WebPage\",\"@id\":\"https:\/\/klarafardiga.com\/?p=201\",\"url\":\"https:\/\/klarafardiga.com\/?p=201\",\"name\":\"Vita cupcakeformar - Baka med KlaraForm\",\"isPartOf\":{\"@id\":\"https:\/\/klarafardiga.com\/#website\"},\"primaryImageOfPage\":{\"@id\":\"https:\/\/klarafardiga.com\/?p=201#primaryimage\"},\"image\":{\"@id\":\"https:\/\/klarafardiga.com\/?p=201#primaryimage\"},\"thumbnailUrl\":\"http:\/\/4.bp.blogspot.com\/_rCm4mArCkLE\/TSSpTslzMwI\/AAAAAAAACBU\/07VyEiwOy-s\/s400\/vit_cup_mellan.jpg\",\"datePublished\":\"2011-01-05T18:24:00+00:00\",\"dateModified\":\"2011-01-05T18:24:00+00:00\",\"author\":{\"@id\":\"https:\/\/klarafardiga.com\/#\/schema\/person\/0f54ba1da7c4c21dd7411ed3a8e9f8c0\"},\"breadcrumb\":{\"@id\":\"https:\/\/klarafardiga.com\/?p=201#breadcrumb\"},\"inLanguage\":\"sv-SE\",\"potentialAction\":[{\"@type\":\"ReadAction\",\"target\":[\"https:\/\/klarafardiga.com\/?p=201\"]}]},{\"@type\":\"ImageObject\",\"inLanguage\":\"sv-SE\",\"@id\":\"https:\/\/klarafardiga.com\/?p=201#primaryimage\",\"url\":\"http:\/\/4.bp.blogspot.com\/_rCm4mArCkLE\/TSSpTslzMwI\/AAAAAAAACBU\/07VyEiwOy-s\/s400\/vit_cup_mellan.jpg\",\"contentUrl\":\"http:\/\/4.bp.blogspot.com\/_rCm4mArCkLE\/TSSpTslzMwI\/AAAAAAAACBU\/07VyEiwOy-s\/s400\/vit_cup_mellan.jpg\"},{\"@type\":\"BreadcrumbList\",\"@id\":\"https:\/\/klarafardiga.com\/?p=201#breadcrumb\",\"itemListElement\":[{\"@type\":\"ListItem\",\"position\":1,\"name\":\"Hem\",\"item\":\"https:\/\/klarafardiga.com\/\"},{\"@type\":\"ListItem\",\"position\":2,\"name\":\"Vita cupcakeformar\"}]},{\"@type\":\"WebSite\",\"@id\":\"https:\/\/klarafardiga.com\/#website\",\"url\":\"https:\/\/klarafardiga.com\/\",\"name\":\"Baka med KlaraForm\",\"description\":\"Recept, tips och nyheter i butiken\",\"potentialAction\":[{\"@type\":\"SearchAction\",\"target\":{\"@type\":\"EntryPoint\",\"urlTemplate\":\"https:\/\/klarafardiga.com\/?s={search_term_string}\"},\"query-input\":{\"@type\":\"PropertyValueSpecification\",\"valueRequired\":true,\"valueName\":\"search_term_string\"}}],\"inLanguage\":\"sv-SE\"},{\"@type\":\"Person\",\"@id\":\"https:\/\/klarafardiga.com\/#\/schema\/person\/0f54ba1da7c4c21dd7411ed3a8e9f8c0\",\"name\":\"admin\",\"image\":{\"@type\":\"ImageObject\",\"inLanguage\":\"sv-SE\",\"@id\":\"https:\/\/klarafardiga.com\/#\/schema\/person\/image\/\",\"url\":\"https:\/\/secure.gravatar.com\/avatar\/356da59eaae0a6e58215761d8e8dabed?s=96&d=mm&r=g\",\"contentUrl\":\"https:\/\/secure.gravatar.com\/avatar\/356da59eaae0a6e58215761d8e8dabed?s=96&d=mm&r=g\",\"caption\":\"admin\"},\"sameAs\":[\"http:\/\/www.klaraform.se\"],\"url\":\"https:\/\/klarafardiga.com\/?author=1\"}]}<\/script>\n<!-- \/ Yoast SEO plugin. -->","yoast_head_json":{"title":"Vita cupcakeformar - Baka med KlaraForm","robots":{"index":"index","follow":"follow","max-snippet":"max-snippet:-1","max-image-preview":"max-image-preview:large","max-video-preview":"max-video-preview:-1"},"canonical":"https:\/\/klarafardiga.com\/?p=201","og_locale":"sv_SE","og_type":"article","og_title":"Vita cupcakeformar - Baka med KlaraForm","og_description":"God forts\u00e4ttning p\u00e5 er alla! H\u00e4r har det sn\u00f6at i massor och mer \u00e4r p\u00e5g\u00e5ng &#8211; perfekt bakv\u00e4der allts\u00e5 \ud83d\ude42 Nu \u00e4ntligen har vi f\u00e5tt hem fler av dessa eftertraktade cupcakeformar&#8230; f\u00e5r se hur l\u00e4nge de r\u00e4cker denna g\u00e5ng f\u00f6r nu har vi i alla fall k\u00f6pt hem ett rej\u00e4lt lager&#8230; Kram p\u00e5 er alla!Helena","og_url":"https:\/\/klarafardiga.com\/?p=201","og_site_name":"Baka med KlaraForm","article_published_time":"2011-01-05T18:24:00+00:00","og_image":[{"url":"http:\/\/4.bp.blogspot.com\/_rCm4mArCkLE\/TSSpTslzMwI\/AAAAAAAACBU\/07VyEiwOy-s\/s400\/vit_cup_mellan.jpg"}],"author":"admin","twitter_card":"summary_large_image","twitter_misc":{"Skriven av":"admin"},"schema":{"@context":"https:\/\/schema.org","@graph":[{"@type":"WebPage","@id":"https:\/\/klarafardiga.com\/?p=201","url":"https:\/\/klarafardiga.com\/?p=201","name":"Vita cupcakeformar - Baka med KlaraForm","isPartOf":{"@id":"https:\/\/klarafardiga.com\/#website"},"primaryImageOfPage":{"@id":"https:\/\/klarafardiga.com\/?p=201#primaryimage"},"image":{"@id":"https:\/\/klarafardiga.com\/?p=201#primaryimage"},"thumbnailUrl":"http:\/\/4.bp.blogspot.com\/_rCm4mArCkLE\/TSSpTslzMwI\/AAAAAAAACBU\/07VyEiwOy-s\/s400\/vit_cup_mellan.jpg","datePublished":"2011-01-05T18:24:00+00:00","dateModified":"2011-01-05T18:24:00+00:00","author":{"@id":"https:\/\/klarafardiga.com\/#\/schema\/person\/0f54ba1da7c4c21dd7411ed3a8e9f8c0"},"breadcrumb":{"@id":"https:\/\/klarafardiga.com\/?p=201#breadcrumb"},"inLanguage":"sv-SE","potentialAction":[{"@type":"ReadAction","target":["https:\/\/klarafardiga.com\/?p=201"]}]},{"@type":"ImageObject","inLanguage":"sv-SE","@id":"https:\/\/klarafardiga.com\/?p=201#primaryimage","url":"http:\/\/4.bp.blogspot.com\/_rCm4mArCkLE\/TSSpTslzMwI\/AAAAAAAACBU\/07VyEiwOy-s\/s400\/vit_cup_mellan.jpg","contentUrl":"http:\/\/4.bp.blogspot.com\/_rCm4mArCkLE\/TSSpTslzMwI\/AAAAAAAACBU\/07VyEiwOy-s\/s400\/vit_cup_mellan.jpg"},{"@type":"BreadcrumbList","@id":"https:\/\/klarafardiga.com\/?p=201#breadcrumb","itemListElement":[{"@type":"ListItem","position":1,"name":"Hem","item":"https:\/\/klarafardiga.com\/"},{"@type":"ListItem","position":2,"name":"Vita cupcakeformar"}]},{"@type":"WebSite","@id":"https:\/\/klarafardiga.com\/#website","url":"https:\/\/klarafardiga.com\/","name":"Baka med KlaraForm","description":"Recept, tips och nyheter i butiken","potentialAction":[{"@type":"SearchAction","target":{"@type":"EntryPoint","urlTemplate":"https:\/\/klarafardiga.com\/?s={search_term_string}"},"query-input":{"@type":"PropertyValueSpecification","valueRequired":true,"valueName":"search_term_string"}}],"inLanguage":"sv-SE"},{"@type":"Person","@id":"https:\/\/klarafardiga.com\/#\/schema\/person\/0f54ba1da7c4c21dd7411ed3a8e9f8c0","name":"admin","image":{"@type":"ImageObject","inLanguage":"sv-SE","@id":"https:\/\/klarafardiga.com\/#\/schema\/person\/image\/","url":"https:\/\/secure.gravatar.com\/avatar\/356da59eaae0a6e58215761d8e8dabed?s=96&d=mm&r=g","contentUrl":"https:\/\/secure.gravatar.com\/avatar\/356da59eaae0a6e58215761d8e8dabed?s=96&d=mm&r=g","caption":"admin"},"sameAs":["http:\/\/www.klaraform.se"],"url":"https:\/\/klarafardiga.com\/?author=1"}]}},"_links":{"self":[{"href":"https:\/\/klarafardiga.com\/index.php?rest_route=\/wp\/v2\/posts\/201"}],"collection":[{"href":"https:\/\/klarafardiga.com\/index.php?rest_route=\/wp\/v2\/posts"}],"about":[{"href":"https:\/\/klarafardiga.com\/index.php?rest_route=\/wp\/v2\/types\/post"}],"author":[{"embeddable":true,"href":"https:\/\/klarafardiga.com\/index.php?rest_route=\/wp\/v2\/users\/1"}],"replies":[{"embeddable":true,"href":"https:\/\/klarafardiga.com\/index.php?rest_route=%2Fwp%2Fv2%2Fcomments&post=201"}],"version-history":[{"count":0,"href":"https:\/\/klarafardiga.com\/index.php?rest_route=\/wp\/v2\/posts\/201\/revisions"}],"wp:attachment":[{"href":"https:\/\/klarafardiga.com\/index.php?rest_route=%2Fwp%2Fv2%2Fmedia&parent=201"}],"wp:term":[{"taxonomy":"category","embeddable":true,"href":"https:\/\/klarafardiga.com\/index.php?rest_route=%2Fwp%2Fv2%2Fcategories&post=201"},{"taxonomy":"post_tag","embeddable":true,"href":"https:\/\/klarafardiga.com\/index.php?rest_route=%2Fwp%2Fv2%2Ftags&post=201"}],"curies":[{"name":"wp","href":"https:\/\/api.w.org\/{rel}","templated":true}]}}